{"id":1670,"date":"2012-12-18T22:05:35","date_gmt":"2012-12-18T22:05:35","guid":{"rendered":"http:\/\/www.proyectoallen.com.ar\/3\/?p=1670"},"modified":"2012-12-18T22:53:40","modified_gmt":"2012-12-18T22:53:40","slug":"galeria-de-recuerdos","status":"publish","type":"post","link":"https:\/\/www.proyectoallen.com.ar\/3\/?p=1670","title":{"rendered":"Galer\u00eda de recuerdos"},"content":{"rendered":"<p style=\"text-align: justify;\"><strong>Frente a la cantidad de comentarios en las fotos de nuestro facebook presentamos una galer\u00eda con las fotos y comentarios. Iremos subiendo aqu\u00ed las m\u00e1s comentadas y\/o que\u00a0 aporten datos que desconoc\u00edamos, gracias!!<!--more Seguir leyendo...--><\/strong><\/p>\n<p style=\"text-align: center;\">ngg_shortcode_0_placeholder<\/p>\n<div id=\"attachment_3592\" style=\"width: 586px\" class=\"wp-caption aligncenter\"><a href=\"http:\/\/www.proyectoallen.com.ar\/3\/wp-content\/uploads\/2012\/12\/148971_289199737831082_101848799899511_639742_1996583977_n.jpg\"><img loading=\"lazy\" decoding=\"async\" aria-describedby=\"caption-attachment-3592\" class=\" wp-image-3592 \" title=\"148971_289199737831082_101848799899511_639742_1996583977_n\" src=\"http:\/\/www.proyectoallen.com.ar\/3\/wp-content\/uploads\/2012\/12\/148971_289199737831082_101848799899511_639742_1996583977_n.jpg\" alt=\"\" width=\"576\" height=\"370\" srcset=\"https:\/\/www.proyectoallen.com.ar\/3\/wp-content\/uploads\/2012\/12\/148971_289199737831082_101848799899511_639742_1996583977_n.jpg 960w, https:\/\/www.proyectoallen.com.ar\/3\/wp-content\/uploads\/2012\/12\/148971_289199737831082_101848799899511_639742_1996583977_n-300x192.jpg 300w, https:\/\/www.proyectoallen.com.ar\/3\/wp-content\/uploads\/2012\/12\/148971_289199737831082_101848799899511_639742_1996583977_n-250x160.jpg 250w\" sizes=\"auto, (max-width: 576px) 100vw, 576px\" \/><\/a><p id=\"caption-attachment-3592\" class=\"wp-caption-text\">Gracias por mirar y recordar. Dibujo: Liniers.<\/p><\/div>\n","protected":false},"excerpt":{"rendered":"<p>Frente a la cantidad de comentarios en las fotos de nuestro facebook presentamos una galer\u00eda con las fotos y comentarios. Iremos subiendo aqu\u00ed las m\u00e1s comentadas y\/o que\u00a0 aporten datos que desconoc\u00edamos, gracias!!<\/p>\n","protected":false},"author":2,"featured_media":0,"comment_status":"open","ping_status":"open","sticky":false,"template":"","format":"standard","meta":{"ngg_post_thumbnail":0,"footnotes":""},"categories":[22],"tags":[],"class_list":["post-1670","post","type-post","status-publish","format-standard","hentry","category-novedades"],"jetpack_featured_media_url":"","_links":{"self":[{"href":"https:\/\/www.proyectoallen.com.ar\/3\/index.php?rest_route=\/wp\/v2\/posts\/1670","targetHints":{"allow":["GET"]}}],"collection":[{"href":"https:\/\/www.proyectoallen.com.ar\/3\/index.php?rest_route=\/wp\/v2\/posts"}],"about":[{"href":"https:\/\/www.proyectoallen.com.ar\/3\/index.php?rest_route=\/wp\/v2\/types\/post"}],"author":[{"embeddable":true,"href":"https:\/\/www.proyectoallen.com.ar\/3\/index.php?rest_route=\/wp\/v2\/users\/2"}],"replies":[{"embeddable":true,"href":"https:\/\/www.proyectoallen.com.ar\/3\/index.php?rest_route=%2Fwp%2Fv2%2Fcomments&post=1670"}],"version-history":[{"count":8,"href":"https:\/\/www.proyectoallen.com.ar\/3\/index.php?rest_route=\/wp\/v2\/posts\/1670\/revisions"}],"predecessor-version":[{"id":3597,"href":"https:\/\/www.proyectoallen.com.ar\/3\/index.php?rest_route=\/wp\/v2\/posts\/1670\/revisions\/3597"}],"wp:attachment":[{"href":"https:\/\/www.proyectoallen.com.ar\/3\/index.php?rest_route=%2Fwp%2Fv2%2Fmedia&parent=1670"}],"wp:term":[{"taxonomy":"category","embeddable":true,"href":"https:\/\/www.proyectoallen.com.ar\/3\/index.php?rest_route=%2Fwp%2Fv2%2Fcategories&post=1670"},{"taxonomy":"post_tag","embeddable":true,"href":"https:\/\/www.proyectoallen.com.ar\/3\/index.php?rest_route=%2Fwp%2Fv2%2Ftags&post=1670"}],"curies":[{"name":"wp","href":"https:\/\/api.w.org\/{rel}","templated":true}]}}