{"id":1761,"date":"2012-05-25T23:46:56","date_gmt":"2012-05-25T23:46:56","guid":{"rendered":"http:\/\/www.proyectoallen.com.ar\/3\/?p=1761"},"modified":"2014-07-26T00:26:39","modified_gmt":"2014-07-26T00:26:39","slug":"feliz-cumple-allen","status":"publish","type":"post","link":"https:\/\/www.proyectoallen.com.ar\/3\/?p=1761","title":{"rendered":"Feliz Cumple Allen!!!"},"content":{"rendered":"<p style=\"text-align: justify;\"><em>Allen tiene como fecha de nacimiento un 25 de mayo de 1910 en coincidencia con el Centenario de nuestro pa\u00eds. Queremos recordar distintas conmemoraciones del 25 de mayo de Allen a trav\u00e9s de fotos y publicaciones varias.<!--more Seguir leyendo...--><\/em><\/p>\n<div id=\"attachment_1762\" style=\"width: 310px\" class=\"wp-caption aligncenter\"><a href=\"http:\/\/www.proyectoallen.com.ar\/3\/wp-content\/uploads\/2012\/05\/mural-fundacion-allen.jpg\"><img loading=\"lazy\" decoding=\"async\" aria-describedby=\"caption-attachment-1762\" class=\"size-medium wp-image-1762 \" title=\"mural-fundacion---allen\" alt=\"\" src=\"http:\/\/www.proyectoallen.com.ar\/3\/wp-content\/uploads\/2012\/05\/mural-fundacion-allen-300x296.jpg\" width=\"300\" height=\"296\" srcset=\"https:\/\/www.proyectoallen.com.ar\/3\/wp-content\/uploads\/2012\/05\/mural-fundacion-allen-300x296.jpg 300w, https:\/\/www.proyectoallen.com.ar\/3\/wp-content\/uploads\/2012\/05\/mural-fundacion-allen-250x246.jpg 250w, https:\/\/www.proyectoallen.com.ar\/3\/wp-content\/uploads\/2012\/05\/mural-fundacion-allen-64x64.jpg 64w, https:\/\/www.proyectoallen.com.ar\/3\/wp-content\/uploads\/2012\/05\/mural-fundacion-allen.jpg 400w\" sizes=\"auto, (max-width: 300px) 100vw, 300px\" \/><\/a><p id=\"caption-attachment-1762\" class=\"wp-caption-text\">Mural Fundaci\u00f3n. T. Orell y Sarmiento.<\/p><\/div>\n<p style=\"text-align: justify;\">\u00a0<em>\u00abSeg\u00fan contaba don Juan Tarifa, ese d\u00eda de 1910, \u00e9l contaba con 14 a\u00f1os, era el 25 de mayo, Centenario de la Revoluci\u00f3n de Mayo. En grupo, los colonos, fueron llegando al campamento del Ingeniero Pascual Quesnel y as\u00ed se asociaron a la celebraci\u00f3n del centenario, aqu\u00ed en el desierto patag\u00f3nico. El fervor y la emoci\u00f3n del momento fue tan grande que se iz\u00f3 la bandera celeste y blanca y se cant\u00f3 el Himno Nacional. Entre los presentes se encontraba el comisario Torres Ardiles, Alfredo Haneck, jefe de correos, Francisco Guarnieri, Oreste Amaya, Gregorio Maza, don Patricio Pi\u00f1eiro Sorondo y Pascual Quesnel fueron los que pronunciaron palabras alusivas&#8230;\u00bb<\/em><\/p>\n<p style=\"text-align: center;\"><a href=\"http:\/\/www.proyectoallen.com.ar\/3\/wp-content\/uploads\/2012\/05\/004-1-Medium.jpg\"><img loading=\"lazy\" decoding=\"async\" class=\"aligncenter  wp-image-1763\" title=\"004 1 (Medium)\" alt=\"\" src=\"http:\/\/www.proyectoallen.com.ar\/3\/wp-content\/uploads\/2012\/05\/004-1-Medium.jpg\" width=\"405\" height=\"377\" srcset=\"https:\/\/www.proyectoallen.com.ar\/3\/wp-content\/uploads\/2012\/05\/004-1-Medium.jpg 826w, https:\/\/www.proyectoallen.com.ar\/3\/wp-content\/uploads\/2012\/05\/004-1-Medium-300x278.jpg 300w, https:\/\/www.proyectoallen.com.ar\/3\/wp-content\/uploads\/2012\/05\/004-1-Medium-250x232.jpg 250w\" sizes=\"auto, (max-width: 405px) 100vw, 405px\" \/><\/a><\/p>\n<p style=\"text-align: justify;\"><em>\u00ab&#8230;Hablaron de la patria, de la colonizaci\u00f3n y se proclam\u00f3 la fundaci\u00f3n del pueblo, como un hecho trascendental y efectivo. La concurrencia se traslad\u00f3 luego hasta el establecimiento \u2018Los Vi\u00f1edos\u2019, de los hermanos Sorondo para compartir un asado a la criolla. Este acto se consider\u00f3 una fundaci\u00f3n de hecho aunque en septiembre reci\u00e9n se firm\u00f3 el decreto aprobando el trazado del pueblo\u201d<\/em> (Nuestras Ra\u00edces &#8211; Amieva, M. 1995).<\/p>\n<div id=\"attachment_1765\" style=\"width: 460px\" class=\"wp-caption aligncenter\"><a href=\"http:\/\/www.proyectoallen.com.ar\/3\/wp-content\/uploads\/2012\/05\/Asado-de-hombres-Medium.jpg\"><img loading=\"lazy\" decoding=\"async\" aria-describedby=\"caption-attachment-1765\" class=\" wp-image-1765  \" title=\"Asado de hombres (Medium)\" alt=\"\" src=\"http:\/\/www.proyectoallen.com.ar\/3\/wp-content\/uploads\/2012\/05\/Asado-de-hombres-Medium.jpg\" width=\"450\" height=\"323\" srcset=\"https:\/\/www.proyectoallen.com.ar\/3\/wp-content\/uploads\/2012\/05\/Asado-de-hombres-Medium.jpg 1072w, https:\/\/www.proyectoallen.com.ar\/3\/wp-content\/uploads\/2012\/05\/Asado-de-hombres-Medium-300x214.jpg 300w, https:\/\/www.proyectoallen.com.ar\/3\/wp-content\/uploads\/2012\/05\/Asado-de-hombres-Medium-1024x733.jpg 1024w, https:\/\/www.proyectoallen.com.ar\/3\/wp-content\/uploads\/2012\/05\/Asado-de-hombres-Medium-250x179.jpg 250w\" sizes=\"auto, (max-width: 450px) 100vw, 450px\" \/><\/a><p id=\"caption-attachment-1765\" class=\"wp-caption-text\">Asado en Los Vi\u00f1edos, establecimiento de Patricio Pi\u00f1eiro Sorondo, el 25 de mayo de 1910. Foto Asoc. Museo de Allen<\/p><\/div>\n<div id=\"attachment_1769\" style=\"width: 525px\" class=\"wp-caption aligncenter\"><a href=\"http:\/\/www.proyectoallen.com.ar\/3\/wp-content\/uploads\/2012\/05\/regreso-de-chacra-pi\u00f1eiro-sorondo-Medium.jpg\"><img loading=\"lazy\" decoding=\"async\" aria-describedby=\"caption-attachment-1769\" class=\" wp-image-1769  \" title=\"regreso de chacra pi\u00f1eiro sorondo (Medium)\" alt=\"\" src=\"http:\/\/www.proyectoallen.com.ar\/3\/wp-content\/uploads\/2012\/05\/regreso-de-chacra-pi\u00f1eiro-sorondo-Medium.jpg\" width=\"515\" height=\"323\" srcset=\"https:\/\/www.proyectoallen.com.ar\/3\/wp-content\/uploads\/2012\/05\/regreso-de-chacra-pi\u00f1eiro-sorondo-Medium.jpg 1226w, https:\/\/www.proyectoallen.com.ar\/3\/wp-content\/uploads\/2012\/05\/regreso-de-chacra-pi\u00f1eiro-sorondo-Medium-300x187.jpg 300w, https:\/\/www.proyectoallen.com.ar\/3\/wp-content\/uploads\/2012\/05\/regreso-de-chacra-pi\u00f1eiro-sorondo-Medium-1024x641.jpg 1024w, https:\/\/www.proyectoallen.com.ar\/3\/wp-content\/uploads\/2012\/05\/regreso-de-chacra-pi\u00f1eiro-sorondo-Medium-250x156.jpg 250w\" sizes=\"auto, (max-width: 515px) 100vw, 515px\" \/><\/a><p id=\"caption-attachment-1769\" class=\"wp-caption-text\">Pobladores regresando de Los Vi\u00f1edos. Foto AMA<\/p><\/div>\n<div id=\"attachment_1768\" style=\"width: 459px\" class=\"wp-caption aligncenter\"><a href=\"http:\/\/www.proyectoallen.com.ar\/3\/wp-content\/uploads\/2012\/05\/PPS-e-hijo-AMMA-Medium.jpg\"><img loading=\"lazy\" decoding=\"async\" aria-describedby=\"caption-attachment-1768\" class=\" wp-image-1768 \" title=\"PPS e hijo AMMA (Medium)\" alt=\"\" src=\"http:\/\/www.proyectoallen.com.ar\/3\/wp-content\/uploads\/2012\/05\/PPS-e-hijo-AMMA-Medium.jpg\" width=\"449\" height=\"614\" srcset=\"https:\/\/www.proyectoallen.com.ar\/3\/wp-content\/uploads\/2012\/05\/PPS-e-hijo-AMMA-Medium.jpg 561w, https:\/\/www.proyectoallen.com.ar\/3\/wp-content\/uploads\/2012\/05\/PPS-e-hijo-AMMA-Medium-219x300.jpg 219w, https:\/\/www.proyectoallen.com.ar\/3\/wp-content\/uploads\/2012\/05\/PPS-e-hijo-AMMA-Medium-250x342.jpg 250w\" sizes=\"auto, (max-width: 449px) 100vw, 449px\" \/><\/a><p id=\"caption-attachment-1768\" class=\"wp-caption-text\">Patricio y su hijo. Foto: AMA<\/p><\/div>\n<p style=\"text-align: justify;\">El Centenario de la Revoluci\u00f3n trascendi\u00f3 los l\u00edmites de la Capital Nacional y convoc\u00f3 a los Territorios a conmemorar el acontecimiento enviando partidas de dinero para organizar los festejos.<\/p>\n<p style=\"text-align: justify;\">Pasaron los a\u00f1os y Allen no festej\u00f3 el 25 de mayo como d\u00eda de su fundaci\u00f3n; la fecha fue fortaleciendose de manera tal que qued\u00f3 definitivamente establecida hacia 1960.<\/p>\n<p style=\"text-align: justify;\">Tal como lo demuestran varios documentos de \u00e9poca, durante muchos a\u00f1os, Allen festejaba el 25 de mayo como la fecha patria que todo el pa\u00eds recuerda.<\/p>\n<p style=\"text-align: justify;\">El primer antecedente del festejo de la fundaci\u00f3n es la decisi\u00f3n de Francisco Guarnieri de confeccionar medallas conmemorativas de las Bodas de Plata. Las medallas eran para los primeros pobladores y para Patricio como fundador. Tambi\u00e9n se confeccionaron otras para venderlas en el festejo patrio a beneficio de la Municipalidad.<\/p>\n<p style=\"text-align: justify;\">Este acto fue el primero en recordar un 25 de mayo como la fundaci\u00f3n del pueblo. Las Bodas de Plata fueron celebradas con actos oficiales, asado a la criolla, \u201csortija, pollas y baile\u201d y un banquete en el Hotel Espa\u00f1a (<em>Voz Allense<\/em>, 1935).<\/p>\n<p style=\"text-align: center;\"><a href=\"http:\/\/www.proyectoallen.com.ar\/3\/wp-content\/uploads\/2012\/05\/MM-1-9-abril-632-Medium.jpg\"><img loading=\"lazy\" decoding=\"async\" class=\"aligncenter  wp-image-1772\" title=\"MM 1 9 abril 632 (Medium)\" alt=\"\" src=\"http:\/\/www.proyectoallen.com.ar\/3\/wp-content\/uploads\/2012\/05\/MM-1-9-abril-632-Medium.jpg\" width=\"460\" height=\"323\" srcset=\"https:\/\/www.proyectoallen.com.ar\/3\/wp-content\/uploads\/2012\/05\/MM-1-9-abril-632-Medium.jpg 1096w, https:\/\/www.proyectoallen.com.ar\/3\/wp-content\/uploads\/2012\/05\/MM-1-9-abril-632-Medium-300x210.jpg 300w, https:\/\/www.proyectoallen.com.ar\/3\/wp-content\/uploads\/2012\/05\/MM-1-9-abril-632-Medium-1024x717.jpg 1024w, https:\/\/www.proyectoallen.com.ar\/3\/wp-content\/uploads\/2012\/05\/MM-1-9-abril-632-Medium-250x175.jpg 250w\" sizes=\"auto, (max-width: 460px) 100vw, 460px\" \/><\/a><\/p>\n<p style=\"text-align: justify;\">Las medallas conmemorativas fueron entregadas a Patricio Pi\u00f1eiro Sorondo, al Ingeniero Pascual Quesnel, Ram\u00f3n Aenlle, Rafael Amaya, Francisco Vicente Aranda, Emilio Frestet, Delf\u00edn Canales, Francisco Guarnieri, Arturo Guarnieri, Gregorio Mezquida, Francisco Maraury, Manuel Mir, Juan Tarifa, Joaqu\u00edn P\u00e9rez Alonso, Francisco Pucinelli, Manuel Rodr\u00edguez, Juan Rigo y Antonio Torruella. Tambi\u00e9n se entreg\u00f3 una medalla a Ramona Brossard de Su\u00e1rez, por ser la primera maestra y a Mercedes L. de Cirigliano por ser la primera Directora. Tambi\u00e9n recibieron medallas \u00a0las escuelas 23, 27, 68, 79 y 80 por ser las primeras escuelas en el ejido del pueblo.<\/p>\n<p style=\"text-align: justify;\">En mayo de 1935 muri\u00f3 Francisco Guarnieri y se realizaron homenajes. Id\u00e9nticas ceremonias se llevaron a cabo en septiembre por la muerte de Patricio Pi\u00f1eiro Sorondo, en Buenos Aires.<\/p>\n<p style=\"text-align: center;\">ngg_shortcode_0_placeholder<\/p>\n<p style=\"text-align: justify;\">La pol\u00e9mica que se inici\u00f3 en a\u00f1os posteriores y que tuvo a Juan Tarifa como parte activa, finaliz\u00f3 con el establecimiento definitivo del 25 de mayo como d\u00eda de la fundaci\u00f3n por estar, en definitiva, firme en la memoria colectiva de la comunidad desde el a\u00f1o \u201935 cuando se resolvi\u00f3 festejar el vig\u00e9simo quinto aniversario por iniciativa de Francisco Guarnieri.<\/p>\n<p style=\"text-align: center;\">\u00a0ngg_shortcode_1_placeholder<\/p>\n<p style=\"text-align: center;\"><a href=\"http:\/\/www.proyectoallen.com.ar\/3\/wp-content\/uploads\/2012\/05\/014-Large.jpg\"><img loading=\"lazy\" decoding=\"async\" class=\"aligncenter size-large wp-image-6538\" alt=\"014 (Large)\" src=\"http:\/\/www.proyectoallen.com.ar\/3\/wp-content\/uploads\/2012\/05\/014-Large-700x1024.jpg\" width=\"700\" height=\"1024\" srcset=\"https:\/\/www.proyectoallen.com.ar\/3\/wp-content\/uploads\/2012\/05\/014-Large-700x1024.jpg 700w, https:\/\/www.proyectoallen.com.ar\/3\/wp-content\/uploads\/2012\/05\/014-Large-205x300.jpg 205w, https:\/\/www.proyectoallen.com.ar\/3\/wp-content\/uploads\/2012\/05\/014-Large-250x365.jpg 250w, https:\/\/www.proyectoallen.com.ar\/3\/wp-content\/uploads\/2012\/05\/014-Large.jpg 1080w\" sizes=\"auto, (max-width: 700px) 100vw, 700px\" \/><\/a>Revista AQU\u00cd R\u00edo Negro y Neuqu\u00e9n, junio 1968 (Gentileza Ra\u00fal Rodr\u00edguez Viera)<\/p>\n<p style=\"text-align: left;\"><strong>Algo m\u00e1s&#8230;<\/strong><\/p>\n<p style=\"text-align: left;\"><a href=\"http:\/\/www.ciudaddeallen.com.ar\/historia\/pdf\/13.pdf\"><strong>Mariani, Mar\u00eda In\u00e9s<\/strong>: Tesis para Licenciatura Carrera de Historia. 1986<\/a><\/p>\n<p style=\"text-align: left;\"><a href=\"http:\/\/www.goear.com\/listen\/c4138e5\/saludo-del-programa-metro-y-medio-a-proyecto-allen-metro-y-medio\">Nos saludaron y saludaron a Allen en su cumple!!! Fue en el programa Metro y Medio de Sebasti\u00e1n Wainraich y Julieta Pink (radio Metro)<\/a><\/p>\n","protected":false},"excerpt":{"rendered":"<p>Allen tiene como fecha de nacimiento un 25 de mayo de 1910 en coincidencia con el Centenario de nuestro pa\u00eds. Queremos recordar distintas conmemoraciones del 25 de mayo de Allen a trav\u00e9s de fotos&#46;&#46;&#46;<\/p>\n","protected":false},"author":2,"featured_media":0,"comment_status":"open","ping_status":"open","sticky":false,"template":"","format":"standard","meta":{"ngg_post_thumbnail":0,"footnotes":""},"categories":[13],"tags":[],"class_list":["post-1761","post","type-post","status-publish","format-standard","hentry","category-unpocodehistoria"],"jetpack_featured_media_url":"","_links":{"self":[{"href":"https:\/\/www.proyectoallen.com.ar\/3\/index.php?rest_route=\/wp\/v2\/posts\/1761","targetHints":{"allow":["GET"]}}],"collection":[{"href":"https:\/\/www.proyectoallen.com.ar\/3\/index.php?rest_route=\/wp\/v2\/posts"}],"about":[{"href":"https:\/\/www.proyectoallen.com.ar\/3\/index.php?rest_route=\/wp\/v2\/types\/post"}],"author":[{"embeddable":true,"href":"https:\/\/www.proyectoallen.com.ar\/3\/index.php?rest_route=\/wp\/v2\/users\/2"}],"replies":[{"embeddable":true,"href":"https:\/\/www.proyectoallen.com.ar\/3\/index.php?rest_route=%2Fwp%2Fv2%2Fcomments&post=1761"}],"version-history":[{"count":8,"href":"https:\/\/www.proyectoallen.com.ar\/3\/index.php?rest_route=\/wp\/v2\/posts\/1761\/revisions"}],"predecessor-version":[{"id":6540,"href":"https:\/\/www.proyectoallen.com.ar\/3\/index.php?rest_route=\/wp\/v2\/posts\/1761\/revisions\/6540"}],"wp:attachment":[{"href":"https:\/\/www.proyectoallen.com.ar\/3\/index.php?rest_route=%2Fwp%2Fv2%2Fmedia&parent=1761"}],"wp:term":[{"taxonomy":"category","embeddable":true,"href":"https:\/\/www.proyectoallen.com.ar\/3\/index.php?rest_route=%2Fwp%2Fv2%2Fcategories&post=1761"},{"taxonomy":"post_tag","embeddable":true,"href":"https:\/\/www.proyectoallen.com.ar\/3\/index.php?rest_route=%2Fwp%2Fv2%2Ftags&post=1761"}],"curies":[{"name":"wp","href":"https:\/\/api.w.org\/{rel}","templated":true}]}}