{"id":1925,"date":"2012-06-10T00:24:43","date_gmt":"2012-06-10T00:24:43","guid":{"rendered":"http:\/\/www.proyectoallen.com.ar\/3\/?p=1925"},"modified":"2015-01-19T01:19:53","modified_gmt":"2015-01-19T01:19:53","slug":"en-que-andas","status":"publish","type":"post","link":"https:\/\/www.proyectoallen.com.ar\/3\/?p=1925","title":{"rendered":"Roberto von Sprecher"},"content":{"rendered":"<p style=\"text-align: justify;\"><em>Roberto Von Sprecher<em> naci\u00f3 en Allen un 4 de julio de 1951. Hoy vive en Cordoba<\/em> y cada tanto vuelve al \u00abpago\u00bb, a la chacra familiar donde vive su madre. <!--more Seguir leyendo...--><\/em><\/p>\n<p>&nbsp;<\/p>\n<div id=\"attachment_1926\" style=\"width: 514px\" class=\"wp-caption aligncenter\"><a href=\"http:\/\/www.proyectoallen.com.ar\/3\/wp-content\/uploads\/2012\/06\/298050_10150305630278190_612033189_7819825_884648571_n.jpg\"><img loading=\"lazy\" decoding=\"async\" aria-describedby=\"caption-attachment-1926\" class=\"size-full wp-image-1926\" title=\"298050_10150305630278190_612033189_7819825_884648571_n\" src=\"http:\/\/www.proyectoallen.com.ar\/3\/wp-content\/uploads\/2012\/06\/298050_10150305630278190_612033189_7819825_884648571_n.jpg\" alt=\"\" width=\"504\" height=\"720\" srcset=\"https:\/\/www.proyectoallen.com.ar\/3\/wp-content\/uploads\/2012\/06\/298050_10150305630278190_612033189_7819825_884648571_n.jpg 504w, https:\/\/www.proyectoallen.com.ar\/3\/wp-content\/uploads\/2012\/06\/298050_10150305630278190_612033189_7819825_884648571_n-210x300.jpg 210w, https:\/\/www.proyectoallen.com.ar\/3\/wp-content\/uploads\/2012\/06\/298050_10150305630278190_612033189_7819825_884648571_n-250x357.jpg 250w\" sizes=\"auto, (max-width: 504px) 100vw, 504px\" \/><\/a><p id=\"caption-attachment-1926\" class=\"wp-caption-text\">\u00abLa caricatura es de Mat\u00edas Bergara, gran -y joven- dibujante uruguayo\u00bb nos dice Roberto.<\/p><\/div>\n<p style=\"text-align: justify;\"><strong>Doctor en Ciencias de la Informaci\u00f3n. Docente en la Universidad Nacional de C\u00f3rdoba, comenz\u00f3 dictando un Curso en Historieta en Intervenci\u00f3n Comunitaria.<\/strong><\/p>\n<p><a href=\"http:\/\/www.ffyh.unc.edu.ar\/archivos\/simposio-expositores.pdf\"><strong>Director del Proyecto de Investigaci\u00f3n Historietas realistas argentinas: estudios y estado del campo.<\/strong><\/a><\/p>\n<p><a href=\"http:\/\/historietasargentinas.wordpress.com\/\"><strong>Editor responsable de Estudios y Cr\u00edtica de la Historieta Argentina<\/strong><\/a> (http:\/\/historietasargentinas.wordpress.com\/)<\/p>\n<p><strong>Fue co-director y guionista en las dos primeras revistas de historietas realista de C\u00f3rdoba: \u201cFilo\u201d y \u201cAguij\u00f3n\u201d.<\/strong><\/p>\n<p><a href=\"http:\/\/robertovs.blogspot.com\/\">Blog robertovs<\/a><\/p>\n<p><a href=\"http:\/\/www.vonovon.blogspot.com\/\">Blog vonvon<\/a><\/p>\n<p><a href=\"@vonsprechervs\">Twitter<\/a><\/p>\n<div id=\"attachment_1927\" style=\"width: 490px\" class=\"wp-caption aligncenter\"><a href=\"http:\/\/www.proyectoallen.com.ar\/3\/wp-content\/uploads\/2012\/06\/ruta22-01.jpg\"><img loading=\"lazy\" decoding=\"async\" aria-describedby=\"caption-attachment-1927\" class=\" wp-image-1927 \" title=\"ruta22-01\" src=\"http:\/\/www.proyectoallen.com.ar\/3\/wp-content\/uploads\/2012\/06\/ruta22-01.jpg\" alt=\"\" width=\"480\" height=\"720\" srcset=\"https:\/\/www.proyectoallen.com.ar\/3\/wp-content\/uploads\/2012\/06\/ruta22-01.jpg 800w, https:\/\/www.proyectoallen.com.ar\/3\/wp-content\/uploads\/2012\/06\/ruta22-01-200x300.jpg 200w, https:\/\/www.proyectoallen.com.ar\/3\/wp-content\/uploads\/2012\/06\/ruta22-01-682x1024.jpg 682w, https:\/\/www.proyectoallen.com.ar\/3\/wp-content\/uploads\/2012\/06\/ruta22-01-250x375.jpg 250w\" sizes=\"auto, (max-width: 480px) 100vw, 480px\" \/><\/a><p id=\"caption-attachment-1927\" class=\"wp-caption-text\">Ruta 22: \u00bfQue hiciste con tu vida?<\/p><\/div>\n<p>&nbsp;<\/p>\n<p><strong>Libros y publicaciones de Roberto:<\/strong><\/p>\n<p>En 1998 &#8211; \u00abEl Eternauta: La Sociedad Como Imposible : Modelos De Sociedad en las obras De Hector German Oesterheld\u00bb<br \/>\nEn 1999 &#8211; \u00abLa red comunicacional:Introducci\u00f3n a la comunicaci\u00f3n social\u00bb.<br \/>\nEn 2000 &#8211; \u00abComunicaci\u00f3n e identidad:En la era de la utop\u00eda tecno-comunicaci\u00f3nal de mercado\u00bb.<br \/>\nEn 2005 &#8211; \u00abTeor\u00edas sociol\u00f3gicas:Introducci\u00f3n a los cl\u00e1sicos\u00bb.<br \/>\nEn 2007 &#8211; \u00abTeor\u00edas sociol\u00f3gicas. Introducci\u00f3n a los contempor\u00e1neos\u00bb.<br \/>\nEn 2008 &#8211; \u00abQue boludo\u00bb &#8211; Cuentos.<br \/>\nEn 2010 &#8211; \u00abH\u00e9ctor Germ\u00e1n Oesterheld: de El Eternauta a Montoneros\u00bb (Editor con Federico Reggiani). Parte de la Colecci\u00f3n Estudios y Cr\u00edtica sobre la Historieta Argentina.<br \/>\n\u00abEbrio &#8211; Antolog\u00eda de historietas borrachas\u00bb (autores varios)- Con Nacha Vollenweider.<br \/>\nEn 2011 &#8211; \u00abTeor\u00edas sobre la historieta\u00bb con Max Aguirre,Laura Fern\u00e1ndez, Lucas Berone, Sebasti\u00e1n Gago y Pablo Turnes (Editor con Federico Reggiani). Parte de la Colecci\u00f3n Estudios y Cr\u00edtica sobre la Historieta Argentina.<br \/>\nEn \u00abCl\u00edtoris\u00bb (revista de historieta con perspectiva de g\u00e9nero &#8211; Autores varios) \u00abDomingo\u00bb junto a Nacha Vollenweider.<br \/>\n\u00abRuta 22\u00bb\u00a0 tambi\u00e9n junto a Nacha Vollenweider y \u00abAni\u00bb con Lauri Fern\u00e1ndez.<\/p>\n<p>En 20012 &#8211; 2013: \u00abEstudio y cr\u00edtica de la historieta\u00bb.<\/p>\n<p><a href=\"http:\/\/conti.derhuman.jus.gov.ar\/areas\/premio\/VI_premio_ganadores.pdf\">Segundo Premio Centro Cultural de la Memoria Haroldo Conti<\/a><\/p>\n<div id=\"attachment_1928\" style=\"width: 491px\" class=\"wp-caption aligncenter\"><a href=\"http:\/\/www.proyectoallen.com.ar\/3\/wp-content\/uploads\/2012\/06\/ani00.jpg\"><img loading=\"lazy\" decoding=\"async\" aria-describedby=\"caption-attachment-1928\" class=\" wp-image-1928 \" title=\"ani00\" src=\"http:\/\/www.proyectoallen.com.ar\/3\/wp-content\/uploads\/2012\/06\/ani00.jpg\" alt=\"\" width=\"481\" height=\"720\" srcset=\"https:\/\/www.proyectoallen.com.ar\/3\/wp-content\/uploads\/2012\/06\/ani00.jpg 802w, https:\/\/www.proyectoallen.com.ar\/3\/wp-content\/uploads\/2012\/06\/ani00-200x300.jpg 200w, https:\/\/www.proyectoallen.com.ar\/3\/wp-content\/uploads\/2012\/06\/ani00-684x1024.jpg 684w, https:\/\/www.proyectoallen.com.ar\/3\/wp-content\/uploads\/2012\/06\/ani00-250x374.jpg 250w\" sizes=\"auto, (max-width: 481px) 100vw, 481px\" \/><\/a><p id=\"caption-attachment-1928\" class=\"wp-caption-text\">Ani: Esa extra\u00f1a sensaci\u00f3n de crecer.<\/p><\/div>\n<p><strong>Algo m\u00e1s&#8230;<\/strong><\/p>\n<p>&#8211; <a href=\"http:\/\/es.scribd.com\/doc\/9422427\/Roberto-von-Sprecher-Discurso-montonero-en-las-historietas-de-Oesterheld\">\u00abDiscurso montonero en las historietas de Hector Osterheld\u00bb<\/a><\/p>\n<p>&#8211; <a href=\"dialnet.unirioja.es\/servlet\/fichero_articulo?codigo=3718802\">\u00abDesarrollo del campo de la historieta argentina. Entre la dependencia y la autonom\u00eda\u00bb.<\/a><\/p>\n<p>&#8211;<a href=\"http:\/\/revistas.ucm.es\/index.php\/ESMP\/article\/view\/ESMP0909110525A\"> \u00abEstudios cualitativos en comunicaci\u00f3n: ver lo macrosocial desde lo micro\u00bb<\/a><\/p>\n<p>&#8211; <a href=\"http:\/\/www.elortiba.org\/pdf\/Roberto_Von_Sprecher_A_las_balas_el_pecho.pdf\">\u00abA las balas el pecho. El modelo social y la \u00e9tica de montoneros en H\u00e9ctor Germ\u00e1n Oesterheld: el segundo Eternauta como h\u00e9roe montonero y la autoinmolaci\u00f3n del autor\u00bb.<\/a><\/p>\n<p>&#8211; <a href=\"http:\/\/1973novelaporentregas-rvs.blogspot.com\/\">\u00ab1973\u00bb<\/a><\/p>\n<p>&#8211; <a href=\"http:\/\/es.scribd.com\/doc\/73972082\/VON-SPRECHER-Luchas-en-El-Campo-de-La-Historieta-Realista-Argentina\">\u00abLuchas en el campo de la historieta realista argentina.Civiles y militares en obras de Robin Wood y de H\u00e9ctor Germ\u00e1n Oesterheld\u00bb<\/a><\/p>\n<p>&#8211;<a href=\"http:\/\/www.ellibrodepoemasdelost.blogspot.com\/\">Cr\u00f3nica de una Muerte Anunciada (o sobre el expresionismo\u00a0pampeano) <\/a><\/p>\n<p>&#8211; <a href=\"www.historietasargentinas.wordpress.com\">Blog Seminario historieta<\/a><\/p>\n<p>&#8211; <a href=\"http:\/\/www.tnylagente.com.ar\/videolog=marchaantiminera?179353\">Entrevista<\/a> a Roberto Von Sprecher<\/p>\n<p>&#8211; <a href=\"http:\/\/labitacorademaneco.blogspot.com.ar\/2012\/02\/las-grandes-entrevistas-de-sonaste.html\">Sobre Von Sprecher<\/a><\/p>\n<p>&nbsp;<\/p>\n<p style=\"text-align: center;\"><a href=\"http:\/\/www.proyectoallen.com.ar\/3\/wp-content\/uploads\/2012\/06\/escanear0010-Medium.gif\"><img loading=\"lazy\" decoding=\"async\" class=\"aligncenter  wp-image-1929\" title=\"escanear0010 (Medium)\" src=\"http:\/\/www.proyectoallen.com.ar\/3\/wp-content\/uploads\/2012\/06\/escanear0010-Medium.gif\" alt=\"\" width=\"595\" height=\"461\" srcset=\"https:\/\/www.proyectoallen.com.ar\/3\/wp-content\/uploads\/2012\/06\/escanear0010-Medium.gif 991w, https:\/\/www.proyectoallen.com.ar\/3\/wp-content\/uploads\/2012\/06\/escanear0010-Medium-300x232.gif 300w, https:\/\/www.proyectoallen.com.ar\/3\/wp-content\/uploads\/2012\/06\/escanear0010-Medium-250x193.gif 250w\" sizes=\"auto, (max-width: 595px) 100vw, 595px\" \/><\/a><\/p>\n","protected":false},"excerpt":{"rendered":"<p>Roberto Von Sprecher naci\u00f3 en Allen un 4 de julio de 1951. Hoy vive en Cordoba y cada tanto vuelve al \u00abpago\u00bb, a la chacra familiar donde vive su madre.<\/p>\n","protected":false},"author":2,"featured_media":0,"comment_status":"open","ping_status":"open","sticky":false,"template":"","format":"standard","meta":{"ngg_post_thumbnail":0,"footnotes":""},"categories":[10],"tags":[],"class_list":["post-1925","post","type-post","status-publish","format-standard","hentry","category-musica"],"jetpack_featured_media_url":"","_links":{"self":[{"href":"https:\/\/www.proyectoallen.com.ar\/3\/index.php?rest_route=\/wp\/v2\/posts\/1925","targetHints":{"allow":["GET"]}}],"collection":[{"href":"https:\/\/www.proyectoallen.com.ar\/3\/index.php?rest_route=\/wp\/v2\/posts"}],"about":[{"href":"https:\/\/www.proyectoallen.com.ar\/3\/index.php?rest_route=\/wp\/v2\/types\/post"}],"author":[{"embeddable":true,"href":"https:\/\/www.proyectoallen.com.ar\/3\/index.php?rest_route=\/wp\/v2\/users\/2"}],"replies":[{"embeddable":true,"href":"https:\/\/www.proyectoallen.com.ar\/3\/index.php?rest_route=%2Fwp%2Fv2%2Fcomments&post=1925"}],"version-history":[{"count":11,"href":"https:\/\/www.proyectoallen.com.ar\/3\/index.php?rest_route=\/wp\/v2\/posts\/1925\/revisions"}],"predecessor-version":[{"id":7244,"href":"https:\/\/www.proyectoallen.com.ar\/3\/index.php?rest_route=\/wp\/v2\/posts\/1925\/revisions\/7244"}],"wp:attachment":[{"href":"https:\/\/www.proyectoallen.com.ar\/3\/index.php?rest_route=%2Fwp%2Fv2%2Fmedia&parent=1925"}],"wp:term":[{"taxonomy":"category","embeddable":true,"href":"https:\/\/www.proyectoallen.com.ar\/3\/index.php?rest_route=%2Fwp%2Fv2%2Fcategories&post=1925"},{"taxonomy":"post_tag","embeddable":true,"href":"https:\/\/www.proyectoallen.com.ar\/3\/index.php?rest_route=%2Fwp%2Fv2%2Ftags&post=1925"}],"curies":[{"name":"wp","href":"https:\/\/api.w.org\/{rel}","templated":true}]}}