{"id":2079,"date":"2020-11-24T18:00:13","date_gmt":"2020-11-24T18:00:13","guid":{"rendered":"http:\/\/www.proyectoallen.com.ar\/3\/?p=2079"},"modified":"2020-11-24T21:42:28","modified_gmt":"2020-11-24T21:42:28","slug":"my-spaces-biografia-sentimental-de-lugares-allenses","status":"publish","type":"post","link":"https:\/\/www.proyectoallen.com.ar\/3\/?p=2079","title":{"rendered":"My Spaces: biograf\u00eda sentimental de lugares allenses"},"content":{"rendered":"<div>\n<p style=\"text-align: justify;\"><em>Uno de los primeros lugares de juegos de los que tengo memoria es la Plaza San Mart\u00edn. Claro, yo viv\u00eda enfrente y entre la vereda de Sarmiento y, aventur\u00e1ndonos un poco m\u00e1s, la plaza, transcurrieron los juegos de la infancia. Por Mar\u00eda Victoria Mart\u00edn para el Libro del Centenario.<!--more Seguir leyendo...--><\/em><\/p>\n<\/div>\n<div id=\"attachment_9680\" style=\"width: 376px\" class=\"wp-caption aligncenter\"><a href=\"http:\/\/www.proyectoallen.com.ar\/3\/wp-content\/uploads\/2012\/06\/222952_1065312235942_119_n-1.jpg\"><img loading=\"lazy\" decoding=\"async\" aria-describedby=\"caption-attachment-9680\" class=\"wp-image-9680 size-full\" src=\"http:\/\/www.proyectoallen.com.ar\/3\/wp-content\/uploads\/2012\/06\/222952_1065312235942_119_n-1.jpg\" alt=\"\" width=\"366\" height=\"604\" srcset=\"https:\/\/www.proyectoallen.com.ar\/3\/wp-content\/uploads\/2012\/06\/222952_1065312235942_119_n-1.jpg 366w, https:\/\/www.proyectoallen.com.ar\/3\/wp-content\/uploads\/2012\/06\/222952_1065312235942_119_n-1-182x300.jpg 182w, https:\/\/www.proyectoallen.com.ar\/3\/wp-content\/uploads\/2012\/06\/222952_1065312235942_119_n-1-250x413.jpg 250w\" sizes=\"auto, (max-width: 366px) 100vw, 366px\" \/><\/a><p id=\"caption-attachment-9680\" class=\"wp-caption-text\">Maria Victoria con su hija Emilia en 2015 en Barcelona, donde vivi\u00f3 varios a\u00f1os y redact\u00f3 estos recuerdos.<\/p><\/div>\n<p style=\"text-align: justify;\">Plaza San Mart\u00edn <span style=\"text-align: justify; font-size: 16px;\">All\u00ed jug\u00e1bamos a hacer carreras, tratando de sortear las baldosas desniveladas, Evangelina, Natalia, Jorge y yo. Sol\u00eda perder Natalia, que ten\u00eda s\u00f3lo tres a\u00f1os, siempre ganaba Jorge, que tendr\u00eda unos diez. All\u00ed jug\u00e1bamos tambi\u00e9n a ser Marino (el boomerang de Marino, no s\u00e9 si alguien recuerda ese dibujito) o el Capit\u00e1n Am\u00e9rica y otras tantas cosas, o a trepar las moreras para sacar una pringosa cosecha que hab\u00eda que disputarle a las moscas\u2026<\/span><\/p>\n<p>&nbsp;<\/p>\n<div>\n<p><a href=\"http:\/\/www.proyectoallen.com.ar\/3\/wp-content\/uploads\/2012\/06\/1-2-Medium1.jpg\"><img loading=\"lazy\" decoding=\"async\" class=\"wp-image-2080 aligncenter\" title=\"1 (2) (Medium)\" src=\"http:\/\/www.proyectoallen.com.ar\/3\/wp-content\/uploads\/2012\/06\/1-2-Medium1.jpg\" alt=\"\" width=\"303\" height=\"461\" srcset=\"https:\/\/www.proyectoallen.com.ar\/3\/wp-content\/uploads\/2012\/06\/1-2-Medium1.jpg 505w, https:\/\/www.proyectoallen.com.ar\/3\/wp-content\/uploads\/2012\/06\/1-2-Medium1-197x300.jpg 197w, https:\/\/www.proyectoallen.com.ar\/3\/wp-content\/uploads\/2012\/06\/1-2-Medium1-250x380.jpg 250w\" sizes=\"auto, (max-width: 303px) 100vw, 303px\" \/><\/a><\/p>\n<p style=\"text-align: justify;\"><span style=\"text-align: justify;\">Yo pasaba mucho tiempo en casa de mis vecinos, donde las hermanas mayores de Jorge, especialmente Betty, me daban clases \u201cadelantadas\u201d de catecismo y yo alucinaba con las representaciones gr\u00e1ficas del Esp\u00edritu Santo: la paloma cayendo en picado sobre las cabezas de Jes\u00fas y los Ap\u00f3stoles (que en el estilo gr\u00e1fico de estos libros no ten\u00edan cara ni pelo, eran apenas unas figuras esquem\u00e1ticas con t\u00fanica), el sol filtr\u00e1ndose entre las nubes como una revelaci\u00f3n del misterio divino. Si alguna vez me ha tocado ver alguna de esas raras filtraciones de luz solar, los rayos perfectamente dibujados, no he podido dejar de acordarme de esos libros.<\/span><\/p>\n<div>\n<p style=\"text-align: justify;\">En esa \u00e9poca siempre me lam\u00eda el dorso de las manos porque les sent\u00eda gusto a lim\u00f3n, mientras Jorge contaba historias fabulosas de escondites de otros chicos y yo so\u00f1aba con tener el m\u00edo.\u00a0 En el patio de esa casa aprend\u00ed a trepar por un ca\u00f1o y aprend\u00ed lo que era la \u201catm\u00f3sfera\u201d jugando a las naves espaciales: (\u201c\u00bfNo ves que la tierra es redonda y nosotros aunque estamos abajo no nos caemos? Es por todo el aire que rodea la Tierra y est\u00e1 empujando para abajo y nos sostiene\u201d). Tambi\u00e9n all\u00ed so\u00f1aba con tener una caja de cochecitos de colecci\u00f3n como la de mi amigo, pero lo \u00fanico que lograba eran jueguitos de t\u00e9 de porcelana. En mi patio, en cambio, enterraba carbones con la esperanza de tener diamantes cuando fuera grande.<\/p>\n<p style=\"text-align: justify;\">Tambi\u00e9n escuchaba, sentada en el escal\u00f3n de entrada de la casa de los Diez, las conversaciones de Marcela y Lily, la chica \u201ccama adentro\u201d que nos cuidaba. Ellas tendr\u00edan unos quince a\u00f1os, yo cinco. Hablaban de Zakoga, creo que Marcela le contaba a Lily c\u00f3mo era, no lo recuerdo bien, pero s\u00ed recuerdo que en ese escal\u00f3n escuch\u00e9 por primera vez la m\u00e1s famosa y planetaria de las leyendas urbanas: la de la chica con el vestido blanco manchado con Coca-Cola. As\u00ed que la globa amarilla de Zakoga qued\u00f3 para siempre asociada en mi memoria con las historias de fantasmas.<\/p>\n<p style=\"text-align: justify;\">Tambi\u00e9n en ese escal\u00f3n Evangelina me destroz\u00f3 la careta de oso amarillo, para mi absoluto desconsuelo, situaci\u00f3n que mi t\u00eda Hilda remedi\u00f3 regal\u00e1ndome una careta de diablo de pl\u00e1stico indestructible. Gracias a ese sabio gesto, Evangelina y yo podemos seguir siendo amigas todav\u00eda.<\/p>\n<p style=\"text-align: justify;\">Con el paso de los a\u00f1os me fui trasladando de veredas, aunque la de San Mart\u00edn y Sarmiento, sigui\u00f3 siendo un cl\u00e1sico; los dos paredoncitos altos de la entrada de la casa de los Campetella eran una invitaci\u00f3n a sentarse y chusmear a todo el que daba la vuelta al perro.<\/p>\n<p style=\"text-align: justify;\">En otra vereda, la de Jujuy con Belgrano, la de los Scagliotti, Crucianelli, Fiorentini, Baravalle y Salinger, se urdi\u00f3 el secuestro de la tortuga de Marisol F., por la que pedimos un rescate de diez helados, mediante una carta repleta de errores ortogr\u00e1ficos y gramaticales \u201cpara disimular\u201d. Los juegos son una parte esencial de nuestra formaci\u00f3n como personas y aunque a algunos miembros de esta incipiente banda extorsiva les haya perdido el rastro, espero y conf\u00edo en que ninguno se dedique actualmente al secuestro express.<\/p>\n<p style=\"text-align: justify;\">Otra vereda que marc\u00f3 \u00e9poca fue la de Belgrano casi Alsina, la de los Parente: en la familia hab\u00eda un arraigada tradici\u00f3n de veredeo que heredaron los hijos, custodios del rito que supieron transmitir fielmente a sus amigos hasta transformarlos en devotos, as\u00ed que no era raro que all\u00e1 coincidieran varios grupos generacionales: el de Cecilia (generaci\u00f3n del 72 al 74), el de Tecui (generaci\u00f3n del 74 al 75) y el de Mar\u00eda Laura (76 al 77) y todos nosotros luchando por un mismo noble objetivo: agarrar alguna de las dos reposeras de madera m\u00e1s c\u00f3modas en las que se haya sentado jam\u00e1s ser humano alguno.<\/p>\n<div id=\"attachment_2092\" style=\"width: 551px\" class=\"wp-caption aligncenter\"><a href=\"http:\/\/www.proyectoallen.com.ar\/3\/wp-content\/uploads\/2012\/06\/1-1-Medium.jpg\"><img loading=\"lazy\" decoding=\"async\" aria-describedby=\"caption-attachment-2092\" class=\" wp-image-2092 \" title=\"1 (1) (Medium)\" src=\"http:\/\/www.proyectoallen.com.ar\/3\/wp-content\/uploads\/2012\/06\/1-1-Medium.jpg\" alt=\"\" width=\"541\" height=\"384\" srcset=\"https:\/\/www.proyectoallen.com.ar\/3\/wp-content\/uploads\/2012\/06\/1-1-Medium.jpg 1002w, https:\/\/www.proyectoallen.com.ar\/3\/wp-content\/uploads\/2012\/06\/1-1-Medium-300x212.jpg 300w, https:\/\/www.proyectoallen.com.ar\/3\/wp-content\/uploads\/2012\/06\/1-1-Medium-250x177.jpg 250w\" sizes=\"auto, (max-width: 541px) 100vw, 541px\" \/><\/a><p id=\"caption-attachment-2092\" class=\"wp-caption-text\">Plaza San Mart\u00edn nevada, a\u00f1os 80.<\/p><\/div>\n<div>\n<p style=\"text-align: justify;\"><strong>La plaza\u00a0\u00a0\u00a0\u00a0 <\/strong><\/p>\n<p style=\"text-align: justify;\">\u00a0Cuando viv\u00eda enfrente de la plaza todav\u00eda hab\u00eda acequias y mi hermano Gonzalo intentaba pescar renacuajos con una ca\u00f1a construida con un palito y un piol\u00edn, alentado por Ra\u00fal Diez. Las entradas de cada esquina ten\u00edan arcos cubiertos de rosas y hab\u00eda flores en toda la plaza. Para las fechas patrias los troncos de los \u00e1rboles se pintaban con cal hasta la mitad, no s\u00e9 si para dar la impresi\u00f3n de \u201corden y prolijidad\u201d de manera econ\u00f3mica o si eso de que ayuda a combatir las hormigas es cierto. En esa plaza jug\u00e1bamos a \u201cLos \u00e1ngeles de Charly\u201d: el papel de Jill lo ten\u00eda casi asegurado por rubia, el de Kelly era el m\u00e1s disputado y al de Sabrina, que en realidad era la m\u00e1s inteligente de las tres, no lo quer\u00eda nadie.<\/p>\n<p style=\"text-align: justify;\">En la plaza aprend\u00ed a andar en la bici sin rueditas cuando ten\u00eda cuatro o cinco y esper\u00e9 infructuosamente que mi pap\u00e1 me construyera el carrito de rulemanes de moda entre los pibes. Unos a\u00f1os m\u00e1s adelante, varios chicos nucleados en la casa de la t\u00eda Encarnita, nos inventamos el club \u201cYaguaret\u00e9\u201d, que consist\u00eda en ver qui\u00e9n saltaba desde el \u00e1rbol m\u00e1s alto: creo recordar que la ganadora era la hiperflexible Andy Pardo. Por esa misma \u00e9poca, a los diez u once a\u00f1os, mi prima Andrea C. le echaba desodorante Rexina a las margaritas porque dec\u00eda que ten\u00edan un olor horrible y el placero de los bigotes nos persegu\u00eda vociferando y enarbolando, amenazante, un palo.<\/p>\n<p style=\"text-align: justify;\">En la adolescencia la plaza ten\u00eda otro significado\u2026 y era com\u00fan ver a las parejitas que se escapaban de las tertulias, \u201capretando\u201d en los bancos\u00a0 de la plaza, mientras los envidiosos conductores, tambi\u00e9n salidos de la fiesta y con alguna cerveza de m\u00e1s, les encend\u00edan las luces altas para poner fin a tanta pasi\u00f3n.<\/p>\n<p>&nbsp;<\/p>\n<div id=\"attachment_2081\" style=\"width: 525px\" class=\"wp-caption aligncenter\"><a href=\"http:\/\/www.proyectoallen.com.ar\/3\/wp-content\/uploads\/2012\/06\/2-2-Medium.jpg\"><img loading=\"lazy\" decoding=\"async\" aria-describedby=\"caption-attachment-2081\" class=\" wp-image-2081 \" title=\"2 (2) (Medium)\" src=\"http:\/\/www.proyectoallen.com.ar\/3\/wp-content\/uploads\/2012\/06\/2-2-Medium.jpg\" alt=\"\" width=\"515\" height=\"369\" srcset=\"https:\/\/www.proyectoallen.com.ar\/3\/wp-content\/uploads\/2012\/06\/2-2-Medium.jpg 1073w, https:\/\/www.proyectoallen.com.ar\/3\/wp-content\/uploads\/2012\/06\/2-2-Medium-300x214.jpg 300w, https:\/\/www.proyectoallen.com.ar\/3\/wp-content\/uploads\/2012\/06\/2-2-Medium-1024x732.jpg 1024w, https:\/\/www.proyectoallen.com.ar\/3\/wp-content\/uploads\/2012\/06\/2-2-Medium-250x178.jpg 250w\" sizes=\"auto, (max-width: 515px) 100vw, 515px\" \/><\/a><p id=\"caption-attachment-2081\" class=\"wp-caption-text\">Cine San Mart\u00edn<\/p><\/div>\n<div>\n<p>&nbsp;<\/p>\n<p><strong>El cine<\/strong><\/p>\n<p style=\"text-align: justify;\">\u00a0El cine siempre fue mi devoci\u00f3n, desde que a partir de mis tres a\u00f1os mi pap\u00e1 se recorriera todo el Alto Valle para llevarme a ver dibujitos donde los dieran. Cuando fui un poquito mayor (muy poco, supongo que a los seis o siete) empec\u00e9 a ir al cine San Mart\u00edn sola. Bueno, sola, no, porque ah\u00ed empezaron a endosarme mi hermano all\u00e1 a donde fuera. As\u00ed que para nosotros nuestra actividad dominical por excelencia, a la que asist\u00edamos m\u00e1s religiosamente que a misa sin perdernos una sola funci\u00f3n, era la sesi\u00f3n Ronda de las 16.00 de los domingos: dos pel\u00edculas seguidas con una pausa en el medio que aprovech\u00e1bamos para comprar en el kiosquito de la entrada -donde rotaban la Sra. Garc\u00eda (durante los d\u00edas de semana, profesora de dibujo) y su hija- la cajita de Sugus de colores, las pastillas de guinda o, si mam\u00e1 o pap\u00e1 hab\u00edan sido generosos o no hab\u00edan encontrado cambio, un Toblerone.<\/p>\n<p style=\"text-align: justify;\">La verdad es que la programaci\u00f3n no siempre estaba pensada estrictamente para un p\u00fablico infantil, m\u00e1s all\u00e1 de que no se pasaran las pel\u00edculas prohibidas para mayores de trece: por ejemplo, recuerdo haber visto \u201cCampe\u00f3n\u201d, la historia un boxeador que se muere en el \u00faltimo round y deja a su hijo hu\u00e9rfano, que me dej\u00f3 K.O. Aunque habiendo sido educados con Heidy y Marcos, se supondr\u00eda que esto no ser\u00eda demasiado duro para chicos como nosotros. Pero, en general, las pel\u00edculas de vaqueros, las del Zorro o las de Bud Spencer y Terence Hill (mis favoritas), intercaladas con las producciones argentinas de Mojarrita, Delf\u00edn y Tibur\u00f3n, Titanes en el Ring y algunos dibujitos animados, constitu\u00edan\u00a0 la programaci\u00f3n habitual.<\/p>\n<p><a href=\"http:\/\/www.proyectoallen.com.ar\/3\/wp-content\/uploads\/2012\/06\/026-2.jpg\"><img loading=\"lazy\" decoding=\"async\" class=\"aligncenter size-large wp-image-9681\" src=\"http:\/\/www.proyectoallen.com.ar\/3\/wp-content\/uploads\/2012\/06\/026-2-1024x686.jpg\" alt=\"\" width=\"1024\" height=\"686\" srcset=\"https:\/\/www.proyectoallen.com.ar\/3\/wp-content\/uploads\/2012\/06\/026-2-1024x686.jpg 1024w, https:\/\/www.proyectoallen.com.ar\/3\/wp-content\/uploads\/2012\/06\/026-2-300x201.jpg 300w, https:\/\/www.proyectoallen.com.ar\/3\/wp-content\/uploads\/2012\/06\/026-2-768x514.jpg 768w, https:\/\/www.proyectoallen.com.ar\/3\/wp-content\/uploads\/2012\/06\/026-2-250x167.jpg 250w, https:\/\/www.proyectoallen.com.ar\/3\/wp-content\/uploads\/2012\/06\/026-2.jpg 1165w\" sizes=\"auto, (max-width: 1024px) 100vw, 1024px\" \/><\/a><\/p>\n<p style=\"text-align: justify;\">Hubo, eso s\u00ed, pel\u00edculas que fueron hitos para m\u00ed y, creo yo que por la cantidad de asistentes al cine, fueron tambi\u00e9n hitos cinematogr\u00e1ficos del pueblo. Cuando era muy chica, unos cuatro o cinco a\u00f1os, fuimos a ver en sesi\u00f3n nocturna, recomendada (y supongo que repuesta) desde la iglesia local, \u201cMarcelino pan y vino\u201d, que me marc\u00f3 con un profundo misticismo que me dur\u00f3 por lo menos diez a\u00f1os. Otro hito fue \u201cE.T.\u201d: el cine estaba a reventar y fue una de las pocas veces que se abri\u00f3 la sala superior, el palco, que hasta entonces hab\u00eda sido un misterio para m\u00ed: as\u00ed todo, fue tal la sobreventa de entradas que vi la pel\u00edcula desde arriba, s\u00ed, pero sentada en los escalones del pasillo.<\/p>\n<p style=\"text-align: justify;\">Otro \u00e9xito peliculero de la sesi\u00f3n Ronda, me agarr\u00f3 completamente desprevenida: por uso y abuso del cine yo cre\u00eda que era casi de mi propiedad y me acuerdo de la mezcla de rabia e indignaci\u00f3n que me dio sentirme invadida con tanta gente y tener que hacer una cola que pasaba por el kiosco de Su\u00e1rez, Mi T\u00eda China y se prolongaba a lo largo de la calle pasando la esquina de la hoy Aranjuez: todo porque daban una pel\u00edcula protagonizada por Luis Miguel y una para m\u00ed desconocida Lucerito. M\u00e1s all\u00e1 de amores y juergas adolescentes, era un dram\u00f3n infernal que terminaba con Luis Miguel en una silla de ruedas. Me acuerdo de que, de acuerdo con mi educaci\u00f3n espartana y pese a mis once a\u00f1os escasos, consideraba que eso era una taradez y que no pod\u00eda permitirme llorar, as\u00ed que no derram\u00e9 una l\u00e1grima, pero sal\u00ed del cine con el peor dolor de garganta de mi vida, raz\u00f3n por la que ahora no me reprimo ni con una escena dram\u00e1tica (siguiendo con las estrellas mexicanas de la telenovela) de \u201cMar\u00eda la del Barrio\u201d, aunque eso s\u00ed, en el cine me escapo decorosamente antes de los cr\u00e9ditos para que no se me vean los ojos rojos.<\/p>\n<p style=\"text-align: justify;\">Por ausencia, tambi\u00e9n me marc\u00f3 \u201cFlashdance\u201d: a esa no me dejaron ir porque ten\u00eda 10 a\u00f1os y era prohibida para menores de trece. Otras amigas fueron a la noche con los padres, pero yo no tuve esa suerte. Eso s\u00ed, como a casi todas, me lleg\u00f3 a los once mi bici de carrera, porque la pel\u00edcula no habr\u00e1 impuesto la moda de ser soldadora entre las chicas, pero s\u00ed la de cambiar la bici de paseo por la de carrera.<\/p>\n<p style=\"text-align: justify;\">La sala del cine no sol\u00eda estar llena, la media de la Ronda no ser\u00eda ni una quinta parte del aforo, lo que permit\u00eda cambiarte de sitio si hab\u00edas llegado con la pel\u00edcula empezada y el acomodador te hab\u00eda ubicado en una butaca de las que pellizcan la pierna, esas con los resortes saltados. Y cuando comenzaban las pel\u00edculas todo era expectaci\u00f3n, se hac\u00eda el silencio, s\u00f3lo interrumpido de vez en cuando por el CLING-CLANG-Clang- clang- clang- de las botellas de Coca-Cola que los graciosos de las \u00faltimas filas hac\u00edan rodar con una patada sala abajo, por el suelo de madera polvoriento, hasta que se frenaban con alguna butaca o directamente en el escenario.<\/p>\n<p style=\"text-align: justify;\">A veces la pel\u00edcula se cortaba por un momento y la magia se romp\u00eda bruscamente, a lo que los enardecidos espectadores reaccionaban con chiflidos y gritos de protesta: \u201c\u00a1Eh! \u00a1Garc\u00eda, Garc\u00eda!\u201d.\u00a0 Con mis amigas hemos guardado este grito de queja\u00a0 como un tesoro, al punto de que, si por ejemplo, estamos tomando sol en el r\u00edo y de repente el cielo se nubla, no faltar\u00e1 quien grite, alzando la mirada al cielo: \u201c\u00a1Eh! \u00a1Garc\u00eda, Garc\u00eda!\u201d.<\/p>\n<p style=\"text-align: justify;\">La hora de la salida del cine era particularmente angustiante porque ya era de noche, se hab\u00eda acabado el domingo y todav\u00eda ten\u00edamos los deberes por hacer. Adem\u00e1s, yo sol\u00eda llevarme de recuerdo alg\u00fan chicle pegado en el pelo, que mi mam\u00e1 intentaba sacarme primero con alcohol, para luego resolver el tema de modo tajante: con un tijeretazo.<\/p>\n<p><a href=\"http:\/\/www.proyectoallen.com.ar\/3\/wp-content\/uploads\/2012\/06\/0161.jpg\"><img loading=\"lazy\" decoding=\"async\" class=\"aligncenter size-large wp-image-9682\" src=\"http:\/\/www.proyectoallen.com.ar\/3\/wp-content\/uploads\/2012\/06\/0161-1024x726.jpg\" alt=\"\" width=\"1024\" height=\"726\" srcset=\"https:\/\/www.proyectoallen.com.ar\/3\/wp-content\/uploads\/2012\/06\/0161-1024x726.jpg 1024w, https:\/\/www.proyectoallen.com.ar\/3\/wp-content\/uploads\/2012\/06\/0161-300x213.jpg 300w, https:\/\/www.proyectoallen.com.ar\/3\/wp-content\/uploads\/2012\/06\/0161-768x544.jpg 768w, https:\/\/www.proyectoallen.com.ar\/3\/wp-content\/uploads\/2012\/06\/0161-250x177.jpg 250w, https:\/\/www.proyectoallen.com.ar\/3\/wp-content\/uploads\/2012\/06\/0161.jpg 1194w\" sizes=\"auto, (max-width: 1024px) 100vw, 1024px\" \/><\/a><\/p>\n<p style=\"text-align: justify;\">Hacia mi adolescencia el cine San Mart\u00edn corri\u00f3 igual suerte que sus botellitas de Coca-Cola: iba en declive. La patada de la indiferencia local o de la videocasetera, no s\u00e9. Supongo que al final se manten\u00eda fundamentalmente (o quiz\u00e1s siempre fue as\u00ed) gracias a las pel\u00edculas porno de la sesi\u00f3n Trasnoche. C\u00f3mo no recordar el legendario cartel de \u201cGarganta Profunda\u201d arriba del ba\u00f1o de los hombres, cerca de la taquilla. Como con toda tecnolog\u00eda emergente, hasta que el video se democratiz\u00f3 pas\u00f3 cierto tiempo; me acuerdo que sentados en La Perla ve\u00edamos llegar desde los barrios a los hombres en bicicleta, en invierno, con las solapas de las camperas o sacos levantadas, ocultando las caras y salir, al terminar la funci\u00f3n, sospechosamente con las manos\u00a0 en los bolsillos\u2026<\/p>\n<p style=\"text-align: justify;\">Tambi\u00e9n recuerdo algunas supuestas idas al ba\u00f1o desde La Perla, en realidad,\u00a0 intentos de incursi\u00f3n, como quien no quiere la cosa, en la sesi\u00f3n Trasnoche, de coladas, asomando las cabezas entre el cortinaje, lideradas por la Sole, Adriana D., Mariela S., y miembros varias de las Sexta Divisi\u00f3n de Hockey del Allen Rugby Club, intentos que eran r\u00e1pidamente frustrados por el acomodador.<\/p>\n<p><a href=\"http:\/\/www.proyectoallen.com.ar\/3\/wp-content\/uploads\/2012\/06\/nati-albarracinnn.jpg\"><img loading=\"lazy\" decoding=\"async\" class=\"aligncenter size-full wp-image-9683\" src=\"http:\/\/www.proyectoallen.com.ar\/3\/wp-content\/uploads\/2012\/06\/nati-albarracinnn.jpg\" alt=\"\" width=\"960\" height=\"689\" srcset=\"https:\/\/www.proyectoallen.com.ar\/3\/wp-content\/uploads\/2012\/06\/nati-albarracinnn.jpg 960w, https:\/\/www.proyectoallen.com.ar\/3\/wp-content\/uploads\/2012\/06\/nati-albarracinnn-300x215.jpg 300w, https:\/\/www.proyectoallen.com.ar\/3\/wp-content\/uploads\/2012\/06\/nati-albarracinnn-768x551.jpg 768w, https:\/\/www.proyectoallen.com.ar\/3\/wp-content\/uploads\/2012\/06\/nati-albarracinnn-250x179.jpg 250w\" sizes=\"auto, (max-width: 960px) 100vw, 960px\" \/><\/a><\/p>\n<p style=\"text-align: justify;\">La \u00faltima funci\u00f3n del cine la recuerdo perfectamente, tendr\u00eda unos trece a\u00f1os. Fuimos con Sole y Mariela y, cont\u00e1ndonos a nosotras tres, \u00e9ramos trece espectadores en total, n\u00famero desafortunado donde los haya, desde la \u00faltima cena hasta hoy. La pel\u00edcula que pasaron fue \u201cGreat balls of fire\u201d, sobre la vida de Jerry Lee Lewis, la primera en la que vi a Winona Ryder, quien interpretaba a la prima con la que se enreda el rockero, ni\u00f1a, casualmente, de trece a\u00f1os\u2026 Bueno, parece que el n\u00famero fue yeta en serio y, aunque ya se sab\u00eda que era la \u00faltima sesi\u00f3n, lo cierto es que el cine no se reabri\u00f3 m\u00e1s en aquel lugar ni con ese nombre: el edificio abandonado se acab\u00f3 con un incendio (no s\u00e9 si con grandes bolas de fuego o no, pero con fuego al fin), lo que termina de cerrar la maldici\u00f3n del n\u00famero gafe. O igual no: no me acuerdo si esa noche hubo sesi\u00f3n Trasnoche, quiz\u00e1s s\u00ed y los \u00faltimos espectadores fueron veinticinco espectadores y no trece, y la pel\u00edcula supongo que tendr\u00eda protagonistas de al menos veinti\u00fan a\u00f1os y seguro que era prohibida para menores de dieciocho\u2026. La verdad es que lo de la numerolog\u00eda no se me da bien, aunque eso s\u00ed, creo recordar que la sesi\u00f3n de Trasnoche del viernes empezaba a la 1:00, lo que extrapolando un poco ser\u00edan como las 13:00 de la madrugada, \u00bfno?.<\/p>\n<p><a href=\"http:\/\/www.proyectoallen.com.ar\/3\/wp-content\/uploads\/2012\/06\/0162.jpg\"><img loading=\"lazy\" decoding=\"async\" class=\"aligncenter size-large wp-image-9684\" src=\"http:\/\/www.proyectoallen.com.ar\/3\/wp-content\/uploads\/2012\/06\/0162-714x1024.jpg\" alt=\"\" width=\"714\" height=\"1024\" srcset=\"https:\/\/www.proyectoallen.com.ar\/3\/wp-content\/uploads\/2012\/06\/0162-714x1024.jpg 714w, https:\/\/www.proyectoallen.com.ar\/3\/wp-content\/uploads\/2012\/06\/0162-209x300.jpg 209w, https:\/\/www.proyectoallen.com.ar\/3\/wp-content\/uploads\/2012\/06\/0162-768x1101.jpg 768w, https:\/\/www.proyectoallen.com.ar\/3\/wp-content\/uploads\/2012\/06\/0162-250x358.jpg 250w, https:\/\/www.proyectoallen.com.ar\/3\/wp-content\/uploads\/2012\/06\/0162.jpg 941w\" sizes=\"auto, (max-width: 714px) 100vw, 714px\" \/><\/a><\/p>\n<p><strong>El club<\/strong><\/p>\n<p style=\"text-align: justify;\">\u00a0Otro de los lugares de ocio m\u00e1s frecuentados era el Club Uni\u00f3n. Yo hab\u00eda empezado a ir desde muy chica, con tres a\u00f1os, a la pileta. Me acuerdo que mi sue\u00f1o era llegar a tener un carnet de socio vitalicio, como el del abuelo Cacho de mis primos Joli y Diego. Si era socia desde tan chica, cre\u00eda que era un sue\u00f1o perfectamente factible llegar a ser socia del club durante 50 a\u00f1os para obtenerlo.<\/p>\n<div id=\"attachment_2083\" style=\"width: 462px\" class=\"wp-caption aligncenter\"><a href=\"http:\/\/www.proyectoallen.com.ar\/3\/wp-content\/uploads\/2012\/06\/3-Medium2.jpg\"><img loading=\"lazy\" decoding=\"async\" aria-describedby=\"caption-attachment-2083\" class=\" wp-image-2083 \" title=\"3 (Medium)\" src=\"http:\/\/www.proyectoallen.com.ar\/3\/wp-content\/uploads\/2012\/06\/3-Medium2.jpg\" alt=\"\" width=\"452\" height=\"656\" srcset=\"https:\/\/www.proyectoallen.com.ar\/3\/wp-content\/uploads\/2012\/06\/3-Medium2.jpg 502w, https:\/\/www.proyectoallen.com.ar\/3\/wp-content\/uploads\/2012\/06\/3-Medium2-206x300.jpg 206w, https:\/\/www.proyectoallen.com.ar\/3\/wp-content\/uploads\/2012\/06\/3-Medium2-250x363.jpg 250w\" sizes=\"auto, (max-width: 452px) 100vw, 452px\" \/><\/a><p id=\"caption-attachment-2083\" class=\"wp-caption-text\">Pileta del Club Uni\u00f3n Alem Progresista. En la Foto: Marcela Tarifa, Iris Alcazar, Mariela Morales, Laura Carril y Sandra Buzcazzo.<\/p><\/div>\n<div>\n<p>Iba al cuidado de mi prima Graciela V., quien deb\u00eda, supuestamente, vigilarme un poco, pero ella ya ten\u00eda trece a\u00f1os, era de las primeras en ir en bikini (siempre fue progre) y no estaba muy por la labor\u2026 as\u00ed que despu\u00e9s de llegar a o\u00eddos de mi madre que me hab\u00edan sacado un par de veces de la parte honda de la pileta, a la que llegaba avanzando agarrada del salivero, me metieron en clases de nataci\u00f3n. Recuerdo los ejercicios de pataleo, la tabla, y el did\u00e1cticamente discutible m\u00e9todo por el que finalmente aprend\u00edas a nadar o le agarrabas una fobia al agua que te acompa\u00f1ar\u00eda de por vida: te llevaban a la parte honda y desde las conejeras te tiraban con los pies atados con las gomas de las nebulizaciones: nadar o nadar.<\/p>\n<p style=\"text-align: justify;\">A los cinco, todav\u00eda nadando perrito, entr\u00e9 en el equipo de competici\u00f3n y recuerdo perfectamente a dos de sus referentes de la \u00e9poca, Ana Rosa Lamela, que fue quien me enrol\u00f3 y termin\u00f3 de ense\u00f1arme a nadar, y Marcelo Ortiz. En Entrenamiento conoc\u00ed a Mariela Scagliotti y todav\u00eda la veo con sus seis a\u00f1os (malla de competici\u00f3n marr\u00f3n marca Adidas, tres franjas blancas a los costados) present\u00e1ndose con total aplomo.<\/p>\n<div id=\"attachment_9685\" style=\"width: 888px\" class=\"wp-caption aligncenter\"><a href=\"http:\/\/www.proyectoallen.com.ar\/3\/wp-content\/uploads\/2012\/06\/Mariela-Scaglioti-dia-de-su-15-a\u00f1os.jpg\"><img loading=\"lazy\" decoding=\"async\" aria-describedby=\"caption-attachment-9685\" class=\"wp-image-9685 size-full\" src=\"http:\/\/www.proyectoallen.com.ar\/3\/wp-content\/uploads\/2012\/06\/Mariela-Scaglioti-dia-de-su-15-a\u00f1os.jpg\" alt=\"\" width=\"878\" height=\"581\" srcset=\"https:\/\/www.proyectoallen.com.ar\/3\/wp-content\/uploads\/2012\/06\/Mariela-Scaglioti-dia-de-su-15-a\u00f1os.jpg 878w, https:\/\/www.proyectoallen.com.ar\/3\/wp-content\/uploads\/2012\/06\/Mariela-Scaglioti-dia-de-su-15-a\u00f1os-300x199.jpg 300w, https:\/\/www.proyectoallen.com.ar\/3\/wp-content\/uploads\/2012\/06\/Mariela-Scaglioti-dia-de-su-15-a\u00f1os-768x508.jpg 768w, https:\/\/www.proyectoallen.com.ar\/3\/wp-content\/uploads\/2012\/06\/Mariela-Scaglioti-dia-de-su-15-a\u00f1os-250x165.jpg 250w\" sizes=\"auto, (max-width: 878px) 100vw, 878px\" \/><\/a><p id=\"caption-attachment-9685\" class=\"wp-caption-text\">Maia y Mariela Scagliotti<\/p><\/div>\n<p style=\"text-align: justify;\">Tambi\u00e9n recuerdo a los entrenadores: Bocha, Tornelli, Caba\u00f1as, el Negro S\u00e1nchez, que nos sac\u00f3 el jugo y los mejores resultados (\u00a1\u201cY aunque \u2018iuevan\u2019 enanos verdes van a nadar 6.000 metros por d\u00eda!\u201d), los hermanos Montenegro, todos tratando de compensar en dos o tres meses, la ventaja de diez meses de entrenamiento que nos sacaban los clubes con pileta cubierta.<\/p>\n<p style=\"text-align: justify;\">Con un halo especial\u00a0 entre los entrenadores masculinos surge el recuerdo \u00e1ureo de Daniel Zenker, que era como una mezcla de Apolo allense con el Charles Atlas que aparec\u00eda dibujado en las contraportadas de las revistas Tony y D\u2019Artagnan anunciando cursos de musculaci\u00f3n. Pero aunque las que \u00e9ramos chicas no pod\u00edamos dejar de advertir a esta deidad encarnada, est\u00e1bamos igualmente encantadas con nuestras entrenadoras. Creo recordar especialmente a dos Lilis, que cumpl\u00edan con el estereotipo de la profesora de educaci\u00f3n f\u00edsica: rubias algunas, otras morenas, puede que santafesinas, altas, atl\u00e9ticas, bronceadas, simp\u00e1ticas\u2026 \u00a1usaban biquini! (ya digo que no era frecuente en esa \u00e9poca en el pueblo) \u00a1Y se peinaban una cola de caballo de costado! (re-moderno) \u00a1Y el cron\u00f3metro colgando del cuello les quedaba fant\u00e1sticamente bien! En resumen, que aunque no tuvi\u00e9ramos Barbies porque la \u00e9poca de importaci\u00f3n fue un per\u00edodo muy breve, pod\u00edamos completar nuestro Olimpo piscinil con deidades femeninas.<\/p>\n<div id=\"attachment_9690\" style=\"width: 1034px\" class=\"wp-caption aligncenter\"><a href=\"http:\/\/www.proyectoallen.com.ar\/3\/wp-content\/uploads\/2020\/08\/En-BA-Casa-Rosada-a\u00f1os-80.jpg\"><img loading=\"lazy\" decoding=\"async\" aria-describedby=\"caption-attachment-9690\" class=\"wp-image-9690 size-large\" src=\"http:\/\/www.proyectoallen.com.ar\/3\/wp-content\/uploads\/2020\/08\/En-BA-Casa-Rosada-a\u00f1os-80-1024x737.jpg\" alt=\"\" width=\"1024\" height=\"737\" srcset=\"https:\/\/www.proyectoallen.com.ar\/3\/wp-content\/uploads\/2020\/08\/En-BA-Casa-Rosada-a\u00f1os-80-1024x737.jpg 1024w, https:\/\/www.proyectoallen.com.ar\/3\/wp-content\/uploads\/2020\/08\/En-BA-Casa-Rosada-a\u00f1os-80-300x216.jpg 300w, https:\/\/www.proyectoallen.com.ar\/3\/wp-content\/uploads\/2020\/08\/En-BA-Casa-Rosada-a\u00f1os-80-768x553.jpg 768w, https:\/\/www.proyectoallen.com.ar\/3\/wp-content\/uploads\/2020\/08\/En-BA-Casa-Rosada-a\u00f1os-80-250x180.jpg 250w, https:\/\/www.proyectoallen.com.ar\/3\/wp-content\/uploads\/2020\/08\/En-BA-Casa-Rosada-a\u00f1os-80.jpg 1811w\" sizes=\"auto, (max-width: 1024px) 100vw, 1024px\" \/><\/a><p id=\"caption-attachment-9690\" class=\"wp-caption-text\">Chicos del CUAP de f\u00fatbol a\u00f1os 80. Viaje a Bs As<\/p><\/div>\n<p style=\"text-align: justify;\">En esa \u00e9poca se practicaban bastante los deportes; los chicos del Mago se volcaban mayoritariamente al futbol, aunque tambi\u00e9n al b\u00e1squet. Yo nunca fui especialmente buena en ning\u00fan deporte, a lo sumo, como siempre me recuerdan mis amigas con sorna, en el patinaje, en el que me consagr\u00e9 en un festejo del D\u00eda del Ni\u00f1o en el gimnasio del club Uni\u00f3n, gan\u00e1ndole una carrera a un \u00fanico rival (Rodolfo, galancete de quinto grado de la 222) con el fant\u00e1stico premio de \u00a1un jab\u00f3n de tocador y una bolsita de talco!<\/p>\n<p style=\"text-align: justify;\">Eso s\u00ed, ganas siempre le puse. Con el furor del b\u00e1squet en el Valle y la llegada de \u201cLos Negros\u201d (Al Frederick y Darryll Parker) muchos nos volcamos masivamente al b\u00e1squet. Un aut\u00e9ntico furor. No s\u00f3lo segu\u00edamos al Mago de locales, sino \u201ca todas partes donde vayas, donde vayas\u201d. Y en mi caso, craso error, tambi\u00e9n osamos practicarlo: recuerdo nuestro primer partido como pre-Minis: una humillante derrota 105 a 2 contra el Club Cipolletti. Los resultados a partir de ah\u00ed, y como no pod\u00eda ser de otra manera, fueron mejorando. Todav\u00eda recuerdo a Juanqui Pepe alent\u00e1ndome debajo del aro de pre-Mini para que marcara mi primer doble: \u201c\u00a1Vamos, Maia; vamos, Maia!\u201d, porque me escap\u00e9 r\u00e1pido con la pelota, pero eso s\u00ed, tuve que tirar hasta tres veces para poder embocar.<\/p>\n<p><a href=\"http:\/\/www.proyectoallen.com.ar\/3\/wp-content\/uploads\/2012\/06\/Marcela-Almuna-1.jpg\"><img loading=\"lazy\" decoding=\"async\" class=\"aligncenter size-full wp-image-9686\" src=\"http:\/\/www.proyectoallen.com.ar\/3\/wp-content\/uploads\/2012\/06\/Marcela-Almuna-1.jpg\" alt=\"\" width=\"630\" height=\"360\" srcset=\"https:\/\/www.proyectoallen.com.ar\/3\/wp-content\/uploads\/2012\/06\/Marcela-Almuna-1.jpg 630w, https:\/\/www.proyectoallen.com.ar\/3\/wp-content\/uploads\/2012\/06\/Marcela-Almuna-1-300x171.jpg 300w, https:\/\/www.proyectoallen.com.ar\/3\/wp-content\/uploads\/2012\/06\/Marcela-Almuna-1-250x143.jpg 250w\" sizes=\"auto, (max-width: 630px) 100vw, 630px\" \/><\/a><\/p>\n<p style=\"text-align: justify;\">Al a\u00f1o siguiente, cuando ya nos toc\u00f3 mezclarnos con las de la categor\u00eda superior (Ce Parente, Wanda Monti, Negra Gas, Ver\u00f3nica Moretti) casi todas las ex pre-Mini nos comimos el banco todo el a\u00f1o, salvo honrosas excepciones. Con Pa\u00e9z aprend\u00ed una valiosa lecci\u00f3n: \u201cSi sacaste a bailar a la renga, rengue\u00e1.\u201d As\u00ed que rengue\u00e9 un tiempo m\u00e1s con el b\u00e1squet (poco, porque en realidad me la pasaba mayormente \u201cplanchando\u201d, ya que era el b\u00e1squet el que no me sacaba a bailar muy a menudo a m\u00ed). Creo que incluso persever\u00e9 un a\u00f1o m\u00e1s y despu\u00e9s, digamos que saqu\u00e9 a bailar al Hockey, con mejores resultados<\/p>\n<div id=\"attachment_9687\" style=\"width: 637px\" class=\"wp-caption aligncenter\"><a href=\"http:\/\/www.proyectoallen.com.ar\/3\/wp-content\/uploads\/2012\/06\/JUGADORAS-DE-LA-SEXTA-DIVISI\u00d3N-DEL-ALLEN-RUGBY-CLUB.jpg\"><img loading=\"lazy\" decoding=\"async\" aria-describedby=\"caption-attachment-9687\" class=\"wp-image-9687 size-full\" src=\"http:\/\/www.proyectoallen.com.ar\/3\/wp-content\/uploads\/2012\/06\/JUGADORAS-DE-LA-SEXTA-DIVISI\u00d3N-DEL-ALLEN-RUGBY-CLUB.jpg\" alt=\"\" width=\"627\" height=\"896\" srcset=\"https:\/\/www.proyectoallen.com.ar\/3\/wp-content\/uploads\/2012\/06\/JUGADORAS-DE-LA-SEXTA-DIVISI\u00d3N-DEL-ALLEN-RUGBY-CLUB.jpg 627w, https:\/\/www.proyectoallen.com.ar\/3\/wp-content\/uploads\/2012\/06\/JUGADORAS-DE-LA-SEXTA-DIVISI\u00d3N-DEL-ALLEN-RUGBY-CLUB-210x300.jpg 210w, https:\/\/www.proyectoallen.com.ar\/3\/wp-content\/uploads\/2012\/06\/JUGADORAS-DE-LA-SEXTA-DIVISI\u00d3N-DEL-ALLEN-RUGBY-CLUB-250x357.jpg 250w\" sizes=\"auto, (max-width: 627px) 100vw, 627px\" \/><\/a><p id=\"caption-attachment-9687\" class=\"wp-caption-text\">JUGADORAS DE LA SEXTA DIVISI\u00d3N DEL ALLEN RUGBY CLUB<\/p><\/div>\n<p style=\"text-align: justify;\">El equipo de hockey local se inici\u00f3 al amparo del Allen Rugby Club, aunque no pod\u00edan ofrecernos mucho m\u00e1s que los colores blanco y negro (hasta para los colores hab\u00eda austeridad) y no ten\u00edamos un espacio propio. Gracias a Miguel Spina pudimos usar durante un tiempo la cancha de Maciel y hacia all\u00ed march\u00e1bamos en caravanas de bicicletas durante el verano para que nos entrenara Horacio Boy\u00e9. Tambi\u00e9n Estella Longarini nos dio unas cuantas nociones. M\u00e1s adelante, alternar\u00edamos entre la cancha de f\u00fatbol de la Escuela Veintitr\u00e9s y ya con Daniel Toranzo, la cancha del Sapo y la cancha de al lado del hospital.\u00a0 Y cuando finalmente nos entren\u00f3 Eduardo del Br\u00edo, ya pertenec\u00edamos al Club Uni\u00f3n. Eso s\u00ed, la cancha de los partidos siempre fue la del Arco Iris, de la que pod\u00edamos sentirnos transitoriamente orgullosas cuando recib\u00edamos a los equipos visitantes con el tel\u00f3n de fondo de las bardas de colores y el r\u00edo.<\/p>\n<p style=\"text-align: justify;\">R\u00e1pidamente aprendimos a usar el stick como un elemento deportivo m\u00e1s que como una guada\u00f1a corta-cabezas, aunque accidentes siempre hubo: un diente de menos de la arquera por ponerse a practicar paradas antes del partido sin el casco colocado, alg\u00fan bochazo en zonas letales, un palo que baj\u00f3 con cierta sa\u00f1a al hacer el t\u00fanel para el equipo que jugaba de visitante\u2026 Los entrenamientos eran divertidos, los partidos m\u00e1s, pero lo mejor era la vuelta en colectivo cuando se sacaban los trapitos al sol con canciones, quemos, cargadas\u2026 se iba calentando el ambiente para la salida a la tertulia del s\u00e1bado por la noche.<\/p>\n<div id=\"attachment_2084\" style=\"width: 395px\" class=\"wp-caption aligncenter\"><a href=\"http:\/\/www.proyectoallen.com.ar\/3\/wp-content\/uploads\/2012\/06\/4-Soledad-Baravalle-y-Maia-listas-para-salir-Medium.jpg\"><img loading=\"lazy\" decoding=\"async\" aria-describedby=\"caption-attachment-2084\" class=\" wp-image-2084 \" title=\"4 Soledad Baravalle y Maia listas para salir (Medium)\" src=\"http:\/\/www.proyectoallen.com.ar\/3\/wp-content\/uploads\/2012\/06\/4-Soledad-Baravalle-y-Maia-listas-para-salir-Medium.jpg\" alt=\"\" width=\"385\" height=\"455\" srcset=\"https:\/\/www.proyectoallen.com.ar\/3\/wp-content\/uploads\/2012\/06\/4-Soledad-Baravalle-y-Maia-listas-para-salir-Medium.jpg 641w, https:\/\/www.proyectoallen.com.ar\/3\/wp-content\/uploads\/2012\/06\/4-Soledad-Baravalle-y-Maia-listas-para-salir-Medium-253x300.jpg 253w, https:\/\/www.proyectoallen.com.ar\/3\/wp-content\/uploads\/2012\/06\/4-Soledad-Baravalle-y-Maia-listas-para-salir-Medium-250x295.jpg 250w\" sizes=\"auto, (max-width: 385px) 100vw, 385px\" \/><\/a><p id=\"caption-attachment-2084\" class=\"wp-caption-text\">Soledad Baravalle y Maia listas para salir.<\/p><\/div>\n<\/div>\n<div>\n<p>&nbsp;<\/p>\n<p><strong>Los asaltos\/tertulias\/boliches<\/strong><\/p>\n<p style=\"text-align: justify;\">\u00a0Los asaltos fueron un must de la preadolescencia, cuando todav\u00eda no ten\u00edamos edad de ir al boliche. Un garage en el que se hab\u00eda cambiado un foco blanco por uno rojo pod\u00eda ser un lugar apropiado para la fiesta: la casetera con m\u00fasica movida, las parejitas bailando casi en hilera (en esa \u00e9poca te ten\u00edan que sacar a bailar) y el cl\u00edmax era la llegada de los lentos, donde la chica pod\u00eda regular el grado de aproximaci\u00f3n, clavando codos a su contrincante o bien aflojando los brazos. Tambi\u00e9n estaban los cumplea\u00f1os de quince, con torta de varios pisos y vestido blanco o rosa en muchas ocasiones y el infaltable vals, en el que los chicos, generalmente disfrazados con trajes de los padres, desfilaban uno a uno para \u201cbailar\u201d con la agasajada, realizando un raro movimiento oscilatorio, como de velero meci\u00e9ndose en altamar al ritmo de las olas, y poniendo su mejor sonrisa, un baile breve que duraba hasta el momento del fogonazo del flash.<\/p>\n<p style=\"text-align: justify;\">Lo mejor y m\u00e1s propio del Allen de la \u00e9poca que me toc\u00f3 vivir, un per\u00edodo entre el cierre de Shangril\u00e1 y las aperturas intermitentes de 1910, fueron las tertulias. Me gusta recordar que, adem\u00e1s de funcionar como la \u00fanica oferta de ocio nocturno local despu\u00e9s de la confiter\u00eda (de ah\u00ed su \u00e9xito), tambi\u00e9n eran la forma de recaudar dinero colectivamente para el viaje de egresados, que era una empresa grupal y no depend\u00eda exclusivamente la posibilidad de cada uno de poder pag\u00e1rselo o no. Grupos organizadores hubo muchos, pero mejor organizado, m\u00e1s divertido y cohesionado y con mejor onda que La Chabomba, ninguno que me haya tocado vivir a m\u00ed.\u00a0 Ellos inventaron las tertulias tem\u00e1ticas: me acuerdo bien una que era la del \u201cQuemo\u201d, que fue como trasladar a las paredes de la sede del Club Uni\u00f3n las p\u00e1ginas centrales el Tutti Frutti de la revista El Sistema. En la adolescencia hab\u00eda una especie de placer morboso, como con las pel\u00edculas de terror, en eso de mandar o de que te mandaran al frente. Y casi todas las cargadas se resum\u00edan en cinco o seis t\u00f3picos: \u201cle gusta tal\u201d, \u201clo rebot\u00f3 cual\u201d (\u201cla rebot\u00f3\u201d en este contexto hist\u00f3rico era todav\u00eda dif\u00edcil),\u00a0 \u201clo\/la pate\u00f3\u201d, \u201cestuvo apretando con\u201d o \u201cle pusieron los cuernos con\u201d y \u201cquiere encararse a\u201d.<\/p>\n<p><a href=\"http:\/\/www.proyectoallen.com.ar\/3\/wp-content\/uploads\/2012\/06\/1-1.jpg\"><img loading=\"lazy\" decoding=\"async\" class=\"aligncenter size-large wp-image-9688\" src=\"http:\/\/www.proyectoallen.com.ar\/3\/wp-content\/uploads\/2012\/06\/1-1-863x1024.jpg\" alt=\"\" width=\"863\" height=\"1024\" srcset=\"https:\/\/www.proyectoallen.com.ar\/3\/wp-content\/uploads\/2012\/06\/1-1-863x1024.jpg 863w, https:\/\/www.proyectoallen.com.ar\/3\/wp-content\/uploads\/2012\/06\/1-1-253x300.jpg 253w, https:\/\/www.proyectoallen.com.ar\/3\/wp-content\/uploads\/2012\/06\/1-1-768x911.jpg 768w, https:\/\/www.proyectoallen.com.ar\/3\/wp-content\/uploads\/2012\/06\/1-1-250x297.jpg 250w\" sizes=\"auto, (max-width: 863px) 100vw, 863px\" \/><\/a><\/p>\n<p>En la \u00e9poca de las tertulias, la est\u00e9tica era casi lo de menos: unos vaqueros camiseta, zapatillas y, como muy arreglados, camisa y zapatos Kickers, tanto para ellos como para ellas: la combinaci\u00f3n extra posible para ellas, pod\u00eda ser una minifalda de jean o, cuando se pusieron moda, unos pantalones ciclistas. Los complementos para los chicos, casi no exist\u00edan: quiz\u00e1s el pa\u00f1uelito hind\u00fa enroscado\u00a0 en la mu\u00f1eca o en cuello, a ser posible impregnado en pachuli o musk, y si el corte de pelo acompa\u00f1aba, se pod\u00eda obtener el look A-h\u00e1 completo. El accesorio t\u00edpico de las chicas eran las hebillitas en forma de ocho B+D, muy \u00fatiles para dominar flequillos en crecimiento que con el correr de los a\u00f1os acabar\u00edan degenerando en los jopos ortop\u00e9dicos a lo Zulemita, cuya erecci\u00f3n s\u00f3lo ser\u00eda posible mantener en base a jugo de lim\u00f3n, laca o alg\u00fan otro potingue a base de Gimonte. Salir de los lindes del pueblo hacia los boliches de moda (Aquelarre, Adoqu\u00edn, Ballotage, m\u00e1s adelante Zeppelin o Diagonal) hizo que las modas se \u201crefinaran\u201d: fuera las zapatillas, que se prohib\u00edan en los boliches, y pocos cambios m\u00e1s para los chicos. Las f\u00e9minas, en cambio, vivimos todo un repertorio de estilismos que iban desde de los vestidos tubo, pantal\u00f3n fus\u00f3 hasta los hot pants, microminis y todo lo que el mercado de la moda lanzase\u2026 y ya est\u00e1; una vez emperifollados, todos listos para la m\u00edtica largada de Aquelarre o Adoqu\u00edn, que de manera inversamente proporcional a la ropa de las chicas, cada vez se alargaba m\u00e1s.<\/p>\n<div id=\"attachment_9677\" style=\"width: 1034px\" class=\"wp-caption aligncenter\"><a href=\"http:\/\/www.proyectoallen.com.ar\/3\/wp-content\/uploads\/2012\/06\/4-FIESTA-DE-DISFRACES-EN-BALLOTAGE.jpg\"><img loading=\"lazy\" decoding=\"async\" aria-describedby=\"caption-attachment-9677\" class=\"wp-image-9677 size-large\" src=\"http:\/\/www.proyectoallen.com.ar\/3\/wp-content\/uploads\/2012\/06\/4-FIESTA-DE-DISFRACES-EN-BALLOTAGE-1024x636.jpg\" alt=\"\" width=\"1024\" height=\"636\" srcset=\"https:\/\/www.proyectoallen.com.ar\/3\/wp-content\/uploads\/2012\/06\/4-FIESTA-DE-DISFRACES-EN-BALLOTAGE-1024x636.jpg 1024w, https:\/\/www.proyectoallen.com.ar\/3\/wp-content\/uploads\/2012\/06\/4-FIESTA-DE-DISFRACES-EN-BALLOTAGE-300x186.jpg 300w, https:\/\/www.proyectoallen.com.ar\/3\/wp-content\/uploads\/2012\/06\/4-FIESTA-DE-DISFRACES-EN-BALLOTAGE-768x477.jpg 768w, https:\/\/www.proyectoallen.com.ar\/3\/wp-content\/uploads\/2012\/06\/4-FIESTA-DE-DISFRACES-EN-BALLOTAGE-250x155.jpg 250w, https:\/\/www.proyectoallen.com.ar\/3\/wp-content\/uploads\/2012\/06\/4-FIESTA-DE-DISFRACES-EN-BALLOTAGE.jpg 1037w\" sizes=\"auto, (max-width: 1024px) 100vw, 1024px\" \/><\/a><p id=\"caption-attachment-9677\" class=\"wp-caption-text\">Fiesta de disfraces en Ballotage: Concurso que ganaron los dos chicos que me escoltan, Gonzalo Bil\u00f3 y Pablo Bizotto (trajes de cavern\u00edcolas confeccionados por Negrita Bil\u00f3 con bichos cazados por Chiche, yo iba lookeada de los &#8217;70)<\/p><\/div>\n<p style=\"text-align: justify;\">Las tertulias vivieron uno de sus m\u00e1ximos momentos de esplendor en el \u201989.\u00a0 Es sabido que los acontecimientos pol\u00edticos y sociales influyen de maneras a veces azarosas y hasta contradictorias en la cultura popular. Un ejemplo: durante la Guerra de Malvinas, la prohibici\u00f3n de la m\u00fasica en ingl\u00e9s dio como resultado inesperado, por ser favorecido por un gobierno militar, el fortalecimiento del rock nacional. Bueno, con toque de queda y el estado de sitio decretados hacia el final del gobierno de Alfons\u00edn, Allen, siempre latiendo en sincron\u00eda con el pulso vital del pa\u00eds, viv\u00f3 un proceso similar (a nanoescala allense, claro, est\u00e1): el ecosistema nocturno-juvenil roquense, afectado por el moment\u00e1neo cierre de Aquelarre y quiz\u00e1s por influjo de ciertos elementos h\u00edbridos de su tribu (estudiantes roquenses de la escuela industrial de Allen) se vio inesperadamente afectado en sus cimientos, tanto como si hubiese sufrido un terremoto de magnitud 0.053 en la escala de Richter: algunos de sus habitantes, despu\u00e9s de d\u00e9cadas de confinamiento dentro de las fronteras de su ilustre ciudad, osaron aventurarse\u00a0 m\u00e1s all\u00e1 del cruce de G\u00f3mez y vinieron a divertirse por la noche a nuestras humildes tertulias. El efecto de este\u00a0 movimiento en nuestro pueblo fue una ef\u00edmera revitalizaci\u00f3n de la noche allense y tambi\u00e9n una marca ling\u00fc\u00edstica que los habitantes de esa sociedad m\u00e1s moderna y avanzada, nos contagiaron con asombrosa rapidez. A partir de esa fecha fue inconcebible comenzar una frase sin el ultramegamoderno \u201cOnda que\u2026\u201d.<\/p>\n<div id=\"attachment_2085\" style=\"width: 544px\" class=\"wp-caption aligncenter\"><a href=\"http:\/\/www.proyectoallen.com.ar\/3\/wp-content\/uploads\/2012\/06\/5-Club-LEO-FLASH-Medium.jpg\"><img loading=\"lazy\" decoding=\"async\" aria-describedby=\"caption-attachment-2085\" class=\" wp-image-2085 \" title=\"5 Club LEO FLASH (Medium)\" src=\"http:\/\/www.proyectoallen.com.ar\/3\/wp-content\/uploads\/2012\/06\/5-Club-LEO-FLASH-Medium.jpg\" alt=\"\" width=\"534\" height=\"461\" srcset=\"https:\/\/www.proyectoallen.com.ar\/3\/wp-content\/uploads\/2012\/06\/5-Club-LEO-FLASH-Medium.jpg 890w, https:\/\/www.proyectoallen.com.ar\/3\/wp-content\/uploads\/2012\/06\/5-Club-LEO-FLASH-Medium-300x258.jpg 300w, https:\/\/www.proyectoallen.com.ar\/3\/wp-content\/uploads\/2012\/06\/5-Club-LEO-FLASH-Medium-250x215.jpg 250w\" sizes=\"auto, (max-width: 534px) 100vw, 534px\" \/><\/a><p id=\"caption-attachment-2085\" class=\"wp-caption-text\">Grupo del Leo Flash &#8211; Ver comentarios en facebook<\/p><\/div>\n<div>\n<p style=\"text-align: justify;\"><strong>Los no lugares del ocio nocturno: Cementerio, casa del Hospital y calles del barrio El Progreso a altas horas de la noche.<\/strong><\/p>\n<p style=\"text-align: justify;\">\u00a0Incluso si uno no era demasiado noct\u00e1mbulo, como en mi caso, se debe decir con sinceridad que la noche allense nunca fue para tirar cohetes. Salvo la \u00e9poca breve de las tertulias o en el verano, cuando la o las confiter\u00edas -seg\u00fan la \u00e9poca-\u00a0 estaban llenas y alguien reabr\u00eda 1910, no hab\u00eda mucho que hacer. Esto facilitaba que muchas veces se buscara abiertamente \u201cel peligro\u201d para matar tanto sopor.<\/p>\n<p style=\"text-align: justify;\">M\u00e1s de una vez alguien propon\u00eda, despu\u00e9s de aburrirnos hasta eso de las 2.00 o 3.00 de la madrugada en la confiter\u00eda, alg\u00fan desaf\u00edo del tipo: \u201c\u00bfQui\u00e9n se anima a entrar a la casa del hospital hasta la escalera?\u201d, y una vez all\u00ed: \u201c\u00bfQui\u00e9n se anima a subirla?\u201d (Nadie que fuera conmigo se anim\u00f3 a tanto, de madrugada). O paseando m\u00e1s tarde por las calles del barrio El Progreso, esas calles de tierra iluminadas s\u00f3lo por el resplandor tenue de una solitaria lamparita situada en el medio, pendiendo de un cable, y que distribu\u00eda taca\u00f1amente su d\u00e9bil luz a un lado al otro, seg\u00fan la meciera el viento, el desaf\u00edo se transformaba en: \u201c\u00bfQui\u00e9n se baja del coche a ver si funciona el tel\u00e9fono de la cabina?\u201d, para arrancar y dejar unas calles atr\u00e1s al valiente que se hubiera atrevido. En una huida a alguno se le par\u00f3 el coche y no pudo arrancar del susto cuando de los confines en penumbras de la calle a los que no llegaba la luz de la lamparita emergi\u00f3 una figura vestida de blanco en bicicleta y cruz\u00f3 silenciosamente la noche\u2026 Quiz\u00e1s crey\u00f3 ver al m\u00edtico Chancho, aunque la leyenda urbana no especificara si andaba en bicicleta o de qu\u00e9 color se vest\u00eda\u2026<\/p>\n<p>Suele decirse que el aburrimiento es el padre de todos los males, que el aburrimiento es mal consejero, que al aburrimiento lo carga el diablo. Ram\u00f3n G\u00f3mez de la Serna lo sentenci\u00f3 de modo m\u00e1s rotundo: \u201cAburrirse es besar a la muerte.\u201d Seguramente por la influencia de la vanguardia espa\u00f1ola y el novecentismo en Allen, esta frase se interpret\u00f3 de modo literal. Cualquiera que se haya aventurado alguna vez fuera del pueblo, digamos a Neuqu\u00e9n o a Fern\u00e1ndez Oro, habr\u00e1 notado la sonrisita socarrona con que nos dicen al conocer nuestro origen: \u201c\u00a1Ah! \u00a1As\u00ed que sos de Allen! Qu\u00e9 gustos raritos que tienen all\u00e1, \u00bfeh?\u201d, en evidente alusi\u00f3n a nuestro pasado necr\u00f3filo.<\/p>\n<p><a href=\"http:\/\/www.proyectoallen.com.ar\/3\/wp-content\/uploads\/2012\/06\/foto16.jpg\"><img loading=\"lazy\" decoding=\"async\" class=\"aligncenter size-large wp-image-9679\" src=\"http:\/\/www.proyectoallen.com.ar\/3\/wp-content\/uploads\/2012\/06\/foto16-1024x604.jpg\" alt=\"\" width=\"1024\" height=\"604\" srcset=\"https:\/\/www.proyectoallen.com.ar\/3\/wp-content\/uploads\/2012\/06\/foto16-1024x604.jpg 1024w, https:\/\/www.proyectoallen.com.ar\/3\/wp-content\/uploads\/2012\/06\/foto16-300x177.jpg 300w, https:\/\/www.proyectoallen.com.ar\/3\/wp-content\/uploads\/2012\/06\/foto16-768x453.jpg 768w, https:\/\/www.proyectoallen.com.ar\/3\/wp-content\/uploads\/2012\/06\/foto16-250x148.jpg 250w, https:\/\/www.proyectoallen.com.ar\/3\/wp-content\/uploads\/2012\/06\/foto16.jpg 1059w\" sizes=\"auto, (max-width: 1024px) 100vw, 1024px\" \/><\/a><\/p>\n<p style=\"text-align: justify;\">Habr\u00e1 sido el efecto del inconsciente colectivo, de G\u00f3mez de la Serna o de no s\u00e9 qu\u00e9, pero lo cierto es que recuerdo una \u00e9poca en la que la falta de oportunidades de ocio hizo que algunos amigos m\u00edos, cuando ya se hab\u00edan cansado de \u201ccaminar coches\u201d, se dedicasen a adentrarse en el cementerio, meterse en el osario y llevarse unas calaveras de recuerdo, que terminaban de l\u00e1mparas en sus habitaciones, con una chapita de Coca-cola pegada en la frente o alg\u00fan adorno por el estilo. Incluso algunos terminaron declarando en comisar\u00eda, imputados injustamente por la muerte de un gato. Afortunadamente, no conocer\u00edan la frase de Bertrand Rusell acerca de que \u201cUna generaci\u00f3n que no soporta el aburrimiento ser\u00e1 una generaci\u00f3n de escaso valor\u201d, porque hoy algunos de ellos son ilustres farmac\u00e9uticos y odont\u00f3logos; otros no, y puede que no hayan pasado de delincuentes comunes. Y bueno, como sobre el aburrimiento tambi\u00e9n ha dicho Fran\u00e7ois de la Rochefoucauld que \u201csolemos perdonar a los que nos aburren, pero no perdonamos a los que aburrimos\u201d y yo no quiero tener que enemistarme con nadie, mejor lo dejamos ac\u00e1.<\/p>\n<p style=\"text-align: right;\">Texto: Mar\u00eda Victoria Mart\u00edn<\/p>\n<div id=\"attachment_2086\" style=\"width: 608px\" class=\"wp-caption aligncenter\"><a href=\"http:\/\/www.proyectoallen.com.ar\/3\/wp-content\/uploads\/2012\/06\/1-desfile-Medium.jpg\"><img loading=\"lazy\" decoding=\"async\" aria-describedby=\"caption-attachment-2086\" class=\" wp-image-2086 \" title=\"1 desfile (Medium)\" src=\"http:\/\/www.proyectoallen.com.ar\/3\/wp-content\/uploads\/2012\/06\/1-desfile-Medium.jpg\" alt=\"\" width=\"598\" height=\"415\" srcset=\"https:\/\/www.proyectoallen.com.ar\/3\/wp-content\/uploads\/2012\/06\/1-desfile-Medium.jpg 1107w, https:\/\/www.proyectoallen.com.ar\/3\/wp-content\/uploads\/2012\/06\/1-desfile-Medium-300x208.jpg 300w, https:\/\/www.proyectoallen.com.ar\/3\/wp-content\/uploads\/2012\/06\/1-desfile-Medium-1024x710.jpg 1024w, https:\/\/www.proyectoallen.com.ar\/3\/wp-content\/uploads\/2012\/06\/1-desfile-Medium-250x173.jpg 250w\" sizes=\"auto, (max-width: 598px) 100vw, 598px\" \/><\/a><p id=\"caption-attachment-2086\" class=\"wp-caption-text\">Mar\u00eda Victoria \u00abMaia\u00bb Mart\u00edn desfilando un 25 de mayo.<\/p><\/div>\n<p style=\"text-align: justify;\"><a href=\"http:\/\/www.proyectoallen.com.ar\/3\/?p=1797&amp;nggpage=2\"><strong>Libro del Centenario<\/strong><\/a><\/p>\n<p style=\"text-align: center;\"><a href=\"http:\/\/www.proyectoallen.com.ar\/3\/wp-content\/uploads\/2012\/06\/parte-4_032.jpg\"><img loading=\"lazy\" decoding=\"async\" class=\"aligncenter wp-image-2087\" title=\"parte-4_032\" src=\"http:\/\/www.proyectoallen.com.ar\/3\/wp-content\/uploads\/2012\/06\/parte-4_032.jpg\" alt=\"\" width=\"442\" height=\"312\" srcset=\"https:\/\/www.proyectoallen.com.ar\/3\/wp-content\/uploads\/2012\/06\/parte-4_032.jpg 1754w, https:\/\/www.proyectoallen.com.ar\/3\/wp-content\/uploads\/2012\/06\/parte-4_032-300x212.jpg 300w, https:\/\/www.proyectoallen.com.ar\/3\/wp-content\/uploads\/2012\/06\/parte-4_032-1024x723.jpg 1024w, https:\/\/www.proyectoallen.com.ar\/3\/wp-content\/uploads\/2012\/06\/parte-4_032-250x176.jpg 250w\" sizes=\"auto, (max-width: 442px) 100vw, 442px\" \/><\/a><a href=\"http:\/\/www.proyectoallen.com.ar\/3\/wp-content\/uploads\/2012\/06\/parte-4_033.jpg\"><img loading=\"lazy\" decoding=\"async\" class=\"aligncenter wp-image-2088\" title=\"parte-4_033\" src=\"http:\/\/www.proyectoallen.com.ar\/3\/wp-content\/uploads\/2012\/06\/parte-4_033.jpg\" alt=\"\" width=\"505\" height=\"357\" srcset=\"https:\/\/www.proyectoallen.com.ar\/3\/wp-content\/uploads\/2012\/06\/parte-4_033.jpg 1754w, https:\/\/www.proyectoallen.com.ar\/3\/wp-content\/uploads\/2012\/06\/parte-4_033-300x212.jpg 300w, https:\/\/www.proyectoallen.com.ar\/3\/wp-content\/uploads\/2012\/06\/parte-4_033-1024x723.jpg 1024w, https:\/\/www.proyectoallen.com.ar\/3\/wp-content\/uploads\/2012\/06\/parte-4_033-250x176.jpg 250w\" sizes=\"auto, (max-width: 505px) 100vw, 505px\" \/><\/a><\/p>\n<p style=\"text-align: center;\"><a href=\"http:\/\/www.proyectoallen.com.ar\/3\/wp-content\/uploads\/2012\/06\/parte-4_034.jpg\"><img loading=\"lazy\" decoding=\"async\" class=\"aligncenter wp-image-2089\" title=\"parte-4_034\" src=\"http:\/\/www.proyectoallen.com.ar\/3\/wp-content\/uploads\/2012\/06\/parte-4_034.jpg\" alt=\"\" width=\"505\" height=\"357\" srcset=\"https:\/\/www.proyectoallen.com.ar\/3\/wp-content\/uploads\/2012\/06\/parte-4_034.jpg 1754w, https:\/\/www.proyectoallen.com.ar\/3\/wp-content\/uploads\/2012\/06\/parte-4_034-300x212.jpg 300w, https:\/\/www.proyectoallen.com.ar\/3\/wp-content\/uploads\/2012\/06\/parte-4_034-1024x723.jpg 1024w, https:\/\/www.proyectoallen.com.ar\/3\/wp-content\/uploads\/2012\/06\/parte-4_034-250x176.jpg 250w\" sizes=\"auto, (max-width: 505px) 100vw, 505px\" \/><\/a><\/p>\n<p style=\"text-align: center;\"><a href=\"http:\/\/www.proyectoallen.com.ar\/3\/wp-content\/uploads\/2012\/06\/parte-4_035.jpg\"><img loading=\"lazy\" decoding=\"async\" class=\"aligncenter wp-image-2090\" title=\"parte-4_035\" src=\"http:\/\/www.proyectoallen.com.ar\/3\/wp-content\/uploads\/2012\/06\/parte-4_035.jpg\" alt=\"\" width=\"505\" height=\"357\" srcset=\"https:\/\/www.proyectoallen.com.ar\/3\/wp-content\/uploads\/2012\/06\/parte-4_035.jpg 1754w, https:\/\/www.proyectoallen.com.ar\/3\/wp-content\/uploads\/2012\/06\/parte-4_035-300x212.jpg 300w, https:\/\/www.proyectoallen.com.ar\/3\/wp-content\/uploads\/2012\/06\/parte-4_035-1024x723.jpg 1024w, https:\/\/www.proyectoallen.com.ar\/3\/wp-content\/uploads\/2012\/06\/parte-4_035-250x176.jpg 250w\" sizes=\"auto, (max-width: 505px) 100vw, 505px\" \/><\/a><\/p>\n<p style=\"text-align: center;\"><a href=\"http:\/\/www.proyectoallen.com.ar\/3\/wp-content\/uploads\/2012\/06\/parte-4_036.jpg\"><img loading=\"lazy\" decoding=\"async\" class=\"aligncenter wp-image-2091\" title=\"parte-4_036\" src=\"http:\/\/www.proyectoallen.com.ar\/3\/wp-content\/uploads\/2012\/06\/parte-4_036.jpg\" alt=\"\" width=\"505\" height=\"357\" srcset=\"https:\/\/www.proyectoallen.com.ar\/3\/wp-content\/uploads\/2012\/06\/parte-4_036.jpg 1754w, https:\/\/www.proyectoallen.com.ar\/3\/wp-content\/uploads\/2012\/06\/parte-4_036-300x212.jpg 300w, https:\/\/www.proyectoallen.com.ar\/3\/wp-content\/uploads\/2012\/06\/parte-4_036-1024x723.jpg 1024w, https:\/\/www.proyectoallen.com.ar\/3\/wp-content\/uploads\/2012\/06\/parte-4_036-250x176.jpg 250w\" sizes=\"auto, (max-width: 505px) 100vw, 505px\" \/><\/a><\/p>\n<\/div>\n<\/div>\n<\/div>\n<\/div>\n<\/div>\n<\/div>\n","protected":false},"excerpt":{"rendered":"<p>Uno de los primeros lugares de juegos de los que tengo memoria es la Plaza San Mart\u00edn. Claro, yo viv\u00eda enfrente y entre la vereda de Sarmiento y, aventur\u00e1ndonos un poco m\u00e1s, la plaza,&#46;&#46;&#46;<\/p>\n","protected":false},"author":2,"featured_media":9677,"comment_status":"open","ping_status":"open","sticky":false,"template":"","format":"standard","meta":{"ngg_post_thumbnail":0,"footnotes":""},"categories":[9,23,22],"tags":[],"class_list":["post-2079","post","type-post","status-publish","format-standard","has-post-thumbnail","hentry","category-historias_de_vida","category-mapa-comentado","category-novedades"],"jetpack_featured_media_url":"https:\/\/www.proyectoallen.com.ar\/3\/wp-content\/uploads\/2012\/06\/4-FIESTA-DE-DISFRACES-EN-BALLOTAGE.jpg","_links":{"self":[{"href":"https:\/\/www.proyectoallen.com.ar\/3\/index.php?rest_route=\/wp\/v2\/posts\/2079","targetHints":{"allow":["GET"]}}],"collection":[{"href":"https:\/\/www.proyectoallen.com.ar\/3\/index.php?rest_route=\/wp\/v2\/posts"}],"about":[{"href":"https:\/\/www.proyectoallen.com.ar\/3\/index.php?rest_route=\/wp\/v2\/types\/post"}],"author":[{"embeddable":true,"href":"https:\/\/www.proyectoallen.com.ar\/3\/index.php?rest_route=\/wp\/v2\/users\/2"}],"replies":[{"embeddable":true,"href":"https:\/\/www.proyectoallen.com.ar\/3\/index.php?rest_route=%2Fwp%2Fv2%2Fcomments&post=2079"}],"version-history":[{"count":7,"href":"https:\/\/www.proyectoallen.com.ar\/3\/index.php?rest_route=\/wp\/v2\/posts\/2079\/revisions"}],"predecessor-version":[{"id":9727,"href":"https:\/\/www.proyectoallen.com.ar\/3\/index.php?rest_route=\/wp\/v2\/posts\/2079\/revisions\/9727"}],"wp:featuredmedia":[{"embeddable":true,"href":"https:\/\/www.proyectoallen.com.ar\/3\/index.php?rest_route=\/wp\/v2\/media\/9677"}],"wp:attachment":[{"href":"https:\/\/www.proyectoallen.com.ar\/3\/index.php?rest_route=%2Fwp%2Fv2%2Fmedia&parent=2079"}],"wp:term":[{"taxonomy":"category","embeddable":true,"href":"https:\/\/www.proyectoallen.com.ar\/3\/index.php?rest_route=%2Fwp%2Fv2%2Fcategories&post=2079"},{"taxonomy":"post_tag","embeddable":true,"href":"https:\/\/www.proyectoallen.com.ar\/3\/index.php?rest_route=%2Fwp%2Fv2%2Ftags&post=2079"}],"curies":[{"name":"wp","href":"https:\/\/api.w.org\/{rel}","templated":true}]}}