{"id":2124,"date":"2012-06-24T00:25:04","date_gmt":"2012-06-24T00:25:04","guid":{"rendered":"http:\/\/www.proyectoallen.com.ar\/3\/?p=2124"},"modified":"2012-06-24T22:24:23","modified_gmt":"2012-06-24T22:24:23","slug":"el-cerdo-para-el-sacrificio","status":"publish","type":"post","link":"https:\/\/www.proyectoallen.com.ar\/3\/?p=2124","title":{"rendered":"El cerdo para el sacrificio"},"content":{"rendered":"<p style=\"text-align: justify;\"><em>El Gran Augur, que se dedicaba a sacrificar cerdos y leer los presagios en el sacrificio, lleg\u00f3 a la pocilga vestido con su larga t\u00fanica oscura, y les habl\u00f3 a los cerdos del siguiente modo:<!--more Seguir leyendo...--><\/em><\/p>\n<p style=\"text-align: justify;\">&#8211; He aqu\u00ed el consejo que voy a darles. No se quejen porque tienen que morir. Hagan a un lado sus objeciones, por favor. Tengan en cuenta que los alimentar\u00e9 con grano seleccionado durante tres meses. Yo mismo observar\u00e9 una estricta disciplina durante diez d\u00edas y ayunar\u00e9 durante tres. Despu\u00e9s tender\u00e9 alfombras de hierba y servir\u00e9 sus jamones y paletas sobre fuentes delicadamente talladas, con gran ceremonia. \u00bfQu\u00e9 m\u00e1s pueden pedir?\u201d<\/p>\n<p style=\"text-align: justify;\">Despu\u00e9s, reflexionando, quiso considerar la cuesti\u00f3n desde el punto de vista de los cerdos:<\/p>\n<p style=\"text-align: justify;\">&#8211; Por supuesto, supongo que ustedes preferir\u00edan ser alimentados con comida ordinaria, y que se los dejara solos en sus chiqueros.<\/p>\n<p style=\"text-align: justify;\">Pero pensando nuevamente las cosas desde su propio punto de vista, \u00a0respondi\u00f3:<\/p>\n<p style=\"text-align: justify;\">&#8211; \u00a1No! Decididamente, hay una clase m\u00e1s noble de existencia. Vivir rodeado de honores, recibir el mejor tratamiento, ser llevado en un carruaje vistiendo prendas finas, aunque en cualquier momento uno pueda caer en desgracia y ser ejecutado, eso es el destino, riesgoso pero noble, que yo mismo he elegido!<\/p>\n<p style=\"text-align: justify;\">De modo que se decidi\u00f3 contra el punto de vista de los cerdos y opt\u00f3 por el suyo propio, tanto para \u00e9l como para los cerdos.<\/p>\n<p style=\"text-align: justify;\">\u00a1Qu\u00e9 afortunados aquellos cerdos, cuya existencia result\u00f3 de tal modo ennoblecida por alguien que era a la vez funcionario del estado y ministro de la religi\u00f3n!<\/p>\n<p style=\"text-align: justify;\"><strong>Autor:<\/strong> Chuang Tzuo Zhuang Zi, un pensador chino que vivi\u00f3 entre 369 y 290 antes de nuestra era.<\/p>\n<p style=\"text-align: justify;\"><strong>Traducci\u00f3n:<\/strong> Ram\u00f3n Minieri.<\/p>\n<p style=\"text-align: justify;\">\n<p style=\"text-align: center;\">[youtube 57D8E__MDCU]<\/p>\n<p style=\"text-align: center;\">\n<p style=\"text-align: center;\">\n<p style=\"text-align: center;\">Disculpe el se\u00f1or<br \/>\nsi le interrumpo, pero en el recibidor,<br \/>\nhay un par de pobres que<br \/>\npreguntan insistentemente por usted<\/p>\n<p style=\"text-align: center;\">No piden limosnas, no<br \/>\nni venden alfombras de lana,<br \/>\ntampoco elefantes de \u00e9bano<br \/>\nson pobres que no tienen nada de nada<\/p>\n<p style=\"text-align: center;\">No entend\u00ed muy bien<br \/>\nsin nada que vender o nada que perder,<br \/>\npero por lo que parece<br \/>\ntiene usted alguna cosa que les pertenece<\/p>\n<p style=\"text-align: center;\">Quiere que les diga que el se\u00f1or sali\u00f3?<br \/>\nque vuelvan ma\u00f1ana, en horas de visita?<br \/>\nO mejor les digo como el se\u00f1or dice:<br \/>\n\u00absanta Rita, Rita, Rita,<br \/>\nlo que se da no se quita\u00bb<\/p>\n<p style=\"text-align: center;\">Disculpe el se\u00f1or,<br \/>\nse nos lleno de pobres el recibidor<br \/>\ny no paran de llegar,<br \/>\ndesde la retaguardia, por tierra y por mar<\/p>\n<p style=\"text-align: center;\">Y como el se\u00f1or dice que sali\u00f3<br \/>\ny tratandose de una urgencia,<br \/>\nme han pedido que les indique yo<br \/>\npor donde se va a la despensa<\/p>\n<p style=\"text-align: center;\">Y que Dios, se lo pagar\u00e1<br \/>\nme da las llaves o los ech\u00f3 ? usted ver\u00e1<br \/>\nque mientras estamos hablando<br \/>\nllegan m\u00e1s y m\u00e1s pobres y siguen llegando<\/p>\n<p style=\"text-align: center;\">Quiere usted que llame a un guardia y que revise<br \/>\nsi tienen en regla sus papeles de pobre?<br \/>\nO mejor les digo como el se\u00f1or dice:<br \/>\n\u00abBien me quieres, bien te quiero,<br \/>\nno me toques el dinero!\u00bb<\/p>\n<p style=\"text-align: center;\">Disculpe el se\u00f1or<br \/>\npero este asunto va de mal en peor,<br \/>\nvienen a millones y<br \/>\ncuriosamente, vienen todos hacia aqu\u00ed<\/p>\n<p style=\"text-align: center;\">Trat\u00e9 de contenerles pero ya ve,<br \/>\nhan dado con su paradero,<br \/>\nestos son los pobres de los que le habl\u00e9,<br \/>\nle dejo con los caballeros<\/p>\n<p style=\"text-align: center;\">Si no manda otra cosa, me retirar\u00e9<br \/>\nSi me necesita, llame<br \/>\nque Dios le inspire o que Dios le ampare,<br \/>\nque esos no se han enterado<br \/>\nque Carlos Marx esta muerto y enterrado<\/p>\n<p style=\"text-align: center;\"><a href=\"http:\/\/www.youtube.com\/artist\/Joan_Manuel_Serrat?feature=watch_video_title\">Joan Manuel Serrat<\/a><\/p>\n","protected":false},"excerpt":{"rendered":"<p>El Gran Augur, que se dedicaba a sacrificar cerdos y leer los presagios en el sacrificio, lleg\u00f3 a la pocilga vestido con su larga t\u00fanica oscura, y les habl\u00f3 a los cerdos del siguiente&#46;&#46;&#46;<\/p>\n","protected":false},"author":2,"featured_media":0,"comment_status":"open","ping_status":"open","sticky":false,"template":"","format":"standard","meta":{"ngg_post_thumbnail":0,"footnotes":""},"categories":[11],"tags":[],"class_list":["post-2124","post","type-post","status-publish","format-standard","hentry","category-algoparadecir"],"jetpack_featured_media_url":"","_links":{"self":[{"href":"https:\/\/www.proyectoallen.com.ar\/3\/index.php?rest_route=\/wp\/v2\/posts\/2124","targetHints":{"allow":["GET"]}}],"collection":[{"href":"https:\/\/www.proyectoallen.com.ar\/3\/index.php?rest_route=\/wp\/v2\/posts"}],"about":[{"href":"https:\/\/www.proyectoallen.com.ar\/3\/index.php?rest_route=\/wp\/v2\/types\/post"}],"author":[{"embeddable":true,"href":"https:\/\/www.proyectoallen.com.ar\/3\/index.php?rest_route=\/wp\/v2\/users\/2"}],"replies":[{"embeddable":true,"href":"https:\/\/www.proyectoallen.com.ar\/3\/index.php?rest_route=%2Fwp%2Fv2%2Fcomments&post=2124"}],"version-history":[{"count":5,"href":"https:\/\/www.proyectoallen.com.ar\/3\/index.php?rest_route=\/wp\/v2\/posts\/2124\/revisions"}],"predecessor-version":[{"id":2128,"href":"https:\/\/www.proyectoallen.com.ar\/3\/index.php?rest_route=\/wp\/v2\/posts\/2124\/revisions\/2128"}],"wp:attachment":[{"href":"https:\/\/www.proyectoallen.com.ar\/3\/index.php?rest_route=%2Fwp%2Fv2%2Fmedia&parent=2124"}],"wp:term":[{"taxonomy":"category","embeddable":true,"href":"https:\/\/www.proyectoallen.com.ar\/3\/index.php?rest_route=%2Fwp%2Fv2%2Fcategories&post=2124"},{"taxonomy":"post_tag","embeddable":true,"href":"https:\/\/www.proyectoallen.com.ar\/3\/index.php?rest_route=%2Fwp%2Fv2%2Ftags&post=2124"}],"curies":[{"name":"wp","href":"https:\/\/api.w.org\/{rel}","templated":true}]}}