{"id":2367,"date":"2012-07-19T23:07:57","date_gmt":"2012-07-19T23:07:57","guid":{"rendered":"http:\/\/www.proyectoallen.com.ar\/3\/?p=2367"},"modified":"2012-07-19T23:08:32","modified_gmt":"2012-07-19T23:08:32","slug":"introduccion-social-al-software-libre","status":"publish","type":"post","link":"https:\/\/www.proyectoallen.com.ar\/3\/?p=2367","title":{"rendered":"Introducci\u00f3n social al Software Libre"},"content":{"rendered":"<p style=\"text-align: justify;\"><em>Identificados con el software libre desde hace a\u00f1os, hemos realizado no solo esta nueva web seg\u00fan ese espiritu, sino adem\u00e1s, hemos colaborado en la organizaci\u00f3n de varios\u00a0Festivales de Instalaci\u00f3n de Software Libre (FLISoL) en Allen e impulsado su uso desde nuestro trabajo en el <a href=\"http:\/\/ctcquillahue.blogspot.com.ar\/\">Centro de Consulta Digital en el Centro Tecnol\u00f3gico Quillahue<\/a>. Les presentamos, entonces, este art\u00edculo de <a href=\"http:\/\/hablemosdehistoria.com\/\">Hablemos de historia<\/a> que nos parece cierra, desde muchos aspectos, nuestras ideas.<!--more Seguir leyendo...--><\/em><\/p>\n<p style=\"text-align: justify;\">Despu\u00e9s de mucho tiempo de no escribir en el blog, vuelvo con \u00e9ste art\u00edculo sobre una de las problem\u00e1ticas de las que me gusta ocuparme en los ratos de pasatiempo: el <strong>Software Libre<\/strong>. Y me preguntan: <strong>\u00bfQu\u00e9 tiene que ver con la Historia?<\/strong> Bueno, los que estudiamos Historia pensamos que TODO tiene que ver con ella, para poder entender como llegamos a la realidad actual, y porque hacemos preguntas del pasado desde el presente. Y s\u00ed, el Software Libre no es la excepci\u00f3n, ya que se trata de una <strong>aut\u00e9ntica revoluci\u00f3n en el mundo de la inform\u00e1tica<\/strong> desde los a\u00f1os \u201980 en adelante. Sent\u00f3 las bases de las cr\u00edticas al copyright o patentes sobre los programas inform\u00e1ticos, y desde all\u00ed se difundi\u00f3 a la cr\u00edtica en otras \u00e1reas de la cultura, como la literatura y la m\u00fasica. Surgi\u00f3 as\u00ed el Copyleft, las licencias libres, y algo muy importante: los sistemas operativos GNU\/Linux.<\/p>\n<p style=\"text-align: justify;\">En \u00e9ste \u201cart\u00edculo-ensayo\u201d me doy la libertad de incursionar por distintos temas: desde definiciones t\u00e9cnicas que siempre me hubiera gustado que me las explicaran, las ventajas y \u201cdesventajas\u201d frente al software privativo, una selecci\u00f3n de distros que les podr\u00eda llegar a interesar y lo m\u00e1s importante: las cuestiones referentes al uso social del Software Libre, as\u00ed como las principales discusiones filos\u00f3fico-ideol\u00f3gico-pol\u00edticas que defino como \u201ccuestiones de fondo\u201d. Toda \u00e9sta mezcla en s\u00f3lo 8 pa\u01f5inas, aunque me hubiera gustado escribir m\u00e1s todav\u00eda. Desde ya agradezco cr\u00edticas y sugerencias al respecto.<\/p>\n<div>Publicado el <a title=\"18:08\" href=\"http:\/\/hablemosdehistoria.com\/introduccion-social-al-software-libre\/\" rel=\"bookmark\">28 de diciembre de 2011<\/a> por <a title=\"Ver todas las entradas de Mario Roberto Molina\" href=\"http:\/\/hablemosdehistoria.com\/author\/mmolina\/\">Mario Roberto Molina<\/a><\/div>\n<p><a href=\"http:\/\/hablemosdehistoria.com\/introduccion-social-al-software-libre\/\"><strong>Continuar leyendo&#8230;.<\/strong><\/a><\/p>\n<div id=\"attachment_2368\" style=\"width: 650px\" class=\"wp-caption aligncenter\"><a href=\"http:\/\/www.proyectoallen.com.ar\/3\/wp-content\/uploads\/2012\/07\/DSC_0346-Stallman-Berazategui-JovenesCCIB-GUSLs.jpg\"><img loading=\"lazy\" decoding=\"async\" aria-describedby=\"caption-attachment-2368\" class=\"size-full wp-image-2368\" title=\"DSC_0346-Stallman-Berazategui-JovenesCCIB-GUSLs\" src=\"http:\/\/www.proyectoallen.com.ar\/3\/wp-content\/uploads\/2012\/07\/DSC_0346-Stallman-Berazategui-JovenesCCIB-GUSLs.jpg\" alt=\"\" width=\"640\" height=\"424\" srcset=\"https:\/\/www.proyectoallen.com.ar\/3\/wp-content\/uploads\/2012\/07\/DSC_0346-Stallman-Berazategui-JovenesCCIB-GUSLs.jpg 640w, https:\/\/www.proyectoallen.com.ar\/3\/wp-content\/uploads\/2012\/07\/DSC_0346-Stallman-Berazategui-JovenesCCIB-GUSLs-300x198.jpg 300w, https:\/\/www.proyectoallen.com.ar\/3\/wp-content\/uploads\/2012\/07\/DSC_0346-Stallman-Berazategui-JovenesCCIB-GUSLs-250x165.jpg 250w\" sizes=\"auto, (max-width: 640px) 100vw, 640px\" \/><\/a><p id=\"caption-attachment-2368\" class=\"wp-caption-text\">En Berazategui con Stallman<\/p><\/div>\n","protected":false},"excerpt":{"rendered":"<p>Identificados con el software libre desde hace a\u00f1os, hemos realizado no solo esta nueva web seg\u00fan ese espiritu, sino adem\u00e1s, hemos colaborado en la organizaci\u00f3n de varios\u00a0Festivales de Instalaci\u00f3n de Software Libre (FLISoL) en&#46;&#46;&#46;<\/p>\n","protected":false},"author":2,"featured_media":0,"comment_status":"open","ping_status":"open","sticky":false,"template":"","format":"standard","meta":{"ngg_post_thumbnail":0,"footnotes":""},"categories":[15,5],"tags":[],"class_list":["post-2367","post","type-post","status-publish","format-standard","hentry","category-docentes","category-educacion"],"jetpack_featured_media_url":"","_links":{"self":[{"href":"https:\/\/www.proyectoallen.com.ar\/3\/index.php?rest_route=\/wp\/v2\/posts\/2367","targetHints":{"allow":["GET"]}}],"collection":[{"href":"https:\/\/www.proyectoallen.com.ar\/3\/index.php?rest_route=\/wp\/v2\/posts"}],"about":[{"href":"https:\/\/www.proyectoallen.com.ar\/3\/index.php?rest_route=\/wp\/v2\/types\/post"}],"author":[{"embeddable":true,"href":"https:\/\/www.proyectoallen.com.ar\/3\/index.php?rest_route=\/wp\/v2\/users\/2"}],"replies":[{"embeddable":true,"href":"https:\/\/www.proyectoallen.com.ar\/3\/index.php?rest_route=%2Fwp%2Fv2%2Fcomments&post=2367"}],"version-history":[{"count":2,"href":"https:\/\/www.proyectoallen.com.ar\/3\/index.php?rest_route=\/wp\/v2\/posts\/2367\/revisions"}],"predecessor-version":[{"id":2370,"href":"https:\/\/www.proyectoallen.com.ar\/3\/index.php?rest_route=\/wp\/v2\/posts\/2367\/revisions\/2370"}],"wp:attachment":[{"href":"https:\/\/www.proyectoallen.com.ar\/3\/index.php?rest_route=%2Fwp%2Fv2%2Fmedia&parent=2367"}],"wp:term":[{"taxonomy":"category","embeddable":true,"href":"https:\/\/www.proyectoallen.com.ar\/3\/index.php?rest_route=%2Fwp%2Fv2%2Fcategories&post=2367"},{"taxonomy":"post_tag","embeddable":true,"href":"https:\/\/www.proyectoallen.com.ar\/3\/index.php?rest_route=%2Fwp%2Fv2%2Ftags&post=2367"}],"curies":[{"name":"wp","href":"https:\/\/api.w.org\/{rel}","templated":true}]}}