{"id":2557,"date":"2012-08-13T14:16:48","date_gmt":"2012-08-13T14:16:48","guid":{"rendered":"http:\/\/www.proyectoallen.com.ar\/3\/?p=2557"},"modified":"2012-12-13T01:18:46","modified_gmt":"2012-12-13T01:18:46","slug":"el-maldito","status":"publish","type":"post","link":"https:\/\/www.proyectoallen.com.ar\/3\/?p=2557","title":{"rendered":"El Maldito. Por Juan C\u00e1rdenas."},"content":{"rendered":"<p style=\"text-align: justify;\"><em>El odio como virtud, como esperanza. El odio como legado, como defensa, como sin\u00f3nimo de amor. El odio como primera palabra pronunciada. El odio como idea, como construcci\u00f3n. El odio como un grito de auxilio o como una canci\u00f3n de cuna. El odio como nombre propio, como estandarte, como escarapela, como himno, como biblia ap\u00f3crifa escrita por un dios exacerbadamente humano. El odio en primera persona.<!--more Seguir leyendo...--><\/em><\/p>\n<p style=\"text-align: justify;\">Si todo puede explicarse, si todo tiene una raz\u00f3n, para llegar a ella habr\u00e1 que atravesar toda una marea de odios inexplicables y la violencia que brota de tanto odio. Y a\u00fan as\u00ed, cuando ya estemos en el final, no habr\u00e1 nada que nos redima de todo cuanto hemos le\u00eddo.<\/p>\n<p style=\"text-align: justify;\">\u201cEl Maldito\u201d, no explica ni justifica, s\u00f3lo cuenta, relata, describe; tal vez, como en la vida misma, nos veremos desbordados, sorprendidos y la misma pregunta que otros tambi\u00e9n ya se han preguntado nos llegar\u00e1 apenas, con el primer cap\u00edtulo: \u00bfRealidad o ficci\u00f3n?.<\/p>\n<p style=\"text-align: justify;\">Como autor, propondr\u00eda otra pregunta: \u00bfEn qu\u00e9 momento, en qu\u00e9 l\u00ednea, la realidad o la ficci\u00f3n se entrecruzan y ya no es posible distinguirlas, separarlas?. En mi opini\u00f3n, es encarar un trabajo infructuoso, ya que hasta el azar, en un texto, es una construcci\u00f3n. Mejor ser\u00eda, abordarla desnudos de prejuicios y de temores, desnudos del, \u00bfpor qu\u00e9?, uno escribe sobre tales o cuales cosas. Lo escrito, escrito est\u00e1 y aunque decidamos no leerla, eso, seguir\u00e1 all\u00ed.<\/p>\n<p style=\"text-align: center;\"><a href=\"http:\/\/www.proyectoallen.com.ar\/3\/wp-content\/uploads\/2012\/08\/Maldito-1.jpg\"><img loading=\"lazy\" decoding=\"async\" class=\"aligncenter  wp-image-2559\" title=\"Maldito 1\" src=\"http:\/\/www.proyectoallen.com.ar\/3\/wp-content\/uploads\/2012\/08\/Maldito-1.jpg\" alt=\"\" width=\"593\" height=\"773\" srcset=\"https:\/\/www.proyectoallen.com.ar\/3\/wp-content\/uploads\/2012\/08\/Maldito-1.jpg 989w, https:\/\/www.proyectoallen.com.ar\/3\/wp-content\/uploads\/2012\/08\/Maldito-1-230x300.jpg 230w, https:\/\/www.proyectoallen.com.ar\/3\/wp-content\/uploads\/2012\/08\/Maldito-1-785x1024.jpg 785w, https:\/\/www.proyectoallen.com.ar\/3\/wp-content\/uploads\/2012\/08\/Maldito-1-250x325.jpg 250w\" sizes=\"auto, (max-width: 593px) 100vw, 593px\" \/><\/a><\/p>\n<p style=\"text-align: justify;\">\u00bfEl autor se encuentra condicionado por sus vivencias a lo que finalmente escribir\u00e1?. Uno escribe bajo una serie de premisas: Por lo que escuch\u00f3, por lo que le contaron, por lo que vio y finalmente por lo que vivi\u00f3. Por lo cual ese, \u201ccondicionamiento\u201d, no ser\u00eda tal. Desde el momento que uno decide enhebrar un relato est\u00e1 tambi\u00e9n la decisi\u00f3n\u00a0 de, \u201cestar en el texto\u201d, o \u201cestar detr\u00e1s del texto\u201d, en lo particular, casi siempre, he preferido estar detr\u00e1s del texto y no hacer de la literatura un relato de mi vida, a\u00fan, teniendo como punto de partida, alguna circunstancia de mi vida.<\/p>\n<p style=\"text-align: justify;\">El odio en primera persona, describe el lugar donde nac\u00ed, Allen, y los lugares por donde camin\u00e9, Neuqu\u00e9n y General Roca. El odio en primera persona es el alter ego, el s\u00faper yo, de otro, con el que entrar\u00e1 en conflicto y desencadenar\u00e1 lo que yo llamo, un \u201csuicidio psicol\u00f3gico\u201d. El odio en primera persona nos dir\u00e1 abiertamente que \u00e9l es, \u201cEl Maldito\u201d, pero no habr\u00e1 que creerle demasiado porque cuando nos lo dice, s\u00f3lo estaremos a la mitad de la novela.<\/p>\n<p style=\"text-align: justify;\">Desde la memoria, es posible volver sobre nuestros pasos y hasta dialogar con nuestros muertos y es lo que hace un hombre, sin nombre, cuando el odio en primera persona calla. Pero la memoria no lo es todo, s\u00f3lo lo ayuda, deber\u00e1 recorrer un laberinto, como si de un campo minado se tratara, para llegar, a quien esta buscando.<\/p>\n<p style=\"text-align: justify;\">El final ser\u00e1 conflictivo e inesperado. Un hombre reuniendo todos los nombres. En un capitulo completamente dialogado, con situaciones inveros\u00edmiles, imposibles, \u201cEl Maldito\u201d,\u00a0 tendr\u00e1 un cuerpo, pero no alma; podr\u00e1s verlo, pero no tocarlo.<\/p>\n<p style=\"text-align: justify;\">\u00a0Est\u00e1n invitados a atravesar \u201cEl Maldito\u201d, pero con cuidado\u2026 Est\u00e1 escrita, por un lobo suelto\u2026<\/p>\n<p style=\"text-align: justify;\">\u00a0<strong>PD: \u00bfC\u00f3mo hacer la traves\u00eda?: En el blog de la novela hay 2 cap\u00edtulos. Reci\u00e9n en el 2do. podr\u00e1s dejar un mensaje o pedir otros 2 cap\u00edtulos m\u00e1s y as\u00ed sucesivamente. En la medida que se vayan pidiendo cap\u00edtulos, podr\u00e1s continuar. Claro est\u00e1, que los insultos y las blasfemias ser\u00e1n eliminados.<\/strong><\/p>\n<p><a href=\"www.elmalditonovela.blogspot.com\">\u00a0BLOG EL MALDITO<\/a><\/p>\n<p><a href=\"http:\/\/www.elmalditonovela.blogspot.com.ar\/p\/el-maldito-uno.html\">Capitulo I<\/a><\/p>\n<p><a href=\"http:\/\/www.elmalditonovela.blogspot.com.ar\/p\/el-maldito-dos.html\">Capitulo II<\/a><\/p>\n","protected":false},"excerpt":{"rendered":"<p>El odio como virtud, como esperanza. El odio como legado, como defensa, como sin\u00f3nimo de amor. El odio como primera palabra pronunciada. El odio como idea, como construcci\u00f3n. El odio como un grito de&#46;&#46;&#46;<\/p>\n","protected":false},"author":2,"featured_media":0,"comment_status":"open","ping_status":"open","sticky":false,"template":"","format":"standard","meta":{"ngg_post_thumbnail":0,"footnotes":""},"categories":[10],"tags":[],"class_list":["post-2557","post","type-post","status-publish","format-standard","hentry","category-musica"],"jetpack_featured_media_url":"","_links":{"self":[{"href":"https:\/\/www.proyectoallen.com.ar\/3\/index.php?rest_route=\/wp\/v2\/posts\/2557","targetHints":{"allow":["GET"]}}],"collection":[{"href":"https:\/\/www.proyectoallen.com.ar\/3\/index.php?rest_route=\/wp\/v2\/posts"}],"about":[{"href":"https:\/\/www.proyectoallen.com.ar\/3\/index.php?rest_route=\/wp\/v2\/types\/post"}],"author":[{"embeddable":true,"href":"https:\/\/www.proyectoallen.com.ar\/3\/index.php?rest_route=\/wp\/v2\/users\/2"}],"replies":[{"embeddable":true,"href":"https:\/\/www.proyectoallen.com.ar\/3\/index.php?rest_route=%2Fwp%2Fv2%2Fcomments&post=2557"}],"version-history":[{"count":6,"href":"https:\/\/www.proyectoallen.com.ar\/3\/index.php?rest_route=\/wp\/v2\/posts\/2557\/revisions"}],"predecessor-version":[{"id":3570,"href":"https:\/\/www.proyectoallen.com.ar\/3\/index.php?rest_route=\/wp\/v2\/posts\/2557\/revisions\/3570"}],"wp:attachment":[{"href":"https:\/\/www.proyectoallen.com.ar\/3\/index.php?rest_route=%2Fwp%2Fv2%2Fmedia&parent=2557"}],"wp:term":[{"taxonomy":"category","embeddable":true,"href":"https:\/\/www.proyectoallen.com.ar\/3\/index.php?rest_route=%2Fwp%2Fv2%2Fcategories&post=2557"},{"taxonomy":"post_tag","embeddable":true,"href":"https:\/\/www.proyectoallen.com.ar\/3\/index.php?rest_route=%2Fwp%2Fv2%2Ftags&post=2557"}],"curies":[{"name":"wp","href":"https:\/\/api.w.org\/{rel}","templated":true}]}}