{"id":2766,"date":"2012-08-30T23:40:44","date_gmt":"2012-08-30T23:40:44","guid":{"rendered":"http:\/\/www.proyectoallen.com.ar\/3\/?p=2766"},"modified":"2012-08-31T22:56:45","modified_gmt":"2012-08-31T22:56:45","slug":"osvaldo-gentili","status":"publish","type":"post","link":"https:\/\/www.proyectoallen.com.ar\/3\/?p=2766","title":{"rendered":"Osvaldo Gentili"},"content":{"rendered":"<p style=\"text-align: justify;\"><em>Hoy, 30 de agosto Osvaldo comenz\u00f3 su participaci\u00f3n en Tiro en los Juegos Paral\u00edmpicos de Londres 2012. Desde peque\u00f1o comenz\u00f3 a realizar este deporte y en 1970 lleg\u00f3 a la edad como para desarrollarse de manera profesional. En 1999 se convirti\u00f3 en un tirador federado y comenz\u00f3 a competir; desde 2001 a participado en cada campeonato argentino bajo la especialidad de Pistola Aire 10 m.<\/em> <!--more Seguir leyendo...--><\/p>\n<div id=\"attachment_2767\" style=\"width: 490px\" class=\"wp-caption aligncenter\"><a href=\"http:\/\/www.proyectoallen.com.ar\/3\/wp-content\/uploads\/2012\/08\/DSC_0759.jpg\"><img loading=\"lazy\" decoding=\"async\" aria-describedby=\"caption-attachment-2767\" class=\" wp-image-2767\" title=\"DSC_0759\" src=\"http:\/\/www.proyectoallen.com.ar\/3\/wp-content\/uploads\/2012\/08\/DSC_0759.jpg\" alt=\"\" width=\"480\" height=\"313\" srcset=\"https:\/\/www.proyectoallen.com.ar\/3\/wp-content\/uploads\/2012\/08\/DSC_0759.jpg 800w, https:\/\/www.proyectoallen.com.ar\/3\/wp-content\/uploads\/2012\/08\/DSC_0759-300x195.jpg 300w, https:\/\/www.proyectoallen.com.ar\/3\/wp-content\/uploads\/2012\/08\/DSC_0759-250x162.jpg 250w\" sizes=\"auto, (max-width: 480px) 100vw, 480px\" \/><\/a><p id=\"caption-attachment-2767\" class=\"wp-caption-text\">Mam\u00e1 Concepci\u00f3n y sus 3 hermanos<\/p><\/div>\n<p style=\"text-align: justify;\">Naci\u00f3 en Allen el 29 de mayo de 1961. Hijo de Osvaldo Gentili (argentino) y de Concepci\u00f3n Amoruso (italiana) quienes formaron una familia de cuatro hijos. Comenz\u00f3 a formarse como deportista desde peque\u00f1o, al cumplir nueve a\u00f1os, su padre lo inici\u00f3 en la pr\u00e1ctica de tiro.<\/p>\n<p style=\"text-align: justify;\">\u00abCuando era muy peque\u00f1o los m\u00e9dicos le diagnosticaron una hemiplej\u00eda, lo que le gener\u00f3 dificultades motrices. La vida lo hizo fuerte y con los a\u00f1os se aferr\u00f3 a una disciplina que hoy no para de darle satisfacciones\u00bb (de Blog \u00abSolo se trata de vivir\u00bb)<\/p>\n<p style=\"text-align: justify;\">Form\u00f3 parte del Seleccionado Nacional de Tiro, particip\u00f3 del Sudamericano en Chile y del Abierto europeo para personas con discapacidad en Suhl, Alemania (2007) ubicandose en el puesto 54.<\/p>\n<p style=\"text-align: justify;\">\u00abFue una experiencia magnifica y me sent\u00ed muy orgulloso de representar al pa\u00eds\u00bb, record\u00f3 Osvaldo a su llegada.<br \/>\nLuego se sum\u00f3 al equipo argentino: \u00abme siento muy contento con el llamado, lo deseaba. Trabajo para el tiro y lo que hago es para crecer a nivel deportivo\u00bb.<\/p>\n<p style=\"text-align: center;\"><a href=\"http:\/\/www.proyectoallen.com.ar\/3\/wp-content\/uploads\/2012\/08\/557709_371075716261661_183263435042891_922617_1487457113_n.jpg\"><img loading=\"lazy\" decoding=\"async\" class=\"aligncenter  wp-image-2768\" title=\"557709_371075716261661_183263435042891_922617_1487457113_n\" src=\"http:\/\/www.proyectoallen.com.ar\/3\/wp-content\/uploads\/2012\/08\/557709_371075716261661_183263435042891_922617_1487457113_n.jpg\" alt=\"\" width=\"442\" height=\"295\" srcset=\"https:\/\/www.proyectoallen.com.ar\/3\/wp-content\/uploads\/2012\/08\/557709_371075716261661_183263435042891_922617_1487457113_n.jpg 737w, https:\/\/www.proyectoallen.com.ar\/3\/wp-content\/uploads\/2012\/08\/557709_371075716261661_183263435042891_922617_1487457113_n-300x199.jpg 300w, https:\/\/www.proyectoallen.com.ar\/3\/wp-content\/uploads\/2012\/08\/557709_371075716261661_183263435042891_922617_1487457113_n-250x166.jpg 250w\" sizes=\"auto, (max-width: 442px) 100vw, 442px\" \/><\/a><\/p>\n<p style=\"text-align: justify;\">Cuando particip\u00f3 en Alemania Osvaldo escribio a la Federaci\u00f3n Argentina de Tiro:<\/p>\n<p style=\"text-align: justify;\">\u201cCreo que participar de este torneo fue lo mejor que paso en mi corta carrera dentro del tiro, cosa que debo agradecerles profundamente. Con respecto a la competencia debo reconocer que los nervios y la ansiedad me traicionaron profundamente en los puntos ya que solamente hice 536, el campe\u00f3n tiro 570. Que lejos lo que hago normalmente, de todas formas en el listado general quede en el puesto 54 sobre 74 con una<br \/>\nsola participaci\u00f3n. Si bien no fue lo esperado hay muchos que quedaron detr\u00e1s de m\u00ed con mucha experiencia, as\u00ed que estoy dentro de todo tranquilo. El torneo en si es maravilloso llevamos fotos incre\u00edbles de los atletas, como dato le comento que en carabina hubo 4 tiradores con 600 puntos y como otro tanto de 599, creo que ser especiales no molesta al momento de los tiros. Bueno un abrazo muy grande Osvaldo\u00bb.<\/p>\n<p style=\"text-align: justify;\">Logr\u00f3 llegar a Londres a los Juegos Paral\u00edmpicos 2012 y hoy 30\/08 comenz\u00f3 su participaci\u00f3n en la competencia internacional en la Clase SH1A Pistola aire P1, logr\u00f3 un score de 359. 27. Deber\u00e1 esperar por otros resultados para saber si contin\u00faa en la competencia.<\/p>\n<p style=\"text-align: justify;\">El deporte argentino paral\u00edmpico tiene representantes en atletismo, f\u00fatbol 5, f\u00fatbol 7, ciclismo, equitaci\u00f3n, remo, esgrima,\u00a0 judo, natacion, bochas, tenis en sillas de ruedas, tenis de mesa, tiro, pesas y vela. As\u00ed el deporte argentino tendr\u00e1 representantes en 14 de las 20\u00a0 disciplinas de estos Juegos. El ENARD inform\u00f3 que otorg\u00f3 216 becas a deportistas,\u00a0 entrenadores y cuerpos t\u00e9cnicos del paralimpismo: 136 becas a atletas de\u00a0 elite, 32 j\u00f3venes talentos, y 48 entrenadores y t\u00e9cnicos paral\u00edmpicos \u00abcon una inversi\u00f3n de 20.516.000 de pesos distribuidos en\u00a0 12.715.000\u00a0 en becas a atletas, entrenadores y cuerpo t\u00e9cnico, y\u00a0 7.801.000 en concepto de apoyos econ\u00f3micos por la participaci\u00f3n de los\u00a0 deportistas en competencias internacionales.<br \/>\nEstos son los sesenta atletas\u00a0 argentinos que participan de los Juegos Paral\u00edmpicos de Londres: ATLETISMO Atletas: Hern\u00e1n Barreto, Sebasti\u00e1n Baldasarri, Sergio Paz, Jos\u00e9 Luis Santero, Nadia Schauz, Yanina Mart\u00ednez, Mariela Almada y Perla Mu\u00f1oz. Entrenadores Nacionales: Ariel Gonz\u00e1lez (Par\u00e1lisis Cerebral),\u00a0 Javier \u00c1lvarez (Ciegos). BOCHAS:\u00a0 Equipo: Gabriela Villano, Mauricio Ibarbure, Pablo Cortez y\u00a0 Pablo Gonz\u00e1lez. Entrenador Nacional: Pablo Iocca.\u00a0 CICLISMO: Atletas: Rodrigo L\u00f3pez y Alberto Nattkemper. Piloto Gu\u00eda:\u00a0 Jonatan Ithurrat. Entrenador Nacional: Juan Carlos L\u00f3pez. EQUITACI\u00d3N: Jinete: Patricio Guglialmelli.\u00a0\u00a0 Jefa de Equipo: Clotilde Gandulfo. ESGRIMA: Atleta: Jos\u00e9 Alejandro Palavecino. Entrenador Nacional: Enrique Sueiro. F\u00daTBOL 5: Equipo: Dar\u00edo Lencina, Froil\u00e1n Padilla, Marcelo Panizza, David Peralta, \u00c1ngel Garc\u00eda Deldo, Silvio Velo, Luis Sacay\u00e1n, Federico Acardi, Guido Consoni y Lucas Rodr\u00edguez. Entrenador Nacional: Mart\u00edn Demonte. F\u00daTBOL 7: Equipo: Fabio Coria, Mat\u00edas Fern\u00e1ndez, Carlos Ferreira, Claudio Figuera, Sergio Guti\u00e9rrez, Ezequiel Jaime, Rodrigo Lugrin,\u00a0 Rodrigo Luquez, Mariano Morana, Gustavo Nahuelquin, Marcos Salazar y Brian Vivot. Entrenador Nacional: Osvaldo Hern\u00e1ndez. JUDO: Atletas: Fabi\u00e1n Ram\u00edrez, Jos\u00e9 Effron y Jorge Lencina.\u00a0\u00a0 Entrenador Nacional: Guillermo Traba. NATACI\u00d3N: Atletas: Nadia B\u00e1ez, Daniela Gim\u00e9nez, Anabel Moro, Guillermo\u00a0 Marro, Ignacio Gonz\u00e1lez, Mat\u00edas de Andrade, Ariel Quassi y Sergio Zayas. Entrenadores Nacionales: Edith Arraspide y Marion Laub. T\u00e9cnica. Personal de Guillermo Marro: Marcela Belviso. PESAS: Atleta: David Coronel. Entrenador Nacional: Mat\u00edas Bernatene. REMO: Atleta: Carlos Vyzocki. Entrenadora Nacional: Alejandra Menzi. TENIS DE MESA: Atletas: Gabriel Copola, Gisele Mu\u00f1oz, Fernando Eberhardt y Marta Makishi. Entrenador Nacional: Fernando Minc. TENIS EN SILLA DE RUEDAS: Atletas: Gustavo Fern\u00e1ndez y Agust\u00edn Ledesma. Entrenador Nacional: Fernando San Mart\u00edn TIRO: Atleta: Osvaldo Gentili. Entrenador Nacional: Mario Garnero. VELA: Atleta: Juan Fern\u00e1ndez Ocampo Entrenador Nacional: Agust\u00edn Zucatti.<br \/>\n<a href=\"http:\/\/www.taringa.net\/posts\/deportes\/15393327\/Juegos-Paralimpicos_-estos-seran-nuestros-representantes.html                       \">Estos son los deportistas que compiten en los Juegos Paral\u00edmpicos<\/a><\/p>\n<p style=\"text-align: justify;\"><strong>Blog Bien de Allen:<\/strong><\/p>\n<p style=\"text-align: justify;\">\u00abLa escasa informaci\u00f3n que se pudo compartir en tiempo real lleg\u00f3 de la mano del Twitter oficial del ENARD. All\u00ed se anunci\u00f3 la competencia de Gentili y sus sucesivos tiros en Londres. A traves de un link se iba actualizando la tabla de posiciones. Seg\u00fan se inform\u00f3 desde @enardinfo el primer tiro del allense en Clase SH1A con pistola de aire P1 le dio un score de 37 y lo ubic\u00f3 en el 13\u00ba puesto. Sobre su segundo tiro, publicaron \u00abScore:114 marcha 28vo.<\/p>\n<p style=\"text-align: justify;\">Finalmente, <strong>la p\u00e1gina oficial del <a href=\"http:\/\/www.enard.org.ar\/\">ENARD<\/a> anunciaba que Gentili no clasific\u00f3 a la fase decisiva<\/strong> de los Juegos. \u00abTuvo la posibilidad de participar junto a los tiradores m\u00e1s importantes del planeta y medirse ante ellos. En la grilla general de la clasificaci\u00f3n<strong> se ubic\u00f3 26to. con un score de 545.<\/strong> Qued\u00f3 alejado de la zona de clasificaci\u00f3n, pero pudo experimentar un Juego de cerca, participando de ellos en una disciplina que es de las favoritas del p\u00fablico londinense. La final la van a disputar un polaco, dos surcoreanos, un hombre de Tailandia, otro de Turqu\u00eda, dos rusos y un croata.<strong> Fueron 8 los que pasaron de ronda, de los 31 participantes iniciales<\/strong>\u00ab, detalla <a href=\"http:\/\/www.enard.org.ar\/novedades.php?d=2\">el art\u00ecculo<\/a> publicado. De los finalistas clasificados, tres pasaron a la historia con un lugar en el medallero. Se trata de Seakyun Park de Corea, Korhan Yamac de Turqu\u00eda y Juhee Lee de Corea\u00bb. <a href=\"http:\/\/www.biendeallen.com.ar\/\">De \u00abGENTILI, 26\u00ba EN LOS JUEGOS PARALIMPICOS LONDRES 2012\u00bb<\/a><\/p>\n<p style=\"text-align: justify;\"><a href=\"http:\/\/www.enard.org.ar\/novedades.php?d=2\">El ENARD inform\u00f3 <\/a><\/p>\n<p style=\"text-align: justify;\"><strong><br \/>\n<\/strong><\/p>\n<p style=\"text-align: justify;\"><a href=\"http:\/\/www.proyectoallen.com.ar\/3\/wp-content\/uploads\/2012\/08\/2q8lm0rztlah5r.jpg\"><img loading=\"lazy\" decoding=\"async\" class=\"aligncenter size-full wp-image-2769\" title=\"2q8lm0rztlah5r\" src=\"http:\/\/www.proyectoallen.com.ar\/3\/wp-content\/uploads\/2012\/08\/2q8lm0rztlah5r.jpg\" alt=\"\" width=\"600\" height=\"450\" srcset=\"https:\/\/www.proyectoallen.com.ar\/3\/wp-content\/uploads\/2012\/08\/2q8lm0rztlah5r.jpg 600w, https:\/\/www.proyectoallen.com.ar\/3\/wp-content\/uploads\/2012\/08\/2q8lm0rztlah5r-300x225.jpg 300w, https:\/\/www.proyectoallen.com.ar\/3\/wp-content\/uploads\/2012\/08\/2q8lm0rztlah5r-250x187.jpg 250w\" sizes=\"auto, (max-width: 600px) 100vw, 600px\" \/><\/a><\/p>\n<p style=\"text-align: center;\"><strong>Fuente:<\/strong><a href=\"http:\/\/www.22Noticia\">\u00a0<\/a><\/p>\n<p style=\"text-align: center;\"><a href=\"http:\/\/www.22Noticia\"> 22 Noticias<\/a><\/p>\n<p style=\"text-align: center;\"><a href=\"http:\/\/www.primeraedicionweb.com.ar\">Primera Edici\u00f3n<\/a><\/p>\n<p style=\"text-align: center;\"><a href=\"http:\/\/solosetrataradio.blogspot.com.ar\/2008\">Blog Solo se trata de vivir<\/a><\/p>\n<p style=\"text-align: center;\"><strong>IM\u00c1GENES DEL TIRO FEDERAL DE ALLEN<\/strong><\/p>\n<p style=\"text-align: center;\"><a href=\"http:\/\/www.proyectoallen.com.ar\/3\/wp-content\/uploads\/2012\/08\/El-huemul.jpg\"><img loading=\"lazy\" decoding=\"async\" class=\"aligncenter  wp-image-2770\" title=\"El huemul\" src=\"http:\/\/www.proyectoallen.com.ar\/3\/wp-content\/uploads\/2012\/08\/El-huemul.jpg\" alt=\"\" width=\"698\" height=\"458\" srcset=\"https:\/\/www.proyectoallen.com.ar\/3\/wp-content\/uploads\/2012\/08\/El-huemul.jpg 1939w, https:\/\/www.proyectoallen.com.ar\/3\/wp-content\/uploads\/2012\/08\/El-huemul-300x196.jpg 300w, https:\/\/www.proyectoallen.com.ar\/3\/wp-content\/uploads\/2012\/08\/El-huemul-1024x671.jpg 1024w, https:\/\/www.proyectoallen.com.ar\/3\/wp-content\/uploads\/2012\/08\/El-huemul-250x164.jpg 250w\" sizes=\"auto, (max-width: 698px) 100vw, 698px\" \/><\/a><\/p>\n<p style=\"text-align: center;\"><a href=\"http:\/\/www.proyectoallen.com.ar\/3\/wp-content\/uploads\/2012\/08\/El-huemul-1-Medium.jpg\"><img loading=\"lazy\" decoding=\"async\" class=\"aligncenter size-full wp-image-2771\" title=\"El huemul 1 (Medium)\" src=\"http:\/\/www.proyectoallen.com.ar\/3\/wp-content\/uploads\/2012\/08\/El-huemul-1-Medium.jpg\" alt=\"\" width=\"490\" height=\"768\" srcset=\"https:\/\/www.proyectoallen.com.ar\/3\/wp-content\/uploads\/2012\/08\/El-huemul-1-Medium.jpg 490w, https:\/\/www.proyectoallen.com.ar\/3\/wp-content\/uploads\/2012\/08\/El-huemul-1-Medium-191x300.jpg 191w, https:\/\/www.proyectoallen.com.ar\/3\/wp-content\/uploads\/2012\/08\/El-huemul-1-Medium-250x391.jpg 250w\" sizes=\"auto, (max-width: 490px) 100vw, 490px\" \/><\/a><\/p>\n<p style=\"text-align: center;\"><a href=\"http:\/\/www.proyectoallen.com.ar\/3\/wp-content\/uploads\/2012\/08\/IMG_0149.jpg\"><img loading=\"lazy\" decoding=\"async\" class=\"aligncenter  wp-image-2772\" title=\"IMG_0149\" src=\"http:\/\/www.proyectoallen.com.ar\/3\/wp-content\/uploads\/2012\/08\/IMG_0149.jpg\" alt=\"\" width=\"534\" height=\"389\" srcset=\"https:\/\/www.proyectoallen.com.ar\/3\/wp-content\/uploads\/2012\/08\/IMG_0149.jpg 2472w, https:\/\/www.proyectoallen.com.ar\/3\/wp-content\/uploads\/2012\/08\/IMG_0149-300x218.jpg 300w, https:\/\/www.proyectoallen.com.ar\/3\/wp-content\/uploads\/2012\/08\/IMG_0149-1024x747.jpg 1024w, https:\/\/www.proyectoallen.com.ar\/3\/wp-content\/uploads\/2012\/08\/IMG_0149-250x182.jpg 250w\" sizes=\"auto, (max-width: 534px) 100vw, 534px\" \/><\/a><\/p>\n","protected":false},"excerpt":{"rendered":"<p>Hoy, 30 de agosto Osvaldo comenz\u00f3 su participaci\u00f3n en Tiro en los Juegos Paral\u00edmpicos de Londres 2012. Desde peque\u00f1o comenz\u00f3 a realizar este deporte y en 1970 lleg\u00f3 a la edad como para desarrollarse&#46;&#46;&#46;<\/p>\n","protected":false},"author":2,"featured_media":0,"comment_status":"open","ping_status":"open","sticky":false,"template":"","format":"standard","meta":{"ngg_post_thumbnail":0,"footnotes":""},"categories":[4],"tags":[],"class_list":["post-2766","post","type-post","status-publish","format-standard","hentry","category-deporte"],"jetpack_featured_media_url":"","_links":{"self":[{"href":"https:\/\/www.proyectoallen.com.ar\/3\/index.php?rest_route=\/wp\/v2\/posts\/2766","targetHints":{"allow":["GET"]}}],"collection":[{"href":"https:\/\/www.proyectoallen.com.ar\/3\/index.php?rest_route=\/wp\/v2\/posts"}],"about":[{"href":"https:\/\/www.proyectoallen.com.ar\/3\/index.php?rest_route=\/wp\/v2\/types\/post"}],"author":[{"embeddable":true,"href":"https:\/\/www.proyectoallen.com.ar\/3\/index.php?rest_route=\/wp\/v2\/users\/2"}],"replies":[{"embeddable":true,"href":"https:\/\/www.proyectoallen.com.ar\/3\/index.php?rest_route=%2Fwp%2Fv2%2Fcomments&post=2766"}],"version-history":[{"count":5,"href":"https:\/\/www.proyectoallen.com.ar\/3\/index.php?rest_route=\/wp\/v2\/posts\/2766\/revisions"}],"predecessor-version":[{"id":2776,"href":"https:\/\/www.proyectoallen.com.ar\/3\/index.php?rest_route=\/wp\/v2\/posts\/2766\/revisions\/2776"}],"wp:attachment":[{"href":"https:\/\/www.proyectoallen.com.ar\/3\/index.php?rest_route=%2Fwp%2Fv2%2Fmedia&parent=2766"}],"wp:term":[{"taxonomy":"category","embeddable":true,"href":"https:\/\/www.proyectoallen.com.ar\/3\/index.php?rest_route=%2Fwp%2Fv2%2Fcategories&post=2766"},{"taxonomy":"post_tag","embeddable":true,"href":"https:\/\/www.proyectoallen.com.ar\/3\/index.php?rest_route=%2Fwp%2Fv2%2Ftags&post=2766"}],"curies":[{"name":"wp","href":"https:\/\/api.w.org\/{rel}","templated":true}]}}