{"id":2786,"date":"2012-08-14T12:13:42","date_gmt":"2012-08-14T12:13:42","guid":{"rendered":"http:\/\/www.proyectoallen.com.ar\/3\/?p=2786"},"modified":"2018-11-12T23:21:28","modified_gmt":"2018-11-12T23:21:28","slug":"encuentro-de-emprendedores","status":"publish","type":"post","link":"https:\/\/www.proyectoallen.com.ar\/3\/?p=2786","title":{"rendered":"Encuentro de emprendedores"},"content":{"rendered":"<p style=\"text-align: justify;\">Proyecto Allen fue seleccionado por la organizaci\u00f3n mundial <a href=\"http:\/\/avancemosconosur.org\/\" target=\"_blank\" rel=\"noopener\">Ashoka<\/a> para participar de una capacitaci\u00f3n para mujeres j\u00f3venes en la realizaci\u00f3n de proyectos solidarios. Adem\u00e1s, nos incluyeron en su red internacional de emprendedores.<\/p>\n<!--more Seguir leyendo...-->\n<p style=\"text-align: justify;\">Llegamos unos 40 minutillos tarde a un Bariloche nublado. Nos subimos a un taxi y llegamos al <a href=\"http:\/\/www.estacion-sur-hostel.com\/\" target=\"_blank\" rel=\"noopener\">Hostel Estaci\u00f3n Sur<\/a> donde su propietario Jorge ya nos estaba esperando para llevarnos con la mejor buena onda al super ChangoM\u00e1s donde se realizaba el encuentro. Y as\u00ed nom\u00e1s arrancamos.<\/p>\n<p style=\"text-align: justify;\">All\u00e1 nos encontramos con In\u00e9s, cordinadora del encuentro y emprendedora de Ashoka. Tambi\u00e9n conocimos un hermoso grupo de mujeres con muchas ganas de trabajar por sus comunidades. Las chicas de Neuqu\u00e9n formaron un grupo para ayudar a los abuelos a hacer sus tr\u00e1mites, darles compa\u00f1\u00eda y algo m\u00e1s. Un grupo de teatro de estudiantes secundarios concientiza sobre nuestra historia reciente en Huergo. J\u00f3venes emprendedores de Bariloche trabajan para que en sus barrios se haga una plaza y una huerta sustentable. Desde Comayo, las chicas nos contaron su proyecto para que los estudiantes primarios de los parajes circundantes al pueblo lleguen a su colegio en bicicleta. Y as\u00ed, nos contaron muchas historias m\u00e1s, siempre de trabajo y solidaridad.<\/p>\n<p style=\"text-align: justify;\">Las actividades nos ayudaron a estructurar nuestras ideas, a reorganizar nuestro proyecto para poder llevarlo adelante y hacerlo sustentable. Pero fueron las personas que conocimos, las que nos inspiraron. Entre ellas se encuentran dos emprendedores de Ashoka, que compartieron su experiencia.<\/p>\n<p style=\"text-align: justify;\">Elena Dur\u00e1n, mexicana radicada en Bariloche, vivi\u00f3 en su juventud en la selva de Chiapas junto al Subcomandante Marcos, la Comandanta Ramona y el resto del Ej\u00e9rcito Zapatista. Actualmente realiza talleres para ni\u00f1os con el grupo Petizos en los que a trav\u00e9s de juegos y distinta actividades les ense\u00f1a a hacer valer sus derechos.<\/p>\n<p style=\"text-align: justify;\">Rub\u00e9n Pablos contribuye hace a\u00f1os a reforestar los bosques quemados en Bariloche. Adem\u00e1s, destaca la importancia de la educaci\u00f3n por el desconocimiento que existe sobre estos temas. Por ello realiza talleres de concientizaci\u00f3n sobre la importancia de los bosques nativos y c\u00f3mo cuidarlos. En su vivero, chicos de todas las edades aprenden\u00a0 a reproducir plantas y las llevan a las zonas incendiadas para recuperarlas. Como si esto fuera poco, fue el impulsor para la creaci\u00f3n de un Banco de Semillas nativas para preservar las especies \u00fanicas de la zona.<\/p>\n<p>&nbsp;<\/p>\n<p style=\"text-align: center;\">ngg_shortcode_0_placeholder<\/p>\n<p><strong>El Proyecto de Proyecto Allen<\/strong><\/p>\n<p style=\"text-align: justify;\">Ashoka nos seleccion\u00f3 por una idea que apunta a contribuir con la sustentabilidad del trabajo de Proyecto Allen por la recuperaci\u00f3n del patrimonio hist\u00f3rico y cultural de la ciudad. Se trata del proyecto <em><a href=\"http:\/\/www.facebook.com\/photo.php?fbid=339783159447216&amp;set=a.241333382625528.55864.230052660420267&amp;type=1&amp;theater\">Postales de Nuestra Ciudad<\/a> <\/em>que a trav\u00e9s de una convocatoria a fot\u00f3grafos allenses realizar\u00e1 una serie de postales con im\u00e1genes de la ciudad.<\/p>\n<p style=\"text-align: justify;\">La organizaci\u00f3n nos otorg\u00f3 el beneficio de un capital semilla que permitir\u00e1 la realizaci\u00f3n de este proyecto. La ONG Red sin Fronteras colabor\u00f3 con todo su apoyo y su estructura para poder tramitar este dinero.<\/p>\n<p style=\"text-align: justify;\">Lo recaudado de la venta de las postales ser\u00e1 avocado a la inserci\u00f3n de la historia de nuestra ciudad en los colegios a trav\u00e9s de talleres y la impresi\u00f3n de al menos 50 copias del Libro del Centenario para las distintas instituciones, que reconstruye los 100 a\u00f1os de Allen y un poco m\u00e1s.<\/p>\n<p style=\"text-align: justify;\">Tambi\u00e9n se prev\u00e9 que estos fondos sirvan como multiplicadores para otras actividades culturales futuras como la edici\u00f3n de un libro con historias de vida de nuestros pobladores y la realizaci\u00f3n de documentales sobre nuestra historia, tambi\u00e9n orientados a ser utilizados en las escuelas.<\/p>\n<p style=\"text-align: justify;\">Asimismo, las postales tienen un fin en s\u00ed mismas. Por un lado, se promueve la actividad art\u00edstica de fot\u00f3grafos allenses. Por otro, la idea es contribuir a la difusi\u00f3n de im\u00e1genes que revaloricen nuestra ciudad, sus actividades y actores, y as\u00ed reforzar nuestro sentido de pertenencia.<\/p>\n<p style=\"text-align: center;\"><a href=\"http:\/\/www.proyectoallen.com.ar\/3\/wp-content\/uploads\/2012\/09\/postales.jpg\"><img loading=\"lazy\" decoding=\"async\" class=\"aligncenter wp-image-2797\" title=\"postales\" src=\"http:\/\/www.proyectoallen.com.ar\/3\/wp-content\/uploads\/2012\/09\/postales.jpg\" alt=\"\" width=\"720\" height=\"540\" srcset=\"https:\/\/www.proyectoallen.com.ar\/3\/wp-content\/uploads\/2012\/09\/postales.jpg 2000w, https:\/\/www.proyectoallen.com.ar\/3\/wp-content\/uploads\/2012\/09\/postales-300x225.jpg 300w, https:\/\/www.proyectoallen.com.ar\/3\/wp-content\/uploads\/2012\/09\/postales-1024x768.jpg 1024w, https:\/\/www.proyectoallen.com.ar\/3\/wp-content\/uploads\/2012\/09\/postales-250x187.jpg 250w\" sizes=\"auto, (max-width: 720px) 100vw, 720px\" \/><\/a><\/p>\n<h4><strong>Algo M\u00e1s&#8230;<\/strong><\/h4>\n<blockquote class=\"wp-embedded-content\" data-secret=\"7RabnL66ui\"><p><a href=\"https:\/\/www.proyectoallen.com.ar\/3\/?p=3770\">Postales de la ciudad<\/a><\/p><\/blockquote>\n<p><iframe loading=\"lazy\" class=\"wp-embedded-content\" sandbox=\"allow-scripts\" security=\"restricted\" style=\"position: absolute; visibility: hidden;\" title=\"\u00abPostales de la ciudad\u00bb \u2014 Proyecto Allen \u221e\" src=\"https:\/\/www.proyectoallen.com.ar\/3\/?p=3770&#038;embed=true#?secret=KAVNs8CfDo#?secret=7RabnL66ui\" data-secret=\"7RabnL66ui\" width=\"500\" height=\"282\" frameborder=\"0\" marginwidth=\"0\" marginheight=\"0\" scrolling=\"no\"><\/iframe><\/p>\n<blockquote class=\"wp-embedded-content\" data-secret=\"iwG4TU8KG2\"><p><a href=\"https:\/\/www.proyectoallen.com.ar\/3\/?p=4140\">Postales para la Escuela Laboral N\u00b0 3<\/a><\/p><\/blockquote>\n<p><iframe loading=\"lazy\" class=\"wp-embedded-content\" sandbox=\"allow-scripts\" security=\"restricted\" style=\"position: absolute; visibility: hidden;\" title=\"\u00abPostales para la Escuela Laboral N\u00b0 3\u00bb \u2014 Proyecto Allen \u221e\" src=\"https:\/\/www.proyectoallen.com.ar\/3\/?p=4140&#038;embed=true#?secret=bJE0QSX92C#?secret=iwG4TU8KG2\" data-secret=\"iwG4TU8KG2\" width=\"500\" height=\"282\" frameborder=\"0\" marginwidth=\"0\" marginheight=\"0\" scrolling=\"no\"><\/iframe><\/p>\n<blockquote class=\"wp-embedded-content\" data-secret=\"c2UdO2pngl\"><p><a href=\"https:\/\/www.proyectoallen.com.ar\/3\/?p=4354\">Nueva entrega de postales a Instituciones de la ciudad.<\/a><\/p><\/blockquote>\n<p><iframe loading=\"lazy\" class=\"wp-embedded-content\" sandbox=\"allow-scripts\" security=\"restricted\" style=\"position: absolute; visibility: hidden;\" title=\"\u00abNueva entrega de postales a Instituciones de la ciudad.\u00bb \u2014 Proyecto Allen \u221e\" src=\"https:\/\/www.proyectoallen.com.ar\/3\/?p=4354&#038;embed=true#?secret=PXFfqTCex7#?secret=c2UdO2pngl\" data-secret=\"c2UdO2pngl\" width=\"500\" height=\"282\" frameborder=\"0\" marginwidth=\"0\" marginheight=\"0\" scrolling=\"no\"><\/iframe><\/p>\n","protected":false},"excerpt":{"rendered":"<p>Proyecto Allen fue seleccionado por la organizaci\u00f3n mundial Ashoka para participar de una capacitaci\u00f3n para mujeres j\u00f3venes en la realizaci\u00f3n de proyectos solidarios. Adem\u00e1s, nos incluyeron en su red internacional de emprendedores.<\/p>\n","protected":false},"author":6,"featured_media":0,"comment_status":"open","ping_status":"open","sticky":false,"template":"","format":"standard","meta":{"ngg_post_thumbnail":0,"footnotes":""},"categories":[25],"tags":[],"class_list":["post-2786","post","type-post","status-publish","format-standard","hentry","category-postales-de-la-ciudad"],"jetpack_featured_media_url":"","_links":{"self":[{"href":"https:\/\/www.proyectoallen.com.ar\/3\/index.php?rest_route=\/wp\/v2\/posts\/2786","targetHints":{"allow":["GET"]}}],"collection":[{"href":"https:\/\/www.proyectoallen.com.ar\/3\/index.php?rest_route=\/wp\/v2\/posts"}],"about":[{"href":"https:\/\/www.proyectoallen.com.ar\/3\/index.php?rest_route=\/wp\/v2\/types\/post"}],"author":[{"embeddable":true,"href":"https:\/\/www.proyectoallen.com.ar\/3\/index.php?rest_route=\/wp\/v2\/users\/6"}],"replies":[{"embeddable":true,"href":"https:\/\/www.proyectoallen.com.ar\/3\/index.php?rest_route=%2Fwp%2Fv2%2Fcomments&post=2786"}],"version-history":[{"count":16,"href":"https:\/\/www.proyectoallen.com.ar\/3\/index.php?rest_route=\/wp\/v2\/posts\/2786\/revisions"}],"predecessor-version":[{"id":9237,"href":"https:\/\/www.proyectoallen.com.ar\/3\/index.php?rest_route=\/wp\/v2\/posts\/2786\/revisions\/9237"}],"wp:attachment":[{"href":"https:\/\/www.proyectoallen.com.ar\/3\/index.php?rest_route=%2Fwp%2Fv2%2Fmedia&parent=2786"}],"wp:term":[{"taxonomy":"category","embeddable":true,"href":"https:\/\/www.proyectoallen.com.ar\/3\/index.php?rest_route=%2Fwp%2Fv2%2Fcategories&post=2786"},{"taxonomy":"post_tag","embeddable":true,"href":"https:\/\/www.proyectoallen.com.ar\/3\/index.php?rest_route=%2Fwp%2Fv2%2Ftags&post=2786"}],"curies":[{"name":"wp","href":"https:\/\/api.w.org\/{rel}","templated":true}]}}