{"id":2815,"date":"2012-09-23T01:13:54","date_gmt":"2012-09-23T01:13:54","guid":{"rendered":"http:\/\/www.proyectoallen.com.ar\/3\/?p=2815"},"modified":"2021-08-18T19:54:14","modified_gmt":"2021-08-18T19:54:14","slug":"necrofilia-un-caso-en-allen","status":"publish","type":"post","link":"https:\/\/www.proyectoallen.com.ar\/3\/?p=2815","title":{"rendered":"Necrofilia, un caso en Allen."},"content":{"rendered":"<p style=\"text-align: justify;\"><em>El lunes 21 octubre de 1974, a las 19:30 hs,\u00a0 fue sepultada en el cementerio local, una vecina del barrio Hospital. Al d\u00eda siguiente, nuestra ciudad y la regi\u00f3n se despertaron con la noticia de un s\u00f3rdido suceso.<\/em><br \/>\n<em>\u201cCaracterizados vecinos de Allen, comerciantes y funcionarios, representaban ayer en todos los tonos la indignaci\u00f3n de toda la comunidad por el incalificable atentado cometido, producto seguramente de mentes trastornadas\u201d <\/em><em>(de Archivo Diario R\u00edo Negro)<!--more Seguir leyendo...--><\/em><\/p>\n<p style=\"text-align: center;\"><strong>-\u00bfQui\u00e9nes se abusaron de la finada?<\/strong><br \/>\n<strong>-Los tres<\/strong><br \/>\n<strong>-\u00bfCu\u00e1nto te toc\u00f3 de los cincuenta mil pesos?<\/strong><br \/>\n<strong>-A m\u00ed, nada. Ni siquiera me invitaron con vino de la botella que llevaron.<\/strong><\/p>\n<p style=\"text-align: justify;\"><strong>(Cita del Diario R\u00edo Negro del interrogatorio que el comisario le realiz\u00f3 a Uribe,uno de los detenidos por el hecho)<\/strong><\/p>\n<p>\u00bfQui\u00e9n no recuerda este caso de \u00abviolaci\u00f3n\u00bb en Allen? \u00bfQui\u00e9n no sufri\u00f3 alguna vez una \u00abcargada\u00bb por este hecho all\u00e1 en los a\u00f1os 70&#8242;? Allen fue, durante mucho tiempo, reconocido como el pueblo donde \u201cviolaron a una muerta\u201d, un delito que todav\u00eda no hab\u00eda sido tipificado por la justicia.<br \/>\nNecrofilia fue el t\u00e9rmino usado por todos los medios de comunicaci\u00f3n de la \u00e9poca y, a medida que avanzaban los d\u00edas, la confusi\u00f3n fue creciendo. Seis personas fueron detenidas. Se aseguraba que tres de ellas eran los autores materiales del hecho. Se tejieron todo tipo de hip\u00f3tesis acerca de sus m\u00f3viles. Sin embargo, los medios \u00abcuidaron\u00bb las formas y las palabras<br \/>\n\u00bfC\u00f3mo cubrir\u00edan hoy los medios este tipo de noticias? Seguramente, nada hubiera quedado librado a la imaginaci\u00f3n, como sucedi\u00f3 en aquel entonces. La noticia impregn\u00f3 el imaginario popular durante muchos a\u00f1os, a tal punto que, actualmente casi todos recuerdan el caso aunque a\u00fan no hab\u00edan nacido o eran muy peque\u00f1os como para entender lo que suced\u00eda. Adem\u00e1s, pocos pueden recordar el nombre de los autores, cu\u00e1l fue la sentencia y otros detalles&#8230;<\/p>\n<p style=\"text-align: justify;\">Volvemos a la pregunta: \u00bfQue hubiera pasado hoy?.<\/p>\n<p style=\"text-align: justify;\"><em>\u201cLa informaci\u00f3n period\u00edstica se ha convertido en un elemento clave para el manejo de situaciones en la sociedades actuales\u2026 Los medios, con sus propuestas de lectura de la realidad social, son hoy el principal contexto movilizador de contenidos simb\u00f3licos, ofreciendo modelos y pautas de comportamiento\u201d. <\/em><\/p>\n<p style=\"text-align: justify;\"><em>La transformaci\u00f3n ha sido el reemplazo de \u201cla importancia por el inter\u00e9s\u201d, es decir, difundir lo que interesa a muchos individuos pero no afecta a la comunidad. (Bergonzi, Juan y otros: \u201cPeriodismo en la Patagonia. Cambios en la presentaci\u00f3n escrita y visual del Diario R\u00edo Negro 1980 \u2013 2000\u201d<\/em><\/p>\n<p style=\"text-align: justify;\">Dec\u00eda un periodista del Diario R\u00edo Negro:<\/p>\n<p style=\"text-align: justify;\"><em>\u201cSe hace dif\u00edcil inclusive para quien est\u00e1 en el diario ejercicio del periodismo, relatar las caracter\u00edsticas de un hecho que ha conmovido profundamente a la opini\u00f3n publica\u201d.<\/em><br \/>\nSe conjeturaron muchas hip\u00f3tesis, desde el robo, hasta rituales sat\u00e1nicos y de magia negra.<br \/>\n<em>\u201cUn conocido comerciante manifest\u00f3 que posiblemente no sea ajeno a este hecho una \u2018organizaci\u00f3n Vud\u00fa\u2019 (grupo dedicado a la magia negra, que se ensa\u00f1ar\u00eda con cad\u00e1veres) y \u2018de los que alguna vez se dijo hab\u00eda algunos fan\u00e1ticos en Allen\u201d.<\/em><br \/>\nSeg\u00fan las pericias, todo indicaba el accionar de una secta. Se dec\u00eda que se utilizaron cruces para cavar la fosa y que se encontr\u00f3 una botella con vino, que estaba tapada y \u201cconten\u00eda notable cantidad de mosquitos\u201d, pr\u00e1ctica, seg\u00fan el peri\u00f3dico, \u00abcaracter\u00edstica del ocultismo\u00bb.<br \/>\nTal vez pensando en el m\u00f3vil de la venganza, la polic\u00eda vigilaba por aquellos d\u00edas una casa del barrio Hospital, donde viv\u00edan, en distintas habitaciones, Carlos \u201cCorchito\u201d Ibacache y Eleuterio \u201cBatilana\u201d o \u201cSoplete\u201d Uribe.<\/p>\n<p><a href=\"http:\/\/www.proyectoallen.com.ar\/3\/wp-content\/uploads\/2012\/09\/2.jpg\"><img loading=\"lazy\" decoding=\"async\" class=\"aligncenter size-large wp-image-9003\" src=\"http:\/\/www.proyectoallen.com.ar\/3\/wp-content\/uploads\/2012\/09\/2-1024x658.jpg\" alt=\"\" width=\"720\" height=\"463\" srcset=\"https:\/\/www.proyectoallen.com.ar\/3\/wp-content\/uploads\/2012\/09\/2-1024x658.jpg 1024w, https:\/\/www.proyectoallen.com.ar\/3\/wp-content\/uploads\/2012\/09\/2-300x193.jpg 300w, https:\/\/www.proyectoallen.com.ar\/3\/wp-content\/uploads\/2012\/09\/2-768x494.jpg 768w, https:\/\/www.proyectoallen.com.ar\/3\/wp-content\/uploads\/2012\/09\/2-250x161.jpg 250w, https:\/\/www.proyectoallen.com.ar\/3\/wp-content\/uploads\/2012\/09\/2.jpg 1100w\" sizes=\"auto, (max-width: 720px) 100vw, 720px\" \/><\/a><\/p>\n<p style=\"text-align: justify;\">Una noche, Ibacache, de \u201ccar\u00e1cter irascible cuando beb\u00eda, se hab\u00eda dirigido, alrededor de la medianoche, a la habitaci\u00f3n de Uribe, y lo estaba castigando (\u2026) con un trozo de manguera mientras lo amenazaba con un cuchillo\u201d.<br \/>\nLa polic\u00eda escucho los gritos de los dos hombres, que se acusaban y amenazaban entre s\u00ed. En la ma\u00f1ana s\u00f3lo fue detenido Ibacache ya que Uribe que se escap\u00f3, probablemente por los fondos de la vivienda. Pero a la noche, volvi\u00f3 y finalmente fue detenido y trasladado a la comisar\u00eda 23.<br \/>\nAl principio, Uribe negaba conocer a Ibacache. Despu\u00e9s admiti\u00f3 que viv\u00edan en la misma casa pero asegur\u00f3: \u201cyo con ese melenudo nunca me junt\u00e9, pregunten donde quieran\u201d. Sin embargo, m\u00e1s tarde Uribe relat\u00f3 que Ibacache le pidi\u00f3 que lo ayudara a \u201csacar a la muerta y hacerle el amor\u201d porque H\u00e9ctor \u201cBeto\u201d C\u00e1rdenas le hab\u00eda dado cincuenta mil pesos para hacerlo.<br \/>\n\u00bfQui\u00e9n era C\u00e1rdenas? Pues nada menos que el yerno de la finada. Hab\u00edan sido propietarios a medias de un horno de ladrillos, pero rompieron relaciones cuando la hija de la se\u00f1ora, esposa de C\u00e1rdenas, huy\u00f3 con un chofer de la empresa de transportes que \u201cel Beto\u201d ten\u00eda.<br \/>\nUribe, dec\u00eda \u201ctenerle tanto miedo\u201d a Ibacache, que fue obligado a acompa\u00f1arlo al barrio de la zona norte de la ciudad a buscar a \u201cCara\u2019e vieja\u201d Z\u00fa\u00f1iga y a \u201cPepito\u201d o \u201cPimienta\u201d Espinoza. Despu\u00e9s, llegaron al cementerio y \u201cSoplete\u201d Uribe qued\u00f3 en la entrada de \u201ccampana\u201d, los otros entraron con una botella de vino y despu\u00e9s de unas dos horas, salieron \u201cri\u00e9ndose y frot\u00e1ndose las manos\u201d y le contaron \u201cque hab\u00edan abusado de la vieja\u201d.<\/p>\n<p style=\"text-align: justify;\">M\u00e1s tarde, la polic\u00eda detuvo a Zu\u00f1iga y Espinoza, que tambi\u00e9n viv\u00edan en el barrio Hospital. Adem\u00e1s, fue demorada \u201cLa Flaca\u201d, novia de Z\u00fa\u00f1iga, por presunto encubrimiento. Sin embargo, luego, qued\u00f3 en libertad. Espinoza, present\u00f3 una coartada: no hab\u00eda estado en Allen la noche del hecho y fue liberado tambi\u00e9n.<br \/>\nLa botella encontrada en el cementerio ten\u00eda \u201cla huella del pulgar derecho\u2026 de la mano de Ibacache\u201d, asegur\u00f3 el perito que la analiz\u00f3. M\u00e1s adelante, luego de otras pericias, tambi\u00e9n se encontr\u00f3 la huella de Zu\u00f1iga.<br \/>\n<em>\u201c\u2026el cad\u00e1ver, colocado \u201cen posici\u00f3n ginecol\u00f3gica\u201d, seg\u00fan el informe del medico oficial, fue salvajemente vejado y abandonado luego\u201d<\/em>.<br \/>\nEl autor intelectual no fue dejado de lado. H\u00e9ctor C\u00e1rdenas fue detenido por las declaraciones de Uribe. Adem\u00e1s, se dec\u00eda que Ibacache y Espinoza hab\u00edan asistido al sepelio de la suegra, para arreglar \u201cel trabajo con C\u00e1rdenas\u201d y para conocer el lugar exacto de la sepultura. Sin embargo, fue liberado \u201cpor falta de merito\u201d porque, entre otras cosas, Uribe se retract\u00f3 de lo que hab\u00eda dicho de \u00e9l.<\/p>\n<p style=\"text-align: justify;\">El 21 de noviembre, C\u00e1rdenas sac\u00f3 una solicitada en el Diario R\u00edo Negro donde explicaba que su detenci\u00f3n hab\u00eda sido \u201cprovisional\u201d y que nada ten\u00eda que ver con los hechos sucedidos aquella noche.<br \/>\nLlegaron a haber 27 detenidos!!. A alguien hab\u00eda que hecharle la culpa&#8230; y quien mejor que, por ejemplo, los obreros de las canteras de yeso \u201cLos Carrillos\u201d, que fueron llevados a la comisar\u00eda y fichados. Despu\u00e9s, recuperaron la libertad por ausencia de pruebas en su contra.<br \/>\nFinalmente, en 1976 se resolvi\u00f3 el caso.<\/p>\n<p style=\"text-align: justify;\">Seg\u00fan el texto del fallo (ver los cuatro \u00faltimos documentos de la galer\u00eda de im\u00e1genes), el hecho se encontraba tipificado en el<strong> articulo 183 del C\u00f3digo Pena<\/strong>l como <strong>\u201crotura de una cosa ajena &#8211; f\u00e9retro\u201d<\/strong>.<\/p>\n<p style=\"text-align: justify;\">Para la ley solo se \u00abhab\u00eda roto algo ajeno\u00bb&#8230; porque \u00bfquien pod\u00eda imaginarse semejante delito?.<\/p>\n<p style=\"text-align: justify;\">Se afirma que la violaci\u00f3n: <strong>\u201cno configura delito ya que, quiz\u00e1s, dado lo dif\u00edcil que resulta imaginar semejante acci\u00f3n, la misma ha escapado a las previsiones del legislador\u201d<\/strong>.<\/p>\n<p style=\"text-align: justify;\">Uribe, Ibacache y Zu\u00f1iga fueron condenados <strong>a cuatro a\u00f1os de prisi\u00f3n efectiva<\/strong>. Para 1976 ya llevaban casi la mitad de la pena cumplida. As\u00ed que, alrededor de un a\u00f1o despu\u00e9s del fallo oficial, completaron su condena y fueron liberados.<\/p>\n<p>Y pas\u00f3&#8230; y nadie dijo nada&#8230; no hubo marchas, no se sali\u00f3 a la calle, no se pidi\u00f3 justicia&#8230; el hecho qued\u00f3 olvidado. Olvidado?.<\/p>\n<p style=\"text-align: justify;\"><strong>Los entrecomillados pertenecen a distintos art\u00edculos del Diario R\u00edo Negro aparecidos entre Octubre de1974 y agosto de 1976 (Archivo\/Secci\u00f3n: recortes de Allen).<\/strong><\/p>\n<p style=\"text-align: center;\">ngg_shortcode_0_placeholder<\/p>\n<p>Cr\u00f3nicas Arcanas (Spotify): <a href=\"https:\/\/open.spotify.com\/show\/3aN5KsuXjG6s6cVbktZdZ4\">Necrofilia en Allen\u00a0<\/a><\/p>\n<p>&nbsp;<\/p>\n","protected":false},"excerpt":{"rendered":"<p>El lunes 21 octubre de 1974, a las 19:30 hs,\u00a0 fue sepultada en el cementerio local, una vecina del barrio Hospital. Al d\u00eda siguiente, nuestra ciudad y la regi\u00f3n se despertaron con la noticia&#46;&#46;&#46;<\/p>\n","protected":false},"author":2,"featured_media":0,"comment_status":"open","ping_status":"open","sticky":false,"template":"","format":"standard","meta":{"ngg_post_thumbnail":0,"footnotes":""},"categories":[12],"tags":[],"class_list":["post-2815","post","type-post","status-publish","format-standard","hentry","category-sabias"],"jetpack_featured_media_url":"","_links":{"self":[{"href":"https:\/\/www.proyectoallen.com.ar\/3\/index.php?rest_route=\/wp\/v2\/posts\/2815","targetHints":{"allow":["GET"]}}],"collection":[{"href":"https:\/\/www.proyectoallen.com.ar\/3\/index.php?rest_route=\/wp\/v2\/posts"}],"about":[{"href":"https:\/\/www.proyectoallen.com.ar\/3\/index.php?rest_route=\/wp\/v2\/types\/post"}],"author":[{"embeddable":true,"href":"https:\/\/www.proyectoallen.com.ar\/3\/index.php?rest_route=\/wp\/v2\/users\/2"}],"replies":[{"embeddable":true,"href":"https:\/\/www.proyectoallen.com.ar\/3\/index.php?rest_route=%2Fwp%2Fv2%2Fcomments&post=2815"}],"version-history":[{"count":6,"href":"https:\/\/www.proyectoallen.com.ar\/3\/index.php?rest_route=\/wp\/v2\/posts\/2815\/revisions"}],"predecessor-version":[{"id":10506,"href":"https:\/\/www.proyectoallen.com.ar\/3\/index.php?rest_route=\/wp\/v2\/posts\/2815\/revisions\/10506"}],"wp:attachment":[{"href":"https:\/\/www.proyectoallen.com.ar\/3\/index.php?rest_route=%2Fwp%2Fv2%2Fmedia&parent=2815"}],"wp:term":[{"taxonomy":"category","embeddable":true,"href":"https:\/\/www.proyectoallen.com.ar\/3\/index.php?rest_route=%2Fwp%2Fv2%2Fcategories&post=2815"},{"taxonomy":"post_tag","embeddable":true,"href":"https:\/\/www.proyectoallen.com.ar\/3\/index.php?rest_route=%2Fwp%2Fv2%2Ftags&post=2815"}],"curies":[{"name":"wp","href":"https:\/\/api.w.org\/{rel}","templated":true}]}}