{"id":3161,"date":"2012-11-06T00:38:00","date_gmt":"2012-11-06T00:38:00","guid":{"rendered":"http:\/\/www.proyectoallen.com.ar\/3\/?p=3161"},"modified":"2012-11-06T15:30:31","modified_gmt":"2012-11-06T15:30:31","slug":"no-es-no","status":"publish","type":"post","link":"https:\/\/www.proyectoallen.com.ar\/3\/?p=3161","title":{"rendered":"No es \u00abNO\u00bb"},"content":{"rendered":"<p style=\"text-align: justify;\">\u00a0<em>El s\u00e1bado 27\/10 se realiz\u00f3 una Asamblea impulsaba por <strong>Sanidarios de la Cuenca del lago Nahuel Huapi y los r\u00edos Limay, Neuqu\u00e9n y Negro<\/strong>. La jornada fue resolutiva y de \u00abcapacitaci\u00f3n\u00bb, en la que participaron varias organizaciones locales y vecinos de la comunidad. Tambi\u00e9n form\u00f3 parte de la organizaci\u00f3n la agrupaci\u00f3n <strong>Asamblea Permanente del Comahue por el Agua Allen<\/strong> que trabaja desde hace un tiempo en la localidad.\u00a0 Como el tema tuvo tratamiento en varios medios, aqui van algunos datos m\u00e1s sobre dicha Asamblea y sobre <strong>Sanidarios que trabaja en el tema desde 2008.<!--more--><\/strong><\/em>All\u00ed se lleg\u00f3 a algunas conclusiones <a href=\"http:\/\/www.proyectoallen.com.ar\/3\/?p=3163\">ver aqu\u00ed<\/a>.<\/p>\n<p style=\"text-align: justify;\"><a href=\"http:\/\/www.proyectoallen.com.ar\/3\/wp-content\/uploads\/2012\/11\/64520_200383896763453_614718950_n.jpg\"><img loading=\"lazy\" decoding=\"async\" class=\"aligncenter size-medium wp-image-3169\" title=\"64520_200383896763453_614718950_n\" src=\"http:\/\/www.proyectoallen.com.ar\/3\/wp-content\/uploads\/2012\/11\/64520_200383896763453_614718950_n-300x156.jpg\" alt=\"\" width=\"300\" height=\"156\" srcset=\"https:\/\/www.proyectoallen.com.ar\/3\/wp-content\/uploads\/2012\/11\/64520_200383896763453_614718950_n-300x156.jpg 300w, https:\/\/www.proyectoallen.com.ar\/3\/wp-content\/uploads\/2012\/11\/64520_200383896763453_614718950_n-250x130.jpg 250w, https:\/\/www.proyectoallen.com.ar\/3\/wp-content\/uploads\/2012\/11\/64520_200383896763453_614718950_n.jpg 960w\" sizes=\"auto, (max-width: 300px) 100vw, 300px\" \/><\/a><\/p>\n<p style=\"text-align: justify;\">La <strong><em>Asamblea Permanente del Comahue por el Agua Allen (APCAA)<\/em><\/strong> intent\u00f3 realizar un recorrido el d\u00eda martes 30 por el repositorio ubicado en el Aeroclub allense y por la actitud de la empresa Apache y de funcionarios de organismos provinciales decidieron llamar a una <a href=\"http:\/\/www.facebook.com\/photo.php?fbid=487133644651034&amp;set=a.335565593141174.83192.322540934443640&amp;type=1&amp;theater\">Conferencia de Prensa.<\/a><\/p>\n<div id=\"attachment_3170\" style=\"width: 310px\" class=\"wp-caption aligncenter\"><a href=\"http:\/\/www.proyectoallen.com.ar\/3\/wp-content\/uploads\/2012\/11\/602294_487133644651034_1746595623_n.png\"><img loading=\"lazy\" decoding=\"async\" aria-describedby=\"caption-attachment-3170\" class=\"size-medium wp-image-3170\" title=\"602294_487133644651034_1746595623_n\" src=\"http:\/\/www.proyectoallen.com.ar\/3\/wp-content\/uploads\/2012\/11\/602294_487133644651034_1746595623_n-300x225.png\" alt=\"\" width=\"300\" height=\"225\" srcset=\"https:\/\/www.proyectoallen.com.ar\/3\/wp-content\/uploads\/2012\/11\/602294_487133644651034_1746595623_n-300x225.png 300w, https:\/\/www.proyectoallen.com.ar\/3\/wp-content\/uploads\/2012\/11\/602294_487133644651034_1746595623_n-250x187.png 250w, https:\/\/www.proyectoallen.com.ar\/3\/wp-content\/uploads\/2012\/11\/602294_487133644651034_1746595623_n.png 600w\" sizes=\"auto, (max-width: 300px) 100vw, 300px\" \/><\/a><p id=\"caption-attachment-3170\" class=\"wp-caption-text\">Asamblea por el Agua (APCAA)<\/p><\/div>\n<p style=\"text-align: justify;\">El documento por el toxitour, y que Proyecto Allen difundi\u00f3 en su pagina, gener\u00f3 este debate<a href=\"http:\/\/www.facebook.com\/photo.php?fbid=356170244475174&amp;set=a.241333382625528.55864.230052660420267&amp;type=1&amp;theater\">\u00a0 ver aqui<\/a>.<\/p>\n<h3 style=\"text-align: justify;\"><strong>Es importante analizar este proceso a la luz de los \u00faltimos acontecimientos.<\/strong><strong> <\/strong><\/h3>\n<h3 style=\"text-align: justify;\"><strong>Desde 2008 (ver links abajo) hasta la fecha la agrupaci\u00f3n Sanidarios ha denunciado a los responsables. <\/strong><\/h3>\n<h3 style=\"text-align: justify;\"><strong>Sanidarios no responde a NING\u00daN GOBIERNO pues viene denunciando ante quien corresponde desde que inciaron sus actividades.<\/strong><\/h3>\n<p>En Allen se hace extraccion NO Convencional: fracturaci\u00f3n hidr\u00e1ulica o multifractura pues:<\/p>\n<p style=\"text-align: justify;\">\u00abEl hidrocarburo est\u00e1 acumulado en los poros y fisuras de ciertas rocas sedimentarias estratificadas de grano fino o muy fino, arcillosas o pizarra, tienen poros muy peque\u00f1os y son muy poco permeables por lo que impiden la liberaci\u00f3n del combustible. Para obtenerlo, se practica <strong>una perforaci\u00f3n vertical (en realidad cientos de ellas)<\/strong> hasta alcanzar el objetivo y luego contin\u00faa en forma horizontal y profunda, horadando la roca e inyect\u00e1ndole millones de litros de agua con un c\u00f3ctel qu\u00edmico y un s\u00f3lido poroso, como la arena, para que mantenga abierta la fractura y permita el escape de los hidrocarburos. Eso es el fracking, o fractura hidr\u00e1ulica. El producto obtenido, tight gas sands, de arenas compactas y Shale gas y shale oil de roca de esquisto\/pizarra\u00bb (<a href=\"http:\/\/renace.net\/wp-content\/uploads\/2012\/09\/Cartilla-Fractura-Hidr%C3%A1ulica-o-Fracking-versi%C3%B3n-para-imprimir.pdf\">Cartilla sobre fractura hidr\u00e1ulica<\/a>)<\/p>\n<p style=\"text-align: justify;\"><strong>Fracturaci\u00f3n hidr\u00e1ulica o multifractura (operaci\u00f3n de fracturas m\u00faltiples, pozo horizontal) es el mismo problema. Vaca Muerta es la primer multifractura de YPF.<br \/>\n<\/strong><\/p>\n<p style=\"text-align: justify;\"><a href=\"http:\/\/www.rionegro.com.ar\/diario\/primera-multifractura-de-ypf-en-vaca-muerta-995976-9701-nota.aspx\">Vaca Muerta<\/a><\/p>\n<p style=\"text-align: justify;\"><a href=\"http:\/\/www.energypress.com.ar\/index.php?r=noticias\/verNoticia&amp;q=58628&amp;PHPSESSID=a4fk3h0kg42e6b6nvllf5fh8h0\">Primer multifractura<\/a><\/p>\n<p style=\"text-align: justify;\"><a href=\"http:\/\/www.noticiasonline.org\/index.php?option=com_content&amp;view=article&amp;id=5979:neuquen-tiene-el-primer-pozo-multifracturado-de-gas-de-arcillas-compactas-de-latinoamerica&amp;catid=34:servicios2&amp;Itemid=19\">Neuqu\u00e9n primer poso multifracturado<\/a><\/p>\n<pre style=\"text-align: justify;\"><a href=\"http:\/\/www.iapg.org.ar\/noticias\/201127\/noticias1.htm\">Apache logra el primer pozo horizontal multifracturado con objetivo <em>shale gas<\/em> de la regi\u00f3n<\/a><\/pre>\n<p style=\"text-align: justify;\">SANIDARIOS YA EN 2009 DEC\u00cdA ESTO\u00a0<strong> de la Universidad Nacional de R\u00edo Negro (UNRN).<\/strong><\/p>\n<p style=\"text-align: justify;\">\u201cSe complica as\u00ed a\u00fan m\u00e1s la UNRN en su actitud de promover la derogaci\u00f3n de la Ley N\u00ba 3981 que proh\u00edbe la miner\u00eda metal\u00edfera con el uso de cianuro y mercurio mezclado con agua en la Provincia de R\u00edo Negro; una actitud que condice con la conducta de tantas Universidades de la Rep\u00fablica Argentina, quienes sumisas aceptaron la d\u00e1diva de estas corruptas empresas mineras de la degradaci\u00f3n ambiental, la contaminaci\u00f3n h\u00eddrica, el saqueo, y el desquicio social\u201d, expresaron los asamble\u00edstas\u00bb Elvio Mendioroz, 2009).<\/p>\n<p style=\"text-align: justify;\"><a href=\"http:\/\/noticiasmineras.mining.com\/2009\/11\/02\/sigue-polemica-entre-unrn-y-sanidarios-por-mineria-hidro-toxica\/\"><strong>\u00a0<\/strong><\/a><a href=\"http:\/\/vecinosautoconvocadosgregores.blogspot.com.ar\/2009\/08\/posible-reunion-de-la-asamblea-de.html\"><strong>Universidad Nacional de R\u00edo Negro<\/strong><\/a><\/p>\n<p style=\"text-align: justify;\">\u00a0<strong>Sanidarios<\/strong> <a href=\"http:\/\/cyt-ar.com.ar\/cyt-ar\/index.php\/Asamblea_por_la_Sanidad_de_la_Cuenca_del_lago_Nahuel_Huapi_y_los_r%C3%ADos_Limay,_Neuqu%C3%A9n_y_Negro\">ver aqu\u00ed que es<\/a> trabaja desde 2009, cuando nace como grupo. Proyecto Allen los ha apoyado difundiendo sus correos desde hace m\u00e1s de 2 a\u00f1os.<\/p>\n<p style=\"text-align: justify;\"><strong>SANIDARIOS<\/strong> han denunciado a gobiernos (provinciales de R\u00edo Negro y Neuquen) locales y provinciales, tambi\u00e9n a empresas <strong>desde 2009<\/strong>.<\/p>\n<p style=\"text-align: justify;\"><strong>No es contra el nuevo gobierno que comienzan a organizarse las Asambleas y tampoco reci\u00e9n comienzan a hacer denuncias.<\/strong><\/p>\n<p style=\"text-align: justify;\">Proyecto Allen acompa\u00f1a a TODOS aquellos que trabajen por hacer de Allen un lugar mejor.<\/p>\n<p style=\"text-align: justify;\">No queremos una ciudad petrolera y esto no es nuevo: el petroleo a pesar de lo que dicen, tiene fecha de vencimiento. Es pan para hoy y hambre para ma\u00f1ana. Como el petroleo se acaba en el mundo estan sacando donde y como sea.<\/p>\n<p style=\"text-align: justify;\">No se olviden que:<\/p>\n<p style=\"text-align: center;\">La t\u00e9cnica de fractura hidr\u00e1ulica se utilizan <strong>30 millones de litros de agua<\/strong>, que actualmente son extra\u00eddos de nuestro r\u00edo sin ning\u00fan control. A estos se los contamina deliberadamente con <strong>m\u00e1s de 600 qu\u00edmicos diferentes<\/strong> para ser <strong>inyectados a presi\u00f3n a 3000 metros bajo tierra.<\/strong> De \u00e9ste agua <strong>s\u00f3lo emerge nuevamente alrededor del 50%<\/strong> \u00a0y se coloca en<strong> piletones que se encuentran en la zona de bardas, muy cerca del aeroclub<\/strong>. <strong>El agua se filtra en la tierra a pesar de las protecciones y se deja evaporar<\/strong>. <strong>Los vecinos sienten sus emanaciones nauseabundas. El resto del agua queda bajo tierra y se filtra a las napas de agua. <\/strong><\/p>\n<h4 style=\"text-align: justify;\"><\/h4>\n<h3 style=\"text-align: justify;\"><em><strong>Queremos una ciudad productora de alimentos pues es lo que permite, a\u00f1o a a\u00f1o, dar trabajo a muchisima gente de Allen y de otras provincias.<\/strong><\/em><\/h3>\n<pre style=\"text-align: center;\"><em><strong>\u00bfSab\u00edas que?<\/strong><\/em><\/pre>\n<pre style=\"text-align: center;\"><em><strong>Apache es \"padrino\" de la escuela 79 \"Guido Brevi\"<\/strong><\/em><\/pre>\n<p>&nbsp;<\/p>\n<p>&nbsp;<\/p>\n<p><em><strong>Algo m\u00e1s:<\/strong><\/em><\/p>\n<pre style=\"text-align: center;\"><strong> Sanidarios en acci\u00f3n.<\/strong><\/pre>\n<pre style=\"text-align: justify;\"><strong>2008 (y gobernaba la UCR):<\/strong><\/pre>\n<pre><a href=\"http:\/\/www.ddbariloche.com.ar\/nota_Sanidarios-acudiran-a-Justicia-Federal-contra-la-AIC-por-contaminacion-de-rios-.html\">Sanidarios acudir\u00e1n a Justicia Federal contra la AIC por contaminaci\u00f3n de r\u00edos<\/a><\/pre>\n<pre><a href=\"http:\/\/www.fusionsistemas.com\/~mensajer\/index.php\/413-sanidarios-reiteraron-rechazo-a-qmineria-hidrotoxicaq-y-uso-del-cianuro.html\">SANIDARIOS reiteraron rechazo a \"miner\u00eda hidrot\u00f3xica\" y uso del cianuro<\/a><\/pre>\n<pre><strong>2009:<\/strong><\/pre>\n<pre><a href=\"http:\/\/www.elsurhoy.com.ar\/home\/1697?tmpl=component&amp;print=1&amp;page=0\">\u00bfComplicidad empresarial? <\/a>\r\n\r\n<a href=\"http:\/\/rionegrocontaminada.blogspot.com.ar\/2009\/10\/asamblea-sanidarios-nahuel-huapi-limay.html\">CONVOCATORIA A ASAMBLEA SANIDARIOS<\/a>\r\n\r\n<a href=\"http:\/\/opsur.wordpress.com\/2009\/11\/28\/conclusiones-de-la-asamblea-de-sanidarios-en-fiske-menuco\/\">Sanidarios: conclusiones de la asamblea en Fiske Menuco, R\u00edo Negro<\/a>\r\n\r\n<a href=\"http:\/\/www.adital.com.br\/site\/noticia_imp.asp?cod=42443&amp;lang=ES\">Reverdecer de la miner\u00eda hidro-t\u00f3xica en R\u00edo Negro<\/a>\r\n\r\n<a href=\"http:\/\/noticiasmineras.mining.com\/2009\/11\/02\/sigue-polemica-entre-unrn-y-sanidarios-por-mineria-hidro-toxica\/\">Sigue pol\u00e9mica entre UNRN y Sanidarios por miner\u00eda hidro-t\u00f3xica<\/a><\/pre>\n<pre><strong>2010:<\/strong><\/pre>\n<pre><a href=\"http:\/\/www.noalamina.org\/mineria-argentina\/mineria-rio-negro\/2010-07-23-18-03-46-2\">Conclusiones de la Asamblea SANIDARIOS<\/a>\r\n\r\n<a href=\"http:\/\/www.diariolapalabra.com.ar\/noticia\/28936\/ahora-los-sanidarios-analizaran-el-proyecto-de-trasvase#.UJexameAocc\">Ahora los SANIDARIOS analizar\u00e1n el proyecto de trasvase<\/a>\r\n\r\n<a href=\"http:\/\/prensadelpueblo.blogspot.com.ar\/2010\/01\/la-asamblea-sanidarios-denuncia-nuevos.html\">LA ASAMBLEA SANIDARIOS DENUNCIA NUEVOS ATENTADOS A FM ARCOIRIS DE LONCOPUE <\/a>\r\n\r\n<a href=\"http:\/\/www.diariolapalabra.com.ar\/noticia\/32481\/www.surea.com.ar#.UJe34meAocc\">Roca: Unas 50 entidades reclamar\u00e1n por la \"entrega de tierras al extranjero\"<\/a>\r\n\r\n<a href=\"http:\/\/prensadelpueblo.blogspot.com.ar\/2010_08_16_archive.html\">AMBIENTALISTAS EXIGEN PARTICIPAR EN COMISI\u00d3N INTERLEGISLATIVA<\/a><\/pre>\n<pre><strong>2011:<\/strong><\/pre>\n<pre><a href=\"http:\/\/www.treslineas.com.ar\/sanidarios-acudiran-justicia-federal-contrar-contaminacion-rios-n-475599.html\">Sanidarios acudir\u00e1n a Justicia Federal contrar la AIC por contaminaci\u00f3n de r\u00edos<\/a>\r\n\r\n<a href=\"http:\/\/www.conflictosmineros.net\/contenidos\/3-latinoamerica\/8441-informe-confirma-contaminacion-de-cuenca-del-rio-negro\">Informe confirma contaminaci\u00f3n en la Cuenca<\/a>\r\n\r\n<a href=\"http:\/\/fmgentederadio.radioteca.net\/leer.php\/161396 Las mineras dicen que no tienen suficiente agua \">Se decidi\u00f3 formular una denuncia a la Autoridad Interjurisdiccional de Cuencas AIC a trav\u00e9s de la Fiscal\u00eda de la Justicia Federal <\/a><\/pre>\n<pre><a href=\"http:\/\/bloglemu.blogspot.com.ar\/2011\/10\/las-mineras-dicen-que-no-tienen.html\">Las mineras dicen que no tienen suficiente agua<\/a><\/pre>\n<h5><a href=\"http:\/\/atealtovalle.blogspot.com.ar\/2011\/06\/asamblea-regional-por-la-soberania.html\">Asamblea regional por la SOBERAN\u00cdA ALIMENTARIA<\/a> <strong><\/strong><\/h5>\n<pre>2012:<\/pre>\n<pre><strong><a href=\"http:\/\/www.noalamina.org\/mineria-argentina\/mineria-general\/amplio-conjunto-de-organizaciones-rechaza-potasio-rio-colorado\">Rechazo del Potasio en Rio Colorado<\/a> <\/strong><\/pre>\n<h5><strong>En Allen la Asamblea analiz\u00f3:<\/strong><br \/>\n&#8211; Denuncia colectiva presentada ante la Fiscal\u00eda de Justicia Federal<br \/>\npor la eutrofizaci\u00f3n y contaminaci\u00f3n industrial, petrolera, agroqu\u00edmica y cloacal<br \/>\nde la cuenca del lago Nahuel Huapi y los r\u00edos Limay, Neuqu\u00e9n y Negro,<br \/>\ny la responsabilidad de la Autoridad Interjurisdiccional de Cuencas AIC al respecto.<br \/>\nCausa 670\/11 \u2013 Fiscal\u00eda Justicia Federal de Viedma \u2013 Bariloche \u2013 Neuqu\u00e9n \u2013 General Roca \u2013 Bah\u00eda Blanca)<br \/>\n\u2013 Anuencia a fin de presentar la denuncia ante la Defensor\u00eda del Pueblo de la Provincia de R\u00edo Negro<br \/>\n\u2013 Nuevos testimonios de contaminaci\u00f3n.<\/h5>\n<pre><a href=\"http:\/\/www.ina.gov.ar\/pdf\/ifrrhh\/01_003_Carrizo.pdf\">Trabajo de investigaci\u00f3n sobre las luchas ciudadanas por el agua en contextos de contaminaci\u00f3n que tienenlugar en dos provincias, C\u00f3rdoba y R\u00edo Negro (2011).<\/a><\/pre>\n<pre><a href=\"http:\/\/petroenergia.net\/noticias.php\">Aca podes ver todos los negocios en torno al petroleo y el gas <\/a><\/pre>\n<p><a href=\"http:\/\/www.proyectoallen.com.ar\/3\/wp-content\/uploads\/2012\/11\/Peraquenosespera-Chelocandia.jpg\"><img loading=\"lazy\" decoding=\"async\" class=\"aligncenter size-full wp-image-3173\" title=\"Peraquenosespera-Chelocandia\" src=\"http:\/\/www.proyectoallen.com.ar\/3\/wp-content\/uploads\/2012\/11\/Peraquenosespera-Chelocandia.jpg\" alt=\"\" width=\"654\" height=\"912\" srcset=\"https:\/\/www.proyectoallen.com.ar\/3\/wp-content\/uploads\/2012\/11\/Peraquenosespera-Chelocandia.jpg 654w, https:\/\/www.proyectoallen.com.ar\/3\/wp-content\/uploads\/2012\/11\/Peraquenosespera-Chelocandia-215x300.jpg 215w, https:\/\/www.proyectoallen.com.ar\/3\/wp-content\/uploads\/2012\/11\/Peraquenosespera-Chelocandia-250x348.jpg 250w\" sizes=\"auto, (max-width: 654px) 100vw, 654px\" \/><\/a><\/p>\n","protected":false},"excerpt":{"rendered":"<p>\u00a0El s\u00e1bado 27\/10 se realiz\u00f3 una Asamblea impulsaba por Sanidarios de la Cuenca del lago Nahuel Huapi y los r\u00edos Limay, Neuqu\u00e9n y Negro. La jornada fue resolutiva y de \u00abcapacitaci\u00f3n\u00bb, en la que&#46;&#46;&#46;<\/p>\n","protected":false},"author":2,"featured_media":0,"comment_status":"open","ping_status":"open","sticky":false,"template":"","format":"standard","meta":{"ngg_post_thumbnail":0,"footnotes":""},"categories":[24],"tags":[],"class_list":["post-3161","post","type-post","status-publish","format-standard","hentry","category-no-al-fracking-en-allen"],"jetpack_featured_media_url":"","_links":{"self":[{"href":"https:\/\/www.proyectoallen.com.ar\/3\/index.php?rest_route=\/wp\/v2\/posts\/3161","targetHints":{"allow":["GET"]}}],"collection":[{"href":"https:\/\/www.proyectoallen.com.ar\/3\/index.php?rest_route=\/wp\/v2\/posts"}],"about":[{"href":"https:\/\/www.proyectoallen.com.ar\/3\/index.php?rest_route=\/wp\/v2\/types\/post"}],"author":[{"embeddable":true,"href":"https:\/\/www.proyectoallen.com.ar\/3\/index.php?rest_route=\/wp\/v2\/users\/2"}],"replies":[{"embeddable":true,"href":"https:\/\/www.proyectoallen.com.ar\/3\/index.php?rest_route=%2Fwp%2Fv2%2Fcomments&post=3161"}],"version-history":[{"count":8,"href":"https:\/\/www.proyectoallen.com.ar\/3\/index.php?rest_route=\/wp\/v2\/posts\/3161\/revisions"}],"predecessor-version":[{"id":3172,"href":"https:\/\/www.proyectoallen.com.ar\/3\/index.php?rest_route=\/wp\/v2\/posts\/3161\/revisions\/3172"}],"wp:attachment":[{"href":"https:\/\/www.proyectoallen.com.ar\/3\/index.php?rest_route=%2Fwp%2Fv2%2Fmedia&parent=3161"}],"wp:term":[{"taxonomy":"category","embeddable":true,"href":"https:\/\/www.proyectoallen.com.ar\/3\/index.php?rest_route=%2Fwp%2Fv2%2Fcategories&post=3161"},{"taxonomy":"post_tag","embeddable":true,"href":"https:\/\/www.proyectoallen.com.ar\/3\/index.php?rest_route=%2Fwp%2Fv2%2Ftags&post=3161"}],"curies":[{"name":"wp","href":"https:\/\/api.w.org\/{rel}","templated":true}]}}