{"id":3403,"date":"2012-11-25T06:45:02","date_gmt":"2012-11-25T06:45:02","guid":{"rendered":"http:\/\/www.proyectoallen.com.ar\/3\/?p=3403"},"modified":"2012-11-25T06:46:59","modified_gmt":"2012-11-25T06:46:59","slug":"mas-de-medio-siglo-despues","status":"publish","type":"post","link":"https:\/\/www.proyectoallen.com.ar\/3\/?p=3403","title":{"rendered":"M\u00c1S DE MEDIO SIGLO DESPU\u00c9S"},"content":{"rendered":"<p style=\"text-align: justify;\"><em><span style=\"font-family: Arial;\">Buscar en archivos de computadora y cajas de fotos que hac\u00eda mucho que no se abr\u00edan, lleva su tiempo. Aqu\u00ed les adjunto algunas que he encontrado y que, yo dir\u00eda, son FOTOS CON HISTORIA. Adem\u00e1s complementan lo que les cont\u00e9 en \u00ab46 A\u00d1OS DESPU\u00c9S\u00bb<\/span>. Celso Araujo<\/em><!--more Seguir leyendo...--><\/p>\n<div style=\"text-align: justify;\"><span style=\"font-family: Arial;\">La primera de las fotos fue sacada casi al a\u00f1o de haber llegado a Allen (en enero de 1956). Como es m\u00e1s que evidente Mar\u00eda Teresa est\u00e1 embarazada y es de nuestro primer hijo: Ra\u00fal, de quien ya les he comentado. Tambi\u00e9n estoy yo, mis padres y la madre de mi esposa. Detr\u00e1s se ve claramente,aunque no completo, un letrero que dice lo que tambi\u00e9n les he comentado: La academia que puso Mar\u00eda Teresa y en la que, entre otras materias,\u00a0ense\u00f1aba dactilograf\u00eda. Esta academia funcionaba en lo que fue nuestra primera casa, muy precaria por cierto, pero era lo que pod\u00edamos pagar. Enmarcando la puerta se ve un cerco de tamariscos que era com\u00fan a tres viviendas en que se hab\u00eda dividido una capilla que existi\u00f3 en ese lugar. La propiedad era de Antonio Ton\u00f3n, que abarcaba adem\u00e1s la esquina de San Mart\u00edn y Roca y llegaba hasta mitad de cuadra de esta \u00faltima, donde estaba su muebler\u00eda. Nosotros est\u00e1bamos sobre San Mart\u00edn en la cuadra del 500 y por el centro de la calle corr\u00eda un canalito de donde nos prove\u00edamos de agua mediante una bomba manual que luego deb\u00edamos filtrar. Vale recordar que durante la \u00e9poca de limpieza de los canales se cortaba el agua y un cami\u00f3n municipal se encargaba de llenarnos un tanque de 200 litros. <\/span><\/div>\n<div style=\"text-align: justify;\"><a href=\"http:\/\/www.proyectoallen.com.ar\/3\/wp-content\/uploads\/2012\/11\/escanear0111_2-Medium.jpg\"><img loading=\"lazy\" decoding=\"async\" class=\"aligncenter  wp-image-3405\" title=\"escanear0111_2 (Medium)\" src=\"http:\/\/www.proyectoallen.com.ar\/3\/wp-content\/uploads\/2012\/11\/escanear0111_2-Medium-1024x702.jpg\" alt=\"\" width=\"614\" height=\"421\" srcset=\"https:\/\/www.proyectoallen.com.ar\/3\/wp-content\/uploads\/2012\/11\/escanear0111_2-Medium-1024x702.jpg 1024w, https:\/\/www.proyectoallen.com.ar\/3\/wp-content\/uploads\/2012\/11\/escanear0111_2-Medium-300x205.jpg 300w, https:\/\/www.proyectoallen.com.ar\/3\/wp-content\/uploads\/2012\/11\/escanear0111_2-Medium-250x171.jpg 250w, https:\/\/www.proyectoallen.com.ar\/3\/wp-content\/uploads\/2012\/11\/escanear0111_2-Medium.jpg 1120w\" sizes=\"auto, (max-width: 614px) 100vw, 614px\" \/><\/a><\/div>\n<div style=\"text-align: justify;\">\u00a0<span style=\"font-family: Arial;\">En la segunda foto, donde est\u00e1n Mar\u00eda Teresa y Ra\u00fal, muy poco despu\u00e9s de su nacimiento, se puede apreciar la precariedad comentada. All\u00ed est\u00e1 el tanque de agua, el filtro\u00a0y\u00a0la intimidad de un patio con todas sus carencias. Aclaro que en aquel momento nos faltaba de todo, pero no nos quej\u00e1bamos y nos sobraba felicidad, entusiasmo y deseos de progresar.<\/span><\/div>\n<div style=\"text-align: justify;\"><a href=\"http:\/\/www.proyectoallen.com.ar\/3\/wp-content\/uploads\/2012\/11\/escanear0045-Medium.jpg\"><img loading=\"lazy\" decoding=\"async\" class=\"aligncenter  wp-image-3406\" title=\"escanear0045 (Medium)\" src=\"http:\/\/www.proyectoallen.com.ar\/3\/wp-content\/uploads\/2012\/11\/escanear0045-Medium-1024x754.jpg\" alt=\"\" width=\"614\" height=\"452\" srcset=\"https:\/\/www.proyectoallen.com.ar\/3\/wp-content\/uploads\/2012\/11\/escanear0045-Medium-1024x754.jpg 1024w, https:\/\/www.proyectoallen.com.ar\/3\/wp-content\/uploads\/2012\/11\/escanear0045-Medium-300x221.jpg 300w, https:\/\/www.proyectoallen.com.ar\/3\/wp-content\/uploads\/2012\/11\/escanear0045-Medium-250x184.jpg 250w, https:\/\/www.proyectoallen.com.ar\/3\/wp-content\/uploads\/2012\/11\/escanear0045-Medium.jpg 1042w\" sizes=\"auto, (max-width: 614px) 100vw, 614px\" \/><\/a><\/div>\n<div style=\"text-align: justify;\"><span style=\"font-family: Arial;\">En las fotos tercera y cuarta, estamos en la plaza aprovechando el tibio sol del invierno de 1957. Segu\u00edamos viviendo en la misma casa que estaba a media cuadra de la plaza.<\/span><\/div>\n<div style=\"text-align: justify;\"><a href=\"http:\/\/www.proyectoallen.com.ar\/3\/wp-content\/uploads\/2012\/11\/escanear0039-Medium.jpg\"><img loading=\"lazy\" decoding=\"async\" class=\"aligncenter size-medium wp-image-3407\" title=\"escanear0039 (Medium)\" src=\"http:\/\/www.proyectoallen.com.ar\/3\/wp-content\/uploads\/2012\/11\/escanear0039-Medium-204x300.jpg\" alt=\"\" width=\"204\" height=\"300\" srcset=\"https:\/\/www.proyectoallen.com.ar\/3\/wp-content\/uploads\/2012\/11\/escanear0039-Medium-204x300.jpg 204w, https:\/\/www.proyectoallen.com.ar\/3\/wp-content\/uploads\/2012\/11\/escanear0039-Medium-250x367.jpg 250w, https:\/\/www.proyectoallen.com.ar\/3\/wp-content\/uploads\/2012\/11\/escanear0039-Medium.jpg 523w\" sizes=\"auto, (max-width: 204px) 100vw, 204px\" \/><\/a><a href=\"http:\/\/www.proyectoallen.com.ar\/3\/wp-content\/uploads\/2012\/11\/escanear0052-Medium.jpg\"><img loading=\"lazy\" decoding=\"async\" class=\"aligncenter  wp-image-3408\" title=\"escanear0052 (Medium)\" src=\"http:\/\/www.proyectoallen.com.ar\/3\/wp-content\/uploads\/2012\/11\/escanear0052-Medium-1024x727.jpg\" alt=\"\" width=\"614\" height=\"436\" srcset=\"https:\/\/www.proyectoallen.com.ar\/3\/wp-content\/uploads\/2012\/11\/escanear0052-Medium-1024x727.jpg 1024w, https:\/\/www.proyectoallen.com.ar\/3\/wp-content\/uploads\/2012\/11\/escanear0052-Medium-300x213.jpg 300w, https:\/\/www.proyectoallen.com.ar\/3\/wp-content\/uploads\/2012\/11\/escanear0052-Medium-250x177.jpg 250w, https:\/\/www.proyectoallen.com.ar\/3\/wp-content\/uploads\/2012\/11\/escanear0052-Medium.jpg 1081w\" sizes=\"auto, (max-width: 614px) 100vw, 614px\" \/><\/a><\/div>\n<div style=\"text-align: justify;\">\n<div><span style=\"font-family: Arial;\">Las fotos siguientes, la quinta y la sexta, no es de aquella \u00e9poca; las tomamos en el 2010 cuando fuimos a reencontrarnos con aquellos a\u00f1orados tiempos. La quinta es una pared que tapa el terreno donde estaba la casa comentada y la sexta es lo que queda de lo que fue nuestro primer hogar.\u00a0Para mejor referencia les informo que enfrente est\u00e1 (o estaba si se mud\u00f3) una pasteler\u00eda que hace (seg\u00fan nuestros amigos allenses) las m\u00e1s ricas tortas.<\/span><\/div>\n<div><\/div>\n<\/div>\n<div><a href=\"http:\/\/www.proyectoallen.com.ar\/3\/wp-content\/uploads\/2012\/11\/Nuestras-im\u00e1gines347-Medium.jpg\"><img loading=\"lazy\" decoding=\"async\" class=\"aligncenter size-medium wp-image-3409\" title=\"Nuestras im\u00e1gines347 (Medium)\" src=\"http:\/\/www.proyectoallen.com.ar\/3\/wp-content\/uploads\/2012\/11\/Nuestras-im\u00e1gines347-Medium-300x200.jpg\" alt=\"\" width=\"300\" height=\"200\" srcset=\"https:\/\/www.proyectoallen.com.ar\/3\/wp-content\/uploads\/2012\/11\/Nuestras-im\u00e1gines347-Medium-300x200.jpg 300w, https:\/\/www.proyectoallen.com.ar\/3\/wp-content\/uploads\/2012\/11\/Nuestras-im\u00e1gines347-Medium-1024x682.jpg 1024w, https:\/\/www.proyectoallen.com.ar\/3\/wp-content\/uploads\/2012\/11\/Nuestras-im\u00e1gines347-Medium-250x166.jpg 250w, https:\/\/www.proyectoallen.com.ar\/3\/wp-content\/uploads\/2012\/11\/Nuestras-im\u00e1gines347-Medium.jpg 1152w\" sizes=\"auto, (max-width: 300px) 100vw, 300px\" \/><\/a><\/div>\n<div><a href=\"http:\/\/www.proyectoallen.com.ar\/3\/wp-content\/uploads\/2012\/11\/Nuestras-im\u00e1gines345-Medium.jpg\"><img loading=\"lazy\" decoding=\"async\" class=\"aligncenter size-medium wp-image-3410\" title=\"Nuestras im\u00e1gines345 (Medium)\" src=\"http:\/\/www.proyectoallen.com.ar\/3\/wp-content\/uploads\/2012\/11\/Nuestras-im\u00e1gines345-Medium-300x200.jpg\" alt=\"\" width=\"300\" height=\"200\" srcset=\"https:\/\/www.proyectoallen.com.ar\/3\/wp-content\/uploads\/2012\/11\/Nuestras-im\u00e1gines345-Medium-300x200.jpg 300w, https:\/\/www.proyectoallen.com.ar\/3\/wp-content\/uploads\/2012\/11\/Nuestras-im\u00e1gines345-Medium-1024x682.jpg 1024w, https:\/\/www.proyectoallen.com.ar\/3\/wp-content\/uploads\/2012\/11\/Nuestras-im\u00e1gines345-Medium-250x166.jpg 250w, https:\/\/www.proyectoallen.com.ar\/3\/wp-content\/uploads\/2012\/11\/Nuestras-im\u00e1gines345-Medium.jpg 1152w\" sizes=\"auto, (max-width: 300px) 100vw, 300px\" \/><\/a><\/div>\n<div><\/div>\n<div style=\"text-align: justify;\"><span style=\"font-family: Arial;\">En la s\u00e9ptima ya Ra\u00fal cumpl\u00eda 2 a\u00f1os y Rodolfo andaba por los 5 meses (estamos en 1959). Lo que no se ve en esa foto es que ya no est\u00e1bamos en la misma casa. Nuestro nuevo domicilio era en la calle Roca\u00a0136. Esta casa ya ten\u00eda las comodidades necesarias. Aqu\u00ed hab\u00eda agua corriente y muy poco tiempo despu\u00e9s lleg\u00f3 el gas para todo el pueblo. \u00bfQueda claro que nuestra situaci\u00f3n econ\u00f3mica estaba mejorando? En esta casa, adem\u00e1s de la academia, Mar\u00eda Teresa instal\u00f3 el Jard\u00edn de Infantes Pinocho y, aunque en la foto no se ve, posamos sentados en una de las mesitas de aquel Jard\u00edn. Un tiempo despu\u00e9s instal\u00f3 el negocio, previas reformas del comedor que daba a la calle. Cuando fuimos en el 2010 (no sacamos foto) vimos que la puerta de entrada, construida en \u00e1ngulo, sigue estando all\u00ed. Verdinelli deber\u00eda estar orgulloso de su trabajo.<\/span><\/div>\n<div style=\"text-align: justify;\"><\/div>\n<div style=\"text-align: justify;\"><a href=\"http:\/\/www.proyectoallen.com.ar\/3\/wp-content\/uploads\/2012\/11\/2-Medium1.jpg\"><img loading=\"lazy\" decoding=\"async\" class=\"aligncenter  wp-image-3411\" title=\"2 (Medium)\" src=\"http:\/\/www.proyectoallen.com.ar\/3\/wp-content\/uploads\/2012\/11\/2-Medium1-1024x718.jpg\" alt=\"\" width=\"614\" height=\"431\" srcset=\"https:\/\/www.proyectoallen.com.ar\/3\/wp-content\/uploads\/2012\/11\/2-Medium1-1024x718.jpg 1024w, https:\/\/www.proyectoallen.com.ar\/3\/wp-content\/uploads\/2012\/11\/2-Medium1-300x210.jpg 300w, https:\/\/www.proyectoallen.com.ar\/3\/wp-content\/uploads\/2012\/11\/2-Medium1-250x175.jpg 250w, https:\/\/www.proyectoallen.com.ar\/3\/wp-content\/uploads\/2012\/11\/2-Medium1.jpg 1095w\" sizes=\"auto, (max-width: 614px) 100vw, 614px\" \/><\/a><\/div>\n<div style=\"text-align: justify;\"><\/div>\n<div style=\"text-align: justify;\">\n<div><span style=\"font-family: Arial;\">La \u00faltima foto (la octava) la saqu\u00e9 para presentar en un concurso que organiz\u00f3 la C\u00e1mara Junior y, como supondr\u00e1n, fue preparada. Pero lo hist\u00f3rico est\u00e1 en que estamos en el que fue nuestro tercero y \u00faltimo domicilio en Allen. La casa estaba y est\u00e1 en la calle Espa\u00f1a en la cuadra del 200 (no recuerdo el n\u00famero exacto) y ten\u00edamos como vecina a Do\u00f1a Paula Mart\u00ednez, una excelente persona de raza negra de quien recibimos ayuda y cari\u00f1o. A trav\u00e9s de la ventana se puede ver un terreno bald\u00edo. Hoy est\u00e1 ah\u00ed la ampliaci\u00f3n del secundario Mariano Moreno; entonces se hab\u00eda edificado\u00a0solamente la esquina. Tambi\u00e9n se ve un auto: es un Rambler\u00a0\u00faltimo modelo y, aunque lo usaba yo, era de Foca.\u00a0Esto \u00faltimo podr\u00eda interpretarse como\u00a0vanidad; mi intenci\u00f3n es nada m\u00e1s que mostrar la generosidad de Allen, donde con esfuerzo y sacrificio, se pod\u00eda progresar.\u00a0<\/span><\/div>\n<div><\/div>\n<\/div>\n<p style=\"text-align: center;\"><a href=\"http:\/\/www.proyectoallen.com.ar\/3\/wp-content\/uploads\/2012\/11\/1-Medium.jpg\"><img loading=\"lazy\" decoding=\"async\" class=\"aligncenter  wp-image-3404\" title=\"1 (Medium)\" src=\"http:\/\/www.proyectoallen.com.ar\/3\/wp-content\/uploads\/2012\/11\/1-Medium-1024x718.jpg\" alt=\"\" width=\"614\" height=\"431\" srcset=\"https:\/\/www.proyectoallen.com.ar\/3\/wp-content\/uploads\/2012\/11\/1-Medium-1024x718.jpg 1024w, https:\/\/www.proyectoallen.com.ar\/3\/wp-content\/uploads\/2012\/11\/1-Medium-300x210.jpg 300w, https:\/\/www.proyectoallen.com.ar\/3\/wp-content\/uploads\/2012\/11\/1-Medium-250x175.jpg 250w, https:\/\/www.proyectoallen.com.ar\/3\/wp-content\/uploads\/2012\/11\/1-Medium.jpg 1094w\" sizes=\"auto, (max-width: 614px) 100vw, 614px\" \/><\/a><\/p>\n<p style=\"text-align: center;\"><strong>GRACIAS CELSO!!<\/strong><\/p>\n<h4 style=\"text-align: left;\"><strong><em>M\u00e1s:<\/em><\/strong><\/h4>\n<p><a href=\"http:\/\/www.proyectoallen.com.ar\/3\/?p=3016\">46 A\u00d1OS DESPU\u00c9S<\/a><\/p>\n<p>&nbsp;<\/p>\n","protected":false},"excerpt":{"rendered":"<p>Buscar en archivos de computadora y cajas de fotos que hac\u00eda mucho que no se abr\u00edan, lleva su tiempo. Aqu\u00ed les adjunto algunas que he encontrado y que, yo dir\u00eda, son FOTOS CON HISTORIA.&#46;&#46;&#46;<\/p>\n","protected":false},"author":2,"featured_media":0,"comment_status":"open","ping_status":"open","sticky":false,"template":"","format":"standard","meta":{"ngg_post_thumbnail":0,"footnotes":""},"categories":[9],"tags":[],"class_list":["post-3403","post","type-post","status-publish","format-standard","hentry","category-historias_de_vida"],"jetpack_featured_media_url":"","_links":{"self":[{"href":"https:\/\/www.proyectoallen.com.ar\/3\/index.php?rest_route=\/wp\/v2\/posts\/3403","targetHints":{"allow":["GET"]}}],"collection":[{"href":"https:\/\/www.proyectoallen.com.ar\/3\/index.php?rest_route=\/wp\/v2\/posts"}],"about":[{"href":"https:\/\/www.proyectoallen.com.ar\/3\/index.php?rest_route=\/wp\/v2\/types\/post"}],"author":[{"embeddable":true,"href":"https:\/\/www.proyectoallen.com.ar\/3\/index.php?rest_route=\/wp\/v2\/users\/2"}],"replies":[{"embeddable":true,"href":"https:\/\/www.proyectoallen.com.ar\/3\/index.php?rest_route=%2Fwp%2Fv2%2Fcomments&post=3403"}],"version-history":[{"count":4,"href":"https:\/\/www.proyectoallen.com.ar\/3\/index.php?rest_route=\/wp\/v2\/posts\/3403\/revisions"}],"predecessor-version":[{"id":3415,"href":"https:\/\/www.proyectoallen.com.ar\/3\/index.php?rest_route=\/wp\/v2\/posts\/3403\/revisions\/3415"}],"wp:attachment":[{"href":"https:\/\/www.proyectoallen.com.ar\/3\/index.php?rest_route=%2Fwp%2Fv2%2Fmedia&parent=3403"}],"wp:term":[{"taxonomy":"category","embeddable":true,"href":"https:\/\/www.proyectoallen.com.ar\/3\/index.php?rest_route=%2Fwp%2Fv2%2Fcategories&post=3403"},{"taxonomy":"post_tag","embeddable":true,"href":"https:\/\/www.proyectoallen.com.ar\/3\/index.php?rest_route=%2Fwp%2Fv2%2Ftags&post=3403"}],"curies":[{"name":"wp","href":"https:\/\/api.w.org\/{rel}","templated":true}]}}