{"id":3644,"date":"2012-12-23T04:02:06","date_gmt":"2012-12-23T04:02:06","guid":{"rendered":"http:\/\/www.proyectoallen.com.ar\/3\/?p=3644"},"modified":"2012-12-23T21:39:53","modified_gmt":"2012-12-23T21:39:53","slug":"el-padre-que-fue-al-volcan-en-busca-de-un-milagro","status":"publish","type":"post","link":"https:\/\/www.proyectoallen.com.ar\/3\/?p=3644","title":{"rendered":"El volc\u00e1n Copahue."},"content":{"rendered":"<p style=\"text-align: justify;\"><em>A proposito de la erupci\u00f3n del volc\u00e1n Copahue, les presentamos una nota de Hector D&#8217;Amico.\u00a0 Sali\u00f3 en el diario La Naci\u00f3n y recuerda a Manuel Mir uno de los primeros pobladores de la zona. D&#8217;Amico pertenece a una de las familias que vivieron y viven a\u00fan en Allen. Tambi\u00e9n estan en Allen familiares de Manuel Mir; por todo esto queremos recordar, con algunas en im\u00e1genes y textos del Libro del Centenario, algunos aspectos de estas familias y otros sobre aquellos que se animaron a ir a Copahue cuando todav\u00eda no era una zona tur\u00edstica.<\/em><!--more--><\/p>\n<p style=\"text-align: justify;\"><a href=\"http:\/\/www.proyectoallen.com.ar\/3\/wp-content\/uploads\/2012\/12\/Manuel-C.-Mir.jpg\"><img loading=\"lazy\" decoding=\"async\" class=\"aligncenter size-medium wp-image-3652\" title=\"Manuel C. Mir\" src=\"http:\/\/www.proyectoallen.com.ar\/3\/wp-content\/uploads\/2012\/12\/Manuel-C.-Mir-240x300.jpg\" alt=\"\" width=\"240\" height=\"300\" srcset=\"https:\/\/www.proyectoallen.com.ar\/3\/wp-content\/uploads\/2012\/12\/Manuel-C.-Mir-240x300.jpg 240w, https:\/\/www.proyectoallen.com.ar\/3\/wp-content\/uploads\/2012\/12\/Manuel-C.-Mir-819x1024.jpg 819w, https:\/\/www.proyectoallen.com.ar\/3\/wp-content\/uploads\/2012\/12\/Manuel-C.-Mir-250x312.jpg 250w, https:\/\/www.proyectoallen.com.ar\/3\/wp-content\/uploads\/2012\/12\/Manuel-C.-Mir.jpg 1890w\" sizes=\"auto, (max-width: 240px) 100vw, 240px\" \/><\/a><br \/>\nEn 1911, un decreto del mes de septiembre, confirma a Manuel Mir, junto a otros, como habitante con prioridad en los terrenos del nuevo pueblo de Allen. Esto fue as\u00ed pues el gobieron consider\u00f3 que les correspond\u00eda \u00ablegitimar la ocupaci\u00f3n que ya ejerc\u00edan\u00bb, esto significa que Manuel Mir ya estaba instaldo en el lugar como lo indica su solicitud de 1910:<\/p>\n<p style=\"text-align: justify;\">ngg_shortcode_0_placeholder<\/p>\n<p style=\"text-align: justify;\">Sobre este proceso: <a href=\"http:\/\/www.proyectoallen.com.ar\/3\/?p=1811\">\u00abLos Pi\u00f1eiro Sorondo\u00bb.<\/a><\/p>\n<p style=\"text-align: justify;\">Manuel Mir fue integrante de la Cooperativa de Irrigaci\u00f3n Colonia General Roca Ltda. (creada en 1907) con la que se buscaba solucionar el problema del riego y atraer inversiones. Como activo poblador del grupo que, junto al capital ingl\u00e9s, impuls\u00f3 el desarrollo frut\u00edcola de la zona, Mir participaba de todo aquello que colaborara con la valorizaci\u00f3n de la zona:<\/p>\n<div id=\"attachment_3645\" style=\"width: 326px\" class=\"wp-caption aligncenter\"><a href=\"http:\/\/www.proyectoallen.com.ar\/3\/wp-content\/uploads\/2012\/12\/IMG_0672-Custom.jpg\"><img loading=\"lazy\" decoding=\"async\" aria-describedby=\"caption-attachment-3645\" class=\"size-full wp-image-3645\" title=\"IMG_0672 (Custom)\" src=\"http:\/\/www.proyectoallen.com.ar\/3\/wp-content\/uploads\/2012\/12\/IMG_0672-Custom.jpg\" alt=\"\" width=\"316\" height=\"990\" srcset=\"https:\/\/www.proyectoallen.com.ar\/3\/wp-content\/uploads\/2012\/12\/IMG_0672-Custom.jpg 316w, https:\/\/www.proyectoallen.com.ar\/3\/wp-content\/uploads\/2012\/12\/IMG_0672-Custom-250x783.jpg 250w\" sizes=\"auto, (max-width: 316px) 100vw, 316px\" \/><\/a><p id=\"caption-attachment-3645\" class=\"wp-caption-text\">Diario R\u00edo Negro, 1913<\/p><\/div>\n<p style=\"text-align: justify;\">Sobre el desarrollo de la regi\u00f3n y el riego:\u00a0<a href=\"http:\/\/www.proyectoallen.com.ar\/3\/?p=1816\"> \u00abLa tierra\u00bb.<\/a><\/p>\n<p style=\"text-align: justify;\">Isabel, su esposa, ser\u00e1 una de las impulsoras de la construcci\u00f3n de la Capilla Santa Catalina:<\/p>\n<div id=\"attachment_3646\" style=\"width: 578px\" class=\"wp-caption aligncenter\"><a href=\"http:\/\/www.proyectoallen.com.ar\/3\/wp-content\/uploads\/2012\/12\/PA170027-Medium.jpg\"><img loading=\"lazy\" decoding=\"async\" aria-describedby=\"caption-attachment-3646\" class=\"size-full wp-image-3646\" title=\"OLYMPUS DIGITAL CAMERA\" src=\"http:\/\/www.proyectoallen.com.ar\/3\/wp-content\/uploads\/2012\/12\/PA170027-Medium.jpg\" alt=\"\" width=\"568\" height=\"356\" srcset=\"https:\/\/www.proyectoallen.com.ar\/3\/wp-content\/uploads\/2012\/12\/PA170027-Medium.jpg 568w, https:\/\/www.proyectoallen.com.ar\/3\/wp-content\/uploads\/2012\/12\/PA170027-Medium-300x188.jpg 300w, https:\/\/www.proyectoallen.com.ar\/3\/wp-content\/uploads\/2012\/12\/PA170027-Medium-250x156.jpg 250w\" sizes=\"auto, (max-width: 568px) 100vw, 568px\" \/><\/a><p id=\"caption-attachment-3646\" class=\"wp-caption-text\">Manuel C. Mir e Isabel Ibarg\u00fcen de Mir en su primera chacra (1907).<\/p><\/div>\n<p style=\"text-align: justify;\"><a href=\"http:\/\/www.proyectoallen.com.ar\/3\/?p=1811&amp;nggpage=3\">Mas sobre La Capilla Santa Catalina<\/a>.<\/p>\n<div id=\"attachment_3647\" style=\"width: 657px\" class=\"wp-caption aligncenter\"><a href=\"http:\/\/www.proyectoallen.com.ar\/3\/wp-content\/uploads\/2012\/12\/PA170036.jpg\"><img loading=\"lazy\" decoding=\"async\" aria-describedby=\"caption-attachment-3647\" class=\" wp-image-3647   \" title=\"OLYMPUS DIGITAL CAMERA\" src=\"http:\/\/www.proyectoallen.com.ar\/3\/wp-content\/uploads\/2012\/12\/PA170036.jpg\" alt=\"\" width=\"647\" height=\"386\" srcset=\"https:\/\/www.proyectoallen.com.ar\/3\/wp-content\/uploads\/2012\/12\/PA170036.jpg 2247w, https:\/\/www.proyectoallen.com.ar\/3\/wp-content\/uploads\/2012\/12\/PA170036-300x178.jpg 300w, https:\/\/www.proyectoallen.com.ar\/3\/wp-content\/uploads\/2012\/12\/PA170036-1024x610.jpg 1024w, https:\/\/www.proyectoallen.com.ar\/3\/wp-content\/uploads\/2012\/12\/PA170036-250x148.jpg 250w\" sizes=\"auto, (max-width: 647px) 100vw, 647px\" \/><\/a><p id=\"caption-attachment-3647\" class=\"wp-caption-text\">Familia Mir en la chacra &quot;Las t\u00edtas&quot; (1924)<\/p><\/div>\n<p style=\"text-align: center;\">\n<p style=\"text-align: center;\">\n<p style=\"text-align: center;\"><strong>El padre que fue al volc\u00e1n en busca de un milagro<\/strong><\/p>\n<p style=\"text-align: center;\">Por H\u00e9ctor D&#8217;Amico &#8211; LA NACION, 22 de diciembre de 2012.<\/p>\n<p style=\"text-align: justify;\">En mi familia la ense\u00f1anza de la religi\u00f3n convivi\u00f3 siempre con una silenciosa admiraci\u00f3n por el <a href=\"http:\/\/www.lanacion.com.ar\/1539643-entro-en-erupcion-el-volcan-copahue\">volc\u00e1n Copahue<\/a>. Lo que parec\u00eda una contradicci\u00f3n pr\u00f3xima a la blasfemia se fue haciendo racional, comprensible, con el correr de los a\u00f1os.<\/p>\n<p style=\"text-align: justify;\">En el verano de 1928, en una de las primeras plantaciones de manzanas y vi\u00f1edos del Alto Valle de R\u00edo Negro, mi abuelo, Manuel Ciriaco Mir, supo, con la certeza de un rayo, que su hijo menor, Jorge Rufino, de ocho a\u00f1os, hab\u00eda contra\u00eddo poliomielitis.<\/p>\n<p style=\"text-align: justify;\">El m\u00e9dico cumpli\u00f3 con el compromiso de revisarlo y confirm\u00f3 el diagn\u00f3stico. Para evitar borrar cualquier duda, toda esperanza, agreg\u00f3 que no pod\u00eda hacer nada por ese chico contra\u00eddo, ya inm\u00f3vil, que apenas pod\u00eda respirar. Insisto, era el a\u00f1o 1928. No hab\u00eda pulmotor, ni Albert Sabin, ni Jonas Salk. El cuadro era tr\u00e1gicamente simple: los enfermos de polio quedaban lisiados o se mor\u00edan.<\/p>\n<p style=\"text-align: justify;\">La \u00fanica esperanza a la que se aferr\u00f3 Manuel Mir, mejor dicho, que se impuso a s\u00ed mismo y a su familia en medio del drama, fue el volc\u00e1n Copahue.<\/p>\n<p style=\"text-align: justify;\">Alist\u00f3 un cami\u00f3n Chevrolet que ten\u00eda en el campo, lo aprovision\u00f3 con carpas, alimentos, sogas, picos y palas, y les pidi\u00f3 a dos de los peones que lo acompa\u00f1aran, por las dudas. Despu\u00e9s, subi\u00f3 al enfermo en una camilla, lo cubri\u00f3 con mantas, y se march\u00f3 a la cordillera en busca de las aguas m\u00e1gicas de aquel volc\u00e1n lejano del que tanto hab\u00eda hablar a los paisanos, a los arrieros y a los gendarmes que regresaban de la frontera con Chile.<\/p>\n<p style=\"text-align: justify;\">Lo que sucedi\u00f3 all\u00e1 arriba en la cordillera es una historia es una historia que orilla la desesperaci\u00f3n, la fe, el amor y el fanatismo.<\/p>\n<p style=\"text-align: justify;\">De no existir las fotos y los testigos, bien podr\u00eda pertenecer al universo de las leyendas.<\/p>\n<p style=\"text-align: justify;\">Manuel Mir plant\u00f3 su carpa en lo que ahora es la Villa de Copahuen, contrat\u00f3 a un baqueano, alquil\u00f3 suficientes caballos y se entreg\u00f3 a la rutina de sumergir el cuerpo de su hijo en las fumarolas de aguas, casi en ebullici\u00f3n, mezcladas con sulfuro, malolientes, cuyos \u00e1cidos y minerales corro\u00edan la lana y el algod\u00f3n de la ropa hasta convertirlos en manojos de hebras.<\/p>\n<p style=\"text-align: justify;\">M\u00e1s de una vez, Manuel Mir amarr\u00f3 la camilla sobre dos largas varas de \u00e1lamo, atadas a la cincha del caballo, y march\u00f3 seis horas hasta la boca misma del volc\u00e1n, en cuyo interior descubri\u00f3 una laguna silenciosa, de agua templada, alimentada por la gruesa pared de hielo que cubre el cr\u00e1ter todo el a\u00f1o.<\/p>\n<p style=\"text-align: justify;\">Despu\u00e9s de atarlo cuidadosamente con sogas, ayudado por los baqueanos, hac\u00eda descender al chico por aquella boca de piedra. Lo hizo durante cinco veranos consecutivos.<\/p>\n<p style=\"text-align: justify;\">Cada vez que los adultos recordaban esa historia en la familia, los m\u00e1s j\u00f3venes quedaban encandilados por aquella imagen aterradora: un chico inm\u00f3vil, atado a una camilla, sostenido por dos cuerdas de c\u00e1\u00f1amo, que es cuidadosamente deposita en el ojo del volc\u00e1n.<\/p>\n<p style=\"text-align: justify;\">Con el correr del tiempo, otros padres desesperados fueron en busca de una ilusi\u00f3n hasta aquel caser\u00edo improvisado de verano a dos mil metros de altura y cuya \u00fanica huella de acceso era tan empinada que los coches ten\u00edan que subirla marcha atr\u00e1s.<\/p>\n<p style=\"text-align: justify;\">El turismo, que lleg\u00f3 despu\u00e9s en modestas oleadas, se mezcl\u00f3 entonces con los peregrinos que buscaban alivio en las aguas que hab\u00edan fascinado a los pehuenches del cacique Cheuquel, a los araucanos y tambi\u00e9n a los oficiales blancos, a los \u00abhuincas\u00bb, que en 1880 levantaron en \u00d1orquinco el primer cuartel de la regi\u00f3n.<\/p>\n<p style=\"text-align: justify;\">La historia del hombre que subi\u00f3 al Voc\u00e1n Copahue para salvar a su hijo tuvo un final a lo Spielberg.<\/p>\n<p style=\"text-align: justify;\">El \u00faltimo d\u00eda del \u00faltimo verano que pasaron juntos de la cordillera, para alentarlo, Manuel Mir le pregunt\u00f3 a su hijo si se animaba a sentarse al volante del cami\u00f3n Chevrolet para encarar el descenso hasta el valle de Loncopu\u00e9. S\u00ed, dijo el chico, que ya mov\u00eda los brazos con alguna dificultad, pero s\u00f3lo la pierna derecha.<\/p>\n<p style=\"text-align: justify;\">Manuel Mir, entonces, por precauci\u00f3n, orden\u00f3 a los peones que se bajaran. Luego subi\u00f3 a la cabina y se at\u00f3 a la suerte de un acto demencial alentado por el cari\u00f1o que un padre s\u00f3lo puede sentir por un hijo. En dos curvas cerradas golpearon contra la pared de la monta\u00f1a, estropearon un guardabarros y parte de la trompa del Chevrolet. Pero llegaron al valle asustados y salvos.<\/p>\n<p style=\"text-align: justify;\">En la familia, todav\u00eda hoy, nadie recuerda otra ceremonia de graduaci\u00f3n como esa..<\/p>\n<h4 style=\"text-align: center;\">A Copahue!!!<\/h4>\n<div id=\"attachment_3648\" style=\"width: 514px\" class=\"wp-caption aligncenter\"><a href=\"http:\/\/www.proyectoallen.com.ar\/3\/wp-content\/uploads\/2012\/12\/Gurt-Medium.jpg\"><img loading=\"lazy\" decoding=\"async\" aria-describedby=\"caption-attachment-3648\" class=\" wp-image-3648  \" title=\"Gurt (Medium)\" src=\"http:\/\/www.proyectoallen.com.ar\/3\/wp-content\/uploads\/2012\/12\/Gurt-Medium.jpg\" alt=\"\" width=\"504\" height=\"323\" srcset=\"https:\/\/www.proyectoallen.com.ar\/3\/wp-content\/uploads\/2012\/12\/Gurt-Medium.jpg 1200w, https:\/\/www.proyectoallen.com.ar\/3\/wp-content\/uploads\/2012\/12\/Gurt-Medium-300x192.jpg 300w, https:\/\/www.proyectoallen.com.ar\/3\/wp-content\/uploads\/2012\/12\/Gurt-Medium-1024x655.jpg 1024w, https:\/\/www.proyectoallen.com.ar\/3\/wp-content\/uploads\/2012\/12\/Gurt-Medium-250x160.jpg 250w\" sizes=\"auto, (max-width: 504px) 100vw, 504px\" \/><\/a><p id=\"caption-attachment-3648\" class=\"wp-caption-text\">Blas Gurtubay en Copahue.<\/p><\/div>\n<p>&nbsp;<\/p>\n<div id=\"attachment_3649\" style=\"width: 501px\" class=\"wp-caption aligncenter\"><a href=\"http:\/\/www.proyectoallen.com.ar\/3\/wp-content\/uploads\/2012\/12\/Gurtubay-Medium.jpg\"><img loading=\"lazy\" decoding=\"async\" aria-describedby=\"caption-attachment-3649\" class=\" wp-image-3649  \" title=\"Gurtubay (Medium)\" src=\"http:\/\/www.proyectoallen.com.ar\/3\/wp-content\/uploads\/2012\/12\/Gurtubay-Medium-1024x626.jpg\" alt=\"\" width=\"491\" height=\"301\" srcset=\"https:\/\/www.proyectoallen.com.ar\/3\/wp-content\/uploads\/2012\/12\/Gurtubay-Medium-1024x626.jpg 1024w, https:\/\/www.proyectoallen.com.ar\/3\/wp-content\/uploads\/2012\/12\/Gurtubay-Medium-300x183.jpg 300w, https:\/\/www.proyectoallen.com.ar\/3\/wp-content\/uploads\/2012\/12\/Gurtubay-Medium-250x152.jpg 250w, https:\/\/www.proyectoallen.com.ar\/3\/wp-content\/uploads\/2012\/12\/Gurtubay-Medium.jpg 1256w\" sizes=\"auto, (max-width: 491px) 100vw, 491px\" \/><\/a><p id=\"caption-attachment-3649\" class=\"wp-caption-text\">Con amigos camino a Copahue. Foto: Blas Gurtubay.<\/p><\/div>\n<p>Vera m\u00e1s: <a href=\"http:\/\/www.proyectoallen.com.ar\/3\/?p=1811&amp;nggpage=4\">\u00abBl\u00e1s, el alambrador\u00bb.<\/a><\/p>\n<div id=\"attachment_3650\" style=\"width: 553px\" class=\"wp-caption aligncenter\"><a href=\"http:\/\/www.proyectoallen.com.ar\/3\/wp-content\/uploads\/2012\/12\/oscar-rial-6.jpg\"><img loading=\"lazy\" decoding=\"async\" aria-describedby=\"caption-attachment-3650\" class=\" wp-image-3650 \" title=\"oscar rial-6\" src=\"http:\/\/www.proyectoallen.com.ar\/3\/wp-content\/uploads\/2012\/12\/oscar-rial-6.jpg\" alt=\"\" width=\"543\" height=\"341\" srcset=\"https:\/\/www.proyectoallen.com.ar\/3\/wp-content\/uploads\/2012\/12\/oscar-rial-6.jpg 905w, https:\/\/www.proyectoallen.com.ar\/3\/wp-content\/uploads\/2012\/12\/oscar-rial-6-300x188.jpg 300w, https:\/\/www.proyectoallen.com.ar\/3\/wp-content\/uploads\/2012\/12\/oscar-rial-6-250x156.jpg 250w\" sizes=\"auto, (max-width: 543px) 100vw, 543px\" \/><\/a><p id=\"caption-attachment-3650\" class=\"wp-caption-text\">Oscar Rial en Copahue.<\/p><\/div>\n<p>&nbsp;<\/p>\n<div id=\"attachment_3651\" style=\"width: 624px\" class=\"wp-caption aligncenter\"><a href=\"http:\/\/www.proyectoallen.com.ar\/3\/wp-content\/uploads\/2012\/12\/oscar-rial3-Medium.jpg\"><img loading=\"lazy\" decoding=\"async\" aria-describedby=\"caption-attachment-3651\" class=\" wp-image-3651 \" title=\"oscar rial3 (Medium)\" src=\"http:\/\/www.proyectoallen.com.ar\/3\/wp-content\/uploads\/2012\/12\/oscar-rial3-Medium-1024x637.jpg\" alt=\"\" width=\"614\" height=\"382\" srcset=\"https:\/\/www.proyectoallen.com.ar\/3\/wp-content\/uploads\/2012\/12\/oscar-rial3-Medium-1024x637.jpg 1024w, https:\/\/www.proyectoallen.com.ar\/3\/wp-content\/uploads\/2012\/12\/oscar-rial3-Medium-300x186.jpg 300w, https:\/\/www.proyectoallen.com.ar\/3\/wp-content\/uploads\/2012\/12\/oscar-rial3-Medium-250x155.jpg 250w, https:\/\/www.proyectoallen.com.ar\/3\/wp-content\/uploads\/2012\/12\/oscar-rial3-Medium.jpg 1233w\" sizes=\"auto, (max-width: 614px) 100vw, 614px\" \/><\/a><p id=\"caption-attachment-3651\" class=\"wp-caption-text\">Oscar Rial: parada antes de llegar a Copahue.<\/p><\/div>\n<p>&nbsp;<\/p>\n<div id=\"attachment_3659\" style=\"width: 501px\" class=\"wp-caption aligncenter\"><a href=\"http:\/\/www.proyectoallen.com.ar\/3\/wp-content\/uploads\/2012\/12\/O.-Rial-1-Medium.jpg\"><img loading=\"lazy\" decoding=\"async\" aria-describedby=\"caption-attachment-3659\" class=\" wp-image-3659  \" title=\"O. Rial 1 (Medium)\" src=\"http:\/\/www.proyectoallen.com.ar\/3\/wp-content\/uploads\/2012\/12\/O.-Rial-1-Medium.jpg\" alt=\"\" width=\"491\" height=\"323\" srcset=\"https:\/\/www.proyectoallen.com.ar\/3\/wp-content\/uploads\/2012\/12\/O.-Rial-1-Medium.jpg 1168w, https:\/\/www.proyectoallen.com.ar\/3\/wp-content\/uploads\/2012\/12\/O.-Rial-1-Medium-300x197.jpg 300w, https:\/\/www.proyectoallen.com.ar\/3\/wp-content\/uploads\/2012\/12\/O.-Rial-1-Medium-1024x673.jpg 1024w, https:\/\/www.proyectoallen.com.ar\/3\/wp-content\/uploads\/2012\/12\/O.-Rial-1-Medium-250x164.jpg 250w\" sizes=\"auto, (max-width: 491px) 100vw, 491px\" \/><\/a><p id=\"caption-attachment-3659\" class=\"wp-caption-text\">Oscar Rial en Copahue.<\/p><\/div>\n<p>&nbsp;<\/p>\n<p style=\"text-align: center;\">[youtube b3HQ-FE7Gvk&amp;feature=player_embedded]<\/p>\n","protected":false},"excerpt":{"rendered":"<p>A proposito de la erupci\u00f3n del volc\u00e1n Copahue, les presentamos una nota de Hector D&#8217;Amico.\u00a0 Sali\u00f3 en el diario La Naci\u00f3n y recuerda a Manuel Mir uno de los primeros pobladores de la zona.&#46;&#46;&#46;<\/p>\n","protected":false},"author":2,"featured_media":0,"comment_status":"open","ping_status":"closed","sticky":false,"template":"","format":"standard","meta":{"ngg_post_thumbnail":0,"footnotes":""},"categories":[22,13],"tags":[],"class_list":["post-3644","post","type-post","status-publish","format-standard","hentry","category-novedades","category-unpocodehistoria"],"jetpack_featured_media_url":"","_links":{"self":[{"href":"https:\/\/www.proyectoallen.com.ar\/3\/index.php?rest_route=\/wp\/v2\/posts\/3644","targetHints":{"allow":["GET"]}}],"collection":[{"href":"https:\/\/www.proyectoallen.com.ar\/3\/index.php?rest_route=\/wp\/v2\/posts"}],"about":[{"href":"https:\/\/www.proyectoallen.com.ar\/3\/index.php?rest_route=\/wp\/v2\/types\/post"}],"author":[{"embeddable":true,"href":"https:\/\/www.proyectoallen.com.ar\/3\/index.php?rest_route=\/wp\/v2\/users\/2"}],"replies":[{"embeddable":true,"href":"https:\/\/www.proyectoallen.com.ar\/3\/index.php?rest_route=%2Fwp%2Fv2%2Fcomments&post=3644"}],"version-history":[{"count":7,"href":"https:\/\/www.proyectoallen.com.ar\/3\/index.php?rest_route=\/wp\/v2\/posts\/3644\/revisions"}],"predecessor-version":[{"id":3661,"href":"https:\/\/www.proyectoallen.com.ar\/3\/index.php?rest_route=\/wp\/v2\/posts\/3644\/revisions\/3661"}],"wp:attachment":[{"href":"https:\/\/www.proyectoallen.com.ar\/3\/index.php?rest_route=%2Fwp%2Fv2%2Fmedia&parent=3644"}],"wp:term":[{"taxonomy":"category","embeddable":true,"href":"https:\/\/www.proyectoallen.com.ar\/3\/index.php?rest_route=%2Fwp%2Fv2%2Fcategories&post=3644"},{"taxonomy":"post_tag","embeddable":true,"href":"https:\/\/www.proyectoallen.com.ar\/3\/index.php?rest_route=%2Fwp%2Fv2%2Ftags&post=3644"}],"curies":[{"name":"wp","href":"https:\/\/api.w.org\/{rel}","templated":true}]}}