{"id":3780,"date":"2013-02-12T00:57:31","date_gmt":"2013-02-12T00:57:31","guid":{"rendered":"http:\/\/www.proyectoallen.com.ar\/3\/?p=3780"},"modified":"2013-02-12T00:57:31","modified_gmt":"2013-02-12T00:57:31","slug":"que-son-las-postales","status":"publish","type":"post","link":"https:\/\/www.proyectoallen.com.ar\/3\/?p=3780","title":{"rendered":"\u00bfQue son las postales?"},"content":{"rendered":"<p align=\"JUSTIFY\"><em>Las postales, son tarjetas por lo general rectangulares de papel, las cuales poseen en una cara, una fotograf\u00eda o dibujo y por la otra, el espacio necesario para escribir; se emplean com\u00fanmente como cartas.<!--more Seguir leyendo...--><\/em><\/p>\n<p align=\"JUSTIFY\">\n<div id=\"attachment_3781\" style=\"width: 643px\" class=\"wp-caption aligncenter\"><a href=\"http:\/\/www.proyectoallen.com.ar\/3\/wp-content\/uploads\/2013\/02\/003-2-Medium.jpg\"><img loading=\"lazy\" decoding=\"async\" aria-describedby=\"caption-attachment-3781\" class=\" wp-image-3781  \" title=\"003 (2) (Medium)\" src=\"http:\/\/www.proyectoallen.com.ar\/3\/wp-content\/uploads\/2013\/02\/003-2-Medium.jpg\" alt=\"\" width=\"633\" height=\"369\" srcset=\"https:\/\/www.proyectoallen.com.ar\/3\/wp-content\/uploads\/2013\/02\/003-2-Medium.jpg 1318w, https:\/\/www.proyectoallen.com.ar\/3\/wp-content\/uploads\/2013\/02\/003-2-Medium-300x174.jpg 300w, https:\/\/www.proyectoallen.com.ar\/3\/wp-content\/uploads\/2013\/02\/003-2-Medium-1024x596.jpg 1024w, https:\/\/www.proyectoallen.com.ar\/3\/wp-content\/uploads\/2013\/02\/003-2-Medium-250x145.jpg 250w\" sizes=\"auto, (max-width: 633px) 100vw, 633px\" \/><\/a><p id=\"caption-attachment-3781\" class=\"wp-caption-text\">Postal de Allen a\u00f1os 80&#39;. Postal gentileza Carlos &quot;Verdurita&quot; Rodriguez.<\/p><\/div>\n<p align=\"JUSTIFY\">\n<p align=\"JUSTIFY\">Por lo general, miden 15 cent\u00edmetros por 10,5 cent\u00edmetros. Medidas actuales, ya que las antiguas, eran m\u00e1s peque\u00f1as. La forma m\u00e1s utilizada al momento de crearlas, es la rectangular. A\u00fan cuando, existen ciertas postales que no se rigen por lo c\u00e1nones regulares y poseen distintas formas, materiales y tama\u00f1o. Las postales llegan a pesar entre 3 y 5 gramos. Por lo mismo, son bastante pr\u00e1cticas de transportar.<\/p>\n<p align=\"JUSTIFY\">El dise\u00f1o de las mismas, hace que no necesiten de sobres para ser enviadas. Por lo mismo, el coste de su env\u00edo, es menor al de una carta ordinaria.<\/p>\n<p align=\"JUSTIFY\">Como se mencion\u00f3 anteriormente, por una de las caras de las postales, encontramos dibujos o fotograf\u00edas, caracter\u00edsticos de la zona donde se adquieren. Es as\u00ed, como muchas de las postales, no se compran para lo que fueron creadas, sino como tipos de recuerdos, del viaje que uno realiz\u00f3.<\/p>\n<p align=\"JUSTIFY\">Ahora, la parte trasera de las mismas, est\u00e1 dise\u00f1ada para escribir el mensaje que se desea enviar, espec\u00edficamente la parte izquierda. La parte derecha, es donde se coloca el sello postal y la direcci\u00f3n del destinatario. Esta divisi\u00f3n, se llev\u00f3 a cabo en el a\u00f1o 1905.<\/p>\n<p align=\"JUSTIFY\">Con respecto a la historia de las postales, las primeras fueron desarrolladas por las mismas entidades estatales, encargadas del sistema de correo ordinario. Se puede rastrear su origen a la idea de Heinrich von Stephan, quien era Consejero del Estado de Prusia. El propuso que existiera un tipo de correspondencia, que no utilizara sobres. Pero su proposici\u00f3n no tuvo mayor apoyo.<\/p>\n<p align=\"JUSTIFY\">Pero para 1869, en Austria, tras el desarrollo de la idea por un catedr\u00e1tico de aquella ciudad, quien enviaba correspondencia sin sobres, el Director de Correos y Tel\u00e9grafos de Viena institucionaliz\u00f3 la idea. As\u00ed nace la primera postal, la cual era rectangular y con un tama\u00f1o un poco menor, al de la actualidad.<\/p>\n<p align=\"justify\">Para cuando las empresas privadas, pudieron ingresar en el mercado, las postales sufrieron una verdadera revoluci\u00f3n. Ya que las nuevas, incorporaban dibujos o fotograf\u00edas. Tal c\u00f3mo vemos en los modelos actuales. Con ello, las postales, dejaron de ser meros instrumentos de comunicaci\u00f3n, para convertirse en instrumentos de inter\u00e9s art\u00edstico. De hecho, por medio de esta simple causa, es que las postales son del inter\u00e9s de coleccionistas, hasta el d\u00eda de hoy.<\/p>\n<p align=\"JUSTIFY\">La revoluci\u00f3n tecnol\u00f3gica que estamos viviendo hace que en la actualidad, podamos enviar postales que son electr\u00f3nicas. En otras palabras, aquellas postales que son enviadas o pueden ser enviadas por medio de Internet.<\/p>\n<p align=\"JUSTIFY\">Para aquellos fines, existen diversas p\u00e1ginas en la web, en las cuales uno puede escoger dentro de diversas categor\u00edas de postales virtuales. El sistema de funcionamiento de estas postales, es muy parecido a las originales. Uno puede escoger el frontis de las mismas y en la parte trasera virtual de ellas, uno escribe el mensaje que desee desarrollar. De manera posterior, uno debe ingresar el correo electr\u00f3nico, al cual se debe enviar la postal. La parte, que originalmente lleva un dibujo o fotograf\u00eda, es reemplazada por una animaci\u00f3n est\u00e1tica o del tipo Flash.<\/p>\n<p align=\"JUSTIFY\">En todo caso, las postales cl\u00e1sicas de papel siempre van a tener su lugar ya que son una excelente manera de recordar nuestros viajes y de enviar saludos a nuestros seres queridos.<\/p>\n<p align=\"JUSTIFY\"><a href=\"http:\/\/www.misrespuestas.com\/que-son-las-postales.html\">Fuente<\/a><\/p>\n<p align=\"JUSTIFY\">Algo m\u00e1s&#8230;<\/p>\n<p align=\"JUSTIFY\"><a href=\"http:\/\/es.wikipedia.org\/wiki\/Tarjeta_postal\">Tarjeta Postal<\/a><\/p>\n<p align=\"JUSTIFY\"><a href=\"http:\/\/www.antiguaspostales.com.ar\/home\/historia.html\">Antiguas postales argentinas<\/a><\/p>\n<p align=\"JUSTIFY\"><a href=\"http:\/\/www.geocities.ws\/ceitpa\/historia.htm\">Breve historia de la tarjeta postal<\/a><\/p>\n<p style=\"text-align: center;\" align=\"JUSTIFY\"><a href=\"http:\/\/www.proyectoallen.com.ar\/3\/wp-content\/uploads\/2013\/02\/Presentacion-bandera-1910.jpg\"><img loading=\"lazy\" decoding=\"async\" class=\"aligncenter  wp-image-3782\" title=\"Presentacion bandera 1910\" src=\"http:\/\/www.proyectoallen.com.ar\/3\/wp-content\/uploads\/2013\/02\/Presentacion-bandera-1910.jpg\" alt=\"\" width=\"642\" height=\"408\" srcset=\"https:\/\/www.proyectoallen.com.ar\/3\/wp-content\/uploads\/2013\/02\/Presentacion-bandera-1910.jpg 1070w, https:\/\/www.proyectoallen.com.ar\/3\/wp-content\/uploads\/2013\/02\/Presentacion-bandera-1910-300x190.jpg 300w, https:\/\/www.proyectoallen.com.ar\/3\/wp-content\/uploads\/2013\/02\/Presentacion-bandera-1910-1024x650.jpg 1024w, https:\/\/www.proyectoallen.com.ar\/3\/wp-content\/uploads\/2013\/02\/Presentacion-bandera-1910-250x158.jpg 250w\" sizes=\"auto, (max-width: 642px) 100vw, 642px\" \/><\/a><\/p>\n<p style=\"text-align: center;\" align=\"JUSTIFY\">\n<p style=\"text-align: center;\" align=\"JUSTIFY\"><a href=\"http:\/\/www.proyectoallen.com.ar\/3\/wp-content\/uploads\/2013\/02\/31812-peronismo-exposicion-alas-argentinas-paracaidas-postal_MLA-F-137986794_7419.jpg\"><img loading=\"lazy\" decoding=\"async\" class=\"aligncenter  wp-image-3783\" title=\"31812-peronismo-exposicion-alas-argentinas-paracaidas-postal_MLA-F-137986794_7419\" src=\"http:\/\/www.proyectoallen.com.ar\/3\/wp-content\/uploads\/2013\/02\/31812-peronismo-exposicion-alas-argentinas-paracaidas-postal_MLA-F-137986794_7419-1024x772.jpg\" alt=\"\" width=\"614\" height=\"463\" srcset=\"https:\/\/www.proyectoallen.com.ar\/3\/wp-content\/uploads\/2013\/02\/31812-peronismo-exposicion-alas-argentinas-paracaidas-postal_MLA-F-137986794_7419-1024x772.jpg 1024w, https:\/\/www.proyectoallen.com.ar\/3\/wp-content\/uploads\/2013\/02\/31812-peronismo-exposicion-alas-argentinas-paracaidas-postal_MLA-F-137986794_7419-300x226.jpg 300w, https:\/\/www.proyectoallen.com.ar\/3\/wp-content\/uploads\/2013\/02\/31812-peronismo-exposicion-alas-argentinas-paracaidas-postal_MLA-F-137986794_7419-250x188.jpg 250w, https:\/\/www.proyectoallen.com.ar\/3\/wp-content\/uploads\/2013\/02\/31812-peronismo-exposicion-alas-argentinas-paracaidas-postal_MLA-F-137986794_7419.jpg 1200w\" sizes=\"auto, (max-width: 614px) 100vw, 614px\" \/><\/a><\/p>\n<p style=\"text-align: center;\" align=\"JUSTIFY\">\n<p style=\"text-align: center;\" align=\"JUSTIFY\"><a href=\"http:\/\/www.proyectoallen.com.ar\/3\/wp-content\/uploads\/2013\/02\/postal_robert_rosauer_isla_grande_choele_choel.jpg\"><img loading=\"lazy\" decoding=\"async\" class=\"aligncenter size-full wp-image-3784\" title=\"postal_robert_rosauer_isla_grande_choele_choel\" src=\"http:\/\/www.proyectoallen.com.ar\/3\/wp-content\/uploads\/2013\/02\/postal_robert_rosauer_isla_grande_choele_choel.jpg\" alt=\"\" width=\"519\" height=\"320\" srcset=\"https:\/\/www.proyectoallen.com.ar\/3\/wp-content\/uploads\/2013\/02\/postal_robert_rosauer_isla_grande_choele_choel.jpg 519w, https:\/\/www.proyectoallen.com.ar\/3\/wp-content\/uploads\/2013\/02\/postal_robert_rosauer_isla_grande_choele_choel-300x184.jpg 300w, https:\/\/www.proyectoallen.com.ar\/3\/wp-content\/uploads\/2013\/02\/postal_robert_rosauer_isla_grande_choele_choel-250x154.jpg 250w\" sizes=\"auto, (max-width: 519px) 100vw, 519px\" \/><\/a><\/p>\n<p style=\"text-align: center;\" align=\"JUSTIFY\">\n<p style=\"text-align: center;\" align=\"JUSTIFY\"><a href=\"http:\/\/www.proyectoallen.com.ar\/3\/wp-content\/uploads\/2013\/02\/s_MLA_v_V_f_134416383_8239.jpg\"><img loading=\"lazy\" decoding=\"async\" class=\"aligncenter size-medium wp-image-3785\" title=\"s_MLA_v_V_f_134416383_8239\" src=\"http:\/\/www.proyectoallen.com.ar\/3\/wp-content\/uploads\/2013\/02\/s_MLA_v_V_f_134416383_8239-300x300.jpg\" alt=\"\" width=\"300\" height=\"300\" srcset=\"https:\/\/www.proyectoallen.com.ar\/3\/wp-content\/uploads\/2013\/02\/s_MLA_v_V_f_134416383_8239-300x300.jpg 300w, https:\/\/www.proyectoallen.com.ar\/3\/wp-content\/uploads\/2013\/02\/s_MLA_v_V_f_134416383_8239-150x150.jpg 150w, https:\/\/www.proyectoallen.com.ar\/3\/wp-content\/uploads\/2013\/02\/s_MLA_v_V_f_134416383_8239-250x250.jpg 250w, https:\/\/www.proyectoallen.com.ar\/3\/wp-content\/uploads\/2013\/02\/s_MLA_v_V_f_134416383_8239-64x64.jpg 64w, https:\/\/www.proyectoallen.com.ar\/3\/wp-content\/uploads\/2013\/02\/s_MLA_v_V_f_134416383_8239-128x128.jpg 128w, https:\/\/www.proyectoallen.com.ar\/3\/wp-content\/uploads\/2013\/02\/s_MLA_v_V_f_134416383_8239.jpg 320w\" sizes=\"auto, (max-width: 300px) 100vw, 300px\" \/><\/a><\/p>\n<p style=\"text-align: center;\" align=\"JUSTIFY\"><a href=\"http:\/\/www.proyectoallen.com.ar\/3\/wp-content\/uploads\/2013\/02\/mendoza65.gif\"><img loading=\"lazy\" decoding=\"async\" class=\"aligncenter size-medium wp-image-3786\" title=\"mendoza65\" src=\"http:\/\/www.proyectoallen.com.ar\/3\/wp-content\/uploads\/2013\/02\/mendoza65-300x190.gif\" alt=\"\" width=\"300\" height=\"190\" srcset=\"https:\/\/www.proyectoallen.com.ar\/3\/wp-content\/uploads\/2013\/02\/mendoza65-300x190.gif 300w, https:\/\/www.proyectoallen.com.ar\/3\/wp-content\/uploads\/2013\/02\/mendoza65-250x159.gif 250w, https:\/\/www.proyectoallen.com.ar\/3\/wp-content\/uploads\/2013\/02\/mendoza65.gif 688w\" sizes=\"auto, (max-width: 300px) 100vw, 300px\" \/><\/a><\/p>\n<p style=\"text-align: center;\" align=\"JUSTIFY\">\n<p style=\"text-align: center;\" align=\"JUSTIFY\"><a href=\"http:\/\/www.proyectoallen.com.ar\/3\/wp-content\/uploads\/2013\/02\/tigre26.gif\"><img loading=\"lazy\" decoding=\"async\" class=\"aligncenter size-full wp-image-3787\" title=\"tigre26\" src=\"http:\/\/www.proyectoallen.com.ar\/3\/wp-content\/uploads\/2013\/02\/tigre26.gif\" alt=\"\" width=\"717\" height=\"480\" srcset=\"https:\/\/www.proyectoallen.com.ar\/3\/wp-content\/uploads\/2013\/02\/tigre26.gif 717w, https:\/\/www.proyectoallen.com.ar\/3\/wp-content\/uploads\/2013\/02\/tigre26-300x200.gif 300w, https:\/\/www.proyectoallen.com.ar\/3\/wp-content\/uploads\/2013\/02\/tigre26-250x167.gif 250w\" sizes=\"auto, (max-width: 717px) 100vw, 717px\" \/><\/a><\/p>\n<p style=\"text-align: center;\" align=\"JUSTIFY\">\n","protected":false},"excerpt":{"rendered":"<p>Las postales, son tarjetas por lo general rectangulares de papel, las cuales poseen en una cara, una fotograf\u00eda o dibujo y por la otra, el espacio necesario para escribir; se emplean com\u00fanmente como cartas.<\/p>\n","protected":false},"author":2,"featured_media":0,"comment_status":"open","ping_status":"closed","sticky":false,"template":"","format":"standard","meta":{"ngg_post_thumbnail":0,"footnotes":""},"categories":[25],"tags":[],"class_list":["post-3780","post","type-post","status-publish","format-standard","hentry","category-postales-de-la-ciudad"],"jetpack_featured_media_url":"","_links":{"self":[{"href":"https:\/\/www.proyectoallen.com.ar\/3\/index.php?rest_route=\/wp\/v2\/posts\/3780","targetHints":{"allow":["GET"]}}],"collection":[{"href":"https:\/\/www.proyectoallen.com.ar\/3\/index.php?rest_route=\/wp\/v2\/posts"}],"about":[{"href":"https:\/\/www.proyectoallen.com.ar\/3\/index.php?rest_route=\/wp\/v2\/types\/post"}],"author":[{"embeddable":true,"href":"https:\/\/www.proyectoallen.com.ar\/3\/index.php?rest_route=\/wp\/v2\/users\/2"}],"replies":[{"embeddable":true,"href":"https:\/\/www.proyectoallen.com.ar\/3\/index.php?rest_route=%2Fwp%2Fv2%2Fcomments&post=3780"}],"version-history":[{"count":1,"href":"https:\/\/www.proyectoallen.com.ar\/3\/index.php?rest_route=\/wp\/v2\/posts\/3780\/revisions"}],"predecessor-version":[{"id":3788,"href":"https:\/\/www.proyectoallen.com.ar\/3\/index.php?rest_route=\/wp\/v2\/posts\/3780\/revisions\/3788"}],"wp:attachment":[{"href":"https:\/\/www.proyectoallen.com.ar\/3\/index.php?rest_route=%2Fwp%2Fv2%2Fmedia&parent=3780"}],"wp:term":[{"taxonomy":"category","embeddable":true,"href":"https:\/\/www.proyectoallen.com.ar\/3\/index.php?rest_route=%2Fwp%2Fv2%2Fcategories&post=3780"},{"taxonomy":"post_tag","embeddable":true,"href":"https:\/\/www.proyectoallen.com.ar\/3\/index.php?rest_route=%2Fwp%2Fv2%2Ftags&post=3780"}],"curies":[{"name":"wp","href":"https:\/\/api.w.org\/{rel}","templated":true}]}}