{"id":3982,"date":"2015-04-03T05:35:19","date_gmt":"2015-04-03T05:35:19","guid":{"rendered":"http:\/\/www.proyectoallen.com.ar\/3\/?p=3982"},"modified":"2016-04-13T23:57:36","modified_gmt":"2016-04-13T23:57:36","slug":"tiempos-modernos-de-charles-chaplin","status":"publish","type":"post","link":"https:\/\/www.proyectoallen.com.ar\/3\/?p=3982","title":{"rendered":"Trabajo Pr\u00e1ctico para 5\u00b0 a\u00f1o: \u00abTiempos Modernos\u00bb de Charles Chaplin"},"content":{"rendered":"<p>El siguiente trabajo pr\u00e1ctico es para el 1\u00b0 trimestre.<!--more--><\/p>\n<p>Para consultas:<\/p>\n<p>Facebook: La profe de historia<\/p>\n<p>Correo: contacto@proyectoallen.com.ar<\/p>\n<p style=\"text-align: justify;\">Los trabajos se entrgan escritos o se env\u00edan por correo o facebook y van <strong>con el nombre, apellido del alumno y curso al que pertenece.<\/strong> Si el Archivo no tiene nombre ni curso se considera \u00abNO ENVIADO\u00bb. Adem\u00e1s, por estar escrito en computadora NO DEBE TENER ERRORES de ortograf\u00eda, debe presentarse con encabezado (materia, nombre y apellido del alumno y curso) y estar \u00abjustificado\u00bb.<\/p>\n<p style=\"text-align: justify;\">El trabajo es <strong>PERSONAL E INDIVIDUAL<\/strong> <strong>por lo tanto: UNICO E IRREPETIBLE. No puede haber 2 trabajos iguales.<\/strong><\/p>\n<p style=\"text-align: justify;\">TODOS LOS VIDEOS ESTAN <strong>EN LA NETBOOK DE LA PROFE EN BIBLIOTECA<\/strong>.<\/p>\n<h4 style=\"text-align: center;\"><strong>Tiempos Modernos<\/strong><\/h4>\n<p style=\"text-align: justify;\"><em>Pel\u00edcula de Charles Chaplin realizada entre 1935 y 1936.\u00a0Actor, director, guionista y m\u00fasico de origen brit\u00e1nico (Londres, 1889-Corsier-sur-Vevey, Suiza, 1977) Charles Chaplin es uno de los grandes genios del cine, un mito fundamental de la cultura del siglo XX, en cuya filmograf\u00eda abundan las obras maestras, aut\u00e9nticas joyas llenas de imaginaci\u00f3n y brillantez, que le han hecho ocupar uno de los lugares privilegiados de la historia del cine.<\/em><\/p>\n<p style=\"text-align: justify;\"><a href=\"http:\/\/www.proyectoallen.com.ar\/3\/wp-content\/uploads\/2013\/04\/tiempos-modernos.jpg\"><img loading=\"lazy\" decoding=\"async\" class=\"aligncenter size-medium wp-image-3983\" title=\"tiempos-modernos\" src=\"http:\/\/www.proyectoallen.com.ar\/3\/wp-content\/uploads\/2013\/04\/tiempos-modernos-213x300.jpg\" alt=\"\" width=\"213\" height=\"300\" srcset=\"https:\/\/www.proyectoallen.com.ar\/3\/wp-content\/uploads\/2013\/04\/tiempos-modernos-213x300.jpg 213w, https:\/\/www.proyectoallen.com.ar\/3\/wp-content\/uploads\/2013\/04\/tiempos-modernos-250x352.jpg 250w, https:\/\/www.proyectoallen.com.ar\/3\/wp-content\/uploads\/2013\/04\/tiempos-modernos.jpg 500w\" sizes=\"auto, (max-width: 213px) 100vw, 213px\" \/><\/a><\/p>\n<p style=\"text-align: justify;\">ACTIVIDAD PARA ALUMNOS DE <strong>5\u00b0\u00a0 del CEM 24<\/strong> &#8211; Allen.<\/p>\n<p style=\"text-align: justify;\"><em>\u00abLa obra cinematogr\u00e1fica de Charles Chaplin es un caso excepcional de <strong>politizaci\u00f3n del arte y confrontaci\u00f3n genuina del arte contra la modernidad y el capitalismo.<\/strong> Y el calificativo de genuino es m\u00e1s que adecuado, puesto que sin dejar de ser en ning\u00fan momento arte es capaz de <strong>captar-aprehender los problemas de su tiempo y de los tiempos modernos, pasados y futuros.<\/strong> Pues Chaplin, con una capacidad expresiva contundente y una po\u00e9tica plenamente desarrollada (como un mundo propio conformado por s\u00edmbolos, c\u00f3digos y una estructura unitaria para descifrarlos) es capaz de dar una comprensi\u00f3n extremadamente profunda del presente y del futuro, que capta el mecanismo de los problemas de su presente e incluso es <strong>capaz de prever de una manera visionaria en extremo los problemas del futuro que es nuestro presente en el l\u00edmite, entre el siglo XX y XXI\u00bb<\/strong> (blog:<a href=\"http:\/\/vitalidadzalvaje.blogspot.com.ar\/2012\/05\/chaplin-tiempos-modernos-de-capitalismo.\">vitalidadzalvaje<\/a>).<\/em><\/p>\n<p><strong>SINOPSIS Y BREVE COMENTARIO<\/strong><br \/>\nCharlot trabaja en la cadena de montaje de una gran f\u00e1brica. La monoton\u00eda\u00a0del trabajo le provoca un ataque de locura. Cuando sale de la cl\u00ednica donde le\u00a0han recluido, no tiene trabajo. Por error, lo confunden con el dirigente de una\u00a0manifestaci\u00f3n comunista, lo detienen y encarcelan. Al salir, sigue sin trabajo.\u00a0Conoce a una chica tan pobre como \u00e9l y deciden vivir juntos. Pero un nuevo\u00a0trabajo de vigilante nocturno lo conduce otra vez a la comisar\u00eda. Mientras la chica\u00a0consigue trabajo para ambos en un gran caf\u00e9. Cuando todo parece normalizado,\u00a0la polic\u00eda descubre a la chica, que se hab\u00eda escapado de un reformatorio, y los dos\u00a0deben huir de nuevo, prosiguiendo en su b\u00fasqueda de una vida mejor.<br \/>\nEn 1935, hac\u00eda mucho tiempo que la \u00e9poca del cine mudo hab\u00eda quedado atr\u00e1s (desde 1927), pero Chaplin se atrevi\u00f3 a realizar una pel\u00edcula muda. En realidad, hab\u00eda preparado di\u00e1logos para cada escena, pero al final no\u00a0los utiliz\u00f3. S\u00f3lo grab\u00f3 m\u00fasica y efectos sonoros. En el filme, aparecen las primeras\u00a0palabras habladas de todas sus pel\u00edculas, hasta la fecha. Se trata de las que\u00a0pronuncia en la pantalla del televisor el due\u00f1o de la f\u00e1brica donde inicialmente\u00a0trabaja Charlot, increpando al personal para que trabaje m\u00e1s intensamente. En la\u00a0secuencia final del caf\u00e9, cuando la polic\u00eda va en b\u00fasqueda de la chica, Charlot\u00a0habl\u00f3 por primera y \u00faltima vez en pantalla.<br \/>\nEl contexto hist\u00f3rico del momento de la producci\u00f3n del filme est\u00e1 presidido\u00a0por el final de la <a href=\"http:\/\/elpais.com\/diario\/2011\/10\/24\/opinion\/1319407211_850215.html\">depresi\u00f3n iniciada con la ca\u00edda de la Bolsa en 1929<\/a> y por la\u00a0emergencia del <a href=\"https:\/\/es.wikipedia.org\/wiki\/New_Deal\">\u00abNew Deal\u00bb<\/a> propuesto por <a href=\"http:\/\/es.wikipedia.org\/wiki\/Franklin_D._Roosevelt\">Roosevelt<\/a>, que gan\u00f3 las elecciones en\u00a01932. En Europa, el <a href=\"http:\/\/es.wikipedia.org\/wiki\/Fascismo\">fascismo<\/a> estaba en plena expansi\u00f3n; en la Uni\u00f3n Sovi\u00e9tica (Rusia), se\u00a0asist\u00eda al doloroso y dram\u00e1tico proceso de degeneraci\u00f3n del <a href=\"http:\/\/es.wikipedia.org\/wiki\/Leninismo\">leninismo.<\/a> Se trataba\u00a0de unos a\u00f1os en los que la izquierda intelectual estaba llena de fuerza, y su\u00a0influencia se extend\u00eda por el mundo.<\/p>\n<p>Chaplin estaba en una etapa de crisis por su vivencia de la inestabilidad\u00a0pol\u00edtica mundial y<a href=\"http:\/\/www.muchocine.net\/critica\/4095\/tiempos-modernos\"> por sus dudas personales ante un cine que no aceptaba, desde\u00a0que se inici\u00f3 la \u00e9poca sonora.<\/a> En Tiempos Modernos, el director sit\u00faa a su\u00a0personaje cara a cara con la realidad hist\u00f3rica, aunque no intenta un an\u00e1lisis\u00a0revolucionario de la crisis. Se propone s\u00f3lo desarrollar el argumento del\u00a0maquinismo (surgido de la concepci\u00f3n <a href=\"http:\/\/es.wikipedia.org\/wiki\/Taylorismo\">taylorista<\/a>: uso m\u00e1ximo de las\u00a0herramientas, supresi\u00f3n de cualquier gesto in\u00fatil, pensar poco o nada en lo que se\u00a0hace, etc.) y sus efectos en el mundo obrero. Y conduce su exposici\u00f3n en el terreno\u00a0de la farsa hasta sus \u00faltimas consecuencias, sin dejar de tratar con respeto y\u00a0decisi\u00f3n los temas de fondo de una realidad social que observa con un agudo\u00a0sentido cr\u00edtico.<br \/>\nPor primera vez en sus obras, Chaplin trasciende el protagonismo\u00a0individual de su personaje constante, dando cabida tambi\u00e9n a otros pobres, a\u00a0otros proletarios, aunque en la conclusi\u00f3n del filme sigue las pautas del final feliz\u00a0m\u00e1s convencional, con la huida del vagabundo y la chica lejos del mundo\u00a0opresivo e injusto descrito a lo largo de la pel\u00edcula. La pel\u00edcula estuvo prohibida en muchos pa\u00edses (en Italia y Alemania y luego\u00a0en la Espa\u00f1a franquista ). Por esto, son significativas las declaraciones del propio\u00a0Chaplin:<\/p>\n<p>&nbsp;<\/p>\n<p style=\"text-align: center;\"><em>\u00abLos dictadores parece que crean que el filme es comunista. Es<\/em><br \/>\n<em>absolutamente falso. En vista de los acontecimientos recientes, no me<\/em><br \/>\n<em>sorprende la prohibici\u00f3n. Pero nuestro \u00fanico prop\u00f3sito era divertir. Se trata<\/em><br \/>\n<em>s\u00f3lo de mi viejo personaje, en las circunstancias de 1946. Como actor no<\/em><br \/>\n<em>tengo objetivos pol\u00edticos. El filme parte de una <strong>idea abstracta; de un<\/strong><\/em><br \/>\n<strong> <em>impulso para decir algo sobre la forma en que la vida es manipulada y<\/em><\/strong><br \/>\n<em><strong>canalizada, y en la que los hombres se transforman en m\u00e1quinas.<\/strong>.. \u00ab.<\/em><\/p>\n<h4 style=\"text-align: center;\"><a href=\"https:\/\/www.youtube.com\/watch?v=b6mrvKTopY8\"><strong>Ver: Pelicula TIEMPOS MODERNOS<\/strong><\/a><\/h4>\n<p style=\"text-align: center;\">Despu\u00e9s de ver la peli ya pueden sumarse a este FACEBOOK: \u00ab<\/p>\n<p style=\"text-align: center;\"><a href=\"http:\/\/www.facebook.com\/pages\/Yo-tambi%C3%A9n-vi-TIEMPOS-MODERNOS-de-Chaplin-en-la-escuela\/251373618237338\">Yo tambi\u00e9n vi TIEMPOS MODERNOS de Chaplin en la escuela.<\/a><\/p>\n<p style=\"text-align: center;\">\n<p style=\"text-align: center;\"><strong>LOS TIEMPOS MODERNOS DE CHARLES CHAPLIN UN FILME\u00a0<span style=\"text-align: justify;\">DE LA MODERNIDAD.<\/span><\/strong><\/p>\n<p style=\"text-align: right;\"><em>\u00abEl filme parte de una idea abstracta; de un impulso para decir algo<\/em><br \/>\n<em>sobre la forma en que la vida es manipulada y canalizada, y en la que los<\/em><br \/>\n<em>hombres se transforman en m\u00e1quinas&#8230;.\u00bb<\/em><br \/>\n<em>Charles Chaplin.<\/em><\/p>\n<p style=\"text-align: left;\"><a href=\"http:\/\/www.proyectoallen.com.ar\/3\/wp-content\/uploads\/2013\/04\/tiempos-modernos1.jpg\"><img loading=\"lazy\" decoding=\"async\" class=\"aligncenter size-full wp-image-3984\" title=\"tiempos modernos\" src=\"http:\/\/www.proyectoallen.com.ar\/3\/wp-content\/uploads\/2013\/04\/tiempos-modernos1.jpg\" alt=\"\" width=\"500\" height=\"391\" srcset=\"https:\/\/www.proyectoallen.com.ar\/3\/wp-content\/uploads\/2013\/04\/tiempos-modernos1.jpg 500w, https:\/\/www.proyectoallen.com.ar\/3\/wp-content\/uploads\/2013\/04\/tiempos-modernos1-300x234.jpg 300w, https:\/\/www.proyectoallen.com.ar\/3\/wp-content\/uploads\/2013\/04\/tiempos-modernos1-250x195.jpg 250w\" sizes=\"auto, (max-width: 500px) 100vw, 500px\" \/><\/a><\/p>\n<div style=\"text-align: justify;\">En la Grecia Antigua utilizaban el t\u00e9rmino techn\u00e9 para explicar la habilidad, las destrezas, las capacidades que se pueden aprender, en pocas palabras, tener entendimiento con algo. Esta es la palabra que ha originado la nuestra de \u201ct\u00e9cnica\u201d y comparte el significado anterior, seg\u00fan Blummenberg y Gadamer. <strong>La t\u00e9cnica hoy implica un sistema<\/strong>,<strong> un dispositivo que nos capacita para encajar en el mundo laboral, en el mundo de la producci\u00f3n.<\/strong> Pero esta capacitaci\u00f3n es mas bien una caracterizaci\u00f3n pues <strong>la persona pasa a ser un t\u00edtulo y nada m\u00e1s, el valor adquirido depende incluso del centro educativo en el que se ha formado el individuo, as\u00ed como unas zapatillas o un reloj vale seg\u00fan la empresa en que ha sido fabricado.<\/strong> La t\u00e9cnica es la totalidad de los objetos que funcionan a nuestro alrededor como artefactos, incluso los dem\u00e1s seres humanos. Hoy<strong>\u00a0la t\u00e9cnica es la que domestica al hombre y la mujer, es la t\u00e9cnica la que los ordena y los explica frente a la realidad<\/strong>. En la pel\u00edcula \u201cTiempos Modernos\u201d de Charlie Chaplin, se notan muy bien los<strong> efectos que ha producido la revoluci\u00f3n industrial en la humanidad, tanto en la concepci\u00f3n del mundo, como en la manera en que los humanos nos relacionamos.<\/strong> Para empezar con las empresas y las f\u00e1bricas se origin\u00f3 un nuevo tipo de relaci\u00f3n laboral:<strong> el patr\u00f3n y el empleado<\/strong>; antes eran relaciones comerciales \u2013algunas desfavorables pero comerciales a fin de cuentas- y otras relaciones que existieron \u2013y existen\u2013 son las que tienen que ver con la esclavitud.<\/div>\n<div style=\"text-align: justify;\">Pero, para retomar,<strong> la revoluci\u00f3n industrial<\/strong> (en sus dos primeras faces: mediados siglo XIX y comienzos del siglo XX) \u00a0<strong>abri\u00f3 las puertas a los tiempos modernos\u00a0y di\u00f3 un giro en los seres humanos: pasaron de ser personas-individuos a ser clasificados como \u201cun lugar\u201d en alguna f\u00e1brica, \u201cuna tarjeta\u201d de empleado que marc\u00f3 el tiempo de entrada y de salida, \u201cun n\u00famero\u201d en la planilla, o bien un sub-empleado que ni en planilla existe, como pasa con muchos empleados de limpieza en las f\u00e1bricas o en las casas de familia.<\/strong> Esto lo refleja muy bien la pel\u00edcula cuando en plan c\u00f3mico Charlie sale corriendo de la f\u00e1brica pero se vuelve porque se acuerda que debe de marcar en la tarjeta de control cada vez que sale pues esto implica un cese laboral, es decir, dinero que no hay que pagar al empleado de la tarjeta numero \u201cX\u201d.<\/div>\n<div style=\"text-align: justify;\">Y es que, precisamente, <strong>la t\u00e9cnica nos da una comprensi\u00f3n del mundo y de las nuevas tecnolog\u00edas, la primera configura y determina a la humanidad;\u00a0y la segunda es como un \u201ccaramelo\u201d con que nos van \u201cendulzando\u201d para que nos pase por la garganta el trago amargo de la configuraci\u00f3n t\u00e9cnica que cada vez m\u00e1s tenemos los seres humanos.<\/strong>Otro de los temas es<strong>\u00a0la salud y las consecuencias<\/strong> <strong>que trae consigo el elaborar un trabajo espec\u00edfico<\/strong>, por ejemplo los que trabajan de cajeros en los bancos (y todas las personas que tienen que digitar todo el d\u00eda en un teclado) llegan a sufrir en las manos el <a href=\"http:\/\/es.wikipedia.org\/wiki\/S%C3%ADndrome_del_t%C3%BAnel_carpiano\">s\u00edndrome del \u201ct\u00fanel del carpo<\/a>\u201d que b\u00e1sicamente les atrofia la mano al estir\u00e1rseles los tendones de \u00e9sta, ocasion\u00e1ndoles un trastorno doloroso puesto que al hinch\u00e1rseles los tendones obstruyen el t\u00fanel carpiano que \u201cprotege el nervio mediano.<\/div>\n<div style=\"text-align: justify;\"><em>\u00abAlgunos ejemplos de esta circunstancia son la silicosis, enfermedad pulmonar que afecta a los mineros, trabajadores de la industria y alfareros por la exposici\u00f3n al polvo de s\u00edlice; el c\u00e1ncer de escroto en los deshollinadores, en relaci\u00f3n con el holl\u00edn; alteraciones neurol\u00f3gicas en los alfareros por el uso de productos con base de plomo o alteraciones \u00f3seas en los trabajadores de la industria de cerillas por la exposici\u00f3n al f\u00f3sforo. Muchos de estos procesos captaron la atenci\u00f3n general durante la Revoluci\u00f3n Industrial en el siglo XIX\u201d<\/em><\/div>\n<div style=\"text-align: justify;\">Este tema viene a colaci\u00f3n porque en la pel\u00edcula se hace notar, siempre de manera graciosa, los problemas que ocasionan los avances t\u00e9cnicos en la salud de la persona, <strong>cuando el hombre se detiene de trabajar ya su cuerpo hab\u00eda pasado mucho tiempo en un movimiento determinado que le lleva a realizar ese movimiento incluso cuando no est\u00e1 trabajando.\u00a0<\/strong><\/div>\n<div style=\"text-align: justify;\">La pel\u00edcula se ubica en tiempos de la era de la fabricaci\u00f3n en serie, de la velocidad y eficacia laboral sin embargo, n<strong>o se pueden reducir los tiempos modernos a que el ser humano solamente sirve para fabricar cosas, objetos<\/strong> (homo faber) p<strong>ero como el esp\u00edritu competitivo es caracter\u00edstico del hombre, es a trav\u00e9s de la t\u00e9cnica en la que se le da un significado a la modernidad, en tanto define todo como manipulable, cuantificable, calculable, controlable, disponible, reemplazable, es decir que todo puede ser organizado y planificado. Las cosas que est\u00e1n ah\u00ed en el mundo son almacenables para luego aplicarles el \u201c\u00fasese y t\u00edrese\u201d, esta mentalidad es perversa en cuanto, trasmite un valor muy bajo a toda la actividad humana, es como cortarle el asombro y la sensibilizaci\u00f3n, el aprecio y la admiraci\u00f3n hacia el trabajo hecho por los dem\u00e1s, con esto tambi\u00e9n se da un paso de \u201cinsensibilizaci\u00f3n\u201d hacia el arte, la poes\u00eda. <\/strong><\/div>\n<div style=\"text-align: justify;\"><strong>Ahora todo se fabrica con facilidad y se puede conseguir en el mercado.<\/strong><\/div>\n<div style=\"text-align: justify;\">\n<p style=\"text-align: center;\">\u00ab&#8230;los grandes descubrimientos en las ciencias f\u00edsicas , que han<br \/>\ncambiado nuestras im\u00e1genes del universo y nuestro lugar en \u00e9l; la<br \/>\nindustrializaci\u00f3n de la producci\u00f3n, que transforma el conocimiento<br \/>\ncient\u00edfico en tecnolog\u00eda, crea nuevos entornos humanos y destruye los<br \/>\nantiguos, acelera el ritmo general de la vida, genera nuevas formas de poder<br \/>\ncolectivo y de lucha de clases; las inmensas alteraciones demogr\u00e1ficas que<br \/>\nhan separado a millones de personas de su habitat ancestral, lanz\u00e1ndolas a<br \/>\nnuevas vidas a trav\u00e9s de medio mundo; el crecimiento urbano, r\u00e1pido y a<br \/>\nmenudo ca\u00f3tico; los sistemas de comunicaci\u00f3n de masas, de desarrollo din\u00e1mico,<br \/>\nque envuelven y unen a las sociedades y pueblos m\u00e1s diversos, los<br \/>\nEstados cada vez m\u00e1s poderosos , estructurados y dirigidos<br \/>\nburocr\u00e1ticamente, que se esfuerzan constantemente por ampliar sus<br \/>\npoderes; los movimientos sociales masivos de personas y pueblos, que<br \/>\ndesaf\u00edan a sus dirigentes pol\u00edticos y econ\u00f3micos y se esfuerzan por ejercer<br \/>\ncierto control sobre sus vidas; y finalmente, conduciendo y manteniendo a<br \/>\ntodas estas personas e instituciones un mercado capitalista mundial<br \/>\nsiempre en expansi\u00f3n y dr\u00e1sticamente fluctuante. En el siglo XX, los<br \/>\nprocesos sociales que dan origen a estas vor\u00e1gines , manteni\u00e9ndolas en un<br \/>\nestado de perpetuo devenir, ha recibido el nombre de &#8216;modernizaci\u00f3n&#8217;.\u00bb<\/p>\n<\/div>\n<div style=\"text-align: justify;\"><\/div>\n<div style=\"text-align: justify;\">La <a href=\"http:\/\/es.wikipedia.org\/wiki\/Producci%C3%B3n_en_cadena\">producci\u00f3n \u00aben masa\u00bb<\/a> est\u00e1 muy bien ejemplificada en la pel\u00edcula cuando deciden aumentar el ritmo de la producci\u00f3n en varias ocasiones. Esto es consecuencia del proceso de tecnificaci\u00f3n, hoy podemos verlo mejor pues hay muchas oportunidades de adquirir un producto (o \u00abartefacto\u00bb: cualquier obra manual realizada con un prop\u00f3sito o funci\u00f3n t\u00e9cnica espec\u00edfica) que \u201cusamos\u00bb y, al poco tiempo, \u00abtiramos\u201d pues estamos acostumbrados a que todo tiene <strong>\u00abfecha de vencimiento<\/strong>\u00ab, de que en poco tiempo se har\u00e1 algo mejor, un \u00abnuevo modelo\u00bb con m\u00e1s atributos y posibilidades.<strong> Esto es una manifestaci\u00f3n del consumismo en el que vivimos&#8230;<\/strong><\/div>\n<div style=\"text-align: justify;\">Esta producci\u00f3n serial tiene una din\u00e1mica de fondo que no es neutral, sino que es producto de una <a href=\"http:\/\/es.wikipedia.org\/wiki\/Subjetividad\">\u00absubjetividad\u00bb<\/a>, por eso lleva oculto una forma de dominio pol\u00edtico, en donde la \u201ct\u00e9cnica\u201d es una ideolog\u00eda pol\u00edtica: <a href=\"http:\/\/es.wikipedia.org\/wiki\/Tecnocracia_(pol%C3%ADtica)\">\u201ctecnocracia\u201d<\/a>, que hace posible el dominio que el hombre procura sobre las fuerzas y hechos de la naturaleza. El ser humano como \u00abhumano\u00bb que es, necesita \u00abdominar\u00bb para satisfacer sus necesidades primarias de subsistencia y entonces establece un \u00abinter\u00e9s t\u00e9cnico\u00bb por sobre la naturaleza. De una \u00abnecesidad\u00bb (que podr\u00edamos decir \u00abanimal\u00bb) pasa a \u00abracionalizar\u00bb lo que necesita y la \u00abt\u00e9cnica\u00bb es el medio:<\/div>\n<div style=\"text-align: justify;\"><em>\u201cLa civilizaci\u00f3n t\u00e9cnica, el progreso cient\u00edfico y la racionalidad instrumental se le puede llamar <strong>proceso de racionalizaci\u00f3n el cual lleva a un desencanto del mundo, es decir, ya no hay valores, dioses, misterios, magia, no hay sentido de trascendencia, pues lo que tenemos son hechos probables, resultados eficacia.<\/strong> A este proceso de racionalizaci\u00f3n lo mueven fuerzas que no son racionales, por ejemplo <a href=\"http:\/\/es.wikipedia.org\/wiki\/Auschwitz\">Auschwitz<\/a> est\u00e1 en la cumbre de lo cient\u00edfico pero es irracional, porque detr\u00e1s estuvo la voluntad del poder\u201d.<\/em><\/div>\n<div style=\"text-align: justify;\">\u00a0(Texto arreglado de: Asociaci\u00f3n de Estudiantes de Filosof\u00eda)<\/div>\n<div style=\"text-align: justify;\"><\/div>\n<div style=\"text-align: justify;\"><a href=\"http:\/\/www.proyectoallen.com.ar\/3\/wp-content\/uploads\/2013\/04\/1.jpg\"><img loading=\"lazy\" decoding=\"async\" class=\"aligncenter size-full wp-image-3985\" title=\"1\" src=\"http:\/\/www.proyectoallen.com.ar\/3\/wp-content\/uploads\/2013\/04\/1.jpg\" alt=\"\" width=\"660\" height=\"300\" srcset=\"https:\/\/www.proyectoallen.com.ar\/3\/wp-content\/uploads\/2013\/04\/1.jpg 660w, https:\/\/www.proyectoallen.com.ar\/3\/wp-content\/uploads\/2013\/04\/1-300x136.jpg 300w, https:\/\/www.proyectoallen.com.ar\/3\/wp-content\/uploads\/2013\/04\/1-250x113.jpg 250w\" sizes=\"auto, (max-width: 660px) 100vw, 660px\" \/><\/a><\/div>\n<div style=\"text-align: justify;\"><\/div>\n<div style=\"text-align: justify;\">\n<p>&nbsp;<\/p>\n<p>&nbsp;<\/p>\n<p style=\"text-align: center;\">\n<p style=\"text-align: center;\">\n<\/div>\n<h4 style=\"text-align: center;\"><\/h4>\n<p>&nbsp;<\/p>\n<p>1 &#8211; Luego de leer los textos anteriores y ver la pel\u00edcula, escribe una reflexi\u00f3n personal.<\/p>\n<p>2 &#8211; \u00bfQu\u00e9 te sugieren las primeras im\u00e1genes de\u00a0la pel\u00edcula? (el montaje que presenta en paralelo: un reba\u00f1o de ovejas y la entrada de\u00a0obreros en la f\u00e1brica).<\/p>\n<p>3 &#8211; \u00bfComo es el lugar de trabajo? (Tener en cuenta: c\u00f3mo se trabaja en el lugar, cual es el clima de trabajo, que relaci\u00f3n hay entre los compa\u00f1eros de trabajo, sus supervisores, el jefe, etc.)<\/p>\n<p>4 &#8211; \u00a0\u00bfQue rol cumple la maquina en el <a href=\"http:\/\/definicion.de\/proceso-de-produccion\/\">proceso de producci\u00f3n<\/a>? y \u00bfQu\u00e9 importancia tiene la \u00ab<a href=\"http:\/\/www.autocity.com\/articulo\/quien-fue-ransom-e-olds\">linea de montaje<\/a>\u00ab? Clickea sobre \u00abproceso de producci\u00f3n\u00bb y \u00ablinea de montaje\u00bb y luego responde lo que vos entiendas.<\/p>\n<p>5 &#8211; \u00bfQue ventajas y desventajas tiene el trabajo de <a href=\"https:\/\/es.wikipedia.org\/wiki\/Producci%C3%B3n_en_cadena\">producci\u00f3n en serie<\/a>?.\u00a0 Clickea sobre \u00abproducci\u00f3n en serie\u00bb y luego responde lo que vos entiendas.<\/p>\n<p>6 &#8211; \u00bfQu\u00e9 consecuencias genera ese tipo de trabajo en el organismo de \u201cCharlot\u201d? \u00bfQu\u00e9 sucede cuando el personaje quiere tomar un tiempo de descanso?<\/p>\n<p>7 &#8211; \u00bfC\u00f3mo est\u00e1 representado el due\u00f1o de la fabrica? \u00bfque intenta mejorar con la nueva \u00abmaquina\u00bb de comer \u00abVelox\u00bb?<\/p>\n<p>8 &#8211; El film hace una critica a la sociedad \u00bfCual es la critica?. Ten\u00e9 en cuenta este t\u00e9rmino:\u00a0<a href=\"https:\/\/es.wikipedia.org\/wiki\/Alienaci%C3%B3n\">Alienaci\u00f3n<\/a>: \u00bfQue relaci\u00f3n tiene esta palabra con el film?<\/p>\n<p>9 &#8211; En a\u00f1os anteriores estudiaste sobre el <a href=\"http:\/\/es.wikipedia.org\/wiki\/Capitalismo\">sistema Capitalista<\/a> y la <a href=\"http:\/\/www.profesorenlinea.cl\/universalhistoria\/RevolucionIndustrial.htm\">Revoluci\u00f3n Industrial<\/a>\u00a0\u00bfEn qu\u00e9 \u00e9poca hist\u00f3rica se ambienta la pel\u00edcula? \u00bfQue pas\u00f3 en 1929 en Estados Unidos que afect\u00f3 a todo el mundo? \u00bfPor que?. Investiga a partir del termino \u00abcrisis de 1929\u00bb o busca referencias en el texto de inicio de este trabajo.<\/p>\n<p>10 &#8211; \u00a0Explica con tus palabras los siguientes textos:<\/p>\n<p style=\"text-align: justify;\"><strong>El trabajo seg\u00fan un obrero de la Citroen<\/strong><br \/>\n\u201c\u2026 cada hombre tiene un \u00e1rea bien definida para las operaciones que tiene que desempe\u00f1ar, aunque sus l\u00edmites son invisibles: tan pronto como un coche entra en el territorio de un hombre, \u00e9ste toma el soldador, el fundente, su martillo o su\u00a0<strong>lima<\/strong>\u00a0y pone manos a la obra. Unos pocos golpes, una cuantas chispas, y la soldadura ha acabado, el coche ya se ha alejado unos cuantos metros de su posici\u00f3n y el pr\u00f3ximo coche est\u00e1 llegando al \u00e1rea de trabajo. Entonces el obrero vuelve a empezar\u2026 A veces, si ha trabajado deprisa, tiene unos pocos segundos de respiro antes de que llegue el siguiente coche: entonces lo aprovecha para descansar unos instantes, o intensificar su esfuerzo y \u2018remonta la cadena\u2019 para ganar un poco de tiempo\u2026, si, por otro lado, el trabajo es demasiado lento, \u2018va descendiendo\u2019 de tal modo que se encuentra progresivamente por detr\u00e1s de su posici\u00f3n, realizando a\u00fan su trabajo cuando el siguiente obrero ya ha iniciado el suyo. Entonces tiene que darse m\u00e1s\u00a0<strong>prisa<\/strong>, tratando de retomar el ritmo; y el lento movimiento, que a m\u00ed me parece que no es movimiento en absoluto, parece tan desbocado como un\u00a0<strong>torrente<\/strong>\u00a0furioso que no puedes contener\u2026 en ocasiones en tan terrible como ahogarse\u201d<br \/>\n<em><strong>(Obrero de la Citroen (Francia) citado por Giddens, 1997).<\/strong><\/em><\/p>\n<p style=\"text-align: justify;\"><strong>El trabajo, \u00bfembrutece o ennoblece?<\/strong><br \/>\n\u00abCiertamente que el trabajo produce maravillas para los ricos, pero s\u00f3lo privaciones\u00a0para el trabajador. Produce palacios, pero chozas para el obrero. Produce bellezas,\u00a0pero deformidad. Sustituye el trabajo por m\u00e1quinas, pero arroja una parte de\u00a0trabajadores a un trabajo b\u00e1rbaro y convierte en m\u00e1quinas a la mayor parte.<br \/>\nProduce esp\u00edritu, pero origina estupidez y cretinismo en el trabajador.\u00a0El trabajo es externo al trabajador, pues en el trabajo no se afirma, sino que se\u00a0niega; no se siente feliz, sino desgraciado. Por eso el trabajador s\u00f3lo se siente en\u00a0s\u00ed fuera del trabajo y en el trabajo, fuera de s\u00ed. Est\u00e1 en lo suyo cuando no trabaja\u00a0y cuando trabaja no est\u00e1 en lo suyo. Su trabajo no es as\u00ed voluntario, sino forzado.\u00a0Por eso, no es la satisfacci\u00f3n de una necesidad, sino solamente un medio para\u00a0satisfacer las necesidades fuera del trabajo.<br \/>\nDe esto resulta que el hombre, el trabajador, s\u00f3lo se siente libre en sus funciones\u00a0animales: comer, beber y engendrar, y en todo lo dem\u00e1s que toca a su atav\u00edo y\u00a0habitaci\u00f3n y, en cambio, en sus funciones humanas se siente como animal. Lo animal\u00a0se convierte en humano y lo humano en animal.\u00bb<br \/>\n<strong>\u00a0 \u00a0 \u00a0 \u00a0 \u00a0 \u00a0 \u00a0 \u00a0 \u00a0 \u00a0 \u00a0 \u00a0 \u00a0 \u00a0 \u00a0 \u00a0 \u00a0 \u00a0 \u00a0 \u00a0 \u00a0(Marx,\u00a0<em>Manuscritos de econom\u00eda y filosof\u00eda<\/em><\/strong>).<\/p>\n<p style=\"text-align: justify;\">11 &#8211; Allen tiene un Parque Industrial. Esta es su historia y actual situaci\u00f3n: <a href=\"http:\/\/marialanga.wix.com\/parqueindustrial\">Parque Industrial Country Club<\/a>\u00a0. \u00bfConoces alg\u00fan lugar de trabajo en Allen en que los trabajadores vivan situaciones semejantes a las vividas por Charlot en Tiempos Modernos?. Observa esta im\u00e1gen y las otras del facebook.<\/p>\n<div id=\"attachment_3991\" style=\"width: 727px\" class=\"wp-caption aligncenter\"><a href=\"http:\/\/www.proyectoallen.com.ar\/3\/wp-content\/uploads\/2013\/04\/2010-spina1951-Medium.jpg\"><img loading=\"lazy\" decoding=\"async\" aria-describedby=\"caption-attachment-3991\" class=\" wp-image-3991\" title=\"2010-spina1951 (Medium)\" src=\"http:\/\/www.proyectoallen.com.ar\/3\/wp-content\/uploads\/2013\/04\/2010-spina1951-Medium.jpg\" alt=\"\" width=\"717\" height=\"461\" srcset=\"https:\/\/www.proyectoallen.com.ar\/3\/wp-content\/uploads\/2013\/04\/2010-spina1951-Medium.jpg 1195w, https:\/\/www.proyectoallen.com.ar\/3\/wp-content\/uploads\/2013\/04\/2010-spina1951-Medium-300x192.jpg 300w, https:\/\/www.proyectoallen.com.ar\/3\/wp-content\/uploads\/2013\/04\/2010-spina1951-Medium-1024x658.jpg 1024w, https:\/\/www.proyectoallen.com.ar\/3\/wp-content\/uploads\/2013\/04\/2010-spina1951-Medium-250x160.jpg 250w\" sizes=\"auto, (max-width: 717px) 100vw, 717px\" \/><\/a><p id=\"caption-attachment-3991\" class=\"wp-caption-text\">Obreras del Galp\u00f3n de Spina<\/p><\/div>\n<p style=\"text-align: center;\">Facebook:\u00a0<a href=\"http:\/\/www.facebook.com\/media\/set\/?set=a.279084288850437.64714.230052660420267&amp;type=1\">Trabajadores de Allen<\/a><\/p>\n<p style=\"text-align: center;\">PDF para bajar el trabajo a tu compu:<\/p>\n<p style=\"text-align: center;\"><a href=\"http:\/\/www.proyectoallen.com.ar\/3\/wp-content\/uploads\/2013\/04\/\u201cTiempos-Modernos\u201d-de-Charles-Chaplin-\u00bb-Proyecto-Allen-3.pdf\">\u201cTiempos Modernos\u201d de Charles Chaplin \u00bb Proyecto Allen 3<\/a><\/p>\n<p style=\"text-align: justify;\"><em><strong>Para saber m\u00e1s:<\/strong><\/em><\/p>\n<p style=\"text-align: justify;\"><a href=\"http:\/\/www.charliechaplin.com\/\">Pagina Charles Chaplin<\/a><\/p>\n<p style=\"text-align: justify;\"><a href=\"http:\/\/www.facebook.com\/pages\/Charles-Chaplin\/112319582114424\">Facebook Charles Chaplin<\/a><\/p>\n","protected":false},"excerpt":{"rendered":"<p>El siguiente trabajo pr\u00e1ctico es para el 1\u00b0 trimestre.<\/p>\n","protected":false},"author":2,"featured_media":7525,"comment_status":"open","ping_status":"closed","sticky":false,"template":"","format":"standard","meta":{"ngg_post_thumbnail":0,"footnotes":""},"categories":[14,5],"tags":[],"class_list":["post-3982","post","type-post","status-publish","format-standard","has-post-thumbnail","hentry","category-actividades","category-educacion"],"jetpack_featured_media_url":"https:\/\/www.proyectoallen.com.ar\/3\/wp-content\/uploads\/2015\/04\/chaplin-charlie-modern-times_011.jpg","_links":{"self":[{"href":"https:\/\/www.proyectoallen.com.ar\/3\/index.php?rest_route=\/wp\/v2\/posts\/3982","targetHints":{"allow":["GET"]}}],"collection":[{"href":"https:\/\/www.proyectoallen.com.ar\/3\/index.php?rest_route=\/wp\/v2\/posts"}],"about":[{"href":"https:\/\/www.proyectoallen.com.ar\/3\/index.php?rest_route=\/wp\/v2\/types\/post"}],"author":[{"embeddable":true,"href":"https:\/\/www.proyectoallen.com.ar\/3\/index.php?rest_route=\/wp\/v2\/users\/2"}],"replies":[{"embeddable":true,"href":"https:\/\/www.proyectoallen.com.ar\/3\/index.php?rest_route=%2Fwp%2Fv2%2Fcomments&post=3982"}],"version-history":[{"count":17,"href":"https:\/\/www.proyectoallen.com.ar\/3\/index.php?rest_route=\/wp\/v2\/posts\/3982\/revisions"}],"predecessor-version":[{"id":3988,"href":"https:\/\/www.proyectoallen.com.ar\/3\/index.php?rest_route=\/wp\/v2\/posts\/3982\/revisions\/3988"}],"wp:featuredmedia":[{"embeddable":true,"href":"https:\/\/www.proyectoallen.com.ar\/3\/index.php?rest_route=\/wp\/v2\/media\/7525"}],"wp:attachment":[{"href":"https:\/\/www.proyectoallen.com.ar\/3\/index.php?rest_route=%2Fwp%2Fv2%2Fmedia&parent=3982"}],"wp:term":[{"taxonomy":"category","embeddable":true,"href":"https:\/\/www.proyectoallen.com.ar\/3\/index.php?rest_route=%2Fwp%2Fv2%2Fcategories&post=3982"},{"taxonomy":"post_tag","embeddable":true,"href":"https:\/\/www.proyectoallen.com.ar\/3\/index.php?rest_route=%2Fwp%2Fv2%2Ftags&post=3982"}],"curies":[{"name":"wp","href":"https:\/\/api.w.org\/{rel}","templated":true}]}}