{"id":4123,"date":"2020-09-02T18:00:34","date_gmt":"2020-09-02T18:00:34","guid":{"rendered":"http:\/\/www.proyectoallen.com.ar\/3\/?p=4123"},"modified":"2020-09-02T22:12:09","modified_gmt":"2020-09-02T22:12:09","slug":"pastilla-automovilisticas","status":"publish","type":"post","link":"https:\/\/www.proyectoallen.com.ar\/3\/?p=4123","title":{"rendered":"Pastillas automovil\u00edsticas"},"content":{"rendered":"<p style=\"text-align: justify;\"><em>Cuenta Juan Jos\u00e9 Osiniri que su padre fabricaba y preparaba autos de carrera \u00abque dieron que hablar en el Valle, en distintos campeonatos y categoria\u00bb saliendo \u00abprimero o segundo c\u00f3modo en todas las carreras, ganando carreras y campeonatos\u00bb. En la historia del automovilismo allense los memoriosos recuerdan la popularidad e importancia de este deporte a nivel regional y nacional.\u00a0<!--more Seguir leyendo...--><\/em><\/p>\n<p>&nbsp;<\/p>\n<p><a href=\"http:\/\/www.proyectoallen.com.ar\/3\/wp-content\/uploads\/2013\/04\/F.-Gabald\u00f3n.jpg\"><img loading=\"lazy\" decoding=\"async\" class=\"aligncenter size-large wp-image-9699\" src=\"http:\/\/www.proyectoallen.com.ar\/3\/wp-content\/uploads\/2013\/04\/F.-Gabald\u00f3n-1024x573.jpg\" alt=\"\" width=\"1024\" height=\"573\" srcset=\"https:\/\/www.proyectoallen.com.ar\/3\/wp-content\/uploads\/2013\/04\/F.-Gabald\u00f3n-1024x573.jpg 1024w, https:\/\/www.proyectoallen.com.ar\/3\/wp-content\/uploads\/2013\/04\/F.-Gabald\u00f3n-300x168.jpg 300w, https:\/\/www.proyectoallen.com.ar\/3\/wp-content\/uploads\/2013\/04\/F.-Gabald\u00f3n-768x430.jpg 768w, https:\/\/www.proyectoallen.com.ar\/3\/wp-content\/uploads\/2013\/04\/F.-Gabald\u00f3n-250x140.jpg 250w, https:\/\/www.proyectoallen.com.ar\/3\/wp-content\/uploads\/2013\/04\/F.-Gabald\u00f3n.jpg 1060w\" sizes=\"auto, (max-width: 1024px) 100vw, 1024px\" \/><\/a><\/p>\n<p style=\"text-align: justify;\">Ya en\u00a01936 Fernando Gabald\u00f3n particip\u00f3 con su acompa\u00f1ante Vicente Genghini en una carrera en su Ford T. Al a\u00f1o siguiente la actividad ya estaba m\u00e1s organizada, Juan Tarifa era el referente para los amantes de ese deporte y se realiz\u00f3 una carrera en el pueblo en la que particip\u00f3 Pedro Gancedo. Sin embargo, seg\u00fan Tort (en su libro sobre el peri\u00f3dico de su padre), el automovilismo no se practic\u00f3 durante el periodo en que dur\u00f3 la Segunda Guerra Mundial y se restableci\u00f3 reci\u00e9n con la creaci\u00f3n del <a href=\"http:\/\/www.proyectoallen.com.ar\/3\/?p=1512\">Allen Automoto Club<\/a> en 1961.<\/p>\n<p><a href=\"http:\/\/www.proyectoallen.com.ar\/3\/wp-content\/uploads\/2013\/04\/gabaldon-corredor-allense-Medium.jpg\"><img loading=\"lazy\" decoding=\"async\" class=\"aligncenter size-full wp-image-9700\" src=\"http:\/\/www.proyectoallen.com.ar\/3\/wp-content\/uploads\/2013\/04\/gabaldon-corredor-allense-Medium.jpg\" alt=\"\" width=\"800\" height=\"292\" srcset=\"https:\/\/www.proyectoallen.com.ar\/3\/wp-content\/uploads\/2013\/04\/gabaldon-corredor-allense-Medium.jpg 800w, https:\/\/www.proyectoallen.com.ar\/3\/wp-content\/uploads\/2013\/04\/gabaldon-corredor-allense-Medium-300x110.jpg 300w, https:\/\/www.proyectoallen.com.ar\/3\/wp-content\/uploads\/2013\/04\/gabaldon-corredor-allense-Medium-768x280.jpg 768w, https:\/\/www.proyectoallen.com.ar\/3\/wp-content\/uploads\/2013\/04\/gabaldon-corredor-allense-Medium-250x91.jpg 250w\" sizes=\"auto, (max-width: 800px) 100vw, 800px\" \/><\/a><\/p>\n<p style=\"text-align: center;\"><a href=\"http:\/\/www.proyectoallen.com.ar\/3\/wp-content\/uploads\/2013\/04\/IMG_1103-Large.jpg\"><img loading=\"lazy\" decoding=\"async\" class=\"aligncenter wp-image-4124\" title=\"IMG_1103 (Large)\" src=\"http:\/\/www.proyectoallen.com.ar\/3\/wp-content\/uploads\/2013\/04\/IMG_1103-Large-1024x271.jpg\" alt=\"\" width=\"717\" height=\"190\" srcset=\"https:\/\/www.proyectoallen.com.ar\/3\/wp-content\/uploads\/2013\/04\/IMG_1103-Large-1024x271.jpg 1024w, https:\/\/www.proyectoallen.com.ar\/3\/wp-content\/uploads\/2013\/04\/IMG_1103-Large-300x79.jpg 300w, https:\/\/www.proyectoallen.com.ar\/3\/wp-content\/uploads\/2013\/04\/IMG_1103-Large-250x66.jpg 250w, https:\/\/www.proyectoallen.com.ar\/3\/wp-content\/uploads\/2013\/04\/IMG_1103-Large.jpg 1920w\" sizes=\"auto, (max-width: 717px) 100vw, 717px\" \/><\/a><\/p>\n<p style=\"text-align: justify;\">Los a\u00f1os 60&#8242; y 70&#8242; fueron \u00e9pocas de oro para el Aut\u00f3dromo de la ciudad. Se realizaban carreras con famosos corredores, ven\u00edan \u00abglorias\u00bb del automovilismo nacional y los fines de semana eran momentos para compartir con la familia y amigos \u00a0un asado que comenzaba a preparase desde muy temprano.<\/p>\n<div id=\"attachment_4131\" style=\"width: 624px\" class=\"wp-caption aligncenter\"><a href=\"http:\/\/www.proyectoallen.com.ar\/3\/wp-content\/uploads\/2013\/04\/Foto-Fangio-Medium.jpg\"><img loading=\"lazy\" decoding=\"async\" aria-describedby=\"caption-attachment-4131\" class=\" wp-image-4131 \" title=\"Foto Fangio (Medium)\" src=\"http:\/\/www.proyectoallen.com.ar\/3\/wp-content\/uploads\/2013\/04\/Foto-Fangio-Medium-1024x748.jpg\" alt=\"\" width=\"614\" height=\"449\" srcset=\"https:\/\/www.proyectoallen.com.ar\/3\/wp-content\/uploads\/2013\/04\/Foto-Fangio-Medium-1024x748.jpg 1024w, https:\/\/www.proyectoallen.com.ar\/3\/wp-content\/uploads\/2013\/04\/Foto-Fangio-Medium-300x219.jpg 300w, https:\/\/www.proyectoallen.com.ar\/3\/wp-content\/uploads\/2013\/04\/Foto-Fangio-Medium-250x182.jpg 250w, https:\/\/www.proyectoallen.com.ar\/3\/wp-content\/uploads\/2013\/04\/Foto-Fangio-Medium.jpg 1050w\" sizes=\"auto, (max-width: 614px) 100vw, 614px\" \/><\/a><p id=\"caption-attachment-4131\" class=\"wp-caption-text\">Fangio en Allen con directivos de AAMC: D. L\u00f3pez Oribe, E. Svampa y B. Muzevic<\/p><\/div>\n<p style=\"text-align: justify;\">Juan Jos\u00e9 Osiniri recuerda tambi\u00e9n la carrera de \u00abLa Avispa, gan\u00e1ndole al avi\u00f3n en el aer\u00f3dromo de Allen, la avispa gan\u00e1ndole en 400 metros contra un caballo de carrera campe\u00f3n y habiendo largado &#8216;al reves&#8217; (de espaldas a la pista). Pueden buscar mas datos de esto hablando con &#8216;Pirulo&#8217; Ortega, el &#8216;ruso&#8217; Eidilstein, &#8216;Pepe&#8217; Nomdedeu, Belich, &#8216;Queso&#8217; Diez, Cualquiera de los Svampa, algunos de los ex Allen Competicion, Hugo Illuminati que manejaba el avi\u00f3n del aeroclub\u00bb.<\/p>\n<div id=\"attachment_9713\" style=\"width: 422px\" class=\"wp-caption aligncenter\"><a href=\"http:\/\/www.proyectoallen.com.ar\/3\/wp-content\/uploads\/2020\/09\/langa-di-palma-Medium.jpg\"><img loading=\"lazy\" decoding=\"async\" aria-describedby=\"caption-attachment-9713\" class=\"wp-image-9713 size-full\" src=\"http:\/\/www.proyectoallen.com.ar\/3\/wp-content\/uploads\/2020\/09\/langa-di-palma-Medium.jpg\" alt=\"\" width=\"412\" height=\"600\" srcset=\"https:\/\/www.proyectoallen.com.ar\/3\/wp-content\/uploads\/2020\/09\/langa-di-palma-Medium.jpg 412w, https:\/\/www.proyectoallen.com.ar\/3\/wp-content\/uploads\/2020\/09\/langa-di-palma-Medium-206x300.jpg 206w, https:\/\/www.proyectoallen.com.ar\/3\/wp-content\/uploads\/2020\/09\/langa-di-palma-Medium-250x364.jpg 250w\" sizes=\"auto, (max-width: 412px) 100vw, 412px\" \/><\/a><p id=\"caption-attachment-9713\" class=\"wp-caption-text\">Luis y Maria Luisa Langa con Di Palma.<\/p><\/div>\n<p style=\"text-align: justify;\">Pedro P\u00e9rez, con la \u201cAvispa\u201d era el auto preparado por Miguel Osiniri y Oscar Rial, con el que gan\u00f3 el Campeonato Regional de Ford T del a\u00f1o 1962.<\/p>\n<p style=\"text-align: center;\"><a href=\"http:\/\/www.proyectoallen.com.ar\/3\/wp-content\/uploads\/2013\/04\/Foto-Pedro-Perez-La-avispa-11.jpg\"><img loading=\"lazy\" decoding=\"async\" class=\"aligncenter wp-image-4128\" title=\"Foto Pedro Perez - La avispa 1\" src=\"http:\/\/www.proyectoallen.com.ar\/3\/wp-content\/uploads\/2013\/04\/Foto-Pedro-Perez-La-avispa-11-1024x657.jpg\" alt=\"\" width=\"614\" height=\"394\" srcset=\"https:\/\/www.proyectoallen.com.ar\/3\/wp-content\/uploads\/2013\/04\/Foto-Pedro-Perez-La-avispa-11-1024x657.jpg 1024w, https:\/\/www.proyectoallen.com.ar\/3\/wp-content\/uploads\/2013\/04\/Foto-Pedro-Perez-La-avispa-11-300x192.jpg 300w, https:\/\/www.proyectoallen.com.ar\/3\/wp-content\/uploads\/2013\/04\/Foto-Pedro-Perez-La-avispa-11-250x160.jpg 250w, https:\/\/www.proyectoallen.com.ar\/3\/wp-content\/uploads\/2013\/04\/Foto-Pedro-Perez-La-avispa-11.jpg 1090w\" sizes=\"auto, (max-width: 614px) 100vw, 614px\" \/><\/a><\/p>\n<p style=\"text-align: justify;\">Estaba Elino Maggi, con su \u201cTortuga\u201d, que \u00e9l mismo preparaba y obtuvo el Campeonato Regional de Ford T del a\u00f1o 1963 y los hermanos Di Giacomo.<\/p>\n<p style=\"text-align: center;\"><a href=\"http:\/\/www.proyectoallen.com.ar\/3\/wp-content\/uploads\/2013\/04\/Foto-Elino-maggi-Medium.jpg\"><img loading=\"lazy\" decoding=\"async\" class=\"aligncenter wp-image-4129\" title=\"Foto Elino maggi (Medium)\" src=\"http:\/\/www.proyectoallen.com.ar\/3\/wp-content\/uploads\/2013\/04\/Foto-Elino-maggi-Medium-1024x646.jpg\" alt=\"\" width=\"614\" height=\"388\" srcset=\"https:\/\/www.proyectoallen.com.ar\/3\/wp-content\/uploads\/2013\/04\/Foto-Elino-maggi-Medium-1024x646.jpg 1024w, https:\/\/www.proyectoallen.com.ar\/3\/wp-content\/uploads\/2013\/04\/Foto-Elino-maggi-Medium-300x189.jpg 300w, https:\/\/www.proyectoallen.com.ar\/3\/wp-content\/uploads\/2013\/04\/Foto-Elino-maggi-Medium-250x157.jpg 250w, https:\/\/www.proyectoallen.com.ar\/3\/wp-content\/uploads\/2013\/04\/Foto-Elino-maggi-Medium.jpg 1217w\" sizes=\"auto, (max-width: 614px) 100vw, 614px\" \/><\/a><\/p>\n<p style=\"text-align: justify;\">M\u00e1s tarde se sumar\u00eda Carlos Svampa, con su \u201cAvispa 2\u201d, tambi\u00e9n preparada por Osiniri, quien era el preparador y dise\u00f1ador de las famosas \u201cAvispas\u201d. Svampa venci\u00f3 en varios circuitos y gan\u00f3 el Campeonato de 1972.<\/p>\n<p style=\"text-align: center;\"><a href=\"http:\/\/www.proyectoallen.com.ar\/3\/wp-content\/uploads\/2013\/04\/Foto-Svampa-Carlos-Medium.jpg\"><img loading=\"lazy\" decoding=\"async\" class=\"aligncenter wp-image-4130\" title=\"Foto Svampa Carlos (Medium)\" src=\"http:\/\/www.proyectoallen.com.ar\/3\/wp-content\/uploads\/2013\/04\/Foto-Svampa-Carlos-Medium.jpg\" alt=\"\" width=\"491\" height=\"461\" srcset=\"https:\/\/www.proyectoallen.com.ar\/3\/wp-content\/uploads\/2013\/04\/Foto-Svampa-Carlos-Medium.jpg 819w, https:\/\/www.proyectoallen.com.ar\/3\/wp-content\/uploads\/2013\/04\/Foto-Svampa-Carlos-Medium-300x281.jpg 300w, https:\/\/www.proyectoallen.com.ar\/3\/wp-content\/uploads\/2013\/04\/Foto-Svampa-Carlos-Medium-250x234.jpg 250w\" sizes=\"auto, (max-width: 491px) 100vw, 491px\" \/><\/a><\/p>\n<h4 style=\"text-align: justify;\"><a href=\"http:\/\/www.proyectoallen.com.ar\/3\/wp-content\/uploads\/2020\/09\/Fangio-y-N-Vega.jpg\"><img loading=\"lazy\" decoding=\"async\" class=\"aligncenter wp-image-9715 size-large\" src=\"http:\/\/www.proyectoallen.com.ar\/3\/wp-content\/uploads\/2020\/09\/Fangio-y-N-Vega-679x1024.jpg\" alt=\"\" width=\"679\" height=\"1024\" srcset=\"https:\/\/www.proyectoallen.com.ar\/3\/wp-content\/uploads\/2020\/09\/Fangio-y-N-Vega-679x1024.jpg 679w, https:\/\/www.proyectoallen.com.ar\/3\/wp-content\/uploads\/2020\/09\/Fangio-y-N-Vega-199x300.jpg 199w, https:\/\/www.proyectoallen.com.ar\/3\/wp-content\/uploads\/2020\/09\/Fangio-y-N-Vega-768x1158.jpg 768w, https:\/\/www.proyectoallen.com.ar\/3\/wp-content\/uploads\/2020\/09\/Fangio-y-N-Vega-250x377.jpg 250w\" sizes=\"auto, (max-width: 679px) 100vw, 679px\" \/><\/a><\/h4>\n<p><a href=\"http:\/\/www.proyectoallen.com.ar\/3\/wp-content\/uploads\/2020\/09\/G-Vega-y-Fangio.jpg\"><img loading=\"lazy\" decoding=\"async\" class=\"aligncenter size-large wp-image-9716\" src=\"http:\/\/www.proyectoallen.com.ar\/3\/wp-content\/uploads\/2020\/09\/G-Vega-y-Fangio-656x1024.jpg\" alt=\"\" width=\"656\" height=\"1024\" srcset=\"https:\/\/www.proyectoallen.com.ar\/3\/wp-content\/uploads\/2020\/09\/G-Vega-y-Fangio-656x1024.jpg 656w, https:\/\/www.proyectoallen.com.ar\/3\/wp-content\/uploads\/2020\/09\/G-Vega-y-Fangio-192x300.jpg 192w, https:\/\/www.proyectoallen.com.ar\/3\/wp-content\/uploads\/2020\/09\/G-Vega-y-Fangio-768x1200.jpg 768w, https:\/\/www.proyectoallen.com.ar\/3\/wp-content\/uploads\/2020\/09\/G-Vega-y-Fangio-250x390.jpg 250w, https:\/\/www.proyectoallen.com.ar\/3\/wp-content\/uploads\/2020\/09\/G-Vega-y-Fangio.jpg 2004w\" sizes=\"auto, (max-width: 656px) 100vw, 656px\" \/><\/a><\/p>\n<h4 style=\"text-align: justify;\"><\/h4>\n<h4 style=\"text-align: justify;\"><a href=\"http:\/\/www.facebook.com\/media\/set\/?set=a.435778519847679.1073741836.230052660420267&amp;type=1&amp;uploaded=24\">Galer\u00eda facebook Proyecto Allen<\/a><\/h4>\n<p>&nbsp;<\/p>\n<p>&nbsp;<\/p>\n<p style=\"text-align: center;\"><strong>Aut\u00f3dromo Gral. Enrique Mosc\u00f3n<\/strong><\/p>\n<p style=\"text-align: center;\"><strong>Allen Automoto Club\u00a0<\/strong>Extensi\u00f3n:1. 3400 mts; 2. 2650 mts;3. 4993 mt<\/p>\n<p style=\"text-align: center;\"><img loading=\"lazy\" decoding=\"async\" class=\"aligncenter\" src=\"http:\/\/autovisionguia.com\/images\/stories\/allen.png\" alt=\"allen\" width=\"220\" height=\"220\" \/><\/p>\n<p style=\"text-align: center;\"><a href=\"http:\/\/www.proyectoallen.com.ar\/3\/wp-content\/uploads\/2013\/04\/circdeallencopiahl0.jpg\"><img loading=\"lazy\" decoding=\"async\" class=\"aligncenter size-full wp-image-4126\" title=\"circdeallencopiahl0\" src=\"http:\/\/www.proyectoallen.com.ar\/3\/wp-content\/uploads\/2013\/04\/circdeallencopiahl0.jpg\" alt=\"\" width=\"645\" height=\"420\" srcset=\"https:\/\/www.proyectoallen.com.ar\/3\/wp-content\/uploads\/2013\/04\/circdeallencopiahl0.jpg 645w, https:\/\/www.proyectoallen.com.ar\/3\/wp-content\/uploads\/2013\/04\/circdeallencopiahl0-300x195.jpg 300w, https:\/\/www.proyectoallen.com.ar\/3\/wp-content\/uploads\/2013\/04\/circdeallencopiahl0-250x162.jpg 250w\" sizes=\"auto, (max-width: 645px) 100vw, 645px\" \/><\/a><\/p>\n<h4 style=\"text-align: justify;\"><\/h4>\n<h4 style=\"text-align: justify;\"><strong>Algo m\u00e1s&#8230;<\/strong><\/h4>\n<p><a href=\"http:\/\/www.facebook.com\/photo.php?fbid=10200104896211319&amp;set=o.230052660420267&amp;type=1&amp;theater\">Carlos Svampa- Piloto de La Avispa\u00a0y\u00a0Miguel A. Osiniri- Preparador de La Avispa<\/a><\/p>\n<p><a href=\"http:\/\/www.facebook.com\/photo.php?fbid=10200104894051265&amp;set=o.230052660420267&amp;type=1&amp;theater\">Pedro Perez (Piloto de La Avispa)\u00a0y\u00a0Miguel Osiniri &#8211; Preparador de La Avispa.<\/a><\/p>\n<p><a href=\"http:\/\/www.facebook.com\/photo.php?fbid=10200100913911764&amp;set=o.230052660420267&amp;type=1&amp;theater\">La Avispa Campeona 63 y 64,\u00a0Miguel Angel Osiniriy\u00a0Kervausich.<\/a><\/p>\n<p><a href=\"http:\/\/www.facebook.com\/photo.php?fbid=10200100908191621&amp;set=o.230052660420267&amp;type=1&amp;theater\">Miguel Angel Osiniri\u00a0y\u00a0Mi tio Pecheco Kippes.<\/a><\/p>\n<p><a href=\"http:\/\/www.facebook.com\/photo.php?fbid=10200100900231422&amp;set=o.230052660420267&amp;type=1&amp;theater\">Foto<\/a><\/p>\n<p><a href=\"http:\/\/www.facebook.com\/photo.php?fbid=10200100894991291&amp;set=o.230052660420267&amp;type=1&amp;theater\">Marcelo Svampa,\u00a0Carlos Svampa,\u00a0Miguel Angel Osiniri\u00a0y\u00a0Sergio Galv\u00e1n.<\/a><\/p>\n<p><a href=\"http:\/\/www.facebook.com\/photo.php?fbid=10200100891831212&amp;set=o.230052660420267&amp;type=1&amp;theater\">Miguel Angel Osiniri.<\/a><\/p>\n<p><a href=\"http:\/\/www.facebook.com\/photo.php?fbid=10200100888911139&amp;set=o.230052660420267&amp;type=1&amp;theater\">Maria Ines Osiniri\u00a0y\u00a0Carlos Adrian Osiniri.<\/a><\/p>\n<p>&nbsp;<\/p>\n<p><a href=\"http:\/\/www.cobanderilleros.com.ar\/modules.php?name=News&amp;file=article&amp;sid=36\">Allen Automoto Club<\/a><\/p>\n<p><a href=\"http:\/\/www1.rionegro.com.ar\/diario\/2008\/10\/16\/1224130132231.php\">Refaccionar\u00e1n el aut\u00f3dromo de Allen<\/a><\/p>\n<p>&nbsp;<\/p>\n","protected":false},"excerpt":{"rendered":"<p>Cuenta Juan Jos\u00e9 Osiniri que su padre fabricaba y preparaba autos de carrera \u00abque dieron que hablar en el Valle, en distintos campeonatos y categoria\u00bb saliendo \u00abprimero o segundo c\u00f3modo en todas las carreras,&#46;&#46;&#46;<\/p>\n","protected":false},"author":2,"featured_media":4125,"comment_status":"open","ping_status":"closed","sticky":false,"template":"","format":"standard","meta":{"ngg_post_thumbnail":0,"footnotes":""},"categories":[4,22],"tags":[],"class_list":["post-4123","post","type-post","status-publish","format-standard","has-post-thumbnail","hentry","category-deporte","category-novedades"],"jetpack_featured_media_url":"https:\/\/www.proyectoallen.com.ar\/3\/wp-content\/uploads\/2013\/04\/fangio-en-allen-Medium.jpg","_links":{"self":[{"href":"https:\/\/www.proyectoallen.com.ar\/3\/index.php?rest_route=\/wp\/v2\/posts\/4123","targetHints":{"allow":["GET"]}}],"collection":[{"href":"https:\/\/www.proyectoallen.com.ar\/3\/index.php?rest_route=\/wp\/v2\/posts"}],"about":[{"href":"https:\/\/www.proyectoallen.com.ar\/3\/index.php?rest_route=\/wp\/v2\/types\/post"}],"author":[{"embeddable":true,"href":"https:\/\/www.proyectoallen.com.ar\/3\/index.php?rest_route=\/wp\/v2\/users\/2"}],"replies":[{"embeddable":true,"href":"https:\/\/www.proyectoallen.com.ar\/3\/index.php?rest_route=%2Fwp%2Fv2%2Fcomments&post=4123"}],"version-history":[{"count":13,"href":"https:\/\/www.proyectoallen.com.ar\/3\/index.php?rest_route=\/wp\/v2\/posts\/4123\/revisions"}],"predecessor-version":[{"id":9717,"href":"https:\/\/www.proyectoallen.com.ar\/3\/index.php?rest_route=\/wp\/v2\/posts\/4123\/revisions\/9717"}],"wp:featuredmedia":[{"embeddable":true,"href":"https:\/\/www.proyectoallen.com.ar\/3\/index.php?rest_route=\/wp\/v2\/media\/4125"}],"wp:attachment":[{"href":"https:\/\/www.proyectoallen.com.ar\/3\/index.php?rest_route=%2Fwp%2Fv2%2Fmedia&parent=4123"}],"wp:term":[{"taxonomy":"category","embeddable":true,"href":"https:\/\/www.proyectoallen.com.ar\/3\/index.php?rest_route=%2Fwp%2Fv2%2Fcategories&post=4123"},{"taxonomy":"post_tag","embeddable":true,"href":"https:\/\/www.proyectoallen.com.ar\/3\/index.php?rest_route=%2Fwp%2Fv2%2Ftags&post=4123"}],"curies":[{"name":"wp","href":"https:\/\/api.w.org\/{rel}","templated":true}]}}