{"id":4240,"date":"2013-05-23T22:48:49","date_gmt":"2013-05-23T22:48:49","guid":{"rendered":"http:\/\/www.proyectoallen.com.ar\/3\/?p=4240"},"modified":"2013-05-23T22:50:06","modified_gmt":"2013-05-23T22:50:06","slug":"las-bardas-al-norte","status":"publish","type":"post","link":"https:\/\/www.proyectoallen.com.ar\/3\/?p=4240","title":{"rendered":"Las bardas al Norte"},"content":{"rendered":"<p style=\"text-align: justify;\"><em>\u00a0Mi padre gustaba de ir a cazar perdices en temporada, siempre lo hab\u00eda hecho desde j\u00f3ven.<\/em>\u00a0<em>Ese invierno, un domingo, se le ocurri\u00f3 llevarnos con \u00e9l en bicicleta &#8230;..bardas arriba en pleno monte para ver si encontraba algo para cazar. Fuimos por un camino de pedregullo bien grande!!! que hac\u00eda muy dificultoso el andar de las bicicletas.\u00a0<!--more Seguir leyendo...--><a href=\"http:\/\/www.proyectoallen.com.ar\/3\/wp-content\/uploads\/2013\/05\/IMG_7279-Medium.jpg\"><img loading=\"lazy\" decoding=\"async\" class=\"aligncenter  wp-image-4244\" title=\"IMG_7279 (Medium)\" src=\"http:\/\/www.proyectoallen.com.ar\/3\/wp-content\/uploads\/2013\/05\/IMG_7279-Medium-1024x683.jpg\" alt=\"\" width=\"717\" height=\"478\" srcset=\"https:\/\/www.proyectoallen.com.ar\/3\/wp-content\/uploads\/2013\/05\/IMG_7279-Medium-1024x683.jpg 1024w, https:\/\/www.proyectoallen.com.ar\/3\/wp-content\/uploads\/2013\/05\/IMG_7279-Medium-300x200.jpg 300w, https:\/\/www.proyectoallen.com.ar\/3\/wp-content\/uploads\/2013\/05\/IMG_7279-Medium-250x166.jpg 250w, https:\/\/www.proyectoallen.com.ar\/3\/wp-content\/uploads\/2013\/05\/IMG_7279-Medium.jpg 1151w\" sizes=\"auto, (max-width: 717px) 100vw, 717px\" \/><\/a><!--more--><\/em><\/p>\n<p style=\"text-align: justify;\">Era un domingo gris, casi lluvioso, llevamos algo de pan y salam\u00edn para entretener el est\u00f3mago hasta regresar a casa. Anduvimos mucho hasta llegar a un lugar rodeado de monte y como cerros -dir\u00eda yo- ; mi hermano Alan y pap\u00e1 se fueron a reconocer el lugar y ver si hab\u00edan perdices&#8230;. mientras mi hermana Rennie y yo (con apenas 9 a\u00f1os y mi hermana casi 4 m\u00e1s) nos quedamos solas a esperar que volvieran, con la orden de mi padre de no movernos de all\u00ed&#8230;.<\/p>\n<p style=\"text-align: justify;\">En tanto volv\u00edan, mi hermana me hac\u00eda bromas como mir\u00e1 si aparece una v\u00edbora&#8230;&#8230; y cosas por el estilo para pasar el rato&#8230;..Es que el lugar era muy solitario y a ellos no los divis\u00e1bamos est\u00e1bamos completamente solas en el medio de la nada.<\/p>\n<div id=\"attachment_4246\" style=\"width: 586px\" class=\"wp-caption aligncenter\"><a href=\"http:\/\/www.proyectoallen.com.ar\/3\/wp-content\/uploads\/2013\/05\/397323_349985361760329_578915197_n.jpg\"><img loading=\"lazy\" decoding=\"async\" aria-describedby=\"caption-attachment-4246\" class=\" wp-image-4246 \" title=\"397323_349985361760329_578915197_n\" src=\"http:\/\/www.proyectoallen.com.ar\/3\/wp-content\/uploads\/2013\/05\/397323_349985361760329_578915197_n.jpg\" alt=\"\" width=\"576\" height=\"329\" srcset=\"https:\/\/www.proyectoallen.com.ar\/3\/wp-content\/uploads\/2013\/05\/397323_349985361760329_578915197_n.jpg 960w, https:\/\/www.proyectoallen.com.ar\/3\/wp-content\/uploads\/2013\/05\/397323_349985361760329_578915197_n-300x171.jpg 300w, https:\/\/www.proyectoallen.com.ar\/3\/wp-content\/uploads\/2013\/05\/397323_349985361760329_578915197_n-250x142.jpg 250w\" sizes=\"auto, (max-width: 576px) 100vw, 576px\" \/><\/a><p id=\"caption-attachment-4246\" class=\"wp-caption-text\">Irene (Rinni), Mavis y una amiga (Etelvina Aznarez) en tiempos en que sucedi\u00f3 la historia<\/p><\/div>\n<p style=\"text-align: justify;\">Despu\u00e1s regresaron pero no vieron nada, as\u00ed que la cosa era medio frustrante para pap\u00e1 (llevaba una escopeta): por ese tiempo est\u00e1bamos construyendo nuestra casa en el pueblo y se buscaba arena justamente en esos lugares&#8230;.. En determinado momento mi pap\u00e1 alcanz\u00f3 a ver un sitio donde hab\u00eda un buen arenal y quiso verlo de cerca por si pudiera ser bueno para la construcci\u00f3n&#8230;<\/p>\n<div id=\"attachment_4248\" style=\"width: 362px\" class=\"wp-caption aligncenter\"><a href=\"http:\/\/www.proyectoallen.com.ar\/3\/wp-content\/uploads\/2013\/05\/579416_349984245093774_802381902_n.jpg\"><img loading=\"lazy\" decoding=\"async\" aria-describedby=\"caption-attachment-4248\" class=\"size-full wp-image-4248\" title=\"579416_349984245093774_802381902_n\" src=\"http:\/\/www.proyectoallen.com.ar\/3\/wp-content\/uploads\/2013\/05\/579416_349984245093774_802381902_n.jpg\" alt=\"\" width=\"352\" height=\"365\" srcset=\"https:\/\/www.proyectoallen.com.ar\/3\/wp-content\/uploads\/2013\/05\/579416_349984245093774_802381902_n.jpg 352w, https:\/\/www.proyectoallen.com.ar\/3\/wp-content\/uploads\/2013\/05\/579416_349984245093774_802381902_n-289x300.jpg 289w, https:\/\/www.proyectoallen.com.ar\/3\/wp-content\/uploads\/2013\/05\/579416_349984245093774_802381902_n-250x259.jpg 250w\" sizes=\"auto, (max-width: 352px) 100vw, 352px\" \/><\/a><p id=\"caption-attachment-4248\" class=\"wp-caption-text\">Alan, el hermano de Mavis.<\/p><\/div>\n<p style=\"text-align: justify;\">Hacia all\u00ed fuimos todos como en fila india y de pronto mi hermana amaga agacharse, como para tomar algo que hab\u00eda visto que le llam\u00f3 la atenci\u00f3n , cuando yo que ven\u00eda detr\u00e1s alcanzo a ver que era justamente la v\u00edbora tan temida!!!!! la empuje y grit\u00e9 \u00a1UNA V\u00cdBORA!!!!! Si, lo era y estaba enroscadita y era de colores, se ve que el fr\u00edo la hab\u00eda aletargado por eso no hizo mucho&#8230;.. mi hermano que llevaba su gomera empez\u00f3 a tirarle piedras para matarla, cosa que logramos para nuestra tranquilidad&#8230;. Pero no era una v\u00edbora cualquiera, seg\u00fan mi padre era una que llamaban de La Cruz y venenosas`por cierto&#8230;.. A poco, despu\u00e9s de este percance y no encontrar nada para cazar, decidimos regresar antes de lo previsto.<\/p>\n<div id=\"attachment_4247\" style=\"width: 333px\" class=\"wp-caption aligncenter\"><a href=\"http:\/\/www.proyectoallen.com.ar\/3\/wp-content\/uploads\/2013\/05\/525998_349984308427101_1037077799_n.jpg\"><img loading=\"lazy\" decoding=\"async\" aria-describedby=\"caption-attachment-4247\" class=\"size-full wp-image-4247\" title=\"525998_349984308427101_1037077799_n\" src=\"http:\/\/www.proyectoallen.com.ar\/3\/wp-content\/uploads\/2013\/05\/525998_349984308427101_1037077799_n.jpg\" alt=\"\" width=\"323\" height=\"450\" srcset=\"https:\/\/www.proyectoallen.com.ar\/3\/wp-content\/uploads\/2013\/05\/525998_349984308427101_1037077799_n.jpg 323w, https:\/\/www.proyectoallen.com.ar\/3\/wp-content\/uploads\/2013\/05\/525998_349984308427101_1037077799_n-215x300.jpg 215w, https:\/\/www.proyectoallen.com.ar\/3\/wp-content\/uploads\/2013\/05\/525998_349984308427101_1037077799_n-250x348.jpg 250w\" sizes=\"auto, (max-width: 323px) 100vw, 323px\" \/><\/a><p id=\"caption-attachment-4247\" class=\"wp-caption-text\">El pap\u00e1 de Mavis: Rafael Soriano<\/p><\/div>\n<p style=\"text-align: justify;\">A la vuelta alcanzamos a divisar no muy lejos, un guanaco que corr\u00eda alej\u00e1ndose de nosotros.<br \/>\nClaro el regreso parec\u00eda mas f\u00e1cil ya que ahora baj\u00e1bamos, pero con tan mala suerte que pap\u00e1 que llevaba su escopeta a un costado de si, con el ca\u00f1o hacia abajo, le derrap\u00f3 la bici con tanta piedra suelta, que se incrust\u00f3 el mencionado ca\u00f1o de escopeta en su pierna haci\u00e9ndose una herida que hasta el fin de sus d\u00edas le qued\u00f3 la cicatriz.<br \/>\nMam\u00e1 en casa haciendo el almuerzo le llam\u00f3 la atenci\u00f3n vernos llegar tan pronto&#8230;. despu\u00e9s vinieron los comentarios de lo vivido esa ma\u00f1ana y almorzamos, yo creo que contentos de estar de regreso calentitos en la cocina!!!!<\/p>\n<p style=\"text-align: right;\"><a href=\"http:\/\/www.facebook.com\/mavisflorencia.soriano\">Mavis Florencia Soriano<\/a><\/p>\n<p style=\"text-align: center;\"><a href=\"http:\/\/www.proyectoallen.com.ar\/3\/wp-content\/uploads\/2013\/05\/IMG_7789-Medium.jpg\"><img loading=\"lazy\" decoding=\"async\" class=\"aligncenter  wp-image-4245\" title=\"IMG_7789 (Medium)\" src=\"http:\/\/www.proyectoallen.com.ar\/3\/wp-content\/uploads\/2013\/05\/IMG_7789-Medium-1024x682.jpg\" alt=\"\" width=\"717\" height=\"477\" srcset=\"https:\/\/www.proyectoallen.com.ar\/3\/wp-content\/uploads\/2013\/05\/IMG_7789-Medium-1024x682.jpg 1024w, https:\/\/www.proyectoallen.com.ar\/3\/wp-content\/uploads\/2013\/05\/IMG_7789-Medium-300x200.jpg 300w, https:\/\/www.proyectoallen.com.ar\/3\/wp-content\/uploads\/2013\/05\/IMG_7789-Medium-250x166.jpg 250w, https:\/\/www.proyectoallen.com.ar\/3\/wp-content\/uploads\/2013\/05\/IMG_7789-Medium.jpg 1152w\" sizes=\"auto, (max-width: 717px) 100vw, 717px\" \/><\/a><\/p>\n","protected":false},"excerpt":{"rendered":"<p>\u00a0Mi padre gustaba de ir a cazar perdices en temporada, siempre lo hab\u00eda hecho desde j\u00f3ven.\u00a0Ese invierno, un domingo, se le ocurri\u00f3 llevarnos con \u00e9l en bicicleta &#8230;..bardas arriba en pleno monte para ver&#46;&#46;&#46;<\/p>\n","protected":false},"author":2,"featured_media":0,"comment_status":"open","ping_status":"closed","sticky":false,"template":"","format":"standard","meta":{"ngg_post_thumbnail":0,"footnotes":""},"categories":[10,22],"tags":[],"class_list":["post-4240","post","type-post","status-publish","format-standard","hentry","category-musica","category-novedades"],"jetpack_featured_media_url":"","_links":{"self":[{"href":"https:\/\/www.proyectoallen.com.ar\/3\/index.php?rest_route=\/wp\/v2\/posts\/4240","targetHints":{"allow":["GET"]}}],"collection":[{"href":"https:\/\/www.proyectoallen.com.ar\/3\/index.php?rest_route=\/wp\/v2\/posts"}],"about":[{"href":"https:\/\/www.proyectoallen.com.ar\/3\/index.php?rest_route=\/wp\/v2\/types\/post"}],"author":[{"embeddable":true,"href":"https:\/\/www.proyectoallen.com.ar\/3\/index.php?rest_route=\/wp\/v2\/users\/2"}],"replies":[{"embeddable":true,"href":"https:\/\/www.proyectoallen.com.ar\/3\/index.php?rest_route=%2Fwp%2Fv2%2Fcomments&post=4240"}],"version-history":[{"count":4,"href":"https:\/\/www.proyectoallen.com.ar\/3\/index.php?rest_route=\/wp\/v2\/posts\/4240\/revisions"}],"predecessor-version":[{"id":4251,"href":"https:\/\/www.proyectoallen.com.ar\/3\/index.php?rest_route=\/wp\/v2\/posts\/4240\/revisions\/4251"}],"wp:attachment":[{"href":"https:\/\/www.proyectoallen.com.ar\/3\/index.php?rest_route=%2Fwp%2Fv2%2Fmedia&parent=4240"}],"wp:term":[{"taxonomy":"category","embeddable":true,"href":"https:\/\/www.proyectoallen.com.ar\/3\/index.php?rest_route=%2Fwp%2Fv2%2Fcategories&post=4240"},{"taxonomy":"post_tag","embeddable":true,"href":"https:\/\/www.proyectoallen.com.ar\/3\/index.php?rest_route=%2Fwp%2Fv2%2Ftags&post=4240"}],"curies":[{"name":"wp","href":"https:\/\/api.w.org\/{rel}","templated":true}]}}