{"id":4253,"date":"2013-05-26T22:32:39","date_gmt":"2013-05-26T22:32:39","guid":{"rendered":"http:\/\/www.proyectoallen.com.ar\/3\/?p=4253"},"modified":"2013-05-26T23:00:15","modified_gmt":"2013-05-26T23:00:15","slug":"romances-juveniles","status":"publish","type":"post","link":"https:\/\/www.proyectoallen.com.ar\/3\/?p=4253","title":{"rendered":"Romances juveniles"},"content":{"rendered":"<p style=\"text-align: justify;\"><em>C\u00f3mo empezar a revivir esos recuerdos juveniles y poder hablar de nuestras inquietudes como adolescentes. Es dif\u00edcil. Hoy a la distancia cuando uno ya ha vivido tantas cosas, aquello parece naif; pero eran nuestros comienzos en la vida. Esos d\u00edas dejaron en m\u00ed, un sabor muy dulce, y recordarlos, me hacen muy bien.<!--more Seguir leyendo...--><\/em><\/p>\n<p style=\"text-align: justify;\">Mis d\u00edas se suced\u00edan con amigas y amigos del \u201ccole\u201d; ten\u00edamos un grupo que nos gustaba jugar al b\u00e1squet en las ma\u00f1anitas de verano, antes que el sol quemara, y nos levant\u00e1bamos apenas aclaraba, junt\u00e1ndonos una a una y yendo a despertar a las m\u00e1s dormilonas. \u00c9ramos varias, y s\u00e9 que se reconocer\u00e1n al leerse en esta historia, a\u00fan aquellas que ya no est\u00e1n, incluida mi hermana.<br \/>\nPart\u00edamos de la calle Juan B. Justo a media cuadra de la Plaza San Mart\u00edn, cuando llegaba la primera, nuestra querida Dorita, e \u00edbamos caminando por lo que hoy es San Mart\u00edn, atravesada en todo su trayecto por un canalito de riego: dos callecitas angostas que nos llevaban al viejo Club Uni\u00f3n.<br \/>\nA veces cruz\u00e1bamos la Plaza San Mart\u00edn, seg\u00fan a qui\u00e9n fu\u00e9ramos a buscar. La costumbre era dar unos golpecitos en la ventana del dormitorio de nuestra amiga para que se levantase y as\u00ed seguir camino: reunirnos era toda una estrategia!<\/p>\n<p style=\"text-align: center;\"><a href=\"http:\/\/www.proyectoallen.com.ar\/3\/wp-content\/uploads\/2013\/05\/PLaza-SM.jpg\"><img loading=\"lazy\" decoding=\"async\" class=\"aligncenter\" title=\"PLaza SM\" src=\"http:\/\/www.proyectoallen.com.ar\/3\/wp-content\/uploads\/2013\/05\/PLaza-SM-716x1024.jpg\" alt=\"\" width=\"430\" height=\"614\" \/><\/a><\/p>\n<p style=\"text-align: justify;\">Lleg\u00e1bamos al club y por poco sac\u00e1bamos de la cama al canchero (as\u00ed se le dec\u00eda, y creo se llamaba Ramallo). \u00c9l nos daba la antigua pelota de basquet hecha en cuero pero muy liviana; se fijaba si ten\u00eda suficiente aire, y si no, all\u00ed se pon\u00eda a inflarla \u00a1que paciencia nos ten\u00eda!. Si la noche antes por casualidad hab\u00eda llovido, ped\u00edamos el secador de piso y lo pas\u00e1bamos nosotras mismas para secar la cancha que era de cemento rojo bien alisadito. Hab\u00eda tambi\u00e9n una cancha de tenis (que muy pocos usaban) pero se destacaba el padre de una amiga (Amalia) que ten\u00eda su blanco equipo de tenis; \u00a0yo hab\u00eda visto en su casa\u00a0varios trofeos ganados. Se llamaba Juan Priner y trabajaba en la Usina de Electricidad que daba luz a nuestro pueblo: porque s\u00ed, a\u00fan entonces Allen era pueblo. As\u00ed pasaban nuestras ma\u00f1anitas de verano.<\/p>\n<p style=\"text-align: justify;\">Tanto hicimos con nuestro b\u00e1squet, que llamamos la atenci\u00f3n y nos comenzaron a entrenar para jugar mejor y as\u00ed poder formar un equipo femenino, dado que, de hombres ya hab\u00eda. La cosa pas\u00f3 de ser una mera diversi\u00f3n a un compromiso con el club. Nos pusieron un entrenador (alias Ruedita) que nos ense\u00f1aba el verdadero juego, con todas sus reglas y \u00a1c\u00f3mo nos hac\u00eda correr!practicando el dribleo de un lado a otro de la cancha! Despu\u00e9s de estas pr\u00e1cticas reci\u00e9n jug\u00e1bamos un partido, que era lo que m\u00e1s nos gustaba. Quien nos dio empuje fue el Sr. Arcaute, quien tambi\u00e9n hab\u00eda sido aficionado a dicho deporte; en ese momento actuaba en la comisi\u00f3n del Club y yo con mis despistes no sab\u00eda qu\u00e9 cargo ocupaba, tal vez era el Presidente, no lo s\u00e9. La P\u00e1gina Proyecto Allen public\u00f3 la foto del equipo ya formado, donde una vecina amiga y yo, \u00e9ramos las menores, las otras ya eran unas se\u00f1oritas.<em>\u00a0<\/em><\/p>\n<div id=\"attachment_4254\" style=\"width: 624px\" class=\"wp-caption aligncenter\"><a href=\"http:\/\/www.proyectoallen.com.ar\/3\/wp-content\/uploads\/2013\/05\/Equipo-Basquet-1951-Ruiz-N-Rodriguez-Luisita-Rivero-Dor-Martin-Soriano-E.-Vega-N.-Gracia-Prieto-M-Montenegro-Medium.jpg\"><img loading=\"lazy\" decoding=\"async\" aria-describedby=\"caption-attachment-4254\" class=\" wp-image-4254 \" title=\"Equipo Basquet 1951 Ruiz, N Rodriguez, Luisita Rivero, Dor Martin, Soriano, E. Vega, N. Gracia Prieto, M Montenegro (Medium)\" src=\"http:\/\/www.proyectoallen.com.ar\/3\/wp-content\/uploads\/2013\/05\/Equipo-Basquet-1951-Ruiz-N-Rodriguez-Luisita-Rivero-Dor-Martin-Soriano-E.-Vega-N.-Gracia-Prieto-M-Montenegro-Medium-1024x593.jpg\" alt=\"\" width=\"614\" height=\"356\" srcset=\"https:\/\/www.proyectoallen.com.ar\/3\/wp-content\/uploads\/2013\/05\/Equipo-Basquet-1951-Ruiz-N-Rodriguez-Luisita-Rivero-Dor-Martin-Soriano-E.-Vega-N.-Gracia-Prieto-M-Montenegro-Medium-1024x593.jpg 1024w, https:\/\/www.proyectoallen.com.ar\/3\/wp-content\/uploads\/2013\/05\/Equipo-Basquet-1951-Ruiz-N-Rodriguez-Luisita-Rivero-Dor-Martin-Soriano-E.-Vega-N.-Gracia-Prieto-M-Montenegro-Medium-300x173.jpg 300w, https:\/\/www.proyectoallen.com.ar\/3\/wp-content\/uploads\/2013\/05\/Equipo-Basquet-1951-Ruiz-N-Rodriguez-Luisita-Rivero-Dor-Martin-Soriano-E.-Vega-N.-Gracia-Prieto-M-Montenegro-Medium-250x144.jpg 250w, https:\/\/www.proyectoallen.com.ar\/3\/wp-content\/uploads\/2013\/05\/Equipo-Basquet-1951-Ruiz-N-Rodriguez-Luisita-Rivero-Dor-Martin-Soriano-E.-Vega-N.-Gracia-Prieto-M-Montenegro-Medium.jpg 1326w\" sizes=\"auto, (max-width: 614px) 100vw, 614px\" \/><\/a><p id=\"caption-attachment-4254\" class=\"wp-caption-text\">Equipo Basquet 1951 Ruiz, N. Rodriguez, Luisita Rivero, D. Martin, M. Soriano, E. Vega, M. Garcia Prieto y Montenegro.<\/p><\/div>\n<p style=\"text-align: justify;\"><span style=\"text-align: justify;\">Tiempo despu\u00e9s nuestro entrenador ten\u00eda otra persona que le ayudaba con nuestras pr\u00e1cticas, pero como era tan joven, ni por asomo se me ocurr\u00eda pensar en que alguien pudiera fijarse en m\u00ed. Una ma\u00f1ana me estaba atando la zapatilla de b\u00e1squet, fuera de la cancha, y alguien muy amable me dice: deja que te la ato yo&#8230;. me qued\u00e9 mir\u00e1ndolo y dej\u00e1ndole hacer sin darme cuenta de lo que estaba pasando. Despu\u00e9s siguieron sus amabilidades hacia m\u00ed y entonces comenc\u00e9 a ver las cosas con otros ojos. Yo me dec\u00eda: pero soy muy chica y \u00e9l es mucho mayor, un joven ya! Y as\u00ed pas\u00f3 alg\u00fan tiempito donde las cosas empezaban a cambiar dentro de m\u00ed&#8230;. Yo sol\u00eda ir siempre a la plaza con mi hermanita que reci\u00e9n empezaba a caminar y grande fue mi sorpresa cuando se me apareci\u00f3 all\u00ed y dijo que quer\u00eda hablarme: \u00a1\u00bfSe imaginan mi emoci\u00f3n?! Me di cuenta de lo que me estaba por pasar: \u00a1s\u00ed! me dijo que estaba interesado en m\u00ed, que yo le gustaba y si quer\u00eda ser su novia. Yo no sab\u00eda que decirle, porque siempre estaba en mi la idea de que era muy chica para \u00e9l, y si me lo estar\u00eda diciendo seriamente. Por supuesto que dije que s\u00ed, no iba a dejar pasar la ocasi\u00f3n porque en realidad me gustaba y despertaba sentimientos en mi \u00a1Que feliz fue ese d\u00eda! irrepetible&#8230;. Era la primera declaraci\u00f3n que recib\u00ed y jam\u00e1s la olvidar\u00e9. Dentro de mi veo la imagen de ese momento y a eso le llamo tener un recuerdo dulce de mi florecer a la vida&#8230;<\/span><\/p>\n<div id=\"attachment_4272\" style=\"width: 314px\" class=\"wp-caption aligncenter\"><a href=\"http:\/\/www.proyectoallen.com.ar\/3\/wp-content\/uploads\/2013\/05\/IMG_2795-Medium.jpg\"><img loading=\"lazy\" decoding=\"async\" aria-describedby=\"caption-attachment-4272\" class=\" wp-image-4272 \" title=\"IMG_2795 (Medium)\" src=\"http:\/\/www.proyectoallen.com.ar\/3\/wp-content\/uploads\/2013\/05\/IMG_2795-Medium.jpg\" alt=\"\" width=\"304\" height=\"461\" srcset=\"https:\/\/www.proyectoallen.com.ar\/3\/wp-content\/uploads\/2013\/05\/IMG_2795-Medium.jpg 507w, https:\/\/www.proyectoallen.com.ar\/3\/wp-content\/uploads\/2013\/05\/IMG_2795-Medium-198x300.jpg 198w, https:\/\/www.proyectoallen.com.ar\/3\/wp-content\/uploads\/2013\/05\/IMG_2795-Medium-250x378.jpg 250w\" sizes=\"auto, (max-width: 304px) 100vw, 304px\" \/><\/a><p id=\"caption-attachment-4272\" class=\"wp-caption-text\">Busto de San Mart\u00edn en la plaz. Foto: Laura Fuentes<\/p><\/div>\n<p style=\"text-align: justify;\">San Mart\u00edn de lo alto de su monumento, fue el \u00fanico testigo de esto y mi hermanita que jugaba en los escalones blancos del mismo. Luego segu\u00edamos vi\u00e9ndonos en el club durante las pr\u00e1cticas, en el cine, en la calle, pero siempre ocultado a los dem\u00e1s nuestra relaci\u00f3n, porque yo era muy chica y si se enteraba mi padre, todo se hubiera terminado. Todo fue muy plat\u00f3nico, principalmente por m\u00ed que era una tonta miedosa. \u00c9l quer\u00eda su beso y yo tambi\u00e9n, pero era yo quien lo frenaba por temor a ser vista por alguien y que le contaran a mi padre. Hubo s\u00f3lo uno y a oscuras durante un corte de luz en el club; recuerdo exactamente en qu\u00e9 sitio fue&#8230; al lado de la cancha de bochas que estaba a la izquierda de la salida del club, donde tambi\u00e9n hab\u00edan de esos pinos (tuyas creo) que daban un poco de sombra. Pero todo fue tan r\u00e1pido que ni recuerdo el sabor de mi primer beso: porque s\u00ed, fue \u00e9l quien me dio MI PRIMER BESO; mientras viva nunca podr\u00e9 olvidarlo.<\/p>\n<p style=\"text-align: justify;\"><a href=\"http:\/\/www.proyectoallen.com.ar\/3\/wp-content\/uploads\/2013\/05\/el-beso-detalle.jpg\"><img loading=\"lazy\" decoding=\"async\" class=\"aligncenter  wp-image-4274\" title=\"el-beso-detalle\" src=\"http:\/\/www.proyectoallen.com.ar\/3\/wp-content\/uploads\/2013\/05\/el-beso-detalle-1024x769.jpg\" alt=\"El Beso. Detalle del cuadro de Gustav Klimt.\" width=\"614\" height=\"461\" srcset=\"https:\/\/www.proyectoallen.com.ar\/3\/wp-content\/uploads\/2013\/05\/el-beso-detalle-1024x769.jpg 1024w, https:\/\/www.proyectoallen.com.ar\/3\/wp-content\/uploads\/2013\/05\/el-beso-detalle-300x225.jpg 300w, https:\/\/www.proyectoallen.com.ar\/3\/wp-content\/uploads\/2013\/05\/el-beso-detalle-250x187.jpg 250w, https:\/\/www.proyectoallen.com.ar\/3\/wp-content\/uploads\/2013\/05\/el-beso-detalle.jpg 1141w\" sizes=\"auto, (max-width: 614px) 100vw, 614px\" \/><\/a><br \/>\nHoy, me preguntaron algo que nunca me hab\u00eda planteado: si era buen mozo. Yo contest\u00e9 que para m\u00ed s\u00ed, que me hab\u00eda atra\u00eddo su caballerosidad, su forma amable de verme, de hablarme y halagarme dici\u00e9ndome que lindos ojos ten\u00eda, que siempre me ve\u00eda pasar y me dec\u00eda que ropa llevaba puesta; eso me indicaba que me hab\u00eda observado y lo hac\u00eda todo m\u00e1s cre\u00edble. Yo le preguntaba la edad y nunca me la dijo, me respond\u00eda la suficiente para poder trabajar y en aquel entonces lo hac\u00eda en el Juzgado. Recuerdo que al mediod\u00eda volv\u00eda a su casa y pasaba frente a la m\u00eda solo por vernos (que infantil era yo, \u00bfc\u00f3mo se interes\u00f3 en m\u00ed?). Siempre iba donde yo iba: si al cine , si al club. Hubo un domingo que mis amigas decidieron ir a un baile que hac\u00edan en una chacra (por la tarde temprano), nos fuimos todas en bicicleta y cuando \u00e9l se enter\u00f3 del cambio de planes, all\u00e1 fue tambi\u00e9n y nos encontramos. Volvimos todos en un cami\u00f3n que carg\u00f3 nuestras bicicletas y a nosotros todos&#8230; No recuerdo el nombre de la chacra, pero s\u00e9 que pasamos por una que ten\u00eda plantaci\u00f3n de l\u00fapulo.<br \/>\nRecuerdo una vez que nuestro equipo de b\u00e1squet tuvo que ir a jugar a Roca al Club el Progreso. Nos llev\u00f3 a varias el padre de Dorita en su camioneta. Ese d\u00eda jugamos muy bien, \u00a1ganamos! y a m\u00ed me toc\u00f3 hacer el golazo de la tarde que fue tema de celebraci\u00f3n por parte de Ruedita que repet\u00eda: \u00a1que zapall\u00e1zo te mandaste! S\u00ed, mi gol hab\u00eda sido casi desde media cancha \u00a1y no miento! sino que baje del cielo nuestro querido Ruedita y me desmienta.<br \/>\nAquel d\u00eda regresamos juntos con las chicas en la camioneta -yo nunca hab\u00eda estado tan junto a \u00e9l- pero es que all\u00ed no hab\u00eda testigos y era de noche. Que buen recuerdo, nunca hizo nada fuera de lugar, siempre fue correcto pero amoroso. Me lo susurr\u00f3 al o\u00eddo que as\u00ed era como quer\u00eda tenerme abrazada a \u00e9l bien cerquita. Creo que fue el momento m\u00e1s bonito tuve con \u00e9l. No hab\u00eda oportunidades para m\u00e1s acercamientos de esa naturaleza (siempre el temor a que mi padre se enterara estaba latente) \u00a1yo era muy jovencita! no ten\u00eda edad para tener novio, pero ya era una se\u00f1orita desde m\u00e1s de un a\u00f1o atr\u00e1s, as\u00ed que las hormonas comienzan a bullir, ellas no conocen de edad.<\/p>\n<p style=\"text-align: justify;\">Muy pocas veces bail\u00e9 con \u00e9l, ya que mi padre no nos dejaba ir a bailar, pero hubo una vez, una reuni\u00f3n (asalto como se le dec\u00eda entonces) en la casa de Nancy donde tuve la oportunidad de ir, y me di el gusto. Recuerdo uno de los temas que bailamos, era como un pre anuncio de que lo nuestro no iba a durar mucho -no por nosotros- sino por mi padre. El tema era B\u00e9same mucho, cuyo estribillo dice: como si fuera esta noche la \u00faltima vez&#8230;.. Lo sol\u00eda interpretar muy bien Oscar Aleman. Era muy singular, pero donde yo fuera, all\u00ed iba \u00e9l. Una vez hubo una feria de platos en la escuela N\u00ba 23 en un d\u00eda feriado y por supuesto yo hice mi contribuci\u00f3n llevando una peque\u00f1a torta, recuerdo que yo llevaba un vestido de cuadrill\u00e9 verde y blanco muy lindo que me hab\u00eda hecho mam\u00e1. All\u00ed vino \u00e9l, no se como se enter\u00f3, tal vez yo misma le habr\u00eda dicho, no lo recuerdo, pero eso me complet\u00f3 el d\u00eda. Eran peque\u00f1as cosas, pero yo era feliz, aunque nunca supe hasta donde lleg\u00f3 verdaderamente su inter\u00e9s por m\u00ed, porque no tuve oportunidad de preguntarle a\u00fan despu\u00e9s que dejamos de tener nuestra relaci\u00f3n. En fin, una relaci\u00f3n como las de antes, m\u00e1s bien plat\u00f3nicas, aunque no fuera lo que yo deseaba, ni \u00e9l tampoco.<\/p>\n<p style=\"text-align: justify;\"><a href=\"http:\/\/www.proyectoallen.com.ar\/3\/wp-content\/uploads\/2013\/05\/dancing50s.jpg\"><img loading=\"lazy\" decoding=\"async\" class=\"aligncenter size-full wp-image-4275\" title=\"dancing50s\" src=\"http:\/\/www.proyectoallen.com.ar\/3\/wp-content\/uploads\/2013\/05\/dancing50s.jpg\" alt=\"\" width=\"482\" height=\"231\" srcset=\"https:\/\/www.proyectoallen.com.ar\/3\/wp-content\/uploads\/2013\/05\/dancing50s.jpg 482w, https:\/\/www.proyectoallen.com.ar\/3\/wp-content\/uploads\/2013\/05\/dancing50s-300x143.jpg 300w, https:\/\/www.proyectoallen.com.ar\/3\/wp-content\/uploads\/2013\/05\/dancing50s-250x119.jpg 250w\" sizes=\"auto, (max-width: 482px) 100vw, 482px\" \/><\/a><br \/>\nDespu\u00e9s de ese famoso partido en Roca fue que se me vino el mundo abajo. Mi hermana mayor, que hab\u00eda ido tambi\u00e9n con unas amigas y amigos en micro, perdi\u00f3 el \u00faltimo que volv\u00eda a Allen y pas\u00f3 la noche en Roca, yendo a la casa de una amiga que hab\u00edamos tenido en Allen y se hab\u00eda mudado all\u00e1. \u00a1Claro! para mi padre esto era el acabose, inadmisible y m\u00e1s cuando se enter\u00f3 que en el grupo hab\u00eda un joven, ya mayor, con el cual mi hermana estaba dij\u00e9ramos&#8230; flirteando \u00bft\u00e9rmino antiguo no? As\u00ed que all\u00ed se desenroll\u00f3 la madeja y se enter\u00f3 de lo m\u00edo tambi\u00e9n&#8230; \u00a1para que! amenazas de no dejarnos salir ni a la vereda si no dej\u00e1bamos de salir con estos j\u00f3venes, y que se yo cu\u00e1ntas cosas m\u00e1s; a mi me metieron tanto miedo que acat\u00e9 la orden, porque no sab\u00eda mentir -aunque pens\u00e1ndolo bien, ocultar la verdad tambi\u00e9n era una forma de mentir-. La cuesti\u00f3n es que le tuve que decir que no pod\u00edamos seguir, y recuerdo que me envi\u00f3 una carta al colegio con alguien, y yo, de tonta miedosa y todo lo que se les ocurra decirme, ni la le\u00ed. Se la d\u00ed a una compa\u00f1era por miedo que en casa pudiera verla mi padre. Que lamentable fue mi acci\u00f3n, me qued\u00e9 sin saber qu\u00e9 me dec\u00eda y hoy podr\u00eda tenerla de recuerdo (deb\u00ed haberla guardado). Igual yo lo ve\u00eda desde lejos y me segu\u00eda gustando, no se que pasar\u00eda por parte de \u00e9l.<\/p>\n<p style=\"text-align: justify;\"><a href=\"http:\/\/www.proyectoallen.com.ar\/3\/wp-content\/uploads\/2013\/05\/tristeza_imagem.jpg\"><img loading=\"lazy\" decoding=\"async\" class=\"aligncenter size-full wp-image-4277\" title=\"tristeza_imagem\" src=\"http:\/\/www.proyectoallen.com.ar\/3\/wp-content\/uploads\/2013\/05\/tristeza_imagem.jpg\" alt=\"\" width=\"380\" height=\"422\" srcset=\"https:\/\/www.proyectoallen.com.ar\/3\/wp-content\/uploads\/2013\/05\/tristeza_imagem.jpg 380w, https:\/\/www.proyectoallen.com.ar\/3\/wp-content\/uploads\/2013\/05\/tristeza_imagem-270x300.jpg 270w, https:\/\/www.proyectoallen.com.ar\/3\/wp-content\/uploads\/2013\/05\/tristeza_imagem-250x277.jpg 250w\" sizes=\"auto, (max-width: 380px) 100vw, 380px\" \/><\/a><br \/>\nDespu\u00e9s vino algo m\u00e1s feo a mi vida, pap\u00e1 decidi\u00f3 pedir traslado a Buenos Aires y yo perd\u00ed no s\u00f3lo mi primer novio, sino todo lo que amaba, mis or\u00edgenes&#8230; me desarraigaron en la edad m\u00e1s comprometida, tuve que dejar atr\u00e1s amigas, afectos, escuela, todo aquello que era mi vida. Nunca pude recuperarme de eso; es el d\u00eda de hoy que mi a\u00f1oranza por Allen es muy grande. Durante a\u00f1os so\u00f1aba con mi pueblo y en mis sue\u00f1os he buscado cruzarme con \u00e9l, pero nunca lo logr\u00e9, no se porque. Tambi\u00e9n regres\u00e9 a Allen en m\u00e1s de una ocasi\u00f3n y tampoco pude verlo, hasta que al fin en el 2004 pude verlo desde lejos despu\u00e9s de 41 a\u00f1os. \u00bfTerrible no? toda una vida. En 2012 la cosa cambi\u00f3 gracias a una buena amiga que nos reuni\u00f3 en un t\u00e9 despu\u00e9s de 49 a\u00f1os. Fue all\u00ed, donde puedo decir que logr\u00e9 poner punto y final a mi historia de amor juvenil.<\/p>\n<p style=\"text-align: right;\"><strong>Por Mavis Soriano<\/strong><\/p>\n<div id=\"attachment_4278\" style=\"width: 730px\" class=\"wp-caption aligncenter\"><a href=\"http:\/\/www.proyectoallen.com.ar\/3\/wp-content\/uploads\/2013\/05\/bajo-el-viejo-arbol-en-la-plazoleta-en-Allen-2004-porque-sabia-que-era-el-mismo-que-estaba-alli-desde-que-yo-era-muy-chica.jpg\"><img loading=\"lazy\" decoding=\"async\" aria-describedby=\"caption-attachment-4278\" class=\"size-full wp-image-4278\" title=\"bajo el viejo arbol en la plazoleta en Allen 2004 porque sabia que era el mismo que estaba alli desde que yo era muy chica\" src=\"http:\/\/www.proyectoallen.com.ar\/3\/wp-content\/uploads\/2013\/05\/bajo-el-viejo-arbol-en-la-plazoleta-en-Allen-2004-porque-sabia-que-era-el-mismo-que-estaba-alli-desde-que-yo-era-muy-chica.jpg\" alt=\"\" width=\"720\" height=\"474\" srcset=\"https:\/\/www.proyectoallen.com.ar\/3\/wp-content\/uploads\/2013\/05\/bajo-el-viejo-arbol-en-la-plazoleta-en-Allen-2004-porque-sabia-que-era-el-mismo-que-estaba-alli-desde-que-yo-era-muy-chica.jpg 720w, https:\/\/www.proyectoallen.com.ar\/3\/wp-content\/uploads\/2013\/05\/bajo-el-viejo-arbol-en-la-plazoleta-en-Allen-2004-porque-sabia-que-era-el-mismo-que-estaba-alli-desde-que-yo-era-muy-chica-300x197.jpg 300w, https:\/\/www.proyectoallen.com.ar\/3\/wp-content\/uploads\/2013\/05\/bajo-el-viejo-arbol-en-la-plazoleta-en-Allen-2004-porque-sabia-que-era-el-mismo-que-estaba-alli-desde-que-yo-era-muy-chica-250x164.jpg 250w\" sizes=\"auto, (max-width: 720px) 100vw, 720px\" \/><\/a><p id=\"caption-attachment-4278\" class=\"wp-caption-text\">Mavis bajo el viejo \u00e1rbol en la plazoleta en Allen 2004: &quot;porque sabia que era el mismo que estaba alli desde que yo era muy chica&quot;.<\/p><\/div>\n","protected":false},"excerpt":{"rendered":"<p>C\u00f3mo empezar a revivir esos recuerdos juveniles y poder hablar de nuestras inquietudes como adolescentes. Es dif\u00edcil. Hoy a la distancia cuando uno ya ha vivido tantas cosas, aquello parece naif; pero eran nuestros&#46;&#46;&#46;<\/p>\n","protected":false},"author":2,"featured_media":0,"comment_status":"open","ping_status":"closed","sticky":false,"template":"","format":"standard","meta":{"ngg_post_thumbnail":0,"footnotes":""},"categories":[18,22],"tags":[],"class_list":["post-4253","post","type-post","status-publish","format-standard","hentry","category-historias-de-amor","category-novedades"],"jetpack_featured_media_url":"","_links":{"self":[{"href":"https:\/\/www.proyectoallen.com.ar\/3\/index.php?rest_route=\/wp\/v2\/posts\/4253","targetHints":{"allow":["GET"]}}],"collection":[{"href":"https:\/\/www.proyectoallen.com.ar\/3\/index.php?rest_route=\/wp\/v2\/posts"}],"about":[{"href":"https:\/\/www.proyectoallen.com.ar\/3\/index.php?rest_route=\/wp\/v2\/types\/post"}],"author":[{"embeddable":true,"href":"https:\/\/www.proyectoallen.com.ar\/3\/index.php?rest_route=\/wp\/v2\/users\/2"}],"replies":[{"embeddable":true,"href":"https:\/\/www.proyectoallen.com.ar\/3\/index.php?rest_route=%2Fwp%2Fv2%2Fcomments&post=4253"}],"version-history":[{"count":5,"href":"https:\/\/www.proyectoallen.com.ar\/3\/index.php?rest_route=\/wp\/v2\/posts\/4253\/revisions"}],"predecessor-version":[{"id":4282,"href":"https:\/\/www.proyectoallen.com.ar\/3\/index.php?rest_route=\/wp\/v2\/posts\/4253\/revisions\/4282"}],"wp:attachment":[{"href":"https:\/\/www.proyectoallen.com.ar\/3\/index.php?rest_route=%2Fwp%2Fv2%2Fmedia&parent=4253"}],"wp:term":[{"taxonomy":"category","embeddable":true,"href":"https:\/\/www.proyectoallen.com.ar\/3\/index.php?rest_route=%2Fwp%2Fv2%2Fcategories&post=4253"},{"taxonomy":"post_tag","embeddable":true,"href":"https:\/\/www.proyectoallen.com.ar\/3\/index.php?rest_route=%2Fwp%2Fv2%2Ftags&post=4253"}],"curies":[{"name":"wp","href":"https:\/\/api.w.org\/{rel}","templated":true}]}}