{"id":4854,"date":"2013-09-15T00:27:03","date_gmt":"2013-09-15T00:27:03","guid":{"rendered":"http:\/\/www.proyectoallen.com.ar\/3\/?p=4854"},"modified":"2013-09-16T21:35:20","modified_gmt":"2013-09-16T21:35:20","slug":"jornadas-contra-el-fracking-en-allen","status":"publish","type":"post","link":"https:\/\/www.proyectoallen.com.ar\/3\/?p=4854","title":{"rendered":"Jornadas contra el fracking en Allen"},"content":{"rendered":"<p style=\"text-align: justify;\"><em>Ayer fue un d\u00eda de toma de conciencia para Allen. O por lo menos deber\u00eda serlo. Con las exposiciones de los especialistas Roberto Ochandio (T\u00e9cnico en Petroleo), Maristella Svampa (Dra. en Sociolog\u00eda), Enrique Viale (Presidente de la Asociaci\u00f3n de Abogados Ambientalistas) y otros invitados, se esclarecieron las implicancias del avance de la explotaci\u00f3n de hidrocarburos en nuestra ciudad. <strong>No debemos dejarnos enga\u00f1ar: en Allen Apache est\u00e1 aplicando el m\u00e9todo del fracking en medio de nuestras chacras y los da\u00f1os ser\u00e1n irreversibles.<!--more Seguir leyendo...--><\/strong><\/em><\/p>\n<p style=\"text-align: center;\"><a href=\"http:\/\/www.proyectoallen.com.ar\/3\/wp-content\/uploads\/2013\/09\/IMG_6231-Medium.jpg\"><img loading=\"lazy\" decoding=\"async\" class=\"aligncenter  wp-image-4855\" title=\"IMG_6231 (Medium)\" src=\"http:\/\/www.proyectoallen.com.ar\/3\/wp-content\/uploads\/2013\/09\/IMG_6231-Medium-1024x682.jpg\" alt=\"\" width=\"614\" height=\"409\" srcset=\"https:\/\/www.proyectoallen.com.ar\/3\/wp-content\/uploads\/2013\/09\/IMG_6231-Medium-1024x682.jpg 1024w, https:\/\/www.proyectoallen.com.ar\/3\/wp-content\/uploads\/2013\/09\/IMG_6231-Medium-300x200.jpg 300w, https:\/\/www.proyectoallen.com.ar\/3\/wp-content\/uploads\/2013\/09\/IMG_6231-Medium-250x166.jpg 250w, https:\/\/www.proyectoallen.com.ar\/3\/wp-content\/uploads\/2013\/09\/IMG_6231-Medium.jpg 1152w\" sizes=\"auto, (max-width: 614px) 100vw, 614px\" \/><\/a><\/p>\n<p style=\"text-align: justify;\">Que no nos mientan m\u00e1s. <strong>El fracking en Allen ya es un hecho<\/strong>. As\u00ed lo demuestra el <strong>informe de impacto ambiental presentado por la misma empresa Apache al gobierno provincial<\/strong>. Seis de las 160 perforaciones en el ejido allense tienen descripciones que concuerdan con la <strong>metodolog\u00eda del fracking<\/strong>. Adem\u00e1s, una recorrida por las chacras intervenidas por Apache basta para darse cuenta del impacto de estas perforaciones en nuestro suelo.<\/p>\n<p style=\"text-align: justify;\">Ver: <strong>Picheto asegur\u00f3 que \u00aben R\u00edo Negro no hay fracking\u00bb<\/strong>\u00a0<a href=\"http:\/\/www.rionegro.com.ar\/diario\/pichetto-aseguro-que-en-rio-negro-no-hay-fracking-1239686-9701-nota.aspx\">Nota aqui<\/a><\/p>\n<p style=\"text-align: justify;\">Ver:\u00a0<strong>Weretilneck: En Allen \u201cno hay fracking\u201d <\/strong><a href=\"http:\/\/22noticias.com.ar\/weretilneck-en-allen-no-hay-fracking\/\">Nota aqu\u00ed<\/a><\/p>\n<p style=\"text-align: justify;\"><strong>El pasado viernes estudiantes secundarios y p\u00fablico en general escucharon a Roberto Ochandio (T\u00e9cnico en Petr\u00f3leo) explicar los detalles t\u00e9cnicos de la hidrofractura o fracking<\/strong>. Los hidrocarburos se formaron cuando a\u00fan los continentes estaban unidos por los sedimentos org\u00e1nicos que quedaron sepultados en la roca madre. Luego migraron hacia arriba formando dep\u00f3sitos a los que se acced\u00eda con perforaciones simples. Pero <strong>estas reservas ya est\u00e1n pr\u00e1cticamente agotadas<\/strong> y la decisi\u00f3n que tomaron las grandes compa\u00f1\u00edas, en vez de buscar fuentes de energ\u00eda alternativas, fue <span style=\"text-decoration: underline;\">continuar con la actual matriz energ\u00e9tica<\/span> y desarrollar la tecnolog\u00eda necesaria <strong>para extraer los restos hidrocarburos\u00a0 alojados en la roca madre y otras formaciones con baja permeabilidad.<\/strong><\/p>\n<div id=\"attachment_4856\" style=\"width: 624px\" class=\"wp-caption aligncenter\"><a href=\"http:\/\/www.proyectoallen.com.ar\/3\/wp-content\/uploads\/2013\/09\/IMG_6197-Medium.jpg\"><img loading=\"lazy\" decoding=\"async\" aria-describedby=\"caption-attachment-4856\" class=\" wp-image-4856 \" title=\"IMG_6197 (Medium)\" src=\"http:\/\/www.proyectoallen.com.ar\/3\/wp-content\/uploads\/2013\/09\/IMG_6197-Medium-1024x682.jpg\" alt=\"\" width=\"614\" height=\"409\" srcset=\"https:\/\/www.proyectoallen.com.ar\/3\/wp-content\/uploads\/2013\/09\/IMG_6197-Medium-1024x682.jpg 1024w, https:\/\/www.proyectoallen.com.ar\/3\/wp-content\/uploads\/2013\/09\/IMG_6197-Medium-300x200.jpg 300w, https:\/\/www.proyectoallen.com.ar\/3\/wp-content\/uploads\/2013\/09\/IMG_6197-Medium-250x166.jpg 250w, https:\/\/www.proyectoallen.com.ar\/3\/wp-content\/uploads\/2013\/09\/IMG_6197-Medium.jpg 1152w\" sizes=\"auto, (max-width: 614px) 100vw, 614px\" \/><\/a><p id=\"caption-attachment-4856\" class=\"wp-caption-text\">Allen, zona de charcas<\/p><\/div>\n<p style=\"text-align: justify;\">Debido a la baja permeabilidad de los esquistos (shale) y arenas compactas el petr\u00f3leo o gas no pueden fluir libremente. Por ello se necesita <strong>quebrar estas formaciones con agua y arena inyectada a presi\u00f3n para extraerlos recorriendo la roca horizontalmente para cubrir m\u00e1s superficie<\/strong>. Pero esto no es tan simple. La arena se usa para mantener abiertas las fracturas y para que esta no se vaya al fondo, se transforma el agua en un gel con un <strong>c\u00f3ctel de qu\u00edmicos<\/strong>.<\/p>\n<p style=\"text-align: justify;\"><span style=\"color: #ff6600;\"><strong>Mas claro? Mir\u00e1<\/strong><\/span> <a href=\"http:\/\/lab.rtve.es\/fracking\/\">ACA<\/a><\/p>\n<p style=\"text-align: justify;\">\u00a0Pero estos no son los \u00fanicos aditivos que se agregan, de acuerdo a la naturaleza del pozo pueden ser hasta 600. Cada uno tiene su funci\u00f3n y el t\u00e9cnico Ochandio explic\u00f3 algunos de ellos y <strong>sus repercusiones nocivas para la salud<\/strong> de las personas. Lamentablemente las compa\u00f1\u00edas mantienen en secreto la mayor\u00eda de estos qu\u00edmicos. Evidentemente tienen algo que esconder.<\/p>\n<p style=\"text-align: justify;\">Como si fuera poco, los elementos altamente contaminantes que se inyectan, no son el \u00fanico problema. Al extraer el gas y el petr\u00f3leo hacia la superficie, se liberan <strong>gases t\u00f3xicos da\u00f1inos para la salud.<\/strong><\/p>\n<p style=\"text-align: justify;\">Luego de explicar los procedimientos, Ochandio destac\u00f3 que <strong>los accidentes en las perforaciones no s\u00f3lo son posibles sino que son constantes, especialmente con estas t\u00e9cnicas complejas<\/strong>. Errores humanos por el trabajo exhaustivo, fallas t\u00e9cnicas, comportamientos inesperados del subsuelo, todo puede desencadenar filtraciones y derrames. Adem\u00e1s, los qu\u00edmicos para realizar la fractura y el residuo que retorna a la superficie (un l\u00edquido verde irrecuperable que ya no puede llamarse agua) se transporta en camiones, cualquier accidente podr\u00eda ser fatal.<\/p>\n<p style=\"text-align: justify;\">Por su parte, <strong>Enrique Viale (Abogado Ambientalista)<\/strong> nos explic\u00f3 nuestros derechos en materia ambiental. Remarc\u00f3 que nuestra Constituci\u00f3n Nacional, ley suprema de la Naci\u00f3n, luego de la reforma de 1994, incluy\u00f3 <strong>el derecho de todos los argentinos a un ambiente sano y la obligaci\u00f3n de preservarlo<\/strong>. Se destacan <strong>dos principios:<\/strong><\/p>\n<p style=\"text-align: justify;\">&#8211;<strong>El preventivo:<\/strong> que se aplica sobre la certeza de que la actividad que se quiere introducir en un lugar es contaminante, por lo cual se procede a prohibirla para prevenir sus da\u00f1os.<\/p>\n<p style=\"text-align: justify;\">&#8211;<strong>El precautorio: <\/strong>que trabaja sobre la incertidumbre, es decir si no hay pruebas fehacientes, hay duda o no hay acuerdo cient\u00edfico de que una actividad o producto determinado no contamina, se debe actuar precautoriamente y prohibirlo.<\/p>\n<p style=\"text-align: justify;\">Seg\u00fan la opini\u00f3n profesional de Viale, en este caso deber\u00eda <strong>prohibirse esta actividad hidrocarbur\u00edfera acudiendo al principio preventivo<\/strong>, ya que por las experiencias en EEUU y otros pa\u00edses de Europa ha sido suspendido o prohibido\u00a0 est\u00e1 <strong>comprobado que es altamente contaminante<\/strong>. Sin embargo, si a\u00fan alguien duda, se deber\u00eda actuar con el principio precautorio. En ambos casos deber\u00eda prohibirse o por lo menos suspenderse. Queda claro, que <strong>como m\u00ednimo existe una duda razonable que obliga a atenerse al principio precautorio.<\/strong><\/p>\n<p style=\"text-align: justify;\"><strong>La ordenanza que nuestro Concejo Deliberante aprob\u00f3 prohibiendo el fracking en Allen alude a ambos principios<\/strong>. Al respecto, Viale destac\u00f3 que la sanci\u00f3n de esta ordenanza no solo es un acto pol\u00edtico. Al hacerlo los concejales cumplieron con la Constituci\u00f3n que los <span style=\"text-decoration: underline;\"><strong>obliga a proteger el medio ambiente<\/strong>.<\/span><\/p>\n<p style=\"text-align: justify;\">\u00a0Pero adem\u00e1s, <strong>es falso que las concesiones otorgadas por la provincia impidan hacer efectiva la prohibici\u00f3n del frecking en Allen<\/strong>. La Constituci\u00f3n le da el poder en general a todo administrador p\u00fablico de cumplir con el deber de proteger el ambiente. Los derechos adquiridos por los permisos previos no son v\u00e1lidos en materia de derecho ambiental, como lo demuestran numerosos fallos desde el SXIX, ya que ser\u00eda rid\u00edculo que alguien tuviera un derecho adquirido para contaminar el medio ambiente.<\/p>\n<p style=\"text-align: justify;\">Por lo tanto,<span style=\"text-decoration: underline;\"> <strong>la intendenta\u00a0 puede y debe clausurar los pozos en los que se est\u00e1 realizando fracking en Allen,<\/strong> como lo har\u00eda con cualquier \u00a0negocio que no cumpliera con las reglamentaciones y como se ha hecho en muchas ciudades del pa\u00eds.<\/span> Es m\u00e1s, se\u00f1al\u00f3 Viale, Presidente de la Asociaci\u00f3n de Abogados ambientalistas,<span style=\"text-decoration: underline;\"> <strong>si no act\u00faa para hacer cumplir la ordenanza, puede ser denunciada por incumplimiento de sus deberes como funcionario p\u00fablico<\/strong>.<\/span><\/p>\n<p style=\"text-align: justify;\">Sumado a estas aclaraciones t\u00e9cnicas y legales, <strong>Maristella Svampa (Dra. en Sociolog\u00eda)<\/strong> advirti\u00f3 sobre los grandes <strong>problemas sociales<\/strong> que se desencadenan en las ciudades en las que se destruye la econom\u00eda local para producir una mercanc\u00eda de exportaci\u00f3n como el gas o el petr\u00f3leo.<strong><span style=\"color: #ff0000;\"> Se acent\u00faa al extremo la brecha entre ricos y pobres ya que los altos salarios pagados por las empresas a un pu\u00f1ado de empleados, que en su mayor\u00eda no son de la misma ciudad, hace que aumenten los precios de todo, incluyendo los alquileres. Asimismo, crecen enormemente la prostituci\u00f3n, la trata de personas, la criminalidad y la drogadicci\u00f3n.<\/span><\/strong><\/p>\n<p style=\"text-align: justify;\">Tambi\u00e9n estuvieron presentes las voces de la <strong>C\u00e1mara de Fruticultores y de Comercio<\/strong>, as\u00ed como la de los <strong>productores hort\u00edcola<\/strong>s. Todos expresaron su preocupaci\u00f3n y rechazo por los avances de las petroleras en la ciudad y la regi\u00f3n. El <strong>Concejal de Cinco Saltos, Chand\u00eda<\/strong>, tambi\u00e9n estuvo presente y explic\u00f3 las consecuencias del da\u00f1o ambiental que sufre su ciudad.<\/p>\n<p style=\"text-align: justify;\">Allen se encuentra en un momento clave. Los ciudadanos y las autoridades tienen que decidir, permitir que en unos a\u00f1os la ciudad se transforme en una zona de sacrificio, sin producci\u00f3n de frutas y hortalizas, sin r\u00edo para ba\u00f1arnos, sin agua potable, con intensos problemas sociales y da\u00f1os a la salud, o defender nuestro valle, nuestra vida y la de nuestros hijos y nietos. <strong>Tenemos el derecho de elegir el futuro que queremos para nuestra ciudad y la obligaci\u00f3n de defenderlo para las nuevas generaciones. Tenemos el derecho y el poder para decirle no a la hidrofractura en Allen.<\/strong><\/p>\n<p style=\"text-align: right;\">Por: Mar\u00eda Langa<\/p>\n<p style=\"text-align: right;\">\n<div id=\"attachment_4857\" style=\"width: 624px\" class=\"wp-caption aligncenter\"><a href=\"http:\/\/www.proyectoallen.com.ar\/3\/wp-content\/uploads\/2013\/09\/IMG_6204-Medium.jpg\"><img loading=\"lazy\" decoding=\"async\" aria-describedby=\"caption-attachment-4857\" class=\" wp-image-4857 \" title=\"IMG_6204 (Medium)\" src=\"http:\/\/www.proyectoallen.com.ar\/3\/wp-content\/uploads\/2013\/09\/IMG_6204-Medium-1024x682.jpg\" alt=\"\" width=\"614\" height=\"409\" srcset=\"https:\/\/www.proyectoallen.com.ar\/3\/wp-content\/uploads\/2013\/09\/IMG_6204-Medium-1024x682.jpg 1024w, https:\/\/www.proyectoallen.com.ar\/3\/wp-content\/uploads\/2013\/09\/IMG_6204-Medium-300x200.jpg 300w, https:\/\/www.proyectoallen.com.ar\/3\/wp-content\/uploads\/2013\/09\/IMG_6204-Medium-250x166.jpg 250w, https:\/\/www.proyectoallen.com.ar\/3\/wp-content\/uploads\/2013\/09\/IMG_6204-Medium.jpg 1152w\" sizes=\"auto, (max-width: 614px) 100vw, 614px\" \/><\/a><p id=\"caption-attachment-4857\" class=\"wp-caption-text\">Explotaci\u00f3n en Allen<\/p><\/div>\n<p><strong>Algo m\u00e1s&#8230;<\/strong><\/p>\n<p style=\"text-align: justify;\">\u00a0Tenes dudas? quer\u00e9s saber m\u00e1s?<\/p>\n<p style=\"text-align: justify;\">R\u00edo Negro: <a href=\"http:\/\/www.rionegro.com.ar\/diario\/se-usa-fracturacion-hidraulica-1239684-9544-nota.aspx\">Se usa fracturaci\u00f3n hidr\u00e1ulica<\/a><\/p>\n<p style=\"text-align: justify;\">Europa Press:\u00a0<a href=\"http:\/\/www.iagua.es\/noticias\/fracking\/13\/09\/08\/el-fracking-supone-un-el-grave-riesgo-para-los-acuiferos-segun-greenpeace-ecologistas-en-accion-y-eq-\">El fracking supone un \u00abgrave riesgo\u00bb para los acu\u00edferos seg\u00fan Greenpeace, Ecologistas en Acci\u00f3n y Equo<\/a><\/p>\n<p style=\"text-align: justify;\">Canarias (Espa\u00f1a):\u00a0<a href=\"http:\/\/www.canariasahora.es\/opinion\/fracking-otra-manera-atentar-naturaleza\/20130913084926413726.html\">El fracking, otra manera de atentar contra la naturaleza<\/a><\/p>\n<p style=\"text-align: justify;\">Catalu\u00f1a:\u00a0<a href=\"http:\/\/ccaa.elpais.com\/ccaa\/2013\/09\/12\/catalunya\/1379014126_027560.html\">No hay gas para tanto \u2018fracking\u2019<\/a><\/p>\n<p style=\"text-align: justify;\">Victoria (Entre R\u00edos):\u00a0<a href=\"http:\/\/www.diariovictoria.com.ar\/2013\/08\/concejales-con-victoria-libre-de-fracking\/\">Concejales se re\u00fanen con la asamblea ciudadana \u201cVictoria libre de fracking\u201d<\/a><\/p>\n","protected":false},"excerpt":{"rendered":"<p>Ayer fue un d\u00eda de toma de conciencia para Allen. O por lo menos deber\u00eda serlo. Con las exposiciones de los especialistas Roberto Ochandio (T\u00e9cnico en Petroleo), Maristella Svampa (Dra. en Sociolog\u00eda), Enrique Viale&#46;&#46;&#46;<\/p>\n","protected":false},"author":2,"featured_media":0,"comment_status":"open","ping_status":"closed","sticky":false,"template":"","format":"standard","meta":{"ngg_post_thumbnail":0,"footnotes":""},"categories":[24,22],"tags":[],"class_list":["post-4854","post","type-post","status-publish","format-standard","hentry","category-no-al-fracking-en-allen","category-novedades"],"jetpack_featured_media_url":"","_links":{"self":[{"href":"https:\/\/www.proyectoallen.com.ar\/3\/index.php?rest_route=\/wp\/v2\/posts\/4854","targetHints":{"allow":["GET"]}}],"collection":[{"href":"https:\/\/www.proyectoallen.com.ar\/3\/index.php?rest_route=\/wp\/v2\/posts"}],"about":[{"href":"https:\/\/www.proyectoallen.com.ar\/3\/index.php?rest_route=\/wp\/v2\/types\/post"}],"author":[{"embeddable":true,"href":"https:\/\/www.proyectoallen.com.ar\/3\/index.php?rest_route=\/wp\/v2\/users\/2"}],"replies":[{"embeddable":true,"href":"https:\/\/www.proyectoallen.com.ar\/3\/index.php?rest_route=%2Fwp%2Fv2%2Fcomments&post=4854"}],"version-history":[{"count":5,"href":"https:\/\/www.proyectoallen.com.ar\/3\/index.php?rest_route=\/wp\/v2\/posts\/4854\/revisions"}],"predecessor-version":[{"id":4878,"href":"https:\/\/www.proyectoallen.com.ar\/3\/index.php?rest_route=\/wp\/v2\/posts\/4854\/revisions\/4878"}],"wp:attachment":[{"href":"https:\/\/www.proyectoallen.com.ar\/3\/index.php?rest_route=%2Fwp%2Fv2%2Fmedia&parent=4854"}],"wp:term":[{"taxonomy":"category","embeddable":true,"href":"https:\/\/www.proyectoallen.com.ar\/3\/index.php?rest_route=%2Fwp%2Fv2%2Fcategories&post=4854"},{"taxonomy":"post_tag","embeddable":true,"href":"https:\/\/www.proyectoallen.com.ar\/3\/index.php?rest_route=%2Fwp%2Fv2%2Ftags&post=4854"}],"curies":[{"name":"wp","href":"https:\/\/api.w.org\/{rel}","templated":true}]}}