{"id":4904,"date":"2013-09-20T22:59:44","date_gmt":"2013-09-20T22:59:44","guid":{"rendered":"http:\/\/www.proyectoallen.com.ar\/3\/?p=4904"},"modified":"2013-09-20T23:02:28","modified_gmt":"2013-09-20T23:02:28","slug":"el-industrial-cet-8","status":"publish","type":"post","link":"https:\/\/www.proyectoallen.com.ar\/3\/?p=4904","title":{"rendered":"El Industrial (CET 8)"},"content":{"rendered":"<p style=\"text-align: justify;\"><em>El Centro de Educaci\u00f3n T\u00e9cnica N\u00b0 8 \u00a0comenz\u00f3 con el nombre de \u00abEscuela Industrial N\u00b0 6\u00bb, con Centro de Capacitaci\u00f3n T\u00e9cnica. Se inici\u00f3 en el a\u00f1o 1971 como Centro de Capacitaci\u00f3n dependiente dela Municipalidadlocal, dict\u00e1ndose las especialidades \u00abMec\u00e1nica del Automotor\u00bb y \u00abElectricidad Domiciliaria\u00bb. Contaba con 45 inscriptos y funcionaba en horas nocturnas en el local dela Escuela Comercial\u201cMariano Moreno\u00bb, hoy CEM N\u00b0 71.<em>\u00a0(Informaci\u00f3n dada por CET 8 para el Libro del Centenario).<\/em><!--more Seguir leyendo...--><br \/>\n<\/em><\/p>\n<div id=\"attachment_4905\" style=\"width: 624px\" class=\"wp-caption aligncenter\"><a href=\"http:\/\/www.proyectoallen.com.ar\/3\/wp-content\/uploads\/2013\/09\/Desfile-Industrial-Large.jpg\"><img loading=\"lazy\" decoding=\"async\" aria-describedby=\"caption-attachment-4905\" class=\" wp-image-4905\" title=\"Desfile Industrial (Large)\" src=\"http:\/\/www.proyectoallen.com.ar\/3\/wp-content\/uploads\/2013\/09\/Desfile-Industrial-Large.jpg\" alt=\"\" width=\"614\" height=\"437\" srcset=\"https:\/\/www.proyectoallen.com.ar\/3\/wp-content\/uploads\/2013\/09\/Desfile-Industrial-Large.jpg 1024w, https:\/\/www.proyectoallen.com.ar\/3\/wp-content\/uploads\/2013\/09\/Desfile-Industrial-Large-300x213.jpg 300w, https:\/\/www.proyectoallen.com.ar\/3\/wp-content\/uploads\/2013\/09\/Desfile-Industrial-Large-250x177.jpg 250w\" sizes=\"auto, (max-width: 614px) 100vw, 614px\" \/><\/a><p id=\"caption-attachment-4905\" class=\"wp-caption-text\">Jos\u00e9 Saa,(Pancho) Jorge Mellado, S\u00e1nchez, Gustavo Soriano, Jorge Luquez, Gustavo Gurtubay y Alejandro Brockerhoff, de la primera fila hacia atr\u00e1s.<\/p><\/div>\n<p style=\"text-align: center;\">Sobre esta foto <a href=\"http:\/\/www.facebook.com\/photo.php?fbid=269366099822256&amp;set=a.245480608877472.56886.230052660420267&amp;type=3&amp;theater\">ver AQUI<\/a><\/p>\n<p style=\"text-align: justify;\">Nacida por iniciativa de las autoridades municipales de ese momento, pas\u00f3 a depender del Consejo Provincial de Educaci\u00f3n en 1972. En el a\u00f1o 1975, ese Centro de Capacitaci\u00f3n se convirti\u00f3 en parte integrante de la nueva Escuela Industrial N\u00b0 6 que se uni\u00f3 al complejo educativo de la zona aportando una ense\u00f1anza t\u00e9cnica acorde con los avances de la \u00e9poca y cubriendo una sentida necesidad de la comunidad allense que pudo as\u00ed diversificar las inquietudes de su juventud.<\/p>\n<p style=\"text-align: justify;\"><a href=\"http:\/\/www.proyectoallen.com.ar\/3\/wp-content\/uploads\/2013\/09\/1-21-ene-78.jpg\"><img loading=\"lazy\" decoding=\"async\" class=\"aligncenter size-large wp-image-4906\" title=\"1 - 21 ene 78\" src=\"http:\/\/www.proyectoallen.com.ar\/3\/wp-content\/uploads\/2013\/09\/1-21-ene-78-266x1024.jpg\" alt=\"\" width=\"266\" height=\"1024\" srcset=\"https:\/\/www.proyectoallen.com.ar\/3\/wp-content\/uploads\/2013\/09\/1-21-ene-78-266x1024.jpg 266w, https:\/\/www.proyectoallen.com.ar\/3\/wp-content\/uploads\/2013\/09\/1-21-ene-78-250x961.jpg 250w, https:\/\/www.proyectoallen.com.ar\/3\/wp-content\/uploads\/2013\/09\/1-21-ene-78.jpg 708w\" sizes=\"auto, (max-width: 266px) 100vw, 266px\" \/><\/a><\/p>\n<p style=\"text-align: center;\">ngg_shortcode_0_placeholder<\/p>\n<p style=\"text-align: justify;\">La Escuela Industrial adopt\u00f3 la especialidad ELECTROMEC\u00c1NICA funcionando, para las clases te\u00f3ricas del ciclo b\u00e1sico y superior, en el edificio dela Escuela Comercial \u00abMariano Moreno\u00bb, mientras que las clases pr\u00e1cticas se realizaban en talleres propios, equipados convenientemente.<\/p>\n<p style=\"text-align: justify;\">En 1976 el CET 8 ya contaba con edificio propio, ubicado en el predio cedido por la Municipalidad, instalado en el terreno que ocupaban los talleres de la escuela.<\/p>\n<p style=\"text-align: justify;\"><a href=\"http:\/\/www.proyectoallen.com.ar\/3\/wp-content\/uploads\/2013\/09\/IMG_1067-Large.jpg\"><img loading=\"lazy\" decoding=\"async\" class=\"aligncenter size-large wp-image-4908\" title=\"IMG_1067 (Large)\" src=\"http:\/\/www.proyectoallen.com.ar\/3\/wp-content\/uploads\/2013\/09\/IMG_1067-Large-531x1024.jpg\" alt=\"\" width=\"531\" height=\"1024\" srcset=\"https:\/\/www.proyectoallen.com.ar\/3\/wp-content\/uploads\/2013\/09\/IMG_1067-Large-531x1024.jpg 531w, https:\/\/www.proyectoallen.com.ar\/3\/wp-content\/uploads\/2013\/09\/IMG_1067-Large-155x300.jpg 155w, https:\/\/www.proyectoallen.com.ar\/3\/wp-content\/uploads\/2013\/09\/IMG_1067-Large-250x481.jpg 250w\" sizes=\"auto, (max-width: 531px) 100vw, 531px\" \/><\/a><\/p>\n<p style=\"text-align: justify;\">Las primeras autoridades del establecimiento fueron: Director, Sr. Carlos Isaguirre; Vicedirector, Sr. Roberto Bari\u00f3n. Hablaban con especial optimismo del futuro, ya que tanto la responsabilidad y calidad del personal a su cargo, como toda la comunidad, colaboraron con su esfuerzo al mantenimiento y adelanto de lo que hoy es la fragua en que se forjan t\u00e9cnicos que pasaron a integrar el caudal humano especializado de nuestra regi\u00f3n.<\/p>\n<p style=\"text-align: justify;\">Posteriormente se incorpora la especialidad ELECTR\u00d3NICA (1982) que es la que se dicta en la actualidad.<\/p>\n<div id=\"attachment_4909\" style=\"width: 650px\" class=\"wp-caption aligncenter\"><a href=\"http:\/\/www.proyectoallen.com.ar\/3\/wp-content\/uploads\/2013\/09\/P5250178.jpg\"><img loading=\"lazy\" decoding=\"async\" aria-describedby=\"caption-attachment-4909\" class=\"size-full wp-image-4909\" title=\"OLYMPUS DIGITAL CAMERA\" src=\"http:\/\/www.proyectoallen.com.ar\/3\/wp-content\/uploads\/2013\/09\/P5250178.jpg\" alt=\"\" width=\"640\" height=\"480\" srcset=\"https:\/\/www.proyectoallen.com.ar\/3\/wp-content\/uploads\/2013\/09\/P5250178.jpg 640w, https:\/\/www.proyectoallen.com.ar\/3\/wp-content\/uploads\/2013\/09\/P5250178-300x225.jpg 300w, https:\/\/www.proyectoallen.com.ar\/3\/wp-content\/uploads\/2013\/09\/P5250178-250x187.jpg 250w\" sizes=\"auto, (max-width: 640px) 100vw, 640px\" \/><\/a><p id=\"caption-attachment-4909\" class=\"wp-caption-text\">El CET 8 en el desfile aniversario de los 100 a\u00f1os de Allen.<\/p><\/div>\n<p style=\"text-align: justify;\"><strong>IDENTIDAD<\/strong><\/p>\n<p style=\"text-align: justify;\" align=\"center\"><strong>\u00a0<\/strong>El CET 8 es un establecimiento de Modalidad T\u00e9cnica Industrial en el \u00e1rea dela Producci\u00f3nde Bienes y servicios con Especialidad Electr\u00f3nica, cuyos objetivos son introducir conocimientos conceptuales, procedimentales y actitudinales acordes a los requerimientos de la sociedad actual y del mundo del trabajo.<\/p>\n<p style=\"text-align: justify;\">En el Encuentro Provincial de Escuelas T\u00e9cnicas convocado por el Ministro de Educaci\u00f3n, realizado el 30 de abril de 2008 en la ciudad de Viedma, al cual asistieron Supervisores de Nivel Medio, Delegados Regionales, Equipos Directivos, Jefes Generales de Ense\u00f1anza Pr\u00e1ctica y representantes de los alumnos de escuelas t\u00e9cnicas, los actores solicitaron renombrar las mismas, proponi\u00e9ndose la denominaci\u00f3n de \u00abCentro de Educaci\u00f3n T\u00e9cnica\u201d (CET) cuya designaci\u00f3n numeral guarda relaci\u00f3n directa con el a\u00f1o de creaci\u00f3n dela Instituci\u00f3n. Porlo expuesto, la nueva designaci\u00f3n de nuestro establecimiento es CET 8 por Res. N\u00b0 946\/08.<\/p>\n<p style=\"text-align: justify;\">El CET 8 en la actualidad cuenta con 594 alumnos distribuidos en dos turnos escolares: 302 alumnos en el Turno Ma\u00f1ana, y 292 alumnos en el Turno Tarde, ubicados en 22 divisiones: 11 en el Turno ma\u00f1ana y 11 en el Turno tarde.<\/p>\n<p style=\"text-align: justify;\">La composici\u00f3n del alumnado es de clase media, media baja y alumnos de escasos recursos.La Plantafuncional del establecimiento esta constituida por 106 docentes contando titulares, interinos y suplentes, de ellos 94 Docentes se encuentran en actividad.<\/p>\n<p style=\"text-align: justify;\">En reuniones de personal y a medida que fueron evolucionando las reformas en educaci\u00f3n a nivel nacional, la escuela fue introduciendo cambios con el objetivo de avanzar hacia una escuela que respondiera a las necesidades y expectativas de la comunidad. En este sentido, sea adopt\u00f3 una actitud abierta y participativa, que desemboc\u00f3 en la elaboraci\u00f3n de este Proyecto Educativo Institucional con el aporte y colaboraci\u00f3n de todo el personal de la escuela, en el cual se plasm\u00f3, no s\u00f3lo la opini\u00f3n y propuesta del cuerpo docente, sino tambi\u00e9n los aportes y sugerencias de la comunidad obtenidos mediante diferentes instancias de consulta.<\/p>\n<p style=\"text-align: justify;\">Muchas instituciones p\u00fablicas y en menor medida privadas, demandan la prestaci\u00f3n de alg\u00fan tipo de servicios en la medida de las posibilidades o la recomendaci\u00f3n de T\u00e9cnicos egresados. Esta situaci\u00f3n tambi\u00e9n se da con algunas instituciones de otras localidades. Tal es la relaci\u00f3n, que se han realizado trabajos y proyectos para escuelas, iglesias, entidades privadas, municipio y particulares.<\/p>\n<p style=\"text-align: justify;\">La ruptura interna con el divorcio teor\u00eda-pr\u00e1ctica, permiti\u00f3 que a trav\u00e9s de exposiciones realizadas abiertas al p\u00fablico se ha dado a conocer las posibilidades y capacidad en conocimientos e infraestructura disponible para responder a demandas de la comunidad y el entorno socio-productivo de la zona.<\/p>\n<p style=\"text-align: justify;\">Muchas asignaturas te\u00f3rico pr\u00e1cticas desarrollan su curr\u00edcula entorno de proyectos de aplicaci\u00f3n real y con gran presencia de trabajo interdisciplinario. Esto conlleva que profesores y alumnos realicen visitas e investigaciones en entidades como el INTA,la Universidad Nacionaldel Comahue y empresas de la regi\u00f3n, con el objeto de desarrollar sus trabajos finales. Tal relaci\u00f3n ha permitido el crecimiento de la instituci\u00f3n en conocimientos y en la consideraci\u00f3n de la comunidad y del empresariado regional. Los alumnos no solo han obtenido asesoramiento de entidades y empresas, sino tambi\u00e9n en varios casos el financiamiento de sus proyectos.<\/p>\n<p style=\"text-align: justify;\">En lo que hace al equipamiento, la escuela ha presentado proyectos en el Plan de Mejoras del INET, que fueron aprobados a finales del a\u00f1o 2006. En la actualidad se cuenta con: m\u00e1quinas, herramientas, instrumental para el ciclo b\u00e1sico y la especialidad, elementos de seguridad, continuando con la compra hasta completar el monto asignado por dicho plan. Esto nos ha permitido estar m\u00e1s equipados y actualizados. Se contin\u00faa con la elaboraci\u00f3n de nuevos proyectos para presentarlos a finales de este semestre en el Plan de Mejoras del INET 2008.<\/p>\n<p style=\"text-align: justify;\">El 15 de Noviembre es el \u00abD\u00eda dela Educaci\u00f3n T\u00e9cnica\u00bb, por ello nuestra Instituci\u00f3n realiza Jornadas de exposici\u00f3n en sus instalaciones de los trabajos realizados por nuestros alumnos, siendo invitadas otras escuelas t\u00e9cnicas locales, de la provincia y de otras provincias.<\/p>\n<p style=\"text-align: justify;\"><a href=\"http:\/\/www.proyectoallen.com.ar\/3\/wp-content\/uploads\/2013\/09\/009.jpg\"><img loading=\"lazy\" decoding=\"async\" class=\"aligncenter size-large wp-image-4912\" title=\"009\" src=\"http:\/\/www.proyectoallen.com.ar\/3\/wp-content\/uploads\/2013\/09\/009-710x1024.jpg\" alt=\"\" width=\"710\" height=\"1024\" srcset=\"https:\/\/www.proyectoallen.com.ar\/3\/wp-content\/uploads\/2013\/09\/009-710x1024.jpg 710w, https:\/\/www.proyectoallen.com.ar\/3\/wp-content\/uploads\/2013\/09\/009-208x300.jpg 208w, https:\/\/www.proyectoallen.com.ar\/3\/wp-content\/uploads\/2013\/09\/009-250x360.jpg 250w, https:\/\/www.proyectoallen.com.ar\/3\/wp-content\/uploads\/2013\/09\/009.jpg 799w\" sizes=\"auto, (max-width: 710px) 100vw, 710px\" \/><\/a><\/p>\n<p style=\"text-align: justify;\"><a href=\"http:\/\/www.proyectoallen.com.ar\/3\/wp-content\/uploads\/2013\/09\/3-Medium.jpg\"><img loading=\"lazy\" decoding=\"async\" class=\"aligncenter size-medium wp-image-4913\" title=\"3 (Medium)\" src=\"http:\/\/www.proyectoallen.com.ar\/3\/wp-content\/uploads\/2013\/09\/3-Medium-300x225.jpg\" alt=\"\" width=\"300\" height=\"225\" srcset=\"https:\/\/www.proyectoallen.com.ar\/3\/wp-content\/uploads\/2013\/09\/3-Medium-300x225.jpg 300w, https:\/\/www.proyectoallen.com.ar\/3\/wp-content\/uploads\/2013\/09\/3-Medium-250x187.jpg 250w, https:\/\/www.proyectoallen.com.ar\/3\/wp-content\/uploads\/2013\/09\/3-Medium.jpg 800w\" sizes=\"auto, (max-width: 300px) 100vw, 300px\" \/><\/a><\/p>\n<p style=\"text-align: justify;\">\u00a0<strong>Nuestros alumnos participan en:<\/strong><\/p>\n<p style=\"text-align: justify;\" align=\"center\"><strong>\u00a0<\/strong>-\u00abOlimp\u00edadas de Electr\u00f3nica\u00bb organizadas porla Universidad BlasPascal de C\u00f3rdoba.<\/p>\n<p style=\"text-align: justify;\" align=\"center\">&#8211; Encuentros deportivos a nivel local y provincial.<\/p>\n<p style=\"text-align: justify;\" align=\"center\">&#8211; Feria de Ciencias.<\/p>\n<p style=\"text-align: justify;\" align=\"center\">&#8211; Olimp\u00edadas de Qu\u00edmica.<\/p>\n<p style=\"text-align: justify;\" align=\"center\">&#8211; Encuentros de Ajedrez.<\/p>\n<p style=\"text-align: justify;\" align=\"center\">&#8211; Visitas de escuelas primarias a nuestra Instituci\u00f3n.<\/p>\n<p style=\"text-align: justify;\" align=\"center\">\u00a0Es funci\u00f3n primordial de la escuela dar las herramientas fundamentales para que el alumno logre la apropiaci\u00f3n y construcci\u00f3n de conocimientos socialmente v\u00e1lidos.<\/p>\n<p style=\"text-align: justify;\">Es necesario recordar que en la escuela no s\u00f3lo ense\u00f1a el docente, sino tambi\u00e9n el medio social en el que se desenvuelven los ni\u00f1os y adolescentes.<\/p>\n<p style=\"text-align: justify;\">Sabemos que nuestros educandos est\u00e1n en una etapa especial: la adolescencia, que requiere de nuestra paciencia y del respeto por sus intereses.<\/p>\n<p style=\"text-align: justify;\">Aunque tambi\u00e9n sabemos que para una buena formaci\u00f3n de personas, adem\u00e1s de contenerlo y comprenderlo, es preciso orientarlo y formar en \u00e9l los valores esenciales que sostienen al ser humano, como as\u00ed tambi\u00e9n ense\u00f1arle a construir sus aprendizajes desde: el saber, el saber hacer y el gusto por el hacer.<\/p>\n<div id=\"attachment_4910\" style=\"width: 414px\" class=\"wp-caption aligncenter\"><a href=\"http:\/\/www.proyectoallen.com.ar\/3\/wp-content\/uploads\/2013\/09\/Denis-Rodriguez-Chelo-Candia-fotos-Oscar-Herrero-Oscar-R-Herrero-Claudio-Diazzi-fotos-vino-cunti-Gabriel-Luque-Manuel-Almiron-Pablo-Dorigo-fotos.jpg\"><img loading=\"lazy\" decoding=\"async\" aria-describedby=\"caption-attachment-4910\" class=\"size-full wp-image-4910\" title=\"Industrial\" src=\"http:\/\/www.proyectoallen.com.ar\/3\/wp-content\/uploads\/2013\/09\/Denis-Rodriguez-Chelo-Candia-fotos-Oscar-Herrero-Oscar-R-Herrero-Claudio-Diazzi-fotos-vino-cunti-Gabriel-Luque-Manuel-Almiron-Pablo-Dorigo-fotos.jpg\" alt=\"\" width=\"404\" height=\"604\" srcset=\"https:\/\/www.proyectoallen.com.ar\/3\/wp-content\/uploads\/2013\/09\/Denis-Rodriguez-Chelo-Candia-fotos-Oscar-Herrero-Oscar-R-Herrero-Claudio-Diazzi-fotos-vino-cunti-Gabriel-Luque-Manuel-Almiron-Pablo-Dorigo-fotos.jpg 404w, https:\/\/www.proyectoallen.com.ar\/3\/wp-content\/uploads\/2013\/09\/Denis-Rodriguez-Chelo-Candia-fotos-Oscar-Herrero-Oscar-R-Herrero-Claudio-Diazzi-fotos-vino-cunti-Gabriel-Luque-Manuel-Almiron-Pablo-Dorigo-fotos-200x300.jpg 200w, https:\/\/www.proyectoallen.com.ar\/3\/wp-content\/uploads\/2013\/09\/Denis-Rodriguez-Chelo-Candia-fotos-Oscar-Herrero-Oscar-R-Herrero-Claudio-Diazzi-fotos-vino-cunti-Gabriel-Luque-Manuel-Almiron-Pablo-Dorigo-fotos-250x373.jpg 250w\" sizes=\"auto, (max-width: 404px) 100vw, 404px\" \/><\/a><p id=\"caption-attachment-4910\" class=\"wp-caption-text\">Denis Rodriguez, Chelo Candia, Oscar Herrero, Oscar R. Herrero, Claudio Diazzi, Gabriel Luque, Manuel Almiron y Pablo Dorigo .<\/p><\/div>\n<p style=\"text-align: justify;\"><strong><em>\u00abAll\u00e1 por los 80&#8217;s, el glorioso Industrial 6 de Allen, R\u00edo Negro, compart\u00eda edificio con la escuela Comercial. El nuestro era principalmente un colegio de varones. El comercial al rev\u00e9s. Lo que hac\u00eda que muchas veces nos precipit\u00e1ramos en incre\u00edbles misiones tipo comando a trav\u00e9s de oscuros pasillos y ventanas olvidadas, en busca de fortuitos encuentros con valerosas se\u00f1oritas de temprana edad. Un buen lugar para esas citas era la sala de Ciencias. Y all\u00ed hab\u00eda un esqueleto como el que presenta Rigor Mortis hoy.<\/em><\/strong><br \/>\n<strong><em> Cada vez que regres\u00e1bamos de esos furtivos y apasionados encuentros, nunca nos olvid\u00e1bamos de dejarle alg\u00fan cigarrillo entre los dientes, un sombrerito de papel, o simplemente meterle sus huesudas manos dentro de la concavidad del hueso de la cintura, simulando agarrarse las pelotas que alguna vez existieron all\u00ed. \u00a0<span style=\"text-align: right;\">Buenas tardes\u00bb.<\/span><\/em><\/strong><\/p>\n<p>&nbsp;<\/p>\n<div id=\"attachment_4911\" style=\"width: 614px\" class=\"wp-caption aligncenter\"><a href=\"http:\/\/www.proyectoallen.com.ar\/3\/wp-content\/uploads\/2013\/09\/Juan-Carlos-Campos-fotos-Manuel-Almiron-Claudio-Diazzi-fotos-Denis-Rodriguez-Pablo-Dorigo.jpg\"><img loading=\"lazy\" decoding=\"async\" aria-describedby=\"caption-attachment-4911\" class=\"size-full wp-image-4911\" title=\"Industrial\" src=\"http:\/\/www.proyectoallen.com.ar\/3\/wp-content\/uploads\/2013\/09\/Juan-Carlos-Campos-fotos-Manuel-Almiron-Claudio-Diazzi-fotos-Denis-Rodriguez-Pablo-Dorigo.jpg\" alt=\"\" width=\"604\" height=\"401\" srcset=\"https:\/\/www.proyectoallen.com.ar\/3\/wp-content\/uploads\/2013\/09\/Juan-Carlos-Campos-fotos-Manuel-Almiron-Claudio-Diazzi-fotos-Denis-Rodriguez-Pablo-Dorigo.jpg 604w, https:\/\/www.proyectoallen.com.ar\/3\/wp-content\/uploads\/2013\/09\/Juan-Carlos-Campos-fotos-Manuel-Almiron-Claudio-Diazzi-fotos-Denis-Rodriguez-Pablo-Dorigo-300x199.jpg 300w, https:\/\/www.proyectoallen.com.ar\/3\/wp-content\/uploads\/2013\/09\/Juan-Carlos-Campos-fotos-Manuel-Almiron-Claudio-Diazzi-fotos-Denis-Rodriguez-Pablo-Dorigo-250x165.jpg 250w\" sizes=\"auto, (max-width: 604px) 100vw, 604px\" \/><\/a><p id=\"caption-attachment-4911\" class=\"wp-caption-text\">Juan Carlos Campos, Manuel Almiron, Claudio Diazzi, Denis Rodriguez y Pablo Dorigo.<\/p><\/div>\n<p>&nbsp;<\/p>\n<div id=\"attachment_4914\" style=\"width: 310px\" class=\"wp-caption aligncenter\"><a href=\"http:\/\/www.proyectoallen.com.ar\/3\/wp-content\/uploads\/2013\/09\/IMG_5708-Large.jpg\"><img loading=\"lazy\" decoding=\"async\" aria-describedby=\"caption-attachment-4914\" class=\"size-medium wp-image-4914\" title=\"IMG_5708 (Large)\" src=\"http:\/\/www.proyectoallen.com.ar\/3\/wp-content\/uploads\/2013\/09\/IMG_5708-Large-300x294.jpg\" alt=\"\" width=\"300\" height=\"294\" srcset=\"https:\/\/www.proyectoallen.com.ar\/3\/wp-content\/uploads\/2013\/09\/IMG_5708-Large-300x294.jpg 300w, https:\/\/www.proyectoallen.com.ar\/3\/wp-content\/uploads\/2013\/09\/IMG_5708-Large-1024x1003.jpg 1024w, https:\/\/www.proyectoallen.com.ar\/3\/wp-content\/uploads\/2013\/09\/IMG_5708-Large-250x245.jpg 250w, https:\/\/www.proyectoallen.com.ar\/3\/wp-content\/uploads\/2013\/09\/IMG_5708-Large-64x64.jpg 64w, https:\/\/www.proyectoallen.com.ar\/3\/wp-content\/uploads\/2013\/09\/IMG_5708-Large.jpg 1102w\" sizes=\"auto, (max-width: 300px) 100vw, 300px\" \/><\/a><p id=\"caption-attachment-4914\" class=\"wp-caption-text\">Publicaci\u00f3n a\u00f1os 80&#39; &quot;Ayer, hoy y ma\u00f1ana en Allen&quot; sobre el Centro de estudiante del colegio.<\/p><\/div>\n<p>&nbsp;<\/p>\n<p>Las im\u00e1genes son de Proyecto Allen y de su facebook.<\/p>\n<h4><strong>Algo m\u00e1s&#8230;<\/strong><\/h4>\n<p style=\"text-align: justify;\">En 1984 el colegio Industrial sufri\u00f3 un conflicto que a\u00fan perdura en el recuerdo de muchos. As\u00ed lo reflejaba El Pregon, peri\u00f3dico local de los a\u00f1os 80&#8242;.<\/p>\n<p style=\"text-align: center;\"><a href=\"http:\/\/www.proyectoallen.com.ar\/3\/wp-content\/uploads\/2013\/09\/IMG_5590-Large.jpg\"><img loading=\"lazy\" decoding=\"async\" class=\"aligncenter  wp-image-4915\" title=\"IMG_5590 (Large)\" src=\"http:\/\/www.proyectoallen.com.ar\/3\/wp-content\/uploads\/2013\/09\/IMG_5590-Large-733x1024.jpg\" alt=\"\" width=\"513\" height=\"717\" srcset=\"https:\/\/www.proyectoallen.com.ar\/3\/wp-content\/uploads\/2013\/09\/IMG_5590-Large-733x1024.jpg 733w, https:\/\/www.proyectoallen.com.ar\/3\/wp-content\/uploads\/2013\/09\/IMG_5590-Large-215x300.jpg 215w, https:\/\/www.proyectoallen.com.ar\/3\/wp-content\/uploads\/2013\/09\/IMG_5590-Large-250x348.jpg 250w, https:\/\/www.proyectoallen.com.ar\/3\/wp-content\/uploads\/2013\/09\/IMG_5590-Large.jpg 774w\" sizes=\"auto, (max-width: 513px) 100vw, 513px\" \/><\/a><\/p>\n<p style=\"text-align: center;\"><a href=\"http:\/\/www.proyectoallen.com.ar\/3\/wp-content\/uploads\/2013\/09\/IMG_5595-Large.jpg\"><img loading=\"lazy\" decoding=\"async\" class=\"aligncenter  wp-image-4916\" title=\"IMG_5595 (Large)\" src=\"http:\/\/www.proyectoallen.com.ar\/3\/wp-content\/uploads\/2013\/09\/IMG_5595-Large-731x1024.jpg\" alt=\"\" width=\"512\" height=\"717\" srcset=\"https:\/\/www.proyectoallen.com.ar\/3\/wp-content\/uploads\/2013\/09\/IMG_5595-Large-731x1024.jpg 731w, https:\/\/www.proyectoallen.com.ar\/3\/wp-content\/uploads\/2013\/09\/IMG_5595-Large-214x300.jpg 214w, https:\/\/www.proyectoallen.com.ar\/3\/wp-content\/uploads\/2013\/09\/IMG_5595-Large-250x350.jpg 250w, https:\/\/www.proyectoallen.com.ar\/3\/wp-content\/uploads\/2013\/09\/IMG_5595-Large.jpg 771w\" sizes=\"auto, (max-width: 512px) 100vw, 512px\" \/><\/a><\/p>\n","protected":false},"excerpt":{"rendered":"<p>El Centro de Educaci\u00f3n T\u00e9cnica N\u00b0 8 \u00a0comenz\u00f3 con el nombre de \u00abEscuela Industrial N\u00b0 6\u00bb, con Centro de Capacitaci\u00f3n T\u00e9cnica. Se inici\u00f3 en el a\u00f1o 1971 como Centro de Capacitaci\u00f3n dependiente dela Municipalidadlocal,&#46;&#46;&#46;<\/p>\n","protected":false},"author":2,"featured_media":0,"comment_status":"open","ping_status":"closed","sticky":false,"template":"","format":"standard","meta":{"ngg_post_thumbnail":0,"footnotes":""},"categories":[15,5,22,13],"tags":[],"class_list":["post-4904","post","type-post","status-publish","format-standard","hentry","category-docentes","category-educacion","category-novedades","category-unpocodehistoria"],"jetpack_featured_media_url":"","_links":{"self":[{"href":"https:\/\/www.proyectoallen.com.ar\/3\/index.php?rest_route=\/wp\/v2\/posts\/4904","targetHints":{"allow":["GET"]}}],"collection":[{"href":"https:\/\/www.proyectoallen.com.ar\/3\/index.php?rest_route=\/wp\/v2\/posts"}],"about":[{"href":"https:\/\/www.proyectoallen.com.ar\/3\/index.php?rest_route=\/wp\/v2\/types\/post"}],"author":[{"embeddable":true,"href":"https:\/\/www.proyectoallen.com.ar\/3\/index.php?rest_route=\/wp\/v2\/users\/2"}],"replies":[{"embeddable":true,"href":"https:\/\/www.proyectoallen.com.ar\/3\/index.php?rest_route=%2Fwp%2Fv2%2Fcomments&post=4904"}],"version-history":[{"count":4,"href":"https:\/\/www.proyectoallen.com.ar\/3\/index.php?rest_route=\/wp\/v2\/posts\/4904\/revisions"}],"predecessor-version":[{"id":4921,"href":"https:\/\/www.proyectoallen.com.ar\/3\/index.php?rest_route=\/wp\/v2\/posts\/4904\/revisions\/4921"}],"wp:attachment":[{"href":"https:\/\/www.proyectoallen.com.ar\/3\/index.php?rest_route=%2Fwp%2Fv2%2Fmedia&parent=4904"}],"wp:term":[{"taxonomy":"category","embeddable":true,"href":"https:\/\/www.proyectoallen.com.ar\/3\/index.php?rest_route=%2Fwp%2Fv2%2Fcategories&post=4904"},{"taxonomy":"post_tag","embeddable":true,"href":"https:\/\/www.proyectoallen.com.ar\/3\/index.php?rest_route=%2Fwp%2Fv2%2Ftags&post=4904"}],"curies":[{"name":"wp","href":"https:\/\/api.w.org\/{rel}","templated":true}]}}