{"id":5106,"date":"2013-10-04T00:29:11","date_gmt":"2013-10-04T00:29:11","guid":{"rendered":"http:\/\/www.proyectoallen.com.ar\/3\/?p=5106"},"modified":"2013-10-04T00:33:25","modified_gmt":"2013-10-04T00:33:25","slug":"campana-de-saneamiento-moral","status":"publish","type":"post","link":"https:\/\/www.proyectoallen.com.ar\/3\/?p=5106","title":{"rendered":"Campa\u00f1a de \u00abSaneamiento moral\u00bb"},"content":{"rendered":"<p><em>Sab\u00edas que en 1966 en Allen comenz\u00f3 una campa\u00f1a a la que denominaron de \u00abSaneamiento moral\u00bb?<!--more Seguir leyendo...--><\/em><\/p>\n<p style=\"text-align: justify;\"><a href=\"http:\/\/www.proyectoallen.com.ar\/3\/wp-content\/uploads\/2013\/10\/thumb13.php_.jpg\"><img loading=\"lazy\" decoding=\"async\" class=\"aligncenter size-full wp-image-5111\" title=\"thumb13.php\" src=\"http:\/\/www.proyectoallen.com.ar\/3\/wp-content\/uploads\/2013\/10\/thumb13.php_.jpg\" alt=\"\" width=\"550\" height=\"373\" srcset=\"https:\/\/www.proyectoallen.com.ar\/3\/wp-content\/uploads\/2013\/10\/thumb13.php_.jpg 550w, https:\/\/www.proyectoallen.com.ar\/3\/wp-content\/uploads\/2013\/10\/thumb13.php_-300x203.jpg 300w, https:\/\/www.proyectoallen.com.ar\/3\/wp-content\/uploads\/2013\/10\/thumb13.php_-250x169.jpg 250w\" sizes=\"auto, (max-width: 550px) 100vw, 550px\" \/><\/a><\/p>\n<p style=\"text-align: justify;\">En la regi\u00f3n, la polic\u00eda fue un protagonista permanente en los pueblos durante los gobiernos de facto. Se hicieron cargo de los municipios cuando asumieron los gobiernos militares y, junto a los interventores, trabajaron por los reclamos de \u201cgrupos de vecinos\u201d, preocupados por las transformaciones sociales que la modernizaci\u00f3n y el auge econ\u00f3mico trajo a la regi\u00f3n.<\/p>\n<p style=\"text-align: justify;\">Uno de los \u00abproblemas\u00bb de esas transformaciones sociales era la juventud y sus \u00abnuevas\u00bb inquietudes. Esos protagonistas de la d\u00e9cada de los 60&#8242;, que comenzaron a cuestionar el mundo despu\u00e9s del desastre que signific\u00f3 la Segunda Guerra Mundial, viv\u00edan el mundo con pasi\u00f3n y buscaban por todos los medios posibles cambiar el estado de cosas.<\/p>\n<p style=\"text-align: center;\"><a href=\"http:\/\/www.proyectoallen.com.ar\/3\/wp-content\/uploads\/2013\/10\/hippys-moderno_tus_padres_ya_iban_a_festivales_de_musica_867520466_1200x800-2-Medium.jpeg\"><img loading=\"lazy\" decoding=\"async\" class=\"aligncenter  wp-image-5112\" title=\"hippys-moderno_tus_padres_ya_iban_a_festivales_de_musica_867520466_1200x800 (2) (Medium)\" src=\"http:\/\/www.proyectoallen.com.ar\/3\/wp-content\/uploads\/2013\/10\/hippys-moderno_tus_padres_ya_iban_a_festivales_de_musica_867520466_1200x800-2-Medium-1024x683.jpg\" alt=\"\" width=\"614\" height=\"410\" srcset=\"https:\/\/www.proyectoallen.com.ar\/3\/wp-content\/uploads\/2013\/10\/hippys-moderno_tus_padres_ya_iban_a_festivales_de_musica_867520466_1200x800-2-Medium-1024x683.jpg 1024w, https:\/\/www.proyectoallen.com.ar\/3\/wp-content\/uploads\/2013\/10\/hippys-moderno_tus_padres_ya_iban_a_festivales_de_musica_867520466_1200x800-2-Medium-300x200.jpg 300w, https:\/\/www.proyectoallen.com.ar\/3\/wp-content\/uploads\/2013\/10\/hippys-moderno_tus_padres_ya_iban_a_festivales_de_musica_867520466_1200x800-2-Medium-250x166.jpg 250w, https:\/\/www.proyectoallen.com.ar\/3\/wp-content\/uploads\/2013\/10\/hippys-moderno_tus_padres_ya_iban_a_festivales_de_musica_867520466_1200x800-2-Medium.jpeg 1151w\" sizes=\"auto, (max-width: 614px) 100vw, 614px\" \/><\/a><\/p>\n<p style=\"text-align: justify;\">Sin embargo, la respuesta del sistema imperante a estas intenciones fue la cooptaci\u00f3n y la represi\u00f3n.<\/p>\n<p style=\"text-align: justify;\">Si bien son a\u00f1os de cambios que se reflejaron en la cultura y en los valores familiares de anta\u00f1o, en el rol de los hombres y las mujeres o la politizaci\u00f3n de los j\u00f3venes, son tambi\u00e9n tiempos de un gran crecimiento del consumo y el confort, en especial de los sectores medios en crecimiento.<\/p>\n<p style=\"text-align: justify;\">A la politizaci\u00f3n y la critica juvenil, los gobiernos de facto en Argentina respondieron con represi\u00f3n y prohibici\u00f3n, atacando lo muchos \u00e1mbitos del saber (en franco crecimiento durante los dorados a\u00f1os 60&#8242;) pero tambi\u00e9n desde ese espacio que los atrapaba: el mercado. Los \u00abextra\u00f1os de pelos largos\u00bb, las minifaldas \u00ednfimas, los modos de diversi\u00f3n y todo lo que el consumo les ofrec\u00eda fue tambi\u00e9n, contradictoriamente atacado por los \u00abadultos\u00bb (padres, educadores, pol\u00edticos, etc.) que, por un lado, dejaban avanzar a las multinacionales del consumo mientras, que por otro, asustados con las transformaciones, ped\u00edan \u00abmoral\u00bb y \u00abun poco de decoro\u00bb que restaure los viejos valores de las familia de anta\u00f1o.<\/p>\n<div id=\"attachment_5109\" style=\"width: 426px\" class=\"wp-caption aligncenter\"><a href=\"http:\/\/www.proyectoallen.com.ar\/3\/wp-content\/uploads\/2013\/10\/IMG_1099.jpg\"><img loading=\"lazy\" decoding=\"async\" aria-describedby=\"caption-attachment-5109\" class=\"size-large wp-image-5109\" title=\"IMG_1099\" src=\"http:\/\/www.proyectoallen.com.ar\/3\/wp-content\/uploads\/2013\/10\/IMG_1099-416x1024.jpg\" alt=\"\" width=\"416\" height=\"1024\" srcset=\"https:\/\/www.proyectoallen.com.ar\/3\/wp-content\/uploads\/2013\/10\/IMG_1099-416x1024.jpg 416w, https:\/\/www.proyectoallen.com.ar\/3\/wp-content\/uploads\/2013\/10\/IMG_1099-250x614.jpg 250w, https:\/\/www.proyectoallen.com.ar\/3\/wp-content\/uploads\/2013\/10\/IMG_1099.jpg 932w\" sizes=\"auto, (max-width: 416px) 100vw, 416px\" \/><\/a><p id=\"caption-attachment-5109\" class=\"wp-caption-text\">R\u00edo Negro, 1968<\/p><\/div>\n<p style=\"text-align: justify;\">En este contexto (mucho m\u00e1s amplio, por cierto y que necesita mayor an\u00e1lisis <a href=\"http:\/\/www.proyectoallen.com.ar\/3\/?p=1804&amp;nggpage=8\">Ver algo Aqui<\/a>), en Allen se inici\u00f3 una campa\u00f1a de \u201cSaneamiento Moral\u201d cuyo objetivo era \u201cidentificar a elementos insociables que tienen como centro de actuaci\u00f3n el barrio Norte\u201d(R\u00edo Negro, 1966).<\/p>\n<p style=\"text-align: justify;\">La polic\u00eda comenz\u00f3 una gran cantidad de allanamientos y detenciones de las que fueron v\u00edctimas generalmente j\u00f3venes y mujeres.<\/p>\n<p style=\"text-align: justify;\">Seg\u00fan el m\u00e9dico policial Juan Paredes Lenzi, era \u00abel problema social en todos sus aspectos\u00bb \u00a0que no se pueden solucionar por la carencia legal, con respecto a que eran menores de edad y porque \u00abla mayor\u00eda, act\u00faa en complicidad con los padres\u00bb. Se ped\u00eda, entonces, a la prensa oral y escrita y a los due\u00f1os de bares y confiter\u00edas de la localidad que colaboren con esta campa\u00f1a de saneamiento moral e impidan la presencia de menores en horas de la noche.<\/p>\n<p style=\"text-align: center;\"><a href=\"http:\/\/www.proyectoallen.com.ar\/3\/wp-content\/uploads\/2013\/10\/saneamiento-moral-allen-30-nov-66.jpg\"><img loading=\"lazy\" decoding=\"async\" class=\"aligncenter  wp-image-5110\" title=\"saneamiento moral allen - 30 nov 66\" src=\"http:\/\/www.proyectoallen.com.ar\/3\/wp-content\/uploads\/2013\/10\/saneamiento-moral-allen-30-nov-66-930x1024.jpg\" alt=\"\" width=\"558\" height=\"614\" srcset=\"https:\/\/www.proyectoallen.com.ar\/3\/wp-content\/uploads\/2013\/10\/saneamiento-moral-allen-30-nov-66-930x1024.jpg 930w, https:\/\/www.proyectoallen.com.ar\/3\/wp-content\/uploads\/2013\/10\/saneamiento-moral-allen-30-nov-66-272x300.jpg 272w, https:\/\/www.proyectoallen.com.ar\/3\/wp-content\/uploads\/2013\/10\/saneamiento-moral-allen-30-nov-66-250x275.jpg 250w, https:\/\/www.proyectoallen.com.ar\/3\/wp-content\/uploads\/2013\/10\/saneamiento-moral-allen-30-nov-66.jpg 1796w\" sizes=\"auto, (max-width: 558px) 100vw, 558px\" \/><\/a><\/p>\n<p style=\"text-align: justify;\">Allen viv\u00eda, a mediados de los a\u00f1os 60&#8242;, un importante crecimiento de poblaci\u00f3n, en especial de nacimientos. Hab\u00eda un total de 13.700 habitantes y los nacimientos en 1966 hab\u00eda llegado a 599 e iba en alza a\u00f1o a a\u00f1o. En 1968 el diario R\u00edo Negro registraba, bajo el titulo \u00abEl movimiento demogr\u00e1fico en Allen\u00bb, que los nacimientos superaban la defunciones.<\/p>\n<p style=\"text-align: justify;\">Sin embargo, los titulares de diario tambi\u00e9n manifestaban las transformaciones que afectaban la tradicional calma pueblerina. Crec\u00edan las infracciones de tr\u00e1nsito por exceso de velocidad, por falta de registro, por maniobras inadecuadas y por menores de edad al volante. Hab\u00eda denuncias por \u00abruidos molestos\u00bb producto de \u00ablos amantes de la velocidad\u00bb que circulaban a altas horas de la noche, muchos con el \u00abescape libre de los motores\u00bb. Las calles se hab\u00edan convertido en \u00abverdaderas pistas automovil\u00edsticas\u00bb seg\u00fan el diario y la poblaci\u00f3n irritada esperaba que las nuevas autoridades municipales reprima tales abusos (R\u00edo Negro, 1968).<\/p>\n<p style=\"text-align: justify;\">Los tiempos se pon\u00edan dif\u00edciles para los cultores de la tranquilidad pueblerina. Lentamente comenzaron a crecer los titulares policiales sobre Allen, un tema que ha quedado en el imaginario de la ciudad y que a\u00fan persiste cuando escuchamos \u00ablas noticias que saca el diario sobre Allen son siempre lo malo que nos pasa\u00bb.<\/p>\n<p style=\"text-align: justify;\">ngg_shortcode_0_placeholder<\/p>\n<p style=\"text-align: justify;\">Algunos de los art\u00edculos en el diario R\u00edo Negro sobre Allen, durante la d\u00e9cada \u00a0del 70&#8242;, tal vez hayan estado influenciados por el hecho que sucedi\u00f3 en la ciudad en 1974 (Necrofilia: Ver aqu\u00ed).<\/p>\n<p style=\"text-align: justify;\">Sin embargo, aquel imaginario persiste y seguramente podr\u00e1 buscarse alguna respuesta m\u00e1s anal\u00edtica y documentada. Algo sobre este tema es analizado en la\u00a0<a style=\"font-size: 1em;\" href=\"http:\/\/documents.pageflip-flap.com\/nf1CYIYSA04WxvkaMn3s#.Uk3z3NJSit8=&amp;p=0\">Tesis de Licenciatura de Diego Silvera, denominada \u00abLas representaciones sociales de Allen a trav\u00e9s de la cobertura period\u00edstica del diario R\u00edo Negro: comparaci\u00f3n con las im\u00e1genes que hacen de las mismas los allenses\u00bb.\u00a0<\/a><\/p>\n<p style=\"text-align: justify;\">Este trabajo recoge dichas representaciones a partir de diciembre de 2007 a mayo de 2008 y julio de 2009 a julio 2010. Pasen, lean y saquen sus conclusiones.<\/p>\n","protected":false},"excerpt":{"rendered":"<p>Sab\u00edas que en 1966 en Allen comenz\u00f3 una campa\u00f1a a la que denominaron de \u00abSaneamiento moral\u00bb?<\/p>\n","protected":false},"author":2,"featured_media":0,"comment_status":"open","ping_status":"closed","sticky":false,"template":"","format":"standard","meta":{"ngg_post_thumbnail":0,"footnotes":""},"categories":[22,12],"tags":[],"class_list":["post-5106","post","type-post","status-publish","format-standard","hentry","category-novedades","category-sabias"],"jetpack_featured_media_url":"","_links":{"self":[{"href":"https:\/\/www.proyectoallen.com.ar\/3\/index.php?rest_route=\/wp\/v2\/posts\/5106","targetHints":{"allow":["GET"]}}],"collection":[{"href":"https:\/\/www.proyectoallen.com.ar\/3\/index.php?rest_route=\/wp\/v2\/posts"}],"about":[{"href":"https:\/\/www.proyectoallen.com.ar\/3\/index.php?rest_route=\/wp\/v2\/types\/post"}],"author":[{"embeddable":true,"href":"https:\/\/www.proyectoallen.com.ar\/3\/index.php?rest_route=\/wp\/v2\/users\/2"}],"replies":[{"embeddable":true,"href":"https:\/\/www.proyectoallen.com.ar\/3\/index.php?rest_route=%2Fwp%2Fv2%2Fcomments&post=5106"}],"version-history":[{"count":6,"href":"https:\/\/www.proyectoallen.com.ar\/3\/index.php?rest_route=\/wp\/v2\/posts\/5106\/revisions"}],"predecessor-version":[{"id":5114,"href":"https:\/\/www.proyectoallen.com.ar\/3\/index.php?rest_route=\/wp\/v2\/posts\/5106\/revisions\/5114"}],"wp:attachment":[{"href":"https:\/\/www.proyectoallen.com.ar\/3\/index.php?rest_route=%2Fwp%2Fv2%2Fmedia&parent=5106"}],"wp:term":[{"taxonomy":"category","embeddable":true,"href":"https:\/\/www.proyectoallen.com.ar\/3\/index.php?rest_route=%2Fwp%2Fv2%2Fcategories&post=5106"},{"taxonomy":"post_tag","embeddable":true,"href":"https:\/\/www.proyectoallen.com.ar\/3\/index.php?rest_route=%2Fwp%2Fv2%2Ftags&post=5106"}],"curies":[{"name":"wp","href":"https:\/\/api.w.org\/{rel}","templated":true}]}}