{"id":5165,"date":"2013-10-08T00:38:09","date_gmt":"2013-10-08T00:38:09","guid":{"rendered":"http:\/\/www.proyectoallen.com.ar\/3\/?p=5165"},"modified":"2020-05-27T16:37:12","modified_gmt":"2020-05-27T16:37:12","slug":"la-casa-de-ramasco","status":"publish","type":"post","link":"https:\/\/www.proyectoallen.com.ar\/3\/?p=5165","title":{"rendered":"La casa de Ramasco"},"content":{"rendered":"<p style=\"text-align: justify;\"><em>Sab\u00edas que, muy cerquita de la ciudad, existe a\u00fan una de las casa m\u00e1s antiguas de Allen? Es la casa de Lorenzo Ramasco y fue construida en alrededor de 1910. Y en los a\u00f1os 90 fue el boliche bailable\u00bb1910&#8243;.<!--more Seguir leyendo...--><\/em><\/p>\n<div id=\"attachment_5166\" style=\"width: 614px\" class=\"wp-caption aligncenter\"><a href=\"http:\/\/www.proyectoallen.com.ar\/3\/wp-content\/uploads\/2013\/10\/537245_10202105652702621_1416266982_n.jpg\"><img loading=\"lazy\" decoding=\"async\" aria-describedby=\"caption-attachment-5166\" class=\"size-full wp-image-5166\" title=\"537245_10202105652702621_1416266982_n\" src=\"http:\/\/www.proyectoallen.com.ar\/3\/wp-content\/uploads\/2013\/10\/537245_10202105652702621_1416266982_n.jpg\" alt=\"\" width=\"604\" height=\"453\" srcset=\"https:\/\/www.proyectoallen.com.ar\/3\/wp-content\/uploads\/2013\/10\/537245_10202105652702621_1416266982_n.jpg 604w, https:\/\/www.proyectoallen.com.ar\/3\/wp-content\/uploads\/2013\/10\/537245_10202105652702621_1416266982_n-300x225.jpg 300w, https:\/\/www.proyectoallen.com.ar\/3\/wp-content\/uploads\/2013\/10\/537245_10202105652702621_1416266982_n-250x187.jpg 250w\" sizes=\"auto, (max-width: 604px) 100vw, 604px\" \/><\/a><p id=\"caption-attachment-5166\" class=\"wp-caption-text\">Foto actual de la casa del facebook de J. M. Ramasco.<\/p><\/div>\n<p>&nbsp;<\/p>\n<p style=\"text-align: justify;\">La bella casa se encuentra, ingresando o saliendo de la ciudad, por el acceso Mart\u00edn Fierro. Seg\u00fan informaba la edici\u00f3n \u00a0de 1929\/1930 de la Sociedad de Publicidad Sud &#8211; America (monte Domecq &amp; C\u00eda. Lda.) la casa se ubicaba en la llamada Estancia o establecimiento \u00abLa Elena\u00bb, de unas 156 hect\u00e1reas. La publicaci\u00f3n dec\u00eda que \u00abLa Elena\u00bb ten\u00eda extensas plantaciones de \u00e1rboles frutales, especialmente perales, manzanos, durazneros, damascos, ciruelas y guindos. Estos cultivos daban unos diez mil cajones de frutas por a\u00f1o cuyo precio por unidad era, por aquellos a\u00f1os 30&#8242;, de 10 pesos nacionales.<\/p>\n<p style=\"text-align: center;\"><a href=\"http:\/\/www.proyectoallen.com.ar\/3\/wp-content\/uploads\/2013\/10\/IMG_2457-Medium.jpg\"><img loading=\"lazy\" decoding=\"async\" class=\"aligncenter wp-image-5167\" title=\"IMG_2457 (Medium)\" src=\"http:\/\/www.proyectoallen.com.ar\/3\/wp-content\/uploads\/2013\/10\/IMG_2457-Medium.jpg\" alt=\"\" width=\"600\" height=\"461\" srcset=\"https:\/\/www.proyectoallen.com.ar\/3\/wp-content\/uploads\/2013\/10\/IMG_2457-Medium.jpg 1000w, https:\/\/www.proyectoallen.com.ar\/3\/wp-content\/uploads\/2013\/10\/IMG_2457-Medium-300x230.jpg 300w, https:\/\/www.proyectoallen.com.ar\/3\/wp-content\/uploads\/2013\/10\/IMG_2457-Medium-250x192.jpg 250w\" sizes=\"auto, (max-width: 600px) 100vw, 600px\" \/><\/a><\/p>\n<p style=\"text-align: justify;\">Pose\u00eda, adem\u00e1s, una producci\u00f3n de unos 300.000 kg. de uva de muy buena calidad y una extensi\u00f3n sembrada de alfalfa cuyo rendimiento era de unos $2000 anuales. Por todo esto la chacra era valuada en $ 400.000 m\/n pues ten\u00eda buen riego y una \u00abhermosa casa &#8211; habitaci\u00f3n, que re\u00fane todo el confort moderno, sirve de residencia al propietario y su familia. Otros \u00abcuerpos edilicios, pr\u00f3ximos a la casa han sido para albergue de hu\u00e9spedes, habitaciones de personal, etc.\u00bb<\/p>\n<div id=\"attachment_5168\" style=\"width: 727px\" class=\"wp-caption aligncenter\"><a href=\"http:\/\/www.proyectoallen.com.ar\/3\/wp-content\/uploads\/2013\/10\/IMG_2458-Medium.jpg\"><img loading=\"lazy\" decoding=\"async\" aria-describedby=\"caption-attachment-5168\" class=\" wp-image-5168 \" title=\"APSA\" src=\"http:\/\/www.proyectoallen.com.ar\/3\/wp-content\/uploads\/2013\/10\/IMG_2458-Medium-1024x760.jpg\" alt=\"\" width=\"717\" height=\"532\" srcset=\"https:\/\/www.proyectoallen.com.ar\/3\/wp-content\/uploads\/2013\/10\/IMG_2458-Medium-1024x760.jpg 1024w, https:\/\/www.proyectoallen.com.ar\/3\/wp-content\/uploads\/2013\/10\/IMG_2458-Medium-300x222.jpg 300w, https:\/\/www.proyectoallen.com.ar\/3\/wp-content\/uploads\/2013\/10\/IMG_2458-Medium-250x185.jpg 250w, https:\/\/www.proyectoallen.com.ar\/3\/wp-content\/uploads\/2013\/10\/IMG_2458-Medium.jpg 1034w\" sizes=\"auto, (max-width: 717px) 100vw, 717px\" \/><\/a><p id=\"caption-attachment-5168\" class=\"wp-caption-text\">Publicaci\u00f3n APSA 1929\/30<\/p><\/div>\n<p style=\"text-align: justify;\">Tal como dice la publicaci\u00f3n, Lorenzo Ramasco era un escribano santiague\u00f1o que estudi\u00f3 en San Juan. Fue amigo de <a href=\"http:\/\/es.wikipedia.org\/wiki\/Joaqu%C3%ADn_V%C3%ADctor_Gonz%C3%A1lez\">Joaqu\u00edn B. Gonz\u00e1lez, promiente intelectual de La Rioja.<\/a>\u00a0Su madre, do\u00f1a Abigail Alfaro Araos Alpio era sobrina del <a href=\"http:\/\/es.wikipedia.org\/wiki\/Gregorio_Ar%C3%A1oz_de_Lamadrid\">General Araos de Lamadrid<\/a> y descend\u00eda de don <a href=\"http:\/\/es.wikipedia.org\/wiki\/Bernab%C3%A9_Ar%C3%A1oz\">Bernab\u00e9 Araos<\/a>, diputado en el Congreso de Tucum\u00e1n de 1816 y <a href=\"http:\/\/www.lagaceta.com.ar\/nota\/399989\/informacion-general\/bernabe-araoz-retrato.html\">cuyo retrato se encuentra en la casa hist\u00f3rica tucumana.<\/a><\/p>\n<p style=\"text-align: justify;\">Seg\u00fan recordaba la familia, sus ancestros hab\u00edan llegado en la \u00e9poca de\u00a0<a href=\"http:\/\/es.wikipedia.org\/wiki\/Francisco_Pizarro\">Fransisco Pizarro<\/a>\u00a0y fueron parte de muchas generaciones de ame\u00adricanos. Su padre Lorenzo Ramasco era un m\u00e9dico italiano que hab\u00eda llegado del Piamonte y que muri\u00f3 muy joven dejando tres hijos varones y una hija natural quien ser\u00eda, luego, la madre de do\u00f1a\u00a0<a href=\"http:\/\/es.wikipedia.org\/wiki\/Petrona_Carrizo_de_Gandulfo\">Petrona C. de Gandulfo<\/a>. Si\u00a0 algo hist\u00f3rico falta a la familia debemos agregar a do\u00f1a\u00a0<a href=\"http:\/\/www.elortiba.org\/azurduy.html\">Juana Azurduy<\/a>, emparentada por los Padillas. A\u00fan quedan Ramasco Padilla en el norte argentino.<\/p>\n<div id=\"attachment_5170\" style=\"width: 584px\" class=\"wp-caption aligncenter\"><a href=\"http:\/\/www.proyectoallen.com.ar\/3\/wp-content\/uploads\/2013\/10\/1-Medium.jpg\"><img loading=\"lazy\" decoding=\"async\" aria-describedby=\"caption-attachment-5170\" class=\"size-full wp-image-5170\" title=\"1 (Medium)\" src=\"http:\/\/www.proyectoallen.com.ar\/3\/wp-content\/uploads\/2013\/10\/1-Medium.jpg\" alt=\"\" width=\"574\" height=\"768\" srcset=\"https:\/\/www.proyectoallen.com.ar\/3\/wp-content\/uploads\/2013\/10\/1-Medium.jpg 574w, https:\/\/www.proyectoallen.com.ar\/3\/wp-content\/uploads\/2013\/10\/1-Medium-224x300.jpg 224w, https:\/\/www.proyectoallen.com.ar\/3\/wp-content\/uploads\/2013\/10\/1-Medium-250x334.jpg 250w\" sizes=\"auto, (max-width: 574px) 100vw, 574px\" \/><\/a><p id=\"caption-attachment-5170\" class=\"wp-caption-text\">Lorenso Ramasco, su esposa, Elena Freyman y sus hijos Lorenzo y Jorge.<\/p><\/div>\n<p>&nbsp;<\/p>\n<div>\n<p style=\"text-align: justify;\">Regresando de San Juan, Lorenzo conoce\u00a0en Bell Ville, C\u00f3rdoba, a quien seria su esposa:\u00a0Elena Freyman. Ella era de nacionalidad belga pero sus padres eran alemanes; ten\u00ed\u00adan una f\u00e1brica de carruajes en C\u00f3rdoba. Lorenzo se enamoro de Elena y se fueron a vivir a Viedma, donde se casaron. Viv\u00edan en la calle San Juan.<\/p>\n<div id=\"attachment_5171\" style=\"width: 542px\" class=\"wp-caption aligncenter\"><a href=\"http:\/\/www.proyectoallen.com.ar\/3\/wp-content\/uploads\/2013\/10\/64-1-Medium.jpg\"><img loading=\"lazy\" decoding=\"async\" aria-describedby=\"caption-attachment-5171\" class=\"size-full wp-image-5171\" title=\"64 1 (Medium)\" src=\"http:\/\/www.proyectoallen.com.ar\/3\/wp-content\/uploads\/2013\/10\/64-1-Medium.jpg\" alt=\"\" width=\"532\" height=\"768\" srcset=\"https:\/\/www.proyectoallen.com.ar\/3\/wp-content\/uploads\/2013\/10\/64-1-Medium.jpg 532w, https:\/\/www.proyectoallen.com.ar\/3\/wp-content\/uploads\/2013\/10\/64-1-Medium-207x300.jpg 207w, https:\/\/www.proyectoallen.com.ar\/3\/wp-content\/uploads\/2013\/10\/64-1-Medium-250x360.jpg 250w\" sizes=\"auto, (max-width: 532px) 100vw, 532px\" \/><\/a><p id=\"caption-attachment-5171\" class=\"wp-caption-text\">La bella Elena Freyman.<\/p><\/div>\n<p style=\"text-align: justify;\">En la d\u00e9cada del 1910 Lorenzo ten\u00eda en Allen una importante cantidad de tierras seg\u00fan figura en la Direcci\u00f3n de Catastro de esa \u00e9poca y viajaba permanentemente a la zona. Hasta la d\u00e9cada del \u201840, llegaba un barco a vapor desde Viedma, remontando el r\u00edo Negro y Lorenzo se dedicaba a escrituraba\u00a0 tierras.<\/p>\n<p style=\"text-align: justify;\">En uno de esos viajes decidi\u00f3 hacer la casa de la chacra, ya que Elena no se iba a venir hasta no tener la casa construida. Allen, tal como lo conocemos a\u00fan no exist\u00eda, eran solo unos pocos caser\u00edos y tierra mucha tierra en venta. Cuando estuvo la casa terminada, decidieron venir a vivir definitivamente.<\/p>\n<div id=\"attachment_5172\" style=\"width: 546px\" class=\"wp-caption aligncenter\"><a href=\"http:\/\/www.proyectoallen.com.ar\/3\/wp-content\/uploads\/2013\/10\/64-2-Medium.jpg\"><img loading=\"lazy\" decoding=\"async\" aria-describedby=\"caption-attachment-5172\" class=\"size-full wp-image-5172\" title=\"64 2 (Medium)\" src=\"http:\/\/www.proyectoallen.com.ar\/3\/wp-content\/uploads\/2013\/10\/64-2-Medium.jpg\" alt=\"\" width=\"536\" height=\"768\" srcset=\"https:\/\/www.proyectoallen.com.ar\/3\/wp-content\/uploads\/2013\/10\/64-2-Medium.jpg 536w, https:\/\/www.proyectoallen.com.ar\/3\/wp-content\/uploads\/2013\/10\/64-2-Medium-209x300.jpg 209w, https:\/\/www.proyectoallen.com.ar\/3\/wp-content\/uploads\/2013\/10\/64-2-Medium-250x358.jpg 250w\" sizes=\"auto, (max-width: 536px) 100vw, 536px\" \/><\/a><p id=\"caption-attachment-5172\" class=\"wp-caption-text\">Elena Freyman<\/p><\/div>\n<p style=\"text-align: justify;\">\u00a0Seg\u00fan recuerda Hilda \u00abKetty\u00bb Vega de Ramasco, la familia sol\u00eda contar\u00a0que la casa hab\u00eda quedado al cuidado de unos inmigrantes italianos que metieron dentro de a los chanchos y vacas que criaban para calentar el am\u00adbiente como se acostumbraba en Europa. As\u00ed que cuando llegaron la abuela casi muere de un disgusto. Tambi\u00e9n recuerda que del abuelo Lorenzo existen numerosas an\u00e9cdotas. Como era escribano viajaba, en carruaje o a caballo, a ha\u00adcer escrituras a distintas zonas como Bariloche o Bah\u00eda Blanca, luego regresaba en bote por el r\u00edo Limay. Esos viajes eran toda una aventura y recuerda la familia que en una oportunidad regresaba en tren luego de haber realizado una escritura, al parecer hab\u00eda jugado al p\u00f3ker y perdi\u00f3 todo lo ganado, as\u00ed que viajaba sin boleto. Cuando el guarda\u00a0pas\u00f3 por su camarote y le solicit\u00f3 su pasaje, \u00abdon Lorenzo le dijo: Vengo de\u00a0 contrarrembolso. Cuando llegue a Allen se le pagar\u00e1\u201d. Y fue as\u00ed efectivamente, al llegar, <a href=\"http:\/\/www.proyectoallen.com.ar\/3\/?p=3671\">el\u00a0 jefe de la estaci\u00f3n en los a\u00f1os 20&#8242;, \u00a0Jos\u00e9 M. Ria<\/a>l, pag\u00f3 el pasaje y luego se le restituy\u00f3 el importe.<\/p>\n<div id=\"attachment_5173\" style=\"width: 519px\" class=\"wp-caption aligncenter\"><a href=\"http:\/\/www.proyectoallen.com.ar\/3\/wp-content\/uploads\/2013\/10\/Ramasco-Medium.jpg\"><img loading=\"lazy\" decoding=\"async\" aria-describedby=\"caption-attachment-5173\" class=\"size-full wp-image-5173\" title=\"Ramasco (Medium)\" src=\"http:\/\/www.proyectoallen.com.ar\/3\/wp-content\/uploads\/2013\/10\/Ramasco-Medium.jpg\" alt=\"\" width=\"509\" height=\"768\" srcset=\"https:\/\/www.proyectoallen.com.ar\/3\/wp-content\/uploads\/2013\/10\/Ramasco-Medium.jpg 509w, https:\/\/www.proyectoallen.com.ar\/3\/wp-content\/uploads\/2013\/10\/Ramasco-Medium-198x300.jpg 198w, https:\/\/www.proyectoallen.com.ar\/3\/wp-content\/uploads\/2013\/10\/Ramasco-Medium-250x377.jpg 250w\" sizes=\"auto, (max-width: 509px) 100vw, 509px\" \/><\/a><p id=\"caption-attachment-5173\" class=\"wp-caption-text\">Documento de 1924 (Solar G manzana 55) concedido a L. Ramasco. Del Archivo Hist\u00f3rico de Viedma.<\/p><\/div>\n<p style=\"text-align: justify;\">As\u00ed se viv\u00eda en la Patagonia, la palabra ten\u00eda mucho valor y \u00abdon Lorenzo supo ganarse el afecto de la gente. Sus amistades fueron hombres honorables en esa \u00e9poca como Chaneton o con el Contraalmirante Cordero, con quien adem\u00e1s era primo segundo. Yo pude conocer a Angelita Cordero, esposa del hijo del Contralmirante, una se\u00f1ora muy anciana, amable y educada, qui\u00e9n fue tutora de mi marido y sus hermanos cuando realiza\u00adron sus estudios en el colegio Arciola de Mar\u00eda de San Isidro, en Bs.As\u00bb (Ketty Vega de Ramasco).<\/p>\n<div>\n<p style=\"text-align: justify;\">Otra historia graciosa del abuelo Lorenzo, fue que teniendo que despedir a unos amigos, se fue a la esta\u00adci\u00f3n del ferrocarril en camis\u00f3n en el auto con la abuela, lleg\u00f3 el tren y subi\u00f3 a salu\u00addar a sus amistades, de pronto el tren se puso en marcha y el abuelo le gritaba a su esposa: \u201cno te preocupes Elenita, bajo en Roca, alguien me va ha traer\u201d.\u00a0 Lo que no sab\u00eda la abuela era que el abuelo estaba vestido debajo del camis\u00f3n, que deber\u00eda esperar dos d\u00edas para que represara, ya que en Gral. Roca lo esperaba una mesa de p\u00f3ker.<\/p>\n<p style=\"text-align: justify;\">Era tambi\u00e9n muy afecto a las fiestas en su casa, la que fue construida en 1910 y que a\u00fan se conserva en pi\u00e9. \u00abSe realizaban importantes reuniones donde se tocaba el piano. Seg\u00fan contaba la Sra. Raquel de Da Prato hab\u00eda un gran piano de cola y sol\u00edan llevarla para que ejecutara algunas piezas. Esa casa fue siempre lugar de reuniones; por ella pasaron grandes pol\u00edticos como don Ricardo Balb\u00edn y su esposa (a qui\u00e9n conoc\u00ed en una oportunidad), Arturo Frondizi en la d\u00e9cada del \u201840, todos eran radicales de ley ya que mi suegro contaba, que su padre lo llev\u00f3 a conocer a Hip\u00f3lito Yrigoyen y recordaba que lo hab\u00eda tratado con mucho afecto por la amistad que un\u00eda a su padre y el caudillo\u00bb recuerda Ketty.<\/p>\n<p style=\"text-align: center;\"><a href=\"http:\/\/www.proyectoallen.com.ar\/3\/wp-content\/uploads\/2013\/10\/Ramasco-Hotel-Espa\u00f1a-Medium.jpg\"><img loading=\"lazy\" decoding=\"async\" class=\"aligncenter wp-image-5174\" title=\"Ramasco \" src=\"http:\/\/www.proyectoallen.com.ar\/3\/wp-content\/uploads\/2013\/10\/Ramasco-Hotel-Espa\u00f1a-Medium.jpg\" alt=\"\" width=\"606\" height=\"461\" srcset=\"https:\/\/www.proyectoallen.com.ar\/3\/wp-content\/uploads\/2013\/10\/Ramasco-Hotel-Espa\u00f1a-Medium.jpg 1010w, https:\/\/www.proyectoallen.com.ar\/3\/wp-content\/uploads\/2013\/10\/Ramasco-Hotel-Espa\u00f1a-Medium-300x228.jpg 300w, https:\/\/www.proyectoallen.com.ar\/3\/wp-content\/uploads\/2013\/10\/Ramasco-Hotel-Espa\u00f1a-Medium-250x190.jpg 250w\" sizes=\"auto, (max-width: 606px) 100vw, 606px\" \/><\/a><\/p>\n<p style=\"text-align: justify;\">\u00abDo\u00f1a Elena, como la llamaban, fue colaboradora de toda instituci\u00f3n de la \u00e9poca, particip\u00f3 en la fundaci\u00f3n de\u00a0 la\u00a0 iglesia local, del Hospital y la cooperadora del mismo y de la Escuela 23, pero nunca le interes\u00f3 publicitar sus acciones ni se envaneci\u00f3 con sus actitudes de generosidad. Brill\u00f3 por su honestidad y muchos inmigrantes, por ejemplo, aprendieron el idioma castellano que ella les ense\u00f1\u00f3 personalmente, tambi\u00e9n a podar y plantar frutales.\u00a0Tal el caso del Sr. Iluminati, Gentilli y otros.<\/p>\n<div id=\"attachment_5175\" style=\"width: 624px\" class=\"wp-caption aligncenter\"><a href=\"http:\/\/www.proyectoallen.com.ar\/3\/wp-content\/uploads\/2013\/10\/ver-1-Medium.jpg\"><img loading=\"lazy\" decoding=\"async\" aria-describedby=\"caption-attachment-5175\" class=\" wp-image-5175 \" title=\"ver (1) (Medium)\" src=\"http:\/\/www.proyectoallen.com.ar\/3\/wp-content\/uploads\/2013\/10\/ver-1-Medium-1024x719.jpg\" alt=\"\" width=\"614\" height=\"431\" srcset=\"https:\/\/www.proyectoallen.com.ar\/3\/wp-content\/uploads\/2013\/10\/ver-1-Medium-1024x719.jpg 1024w, https:\/\/www.proyectoallen.com.ar\/3\/wp-content\/uploads\/2013\/10\/ver-1-Medium-300x210.jpg 300w, https:\/\/www.proyectoallen.com.ar\/3\/wp-content\/uploads\/2013\/10\/ver-1-Medium-250x175.jpg 250w, https:\/\/www.proyectoallen.com.ar\/3\/wp-content\/uploads\/2013\/10\/ver-1-Medium.jpg 1093w\" sizes=\"auto, (max-width: 614px) 100vw, 614px\" \/><\/a><p id=\"caption-attachment-5175\" class=\"wp-caption-text\">Diraio R\u00edo Negro, 1968.<\/p><\/div>\n<div style=\"text-align: justify;\">\n<p style=\"text-align: justify;\">\u00a0\u00abComo ten\u00eda amigos en la embajada de B\u00e9lgica recib\u00eda informaci\u00f3n sobre las nuevas t\u00e9cnicas empleadas en la fruticultura. Viajaba en una americana (carruaje ligero) con su chofer y ayudante Efra\u00edn Y\u00e1\u00f1ez, hasta Huergo donde tam\u00adbi\u00e9n ten\u00eda una chacra. Durante muchos a\u00f1os recordaban que le llevaban la escalera, sub\u00eda y explicaba a la gente las nuevas formas de podar o cosechar la fruta. En la d\u00e9cada del 20, Elena recibi\u00f3 la medalla de plata de la Asociaci\u00f3n Rural Argentina, un premio por la mejor producci\u00f3n de peras y manzanas. Don Efra\u00edn Y\u00e1\u00f1ez era un se\u00f1or que naci\u00f3 y vivi\u00f3 en la vieja casona de la\u00a0 chacra. Se cri\u00f3 junto con mi suegro y la familia, a la que acompa\u00f1aba siempre. Todos los veranos se iba a ver a su familia por uno o dos meses pero siempre volv\u00eda. Yo lo conoc\u00ed y lo recuerdo con mucho cari\u00f1o. Muri\u00f3 en diciembre de 1971, justamente unos 15 d\u00edas antes que mi suegro Lorenzo (hijo)\u00bb (Ketty de Ramasco)<\/p>\n<\/div>\n<\/div>\n<\/div>\n<div id=\"attachment_5169\" style=\"width: 530px\" class=\"wp-caption aligncenter\"><a href=\"http:\/\/www.proyectoallen.com.ar\/3\/wp-content\/uploads\/2013\/10\/abuelo-lorenzo-bb-Medium.jpg\"><img loading=\"lazy\" decoding=\"async\" aria-describedby=\"caption-attachment-5169\" class=\"size-full wp-image-5169\" title=\"abuelo lorenzo bb (Medium)\" src=\"http:\/\/www.proyectoallen.com.ar\/3\/wp-content\/uploads\/2013\/10\/abuelo-lorenzo-bb-Medium.jpg\" alt=\"\" width=\"520\" height=\"768\" srcset=\"https:\/\/www.proyectoallen.com.ar\/3\/wp-content\/uploads\/2013\/10\/abuelo-lorenzo-bb-Medium.jpg 520w, https:\/\/www.proyectoallen.com.ar\/3\/wp-content\/uploads\/2013\/10\/abuelo-lorenzo-bb-Medium-203x300.jpg 203w, https:\/\/www.proyectoallen.com.ar\/3\/wp-content\/uploads\/2013\/10\/abuelo-lorenzo-bb-Medium-250x369.jpg 250w\" sizes=\"auto, (max-width: 520px) 100vw, 520px\" \/><\/a><p id=\"caption-attachment-5169\" class=\"wp-caption-text\">Lorenzo Ramasco de peque\u00f1o<\/p><\/div>\n<p style=\"text-align: justify;\">Ketty se cas\u00f3 con Hugo Ramasco, hijo de Lorenzo (hijo) y tuvo dos hijos: Mar\u00eda Bel\u00e9n y Juan Manuel. Veamos algunas fotos familiares:<\/p>\n<p style=\"text-align: center;\">ngg_shortcode_0_placeholder<\/p>\n<h4 style=\"text-align: left;\"><strong>Algo m\u00e1s&#8230;<\/strong><\/h4>\n<div id=\"attachment_5176\" style=\"width: 514px\" class=\"wp-caption aligncenter\"><a href=\"http:\/\/www.proyectoallen.com.ar\/3\/wp-content\/uploads\/2013\/10\/IMG_2456-Medium.jpg\"><img loading=\"lazy\" decoding=\"async\" aria-describedby=\"caption-attachment-5176\" class=\"size-full wp-image-5176\" title=\"Publicaci\u00f3n 1929\/30\" src=\"http:\/\/www.proyectoallen.com.ar\/3\/wp-content\/uploads\/2013\/10\/IMG_2456-Medium.jpg\" alt=\"\" width=\"504\" height=\"768\" srcset=\"https:\/\/www.proyectoallen.com.ar\/3\/wp-content\/uploads\/2013\/10\/IMG_2456-Medium.jpg 504w, https:\/\/www.proyectoallen.com.ar\/3\/wp-content\/uploads\/2013\/10\/IMG_2456-Medium-196x300.jpg 196w, https:\/\/www.proyectoallen.com.ar\/3\/wp-content\/uploads\/2013\/10\/IMG_2456-Medium-250x380.jpg 250w\" sizes=\"auto, (max-width: 504px) 100vw, 504px\" \/><\/a><p id=\"caption-attachment-5176\" class=\"wp-caption-text\">Publicaci\u00f3n\u00a0Sociedad de Publicidad Sud &#8211; America (monte Domecq &amp; C\u00eda. Lda.) 1929\/30<\/p><\/div>\n","protected":false},"excerpt":{"rendered":"<p>Sab\u00edas que, muy cerquita de la ciudad, existe a\u00fan una de las casa m\u00e1s antiguas de Allen? Es la casa de Lorenzo Ramasco y fue construida en alrededor de 1910. Y en los a\u00f1os&#46;&#46;&#46;<\/p>\n","protected":false},"author":2,"featured_media":0,"comment_status":"open","ping_status":"closed","sticky":false,"template":"","format":"standard","meta":{"ngg_post_thumbnail":0,"footnotes":""},"categories":[9,22,12],"tags":[],"class_list":["post-5165","post","type-post","status-publish","format-standard","hentry","category-historias_de_vida","category-novedades","category-sabias"],"jetpack_featured_media_url":"","_links":{"self":[{"href":"https:\/\/www.proyectoallen.com.ar\/3\/index.php?rest_route=\/wp\/v2\/posts\/5165","targetHints":{"allow":["GET"]}}],"collection":[{"href":"https:\/\/www.proyectoallen.com.ar\/3\/index.php?rest_route=\/wp\/v2\/posts"}],"about":[{"href":"https:\/\/www.proyectoallen.com.ar\/3\/index.php?rest_route=\/wp\/v2\/types\/post"}],"author":[{"embeddable":true,"href":"https:\/\/www.proyectoallen.com.ar\/3\/index.php?rest_route=\/wp\/v2\/users\/2"}],"replies":[{"embeddable":true,"href":"https:\/\/www.proyectoallen.com.ar\/3\/index.php?rest_route=%2Fwp%2Fv2%2Fcomments&post=5165"}],"version-history":[{"count":7,"href":"https:\/\/www.proyectoallen.com.ar\/3\/index.php?rest_route=\/wp\/v2\/posts\/5165\/revisions"}],"predecessor-version":[{"id":5179,"href":"https:\/\/www.proyectoallen.com.ar\/3\/index.php?rest_route=\/wp\/v2\/posts\/5165\/revisions\/5179"}],"wp:attachment":[{"href":"https:\/\/www.proyectoallen.com.ar\/3\/index.php?rest_route=%2Fwp%2Fv2%2Fmedia&parent=5165"}],"wp:term":[{"taxonomy":"category","embeddable":true,"href":"https:\/\/www.proyectoallen.com.ar\/3\/index.php?rest_route=%2Fwp%2Fv2%2Fcategories&post=5165"},{"taxonomy":"post_tag","embeddable":true,"href":"https:\/\/www.proyectoallen.com.ar\/3\/index.php?rest_route=%2Fwp%2Fv2%2Ftags&post=5165"}],"curies":[{"name":"wp","href":"https:\/\/api.w.org\/{rel}","templated":true}]}}