{"id":5321,"date":"2013-10-25T21:47:20","date_gmt":"2013-10-25T21:47:20","guid":{"rendered":"http:\/\/www.proyectoallen.com.ar\/3\/?p=5321"},"modified":"2013-12-08T23:48:50","modified_gmt":"2013-12-08T23:48:50","slug":"clausulas-secretas-chevron-ypf","status":"publish","type":"post","link":"https:\/\/www.proyectoallen.com.ar\/3\/?p=5321","title":{"rendered":"Cl\u00e1usulas secretas: Chevron &#8211; YPF"},"content":{"rendered":"<p style=\"text-align: justify;\"><em>El New York Time afirma que la estadounidense quedar\u00e1 protegida de todas las p\u00e9rdidas financieras que pudiera sufrir por \u00abcambios en los vientos pol\u00edticos\u00bb en Argentina. Y menciona otros puntos que son dignos de asombro, como la posibilidad de recibir ingresos aunque se retire. Los detalles.<!--more Seguir leyendo...--><\/em><\/p>\n<p style=\"text-align: justify;\">Desde el inicio de las tratativas hasta su aprobaci\u00f3n final, a fines de agosto, el\u00a0<strong>acuerdo entre YPF<\/strong>\u00a0y la\u00a0<strong>estadounidense Chevron<\/strong>para avanzar con la explotaci\u00f3n de hidrocarburos en\u00a0<strong>Vaca Muerta<\/strong>, ha dado pie a un\u00a0<strong>sinn\u00famero de controversias<\/strong>\u00a0y especulaciones.<\/p>\n<p style=\"text-align: justify;\">Sucede que, desde que se conociera el inter\u00e9s de la firma extranjera por participar en el negocio, el\u00a0<strong>Gobierno\u00a0<\/strong>ha tratado de\u00a0<strong>mantener en secreto<\/strong>\u00a0algunos\u00a0<strong>puntos del convenio.<\/strong><\/p>\n<p style=\"text-align: justify;\">El hermetismo con el que se manej\u00f3 el pacto ha sido tal que incluso el\u00a0<strong>mismo gobernador de Neuqu\u00e9n<\/strong>, Jorge Sapag, lleg\u00f3 a reconocer que<strong>\u00a0nunca tuvo acceso\u00a0<\/strong>a las\u00a0<strong>cl\u00e1usulas confidenciales\u00a0<\/strong>que negociaron ambas petroleras.<\/p>\n<p style=\"text-align: justify;\">\u00abSi est\u00e1n tan preocupados por las cl\u00e1usulas confidenciales,\u00a0<strong>hay que preguntarle a YPF<\/strong>\u00ab, dispar\u00f3 el mandatario a principios de septiembre para luego confirmar que,\u00a0<strong>s\u00f3lo les fueron revelados aquellos puntos<\/strong>\u00a0que eran de<strong>p\u00fablico conocimiento.<\/strong><\/p>\n<p style=\"text-align: justify;\">Con el correr de las semanas, salieron a la luz\u00a0<strong>dos aspectos controvertidos\u00a0<\/strong>del pacto y un tercero que, aunque fuera negado por Miguel Galuccio, CEO de YPF, en Neuqu\u00e9n tambi\u00e9n dan por incluido en lo firmado.<\/p>\n<p style=\"text-align: justify;\"><a href=\"http:\/\/www.proyectoallen.com.ar\/3\/wp-content\/uploads\/2013\/10\/10572_428338357283183_1518049430_n.jpg\"><img loading=\"lazy\" decoding=\"async\" class=\"aligncenter size-full wp-image-5322\" alt=\"10572_428338357283183_1518049430_n\" src=\"http:\/\/www.proyectoallen.com.ar\/3\/wp-content\/uploads\/2013\/10\/10572_428338357283183_1518049430_n.jpg\" width=\"395\" height=\"395\" srcset=\"https:\/\/www.proyectoallen.com.ar\/3\/wp-content\/uploads\/2013\/10\/10572_428338357283183_1518049430_n.jpg 395w, https:\/\/www.proyectoallen.com.ar\/3\/wp-content\/uploads\/2013\/10\/10572_428338357283183_1518049430_n-150x150.jpg 150w, https:\/\/www.proyectoallen.com.ar\/3\/wp-content\/uploads\/2013\/10\/10572_428338357283183_1518049430_n-300x300.jpg 300w, https:\/\/www.proyectoallen.com.ar\/3\/wp-content\/uploads\/2013\/10\/10572_428338357283183_1518049430_n-250x250.jpg 250w, https:\/\/www.proyectoallen.com.ar\/3\/wp-content\/uploads\/2013\/10\/10572_428338357283183_1518049430_n-64x64.jpg 64w, https:\/\/www.proyectoallen.com.ar\/3\/wp-content\/uploads\/2013\/10\/10572_428338357283183_1518049430_n-128x128.jpg 128w, https:\/\/www.proyectoallen.com.ar\/3\/wp-content\/uploads\/2013\/10\/10572_428338357283183_1518049430_n-320x320.jpg 320w\" sizes=\"auto, (max-width: 395px) 100vw, 395px\" \/><\/a><\/p>\n<p style=\"text-align: justify;\">Los dos primeros \u00edtems clave eran:<\/p>\n<p style=\"text-align: justify;\">\u2022 <strong>La ley aplicable\u00a0<\/strong>del convenio, en caso de incumplimiento o disputas, no es la de Argentina sino la que rige en la\u00a0<strong>ciudad de Nueva York.<\/strong><\/p>\n<p style=\"text-align: justify;\">\u2022 En caso de existir un\u00a0<strong>desacuerdo o un conflicto\u00a0<\/strong>entre Chevron y la petrolera nacional, la jurisdicci\u00f3n no ser\u00eda los tribunales argentinos, sino la Corte Internacional de Arbitraje de la<strong>C\u00e1mara de Comercio Internacional (CCI),<\/strong>\u00a0con sede en Francia.<\/p>\n<p style=\"text-align: justify;\">El tercer \u00edtem, que niega Galuccio pero que ha sido confirmado a\u00a0<strong>iProfesional\u00a0<\/strong>por fuentes cercanas a Sapag y representantes de la Asociaci\u00f3n de Abogados Ambientalistas, es el siguiente:<\/p>\n<p style=\"text-align: justify;\">\u2022<strong>\u00a0YPF depositar\u00e1\u00a0<\/strong>en sucesivas semanas\u00a0<strong>100 millones de d\u00f3lares<\/strong>\u00a0en un banco de los Estados Unidos en concepto de escrow\u00a0<strong>(dep\u00f3sito o garant\u00eda)<\/strong>\u00a0para que Chevron pueda, eventualmente, cobrar de esa cuenta las futuras utilidades del negocio.<\/p>\n<p style=\"text-align: justify;\"><strong><span style=\"color: #333399;\">Lo que no se cont\u00f3\u00a0<\/span><\/strong><br \/>\nComo si estos tres puntos no fueran suficientes ahora se conoci\u00f3, a trav\u00e9s de la prensa estadounidense, una<strong>\u00a0cl\u00e1usula que levantar\u00e1 m\u00e1s pol\u00e9mica aun.<\/strong><\/p>\n<p style=\"text-align: center;\"><img loading=\"lazy\" decoding=\"async\" class=\"aligncenter\" alt=\"\" src=\"http:\/\/www.iprofesional.com\/adjuntos\/jpg\/2013\/10\/388402.jpg\" width=\"610\" height=\"580\" \/><\/p>\n<p style=\"text-align: justify;\">Un extenso art\u00edculo publicado por el New York Times (NYT) revela que la<strong>\u00a0petrolera estadounidense\u00a0<\/strong>quedar\u00e1<strong>\u00a0protegida de las p\u00e9rdidas financieras<\/strong>\u00a0que pudiera sufrir ante<strong>cambios\u00a0<\/strong>en los<strong>\u00a0vientos pol\u00edticos.<\/strong><\/p>\n<p style=\"text-align: center;\"><img loading=\"lazy\" decoding=\"async\" class=\"aligncenter\" alt=\"\" src=\"http:\/\/www.iprofesional.com\/adjuntos\/jpg\/2013\/10\/388401.jpg\" width=\"567\" height=\"642\" \/><\/p>\n<p style=\"text-align: justify;\">Agrega que la\u00a0<strong>salida de la compa\u00f1\u00eda\u00a0<\/strong>no s\u00f3lo podr\u00e1 concretarse\u00a0<strong>sin penalizaci\u00f3n alguna<\/strong>\u00a0sino que, adem\u00e1s, Chevron<strong>\u00a0continuar\u00e1 recibiendo<\/strong>\u00a0parte de las\u00a0<strong>regal\u00edas\u00a0<\/strong>de aquellos pozos que alcance a poner en marcha antes de emprender su retirada.<\/p>\n<p style=\"text-align: justify;\">\u00abFuncionarios petroleros argentinos dijeron que el acuerdo Chevron-YPF\u00a0<strong>proteger\u00e1\u00a0<\/strong>a la\u00a0<strong>empresa estadounidense<\/strong>\u00a0de una p\u00e9rdida pecuniaria ligada a un cambio de los vientos pol\u00edticos\u00bb, public\u00f3 el NYT.<\/p>\n<p style=\"text-align: justify;\">Y agreg\u00f3: \u00abSi la compa\u00f1\u00eda invierte 1.200 millones de d\u00f3lares\u00a0<strong>puede retirarse 18 meses m\u00e1s tarde\u00a0<\/strong>de las operaciones, sin penalizaci\u00f3n alguna, y\u00a0<strong>continuar\u00e1 recibiendo\u00a0<\/strong>los\u00a0<strong>beneficios netos del 50 por ciento de la producci\u00f3n<\/strong>\u00a0de los pozos iniciales\u00a0<strong>a perpetuidad<\/strong>\u00ab.<\/p>\n<p style=\"text-align: justify;\">Desde la Asociaci\u00f3n de Abogados Ambientalistas su titular, Enrique Viale, sostuvo a\u00a0<strong>iProfesional<\/strong>que los detalles de esta cl\u00e1usula parten de informantes del mismo editor de The New York Times.<\/p>\n<p style=\"text-align: justify;\">\u00abEsto se agrega a lo conocido sobre la\u00a0<strong>jurisdicci\u00f3n de la ley extranjera\u00a0<\/strong>y\u00a0<strong>el fondo que YPF deber\u00eda depositar<\/strong>\u00a0en un banco en el exterior<strong>\u00a0como garant\u00eda\u00a0<\/strong>para Chevron\u00bb, asegur\u00f3.<\/p>\n<p style=\"text-align: justify;\">\u00abLos<strong>\u00a0detalles del acuerdo\u00a0<\/strong>son\u00a0<strong>desconocidos\u00a0<\/strong>incluso hasta para los propios\u00a0<strong>legisladores neuquinos\u00a0<\/strong>que\u00a0<strong>lo votaron<\/strong>. Nadie pudo ver el convenio. Que no lo muestren es una prueba de que algunos puntos firmados pueden ser insostenibles y entrar en abierta\u00a0<strong>contradicci\u00f3n\u00a0<\/strong>con el<strong>discurso oficial<\/strong>\u00ab, expuso.<\/p>\n<p style=\"text-align: justify;\"><strong><span style=\"color: #333399;\">Firmar sin ver<\/span><\/strong><br \/>\nMientras algunos detalles van saliendo a la luz, en la provincia de Neuqu\u00e9n se est\u00e1\u00a0<strong>concretando el despliegue de Chevron\u00a0<\/strong>de la mano de la estatal YPF. Esto,<strong>\u00a0mientras persiste\u00a0<\/strong>el<strong>desconocimiento\u00a0<\/strong>de los aspectos m\u00e1s sensibles del pacto firmado.<\/p>\n<p style=\"text-align: justify;\">En ese sentido, fuentes cercanas al Ministerio de Energ\u00eda provincial reconocieron a\u00a0<strong>iProfesional<\/strong>no estar al tanto de lo publicado por The New York Times y, mucho menos, de las\u00a0<strong>ventajas y garant\u00edas<\/strong>\u00a0de las que podr\u00e1 valerse la\u00a0<strong>firma norteamericana<\/strong>, en caso de ocurrir cambios en el plano pol\u00edtico.<\/p>\n<p style=\"text-align: justify;\">\u00abEl marco de la negociaci\u00f3n se ha manejado \u00edntegramente en Buenos Aires y a la\u00a0<strong>provincia neuquina s\u00f3lo le queda acatar\u00a0<\/strong>lo que decida YPF, que es la que hoy tiene potestad sobre Vaca Muerta\u00bb, expres\u00f3 a este medio un funcionario de esa cartera, en estricto off the record.<\/p>\n<p style=\"text-align: justify;\">\u00abQue\u00a0<strong>Chevron se pueda retirar\u00a0<\/strong>es algo que el presidente de YPF reconoci\u00f3 en m\u00e1s de una oportunidad. Es decir, no es una sorpresa. Pero el hecho de que la\u00a0<strong>estadounidense s\u00f3lo aportar\u00e1 tecnolog\u00eda\u00a0<\/strong>para que la estatal haga la explotaci\u00f3n\u00a0<strong>torna grave\u00a0<\/strong>que se le\u00a0<strong>permita ganar regal\u00edas\u00a0<\/strong>por los\u00a0<strong>pozos que incluso podr\u00eda dejar<\/strong>\u00ab, a\u00f1adi\u00f3.<\/p>\n<p style=\"text-align: justify;\">\u00abProbablemente -agreg\u00f3- esta informaci\u00f3n que ahora llega desde Estados Unidos obligue a hacer alg\u00fan tipo de aclaraci\u00f3n en la Argentina. Tengo dudas de que eso suceda, porque est\u00e1 a la vista que YPF quiere poner en marcha el proyecto como sea, sin detenerse a dar explicaciones\u00bb.<\/p>\n<p style=\"text-align: justify;\"><strong><span style=\"color: #333399;\">Marco desfavorable<\/span><\/strong><br \/>\nConsultado respecto de la aparici\u00f3n de este dato revelador que pone en perspectiva el tipo de acuerdo suscripto, el ex secretario de Energ\u00eda de la Naci\u00f3n, Alieto Guadagni, sostuvo: \u00abLa<strong>\u00a0decisi\u00f3n de no dar detalles\u00a0<\/strong>estuvo\u00a0<strong>desde el inicio<\/strong>. YPF opera como una empresa privada y su \u00f3rbita, aunque se pueda discutir m\u00e1s de una vez, es la Bolsa de Nueva York. No me sorprende, as\u00ed\u00a0<strong>se han dado las cosas<\/strong>\u00a0en el\u00a0<strong>\u00faltimo tiempo<\/strong>\u00ab.<\/p>\n<p style=\"text-align: justify;\">En tanto, desde la consultora especializada Abeceb, el economista Horacio Lazarte se\u00f1al\u00f3 a<strong>iProfesional\u00a0<\/strong>que lo que ahora se conoce habla \u00abde las\u00a0<strong>condiciones diferenciales\u00a0<\/strong>que tuvo que permitir YPF para<strong>\u00a0poder cerrar el acuerdo\u00bb.<\/strong><\/p>\n<p style=\"text-align: justify;\">\u00abTodo esto\u00a0<strong>contradice el discurso oficial\u00a0<\/strong>de muchos funcionarios sobre promover la soberan\u00eda en hidrocarburos. Que se le permitan todas estas cosas a Chevron deja en evidencia lo<strong>\u00a0grave de la falta de financiamiento<\/strong>\u00a0y la\u00a0<strong>ausencia de acceso<\/strong>\u00a0al mercado de\u00a0<strong>cr\u00e9dito internacional\u00bb<\/strong>, asegur\u00f3.<\/p>\n<p style=\"text-align: justify;\">\u00ab<strong>Chevron goza de oportunidades\u00a0<\/strong>que el resto de los actores del sector no posee. Puede<strong>exportar sin tributar retenciones<\/strong>. Y adem\u00e1s tiene\u00a0<strong>libertad para acceder a divisas<\/strong>. Los puntos desconocidos se amparan en que lo firmado es de car\u00e1cter privado, aunque eso pueda chocar de frente con la ley de soberan\u00eda hidrocarbur\u00edfera\u00bb, dijo.<\/p>\n<p style=\"text-align: justify;\">Y a\u00f1adi\u00f3: \u00abOtro aspecto curioso es que se termin\u00f3 pactando con la<strong>\u00a0firma norteamericana<\/strong>, pese a que ha venido\u00a0<strong>declinando su producci\u00f3n local<\/strong>. De las cinco primeras petroleras que operan en el pa\u00eds es la que m\u00e1s disminuy\u00f3 su potencial. Sin embargo, se gan\u00f3 el favor del Gobierno y de YPF\u00bb.<\/p>\n<p style=\"text-align: justify;\"><strong><span style=\"color: #333399;\">Galuccio puso la cara<\/span><\/strong><br \/>\nEn medio de las fuertes protestas registradas en Neuqu\u00e9n a finales de agosto -y de los embates judiciales para que exhiba la letra chica de lo pactado-\u00a0<strong>Galuccio\u00a0<\/strong>sali\u00f3 en varias oportunidades a<strong>defender el convenio suscripto<\/strong>, se\u00f1alando la\u00a0<strong>importancia estrat\u00e9gica\u00a0<\/strong>de sumar a la firma norteamericana.<\/p>\n<p style=\"text-align: justify;\">En una de las \u00faltimas ocasiones sostuvo que<strong>\u00a0no puede dar a conocer el convenio en su totalidad\u00a0<\/strong>porque existen \u00ab<strong>condiciones de confidencialidad<\/strong>\u00a0y privacidad destinadas a proteger las inversiones de dos empresas que cotizan en la Bolsa de Nueva York\u00bb.<\/p>\n<p>Mariano Gibaut, jefe de prensa de YPF, relativiz\u00f3 lo de \u00abcl\u00e1usula secreta\u00bb.\u00a0<strong>Sostuvo que parte de lo publicado por NYT ya hab\u00eda sido expuesto por Galuccio en conferencia de prensa<\/strong>, cuando dijo que el desembolso de la firma estadounidense iba a ser en dos etapas. La primera de u$s300 millones, la segunda de u$s940 millones.<\/p>\n<p>Adem\u00e1s, que el CEO de YPF ya hab\u00eda remarcado que \u00aben una segunda etapa, tras el cierre de la etapa piloto,\u00a0<strong>Chevron podr\u00e1 elegir si contin\u00faa con el desarrollo masivo o si se retira<\/strong>. En ese caso, s\u00f3lo tendr\u00e1 derecho al 50 por ciento de la producci\u00f3n de los pozos perforados en la primera etapa\u00bb.<\/p>\n<p style=\"text-align: justify;\">En el \u00faltimo mes y medio, el titular de YPF busc\u00f3 destacar en todo momento las \u00abbondades\u00bb del pol\u00e9mico acuerdo, el mismo que\u00a0<strong>oblig\u00f3 al Gobierno\u00a0<\/strong>a crear por decreto un nuevo\u00a0<strong>\u00abmarco regulatorio de inversiones<\/strong>\u00ab, a medida de las dos petroleras.<\/p>\n<p style=\"text-align: justify;\">Justific\u00f3 la firma del convenio en \u00abla necesidad de buscar soluciones para enfrentar el\u00a0<strong>serio problema<\/strong>\u00a0que representan las<strong>\u00a0crecientes importaciones de combustibles<\/strong>\u00ab.<\/p>\n<p style=\"text-align: justify;\">\u00abEn Argentina tenemos un<strong>\u00a0d\u00e9ficit energ\u00e9tico\u00a0<\/strong>que es\u00a0<strong>serio<\/strong>\u00ab, precis\u00f3 Galuccio.<\/p>\n<p style=\"text-align: justify;\">Tras recordar que las compras externas treparon en 2012 a u$s9.300 millones, destac\u00f3 que \u00ablos<strong>recursos no convencionales<\/strong>\u00a0representan una<strong>\u00a0oportunidad hist\u00f3rica<\/strong>\u00a0para dejar de ser importador de energ\u00eda\u00bb.<\/p>\n<p style=\"text-align: justify;\">Remarc\u00f3 que el convenio suscripto refiere a un proyecto para<strong>\u00a0perforar 100 pozos de shale oil<\/strong>, con una inversi\u00f3n inicial de\u00a0<strong>u$s1.240 millones.<\/strong><\/p>\n<p style=\"text-align: justify;\">En la \u00faltima semana de agosto, la<strong>\u00a0jueza federal Liliana Heilandle\u00a0<\/strong>orden\u00f3 a YPF que le\u00a0<strong>entregue una copia del contrato<\/strong>. Fue en el marco del juicio iniciado por un grupo minoritario de accionistas de Repsol -la Asociaci\u00f3n Espa\u00f1ola de Accionistas Minoritarios de Empresas Cotizadas-, que reclaman una indemnizaci\u00f3n por la expropiaci\u00f3n de la petrolera.<\/p>\n<p style=\"text-align: justify;\">Los\u00a0<strong>abogados de YPF dijeron\u00a0<\/strong>que la informaci\u00f3n requerida es \u00ab<strong>privada<\/strong>\u00ab. Y sostuvieron que incluye \u00ab<strong>secretos industriales y comerciales<\/strong>\u00ab, por lo cual se negaron a entregar dicho convenio.<\/p>\n<p style=\"text-align: justify;\">Respecto de los puntos que s\u00ed fueron hechos p\u00fablicos, se destaca el hecho de que el pacto fija que en los\u00a0<strong>pr\u00f3ximos 12 meses Chevron comprometer\u00e1<\/strong>\u00a0un desembolso de\u00a0<strong>u$s1.240 millones.<\/strong><\/p>\n<p style=\"text-align: justify;\">Una vez que se alcance el nivel de perforaci\u00f3n inicial,<strong>\u00a0podr\u00e1 decidir si se retira\u00a0<\/strong>o si sigue adelante con el desarrollo\u00a0<strong>de otros 1.500 pozos<\/strong>, que implicar\u00e1n una inversi\u00f3n conjunta de 15.000 millones de d\u00f3lares.<\/p>\n<p style=\"text-align: justify;\"><a href=\"http:\/\/www.iprofesional.com\/notas\/172764-Clusula-secreta-polmico-artculo-del-New-York-Times-revel--lo-que-no-se-poda-decir-de-YPF-Chevron\">Info iProfesional<\/a><\/p>\n<p style=\"text-align: justify;\"><a href=\"http:\/\/www.proyectoallen.com.ar\/3\/wp-content\/uploads\/2013\/10\/1170816_434554759995803_783206384_n.jpg\"><img loading=\"lazy\" decoding=\"async\" class=\"aligncenter size-full wp-image-5323\" alt=\"1170816_434554759995803_783206384_n\" src=\"http:\/\/www.proyectoallen.com.ar\/3\/wp-content\/uploads\/2013\/10\/1170816_434554759995803_783206384_n.jpg\" width=\"403\" height=\"302\" srcset=\"https:\/\/www.proyectoallen.com.ar\/3\/wp-content\/uploads\/2013\/10\/1170816_434554759995803_783206384_n.jpg 403w, https:\/\/www.proyectoallen.com.ar\/3\/wp-content\/uploads\/2013\/10\/1170816_434554759995803_783206384_n-300x224.jpg 300w, https:\/\/www.proyectoallen.com.ar\/3\/wp-content\/uploads\/2013\/10\/1170816_434554759995803_783206384_n-250x187.jpg 250w\" sizes=\"auto, (max-width: 403px) 100vw, 403px\" \/><\/a><\/p>\n","protected":false},"excerpt":{"rendered":"<p>El New York Time afirma que la estadounidense quedar\u00e1 protegida de todas las p\u00e9rdidas financieras que pudiera sufrir por \u00abcambios en los vientos pol\u00edticos\u00bb en Argentina. Y menciona otros puntos que son dignos de&#46;&#46;&#46;<\/p>\n","protected":false},"author":2,"featured_media":0,"comment_status":"open","ping_status":"closed","sticky":false,"template":"","format":"standard","meta":{"ngg_post_thumbnail":0,"footnotes":""},"categories":[24],"tags":[],"class_list":["post-5321","post","type-post","status-publish","format-standard","hentry","category-no-al-fracking-en-allen"],"jetpack_featured_media_url":"","_links":{"self":[{"href":"https:\/\/www.proyectoallen.com.ar\/3\/index.php?rest_route=\/wp\/v2\/posts\/5321","targetHints":{"allow":["GET"]}}],"collection":[{"href":"https:\/\/www.proyectoallen.com.ar\/3\/index.php?rest_route=\/wp\/v2\/posts"}],"about":[{"href":"https:\/\/www.proyectoallen.com.ar\/3\/index.php?rest_route=\/wp\/v2\/types\/post"}],"author":[{"embeddable":true,"href":"https:\/\/www.proyectoallen.com.ar\/3\/index.php?rest_route=\/wp\/v2\/users\/2"}],"replies":[{"embeddable":true,"href":"https:\/\/www.proyectoallen.com.ar\/3\/index.php?rest_route=%2Fwp%2Fv2%2Fcomments&post=5321"}],"version-history":[{"count":3,"href":"https:\/\/www.proyectoallen.com.ar\/3\/index.php?rest_route=\/wp\/v2\/posts\/5321\/revisions"}],"predecessor-version":[{"id":5326,"href":"https:\/\/www.proyectoallen.com.ar\/3\/index.php?rest_route=\/wp\/v2\/posts\/5321\/revisions\/5326"}],"wp:attachment":[{"href":"https:\/\/www.proyectoallen.com.ar\/3\/index.php?rest_route=%2Fwp%2Fv2%2Fmedia&parent=5321"}],"wp:term":[{"taxonomy":"category","embeddable":true,"href":"https:\/\/www.proyectoallen.com.ar\/3\/index.php?rest_route=%2Fwp%2Fv2%2Fcategories&post=5321"},{"taxonomy":"post_tag","embeddable":true,"href":"https:\/\/www.proyectoallen.com.ar\/3\/index.php?rest_route=%2Fwp%2Fv2%2Ftags&post=5321"}],"curies":[{"name":"wp","href":"https:\/\/api.w.org\/{rel}","templated":true}]}}