{"id":5389,"date":"2013-11-06T01:04:37","date_gmt":"2013-11-06T01:04:37","guid":{"rendered":"http:\/\/www.proyectoallen.com.ar\/3\/?p=5389"},"modified":"2013-11-06T18:05:33","modified_gmt":"2013-11-06T18:05:33","slug":"foto-carnet-de-conducir-anos-60","status":"publish","type":"post","link":"https:\/\/www.proyectoallen.com.ar\/3\/?p=5389","title":{"rendered":"Foto carnet de conducir, a\u00f1os 60&#8242;."},"content":{"rendered":"<p style=\"text-align: justify;\"><em>Las im\u00e1genes que se reproducen aqu\u00ed pertenecen al archivo municipal de los a\u00f1os 60&#8242;. Son fotos carnet que integran, junto a los datos de cada uno,\u00a0el registro de quienes sacaban el permiso para conducir en aquellos a\u00f1os. No incluimos los datos espec\u00edficos para preservarlos; s\u00f3lo mencionamos los nombres, para traerlos al recuerdo de los lectores.<!--more Seguir leyendo...--><\/em><\/p>\n<div id=\"attachment_5390\" style=\"width: 591px\" class=\"wp-caption aligncenter\"><a href=\"http:\/\/www.proyectoallen.com.ar\/3\/wp-content\/uploads\/2013\/11\/Genaro-Rodriguez-Intendente-Medium.jpg\"><img loading=\"lazy\" decoding=\"async\" aria-describedby=\"caption-attachment-5390\" class=\" wp-image-5390  \" alt=\"Genaro Rodriguez, Intendente (Medium)\" src=\"http:\/\/www.proyectoallen.com.ar\/3\/wp-content\/uploads\/2013\/11\/Genaro-Rodriguez-Intendente-Medium.jpg\" width=\"581\" height=\"538\" srcset=\"https:\/\/www.proyectoallen.com.ar\/3\/wp-content\/uploads\/2013\/11\/Genaro-Rodriguez-Intendente-Medium.jpg 830w, https:\/\/www.proyectoallen.com.ar\/3\/wp-content\/uploads\/2013\/11\/Genaro-Rodriguez-Intendente-Medium-300x277.jpg 300w, https:\/\/www.proyectoallen.com.ar\/3\/wp-content\/uploads\/2013\/11\/Genaro-Rodriguez-Intendente-Medium-250x231.jpg 250w\" sizes=\"auto, (max-width: 581px) 100vw, 581px\" \/><\/a><p id=\"caption-attachment-5390\" class=\"wp-caption-text\">Genaro Rodriguez, Intendente<\/p><\/div>\n<p style=\"text-align: justify;\">Estas fotos adquieren valor documental en tanto <a href=\"http:\/\/www.revistaestudios.com.ve\/wp-content\/uploads\/2012\/04\/Isava-34.pdf\">artefactos culturales<\/a>,\u00a0que nos cuentan distintas caracter\u00edsticas del per\u00edodo en que fueron producidas. Como toda fotograf\u00eda\u00a0contempor\u00e1nea, registra la <a href=\"http:\/\/www.criticarte.com\/Page\/file\/art2005\/MartaJimenzAndreaCoytzi.html\">huella de una acci\u00f3n<\/a>, pero en este caso, no tiene valor art\u00edstico.<\/p>\n<p>Estas fotograf\u00edas son:<\/p>\n<p style=\"text-align: justify;\"><em>\u00absoportes\u00a0fundamentales para la conformaci\u00f3n de la identidad personal. Tanto como dispositivo\u00a0estatal al auxilio de la necesidad de identificar y reidentificar a uno como el mismo, para\u00a0lo cual basta pensar en el documento de identidad, el carnet de conducir o el pasaporte.\u00a0En el marco de la historia pol\u00edtica reciente, es llamativo que las fotograf\u00edas utilizadas por\u00a0las Madres de Plaza de Mayo, para reclamar la aparici\u00f3n con vida de sus hijos y\u00a0familiares detenidos-desaparecidos, durante la \u00faltima dictadura militar sean en su\u00a0mayor\u00eda las fotos carnet. As\u00ed, el reclamo exige reconocer de nuevo a quienes el estado ya\u00a0ha reconocido. Es decir, al usar la misma imagen con que la instituci\u00f3n le otorga una 11\u00a0existencia en tanto ciudadano y miembro del Estado, resalta y denuncia su\u00a0responsabilidad ante la ausencia, la desaparici\u00f3n de esa persona cuya existencia est\u00e1\u00a0probada, entre otras cosas, por ese registro fotogr\u00e1fico\u00bb (<a href=\"http:\/\/webiigg.sociales.uba.ar\/iigg\/jovenes_investigadores\/4jornadasjovenes\/EJES\/Eje%205%20Politica%20Ideologia%20Discurso\/Ponencias\/CORTES%20Cecilia.pdf\">Web Sociales UBA)<\/a><\/em><\/p>\n<p style=\"text-align: justify;\">La foto carnet puede definirse como <a href=\"http:\/\/oscarenfotos.com\/2013\/08\/11\/autorretrato-y-fotografia\/\">autorretrato<\/a>. Pero, el fin que persigue, la raz\u00f3n por la que nos dejamos fotografiar, no es la \u00abforma\u00bb en que alguien se quiere ver. Nos sacamos fotos carnet por \u00abobligaci\u00f3n\u00bb y pocas veces estamos conformes con la imagen que nos va acompa\u00f1ar durante el tiempo de uso del carnet hasta su vencimiento y renovaci\u00f3n.<\/p>\n<p style=\"text-align: justify;\">Si hay algo\u00a0que la fotograf\u00eda nos dice es que eso (el objeto) estuvo all\u00ed, sucedi\u00f3; por lo cual lo relevante no es\u00a0ya exclusivamente el objeto representado, sino la referencia al tiempo, \u2018el haber estado\u00a0all\u00ed\u2019 (Barthes, R. 1980).<\/p>\n<div id=\"attachment_5391\" style=\"width: 549px\" class=\"wp-caption aligncenter\"><a href=\"http:\/\/www.proyectoallen.com.ar\/3\/wp-content\/uploads\/2013\/11\/Luisa-Skop-Medium.jpg\"><img loading=\"lazy\" decoding=\"async\" aria-describedby=\"caption-attachment-5391\" class=\" wp-image-5391  \" alt=\"Luisa Skop (Medium)\" src=\"http:\/\/www.proyectoallen.com.ar\/3\/wp-content\/uploads\/2013\/11\/Luisa-Skop-Medium.jpg\" width=\"539\" height=\"538\" srcset=\"https:\/\/www.proyectoallen.com.ar\/3\/wp-content\/uploads\/2013\/11\/Luisa-Skop-Medium.jpg 770w, https:\/\/www.proyectoallen.com.ar\/3\/wp-content\/uploads\/2013\/11\/Luisa-Skop-Medium-150x150.jpg 150w, https:\/\/www.proyectoallen.com.ar\/3\/wp-content\/uploads\/2013\/11\/Luisa-Skop-Medium-300x300.jpg 300w, https:\/\/www.proyectoallen.com.ar\/3\/wp-content\/uploads\/2013\/11\/Luisa-Skop-Medium-250x249.jpg 250w, https:\/\/www.proyectoallen.com.ar\/3\/wp-content\/uploads\/2013\/11\/Luisa-Skop-Medium-64x64.jpg 64w, https:\/\/www.proyectoallen.com.ar\/3\/wp-content\/uploads\/2013\/11\/Luisa-Skop-Medium-128x128.jpg 128w, https:\/\/www.proyectoallen.com.ar\/3\/wp-content\/uploads\/2013\/11\/Luisa-Skop-Medium-320x320.jpg 320w\" sizes=\"auto, (max-width: 539px) 100vw, 539px\" \/><\/a><p id=\"caption-attachment-5391\" class=\"wp-caption-text\">Luisa Skop<\/p><\/div>\n<p style=\"text-align: justify;\">\u00bfEn que tiempo han estado estas fotograf\u00edas?<\/p>\n<p style=\"text-align: justify;\">Las im\u00e1genes nos hablan de la era dorada del siglo XX.\u00a0Desde la d\u00e9cada del 50&#8242; y hasta la crisis petrolera de 1973 en Occidente, se vivi\u00f3 lo que el historiador Eric Hobsbawm llam\u00f3 los \u00aba\u00f1os dorados\u00bb marcados por un gran crecimiento econ\u00f3mico. Pero tambi\u00e9n este periodo fue testigo de profundos cambios en las costumbres, en los valores y en las ideas. La sociedad argentina acompa\u00f1\u00f3 todas estas transformaciones que se reflejaron en la cultura de la \u00e9poca.<\/p>\n<p>Las fotos carnet y los comentarios de la gente:<\/p>\n<p><a href=\"http:\/\/www.facebook.com\/media\/set\/?set=a.346526272106238.83447.230052660420267&amp;type=3\">Primera tanda<\/a><\/p>\n<p style=\"text-align: justify;\"><a href=\"http:\/\/www.facebook.com\/media\/set\/?set=a.311386048953594.71414.230052660420267&amp;type=3\">Segunda tanda<\/a><\/p>\n<p style=\"text-align: justify;\"><a href=\"http:\/\/www.facebook.com\/media\/set\/?set=a.529742710451259.1073741868.230052660420267&amp;type=1\">Tercera tanda<\/a><\/p>\n","protected":false},"excerpt":{"rendered":"<p>Las im\u00e1genes que se reproducen aqu\u00ed pertenecen al archivo municipal de los a\u00f1os 60&#8242;. Son fotos carnet que integran, junto a los datos de cada uno,\u00a0el registro de quienes sacaban el permiso para conducir&#46;&#46;&#46;<\/p>\n","protected":false},"author":2,"featured_media":0,"comment_status":"open","ping_status":"closed","sticky":false,"template":"","format":"standard","meta":{"ngg_post_thumbnail":0,"footnotes":""},"categories":[26,22],"tags":[],"class_list":["post-5389","post","type-post","status-publish","format-standard","hentry","category-carta-organica-municipal","category-novedades"],"jetpack_featured_media_url":"","_links":{"self":[{"href":"https:\/\/www.proyectoallen.com.ar\/3\/index.php?rest_route=\/wp\/v2\/posts\/5389","targetHints":{"allow":["GET"]}}],"collection":[{"href":"https:\/\/www.proyectoallen.com.ar\/3\/index.php?rest_route=\/wp\/v2\/posts"}],"about":[{"href":"https:\/\/www.proyectoallen.com.ar\/3\/index.php?rest_route=\/wp\/v2\/types\/post"}],"author":[{"embeddable":true,"href":"https:\/\/www.proyectoallen.com.ar\/3\/index.php?rest_route=\/wp\/v2\/users\/2"}],"replies":[{"embeddable":true,"href":"https:\/\/www.proyectoallen.com.ar\/3\/index.php?rest_route=%2Fwp%2Fv2%2Fcomments&post=5389"}],"version-history":[{"count":2,"href":"https:\/\/www.proyectoallen.com.ar\/3\/index.php?rest_route=\/wp\/v2\/posts\/5389\/revisions"}],"predecessor-version":[{"id":5393,"href":"https:\/\/www.proyectoallen.com.ar\/3\/index.php?rest_route=\/wp\/v2\/posts\/5389\/revisions\/5393"}],"wp:attachment":[{"href":"https:\/\/www.proyectoallen.com.ar\/3\/index.php?rest_route=%2Fwp%2Fv2%2Fmedia&parent=5389"}],"wp:term":[{"taxonomy":"category","embeddable":true,"href":"https:\/\/www.proyectoallen.com.ar\/3\/index.php?rest_route=%2Fwp%2Fv2%2Fcategories&post=5389"},{"taxonomy":"post_tag","embeddable":true,"href":"https:\/\/www.proyectoallen.com.ar\/3\/index.php?rest_route=%2Fwp%2Fv2%2Ftags&post=5389"}],"curies":[{"name":"wp","href":"https:\/\/api.w.org\/{rel}","templated":true}]}}