{"id":5453,"date":"2013-11-13T18:01:24","date_gmt":"2013-11-13T18:01:24","guid":{"rendered":"http:\/\/www.proyectoallen.com.ar\/3\/?p=5453"},"modified":"2020-05-03T22:35:45","modified_gmt":"2020-05-03T22:35:45","slug":"nnestor-tort-recuerdos-de-aquellos-anos","status":"publish","type":"post","link":"https:\/\/www.proyectoallen.com.ar\/3\/?p=5453","title":{"rendered":"Nestor Tort: Recuerdos de aquellos a\u00f1os&#8230;"},"content":{"rendered":"<p style=\"text-align: justify;\"><em>Transcripci\u00f3n de correo electr\u00f3nico recordando \u00abrocanrol\u00bb de treinta a\u00f1os atr\u00e1s en la Patagonia.\u00a0 <\/em><\/p>\n<p style=\"text-align: justify;\"><em>N\u00e9stor Tort -m\u00fasico de Allen, R\u00edo Negro- al autor del <a href=\"http:\/\/rivadaviamendoza.blogspot.com.ar\/2012_10_01_archive.html\">Blog Rivadavia Mendoza<\/a><\/em><\/p>\n<p style=\"text-align: justify;\"><em>Gracias N\u00e9stor Tort!<\/em><\/p>\n<!--more SEguir leyendo...-->\n<div style=\"text-align: center;\"><strong>VIDA MUSICAL EN EL ALTO VALLE<\/strong><\/div>\n<div style=\"text-align: center;\"><\/div>\n<p style=\"text-align: justify;\"><a style=\"clear: left; float: left; margin-bottom: 1em; margin-right: 1em;\" href=\"http:\/\/2.bp.blogspot.com\/-raKE8l8qsUk\/UIwfz00UWcI\/AAAAAAAADpQ\/zBhms1l4-pk\/s1600\/1982+-+Ne...jpg\"><img loading=\"lazy\" decoding=\"async\" src=\"http:\/\/2.bp.blogspot.com\/-raKE8l8qsUk\/UIwfz00UWcI\/AAAAAAAADpQ\/zBhms1l4-pk\/s320\/1982+-+Ne...jpg\" alt=\"\" width=\"320\" height=\"225\" border=\"0\" \/><\/a>Corr\u00eda el a\u00f1o 1981 y en Cipolletti (R\u00edo Negro) ten\u00edamos un Grupo musical llamado <strong>\u00abSTYLO\u00bb.<\/strong> Con \u00e9l hac\u00edamos dos estilo de m\u00fasica: Repertorio para tocar en bailes populares, en donde hab\u00eda que tocar de todo para que la gente bailase: M\u00fasica beat, pasodobles, cumbias, chamam\u00e9, mel\u00f3dicos, etc. etc. etc., pero adem\u00e1s como nuestra vena musical era rockera hac\u00edamos recitales de Rock en los que hac\u00edamos todo repertorio relacionado al Rock nacional e internacional.<\/p>\n<p>Nuestros grupos favoritos eran: <em>Deep Purple, Led Zeppelin, ELP, YES<\/em> y en lo nacional nuestro \u00eddolo m\u00e1s que <em>Charly Garc\u00eda<\/em> era<em> Luis Alberto Spinetta<\/em> y toda su carrera musical, partiendo de <em>Almendra<\/em>, pasando por <em>Pescado Rabioso<\/em>, <em>Invisible<\/em> hasta llegar a <em>Spinetta Jade<\/em> que fue la \u00faltima formaci\u00f3n que tuvo hasta el momento (Estamos situados en 1981).<\/p>\n<p>Los bailes de STYLO se hac\u00edan en un sal\u00f3n llamado C\u00edrculo Italiano de Cipolletti. La banda era un tr\u00edo formado por: <strong>Walter Echelini<\/strong>: Guitarra y voz,<strong> Claudio Echelini<\/strong>: bajo y voz lider y <strong>N\u00e9stor Tort <\/strong>\u00a0<em>-Foto-:<\/em>\u00a0bater\u00eda y percusi\u00f3n.<\/p>\n<div style=\"text-align: justify;\" align=\"center\"><strong>RIVADAVIENSE ROQUERO EN LA PATAGONIA<\/strong><\/div>\n<div style=\"text-align: justify;\" align=\"center\"><\/div>\n<div style=\"text-align: justify;\" align=\"center\"><\/div>\n<p style=\"text-align: justify;\"><a style=\"clear: right; float: right; margin-bottom: 1em; margin-left: 1em;\" href=\"http:\/\/3.bp.blogspot.com\/-FvDHe5yFzQY\/UIwh7vFiE1I\/AAAAAAAADpY\/0AGJ6W3UHQo\/s1600\/CARLOS+CALDERON.jpg\"><img loading=\"lazy\" decoding=\"async\" src=\"http:\/\/3.bp.blogspot.com\/-FvDHe5yFzQY\/UIwh7vFiE1I\/AAAAAAAADpY\/0AGJ6W3UHQo\/s320\/CARLOS+CALDERON.jpg\" alt=\"\" width=\"148\" height=\"320\" border=\"0\" \/><\/a>UN BUEN D\u00cdA Walter me comenta que hab\u00eda conocido a un guitarrista que hab\u00eda venido de Mendoza a trabajar al Valle. Ese m\u00fasico era <strong>Carlos Calder\u00f3n<\/strong><em> -Foto-<\/em> y que lo conoc\u00eda a Spinetta (Wauhh). Y as\u00ed lo conoc\u00ed a Carlos, quien empez\u00f3 a venir a los bailes de STYLO y empezamos a tener un peque\u00f1o trato m\u00e1s que nada porque la amistad era con Walter.<\/p>\n<p>En los \u00faltimos mese de 1981, en uno de los tantos bailes que hac\u00edamos todos los s\u00e1bados en C\u00edrculo Italiano, Walter agarr\u00f3 el bajo y le d\u00edo la Viola a Carlos Calder\u00f3n para zapar algo y yo ni lerdo ni perezoso me prend\u00ed en la bater\u00eda. Yo solamente me dediqu\u00e9 a acompa\u00f1ar la zapada pero Carlos ten\u00eda una forma especial de tocar con algunas tonalidades no comunes a nosotros y yo tocando con gran influencia de <em>POMO<\/em> (Batero de Spinetta).<\/p>\n<p>Cuando terminamos la zapada, Carlos me dijo: <em>\u00abMe gusta mucho como toc\u00e1s, ten\u00e9s gusto y eso es muy importante!\u00bb.<\/em> Me hizo sentir bien lo que me dijo, quiz\u00e1s eso yo lo ten\u00eda en mi interior.<\/p>\n<p>Bueno los d\u00edas pasaron y los meses tambi\u00e9n. Me enter\u00e9 de que Carlos hab\u00eda armado una banda y que hab\u00edan tocado\u00a0en Neuqu\u00e9n (No estoy seguro, ni tampoco de cu\u00e1ntas actuaciones hicieron).<\/p>\n<p>Ya en Enero de 1982 un d\u00eda Walter me pidi\u00f3 que viniera a la casa de ellos porque Carlos Calder\u00f3n quer\u00eda hablar conmigo. As\u00ed fue, una noche nos juntamos en casa de los Echelini y Carlos me coment\u00f3 que ten\u00edan una banda que se llamaba <strong>OSTENTUM<\/strong>, (Un cuarteto) y sac\u00f3 su grabador CROWN con un cassette en donde estaba grabado el tema \u00abImaginando el camino\u00bb. En la bater\u00eda estaba Horacio Soto, baterista del grupo \u00abManantial\u00bb de Neuqu\u00e9n integrado tambi\u00e9n por los hermanos \u00abOchoa\u00bb (Marcelo y Gabi &#8211; multi-intrumentistas). El tema era que Soto dejaba la banda y no ten\u00edan batero que lo reemplazara.<\/p>\n<p>Carlos muy educado le pidi\u00f3 permiso a Walter y Claudio para no pasar por encima de ellos, dado la amistad que se hab\u00eda generado, y adem\u00e1s \u00e9l no quer\u00eda entorpecer la actividad de STYLO. Quedamos de acuerdo en ensayar en Cipolletti para que yo no tuviera que andar con la bater\u00eda de arriba para abajo, por el trastorno que implicaba.<\/p>\n<div style=\"text-align: justify;\" align=\"center\"><\/div>\n<div style=\"text-align: justify;\" align=\"center\"><strong>LOS PRIMEROS ENSAYOS<\/strong><\/div>\n<div class=\"separator\" style=\"clear: both; text-align: justify;\"><a style=\"clear: right; float: right; margin-bottom: 1em; margin-left: 1em;\" href=\"http:\/\/2.bp.blogspot.com\/-RO5lyEjXQJA\/UIwsHRHlxrI\/AAAAAAAADqY\/r37JBbtQCT4\/s1600\/1982+-+Lu...jpg\"><img loading=\"lazy\" decoding=\"async\" src=\"http:\/\/2.bp.blogspot.com\/-RO5lyEjXQJA\/UIwsHRHlxrI\/AAAAAAAADqY\/r37JBbtQCT4\/s320\/1982+-+Lu...jpg\" alt=\"\" width=\"320\" height=\"283\" border=\"0\" \/><\/a>Los ensayos para el primer recital se hicieron en la casa de Carlos Calder\u00f3n. All\u00ed conoc\u00ed a <strong>Lu\u00eds Contreras<\/strong> (Guitarra)<em> -Foto, derecha-,<\/em> y a <strong>Lu\u00eds Montenegro<\/strong> (Bajo)<em>-Foto, izquierda-<\/em>, a quien ya lo conoc\u00eda de antes porque en el ambiente nos conocemos todos. La diferencia era que Contreras vino de Buenos Aires y trabajaba en el aeropuerto de Neuqu\u00e9n.<\/div>\n<p style=\"text-align: justify;\">Comenzamos a tocar los temas que ten\u00edan en su repertorio y yo primero acompa\u00f1\u00e9 pero cuando me empec\u00e9 a soltar Carlos comenz\u00f3 a corregir los golpes, los tipos de arreglos, el sentido que llevaba el tema etc. etc. y debo reconocer que no me gust\u00f3 mucho. \u00a1Claro! yo estaba acostumbrado a tocar cualquier cosa y todo estaba bien pero era obio que ac\u00e1 no ser\u00eda as\u00ed.<\/p>\n<p>De ah\u00ed en m\u00e1s empec\u00e9 a ver la bater\u00eda como un instrumento muy importante, eso yo ya lo sab\u00eda. Lo que pasaba es que nunca me hab\u00eda puesto detenidamente a analizar lo que yo expresaba con el instrumento. (Cosa muy importante). Eso nadie me lo hab\u00eda criticado, siempre ven\u00edan los amigos y pibes que te hacen el aguante y te dicen que sos una masssa, una aplanadora, que la gast\u00e1s, que sos el mejor etc. etc. y uno se engolosina con eso y se enceguece y no mira para los costados ni puede ver que hay un sinfin de posibilidades y que no est\u00e1n muy lejos.<br \/>\n<a style=\"clear: right; float: right; margin-bottom: 1em; margin-left: 1em;\" href=\"http:\/\/1.bp.blogspot.com\/-I_JzBGDKOX4\/UIwm6sL-sxI\/AAAAAAAADp4\/Jf-BxQfGvQA\/s1600\/Nestor+y+..2.jpg\"><img loading=\"lazy\" decoding=\"async\" src=\"http:\/\/1.bp.blogspot.com\/-I_JzBGDKOX4\/UIwm6sL-sxI\/AAAAAAAADp4\/Jf-BxQfGvQA\/s320\/Nestor+y+..2.jpg\" alt=\"\" width=\"320\" height=\"248\" border=\"0\" \/><\/a><\/p>\n<p>Con Carlos me pas\u00f3 eso, grabar, escuchar la grabaci\u00f3n, criticar lo que se tocaba, el enfoque, hubo momentos en que no quer\u00eda ni pegarle a los parche por miedo a hacer algo que no correspondiese. Poco a poco fui entendiendo el sentido de toda esta historia y sin darme cuenta me ayud\u00f3 mucho a que les hiciera cambiar la cabeza a mis compa\u00f1eros (Walter y Claudio).<\/p>\n<div style=\"text-align: justify;\" align=\"center\"><\/div>\n<div style=\"text-align: justify;\" align=\"center\"><strong>DEL ENSAYO AL ESCENARIO<\/strong><\/div>\n<div class=\"separator\" style=\"clear: both; text-align: justify;\"><a style=\"clear: right; float: right; margin-bottom: 1em; margin-left: 1em;\" href=\"http:\/\/4.bp.blogspot.com\/-pD8WvSVMxes\/UIwkzjwqdlI\/AAAAAAAADpo\/GTllwxNg8G8\/s1600\/1982+-+OSTENTUM.jpg\"><img loading=\"lazy\" decoding=\"async\" src=\"http:\/\/4.bp.blogspot.com\/-pD8WvSVMxes\/UIwkzjwqdlI\/AAAAAAAADpo\/GTllwxNg8G8\/s320\/1982+-+OSTENTUM.jpg\" alt=\"\" width=\"320\" height=\"207\" border=\"0\" \/><\/a><strong>\u00abOSTENTUM\u00bb<\/strong> era una banda que hac\u00eda Rock Elaborado con m\u00e1s influencias de Jazz Rock que a m\u00ed me gustaba mucho. As\u00ed fue que se consigue la primera actuaci\u00f3n de la banda en Plottier (a 20 km. de Neuqu\u00e9n Capital). Siempre recuerdo que armamos como dos horas antes del recital y con Carlos nos fuimos a dar una vuelta porque \u00e9l quer\u00eda conocer.<\/div>\n<p style=\"text-align: justify;\">Salimos como para el lado de la sierra y encontramos unas chacras con una sombra hermosa y Carlos dec\u00eda:<em> \u00a1\u00a1\u00a1\u00bbMir\u00e1\u00e1\u00e1\u00e1 qu\u00e9 lindooooo\u00bb!!!,<\/em> y cruzaba el almbrado y se tiraba en el pasto. Despu\u00e9s seguimos recorriendo y vimos unos pinos hermosos y cuando nos fuimos acercando nos dimos cuenta de que era el cementerio!. ja ja ja y nos volvimos. Y bueno volvimos al escenario y a tocar.<\/p>\n<p>La actuaci\u00f3n estuvo buena pero quiz\u00e1s yo no la disfrut\u00e9 tanto porque en mi cabeza\u00a0todav\u00eda no lograba desprenderme de STYLO y no era para nada que no me gustara OSTENTUM. Despu\u00e9s escuchando las grabaciones del recital me di cuenta de lo prolijo que se estaba trabajando comparado con lo que yo estaba acostumbrado.<\/p>\n<div style=\"text-align: justify;\" align=\"center\"><strong>DEL ESCENARIO A LA TELEVISION<\/strong><\/div>\n<p style=\"text-align: justify;\"><a style=\"clear: left; float: left; margin-bottom: 1em; margin-right: 1em;\" href=\"http:\/\/2.bp.blogspot.com\/-tNcws9fRwJI\/UIwiwdEzahI\/AAAAAAAADpg\/lEvvQHmQzL4\/s1600\/1982+-+OSTENTUM+-+Ensayando+2.jpg\"><img loading=\"lazy\" decoding=\"async\" src=\"http:\/\/2.bp.blogspot.com\/-tNcws9fRwJI\/UIwiwdEzahI\/AAAAAAAADpg\/lEvvQHmQzL4\/s320\/1982+-+OSTENTUM+-+Ensayando+2.jpg\" alt=\"\" width=\"320\" height=\"300\" border=\"0\" \/><\/a>Despu\u00e9s vino un per\u00edodo de transici\u00f3n hasta que sali\u00f3 la grabaci\u00f3n en el programa de Canal 7 de Neuqu\u00e9n. Luego de Plottier fuimos a Canal 7 donde tocamos dos temas <em>\u00abImaginando el camino<\/em>\u00bb y <em>\u00abLos pasos de Danilo y Ra\u00fal\u00bb.<\/em><\/p>\n<p>Lo que vos no sab\u00e9s Carlos es que en Canal 7 siempre que esperaban el enlace con Buenos Aires y ten\u00edan que llenar con algo lo hac\u00edan con algunos de videos nuestros. ja ja ja. Mi vieja me pegaba el grito en la imprenta y yo me iba corriendo a mirarlo.<\/p>\n<p>\u00a1Que loco! Siempre recuerdo que vos pediste el VIDEO &#8211; Betamack y yo pensaba \u00bfpara que lo quiere si no lo va a poder ver?. Claro, est\u00e1 que ese sistema de cinta lo usaban en los canales de TV y no en uso de aparatos hogare\u00f1os. Hoy pasado el tiempo y me doy cuenta lo importante que es tener la informaci\u00f3n y no dejar que se esfume.<\/p>\n<div style=\"text-align: justify;\" align=\"center\"><\/div>\n<div style=\"text-align: justify;\" align=\"center\"><strong>DE LA TV AL ESCENARIO FLOTANTE\u00a0 EN EL RIO<\/strong><\/div>\n<p style=\"text-align: justify;\">En esos d\u00edas como Lu\u00eds Contreras no pod\u00eda venir a ensayar a Cipolletti, optamos por ir nosotros a Neuqu\u00e9n y ensay\u00e1bamos en una casa que pertencec\u00eda al Aeroclub Neuqu\u00e9n que quedaba paralela a las pistas de aterrizaje del aeropuerto principal. As\u00ed que ensayabamos y de pronto despegaba o aterrizaba un jet y temblaba toda la casa y nos tapaba el sonido de la banda. ja ja ja.<\/p>\n<p>Tambi\u00e9n en ese primer per\u00edodo de la banda fuimos a actuar al balneario de Neuqu\u00e9n en un escenario flotante que apenas entr\u00e1bamos, pero lo hicimos y todos contentos. Despu\u00e9s a comer un poquito de asado y chorizos que nos dieron los que organizaban el evento. Lo lamentable que esa noche en el traslado perdiste un pedal distorsionador y wawa negro.<\/p>\n<p>Luego vino el per\u00edodo de transici\u00f3n que te cont\u00e9 en donde Lu\u00eds Contreras y Lu\u00eds Montenegro siguen con OSTENTUM sin Calder\u00f3n y Tort, viniendo de Buenos Aires un baterista con el que hacen algunos recitales. Transcurre el invierno de 1982 y STYLO sigue con sus presentaciones. Parec\u00eda que lo de OSTENTUM hab\u00eda quedado atr\u00e1s, aunque la linda experiencia vivida estaba latente.<\/p>\n<div style=\"text-align: justify;\" align=\"center\">\u00a0<strong>DE GIRA EN EL MERCEDES 1114<\/strong><\/div>\n<div class=\"separator\" style=\"clear: both; text-align: justify;\"><a style=\"clear: left; float: left; margin-bottom: 1em; margin-right: 1em;\" href=\"http:\/\/4.bp.blogspot.com\/-x1-Sbke8Wjg\/UIwt2jJPnyI\/AAAAAAAADqg\/hAkpTDMRLTw\/s1600\/1982+-+OSTENTUM+en+El+Progreso+-+Roca.jpg\"><img loading=\"lazy\" decoding=\"async\" src=\"http:\/\/4.bp.blogspot.com\/-x1-Sbke8Wjg\/UIwt2jJPnyI\/AAAAAAAADqg\/hAkpTDMRLTw\/s320\/1982+-+OSTENTUM+en+El+Progreso+-+Roca.jpg\" alt=\"\" width=\"320\" height=\"194\" border=\"0\" \/><\/a><\/div>\n<p style=\"text-align: justify;\">Carlos me avisa que Luis Contreras nuevamente quer\u00eda reflotar la banda porque se hab\u00edan quedado sin batero y quer\u00eda volver a la escencia que ten\u00eda el OSTENTUM anterior. Nos pusimos de acuerdo y ya ten\u00edamos una actuaci\u00f3n en General Roca en la que participar\u00edamos con otra banda de Neuqu\u00e9n (<strong>COTS<\/strong>), integrada tambi\u00e9n por Lu\u00eds Contreras, <strong>Gabi Ochoa<\/strong>, <strong>Horacio Soto<\/strong> y \u00bf? no me acuerdo el otro integrante.<\/p>\n<p>As\u00ed fue que reanudamos los ensayos con todo el entusiasmo pero por problemas que ten\u00eda Lu\u00eds Montenegro para cumplir con esta actuaci\u00f3n, decidimos buscar otro bajista y qu\u00e9 mejor que <strong>Walter Echelini<\/strong> <em>-Foto<\/em>-, quien tocaba tanto guitarra como bajo para reemplazarlo<\/p>\n<div class=\"separator\" style=\"clear: both; text-align: justify;\"><a style=\"clear: left; float: left; margin-bottom: 1em; margin-right: 1em;\" href=\"http:\/\/4.bp.blogspot.com\/-xyPL5brb4w8\/UIwwJ53XfZI\/AAAAAAAADq4\/T9S7zWYT8EQ\/s1600\/1982+-+Walter+Echelini+-+Bajo.jpg\"><img loading=\"lazy\" decoding=\"async\" src=\"http:\/\/4.bp.blogspot.com\/-xyPL5brb4w8\/UIwwJ53XfZI\/AAAAAAAADq4\/T9S7zWYT8EQ\/s200\/1982+-+Walter+Echelini+-+Bajo.jpg\" alt=\"\" width=\"145\" height=\"200\" border=\"0\" \/><\/a><\/div>\n<p style=\"text-align: justify;\">As\u00ed lleg\u00f3 el d\u00eda del recital. Un d\u00eda lluvioso en el que todo el clan (COTS) y (OSTENTUM) con nuestros plomos, novias, esposas, hijos, \u00a0etc\u00e9tera nos fuimos a Roca en un colectivo Mercedes Benz 1114 alquilado (No s\u00e9 por qui\u00e9n). Fue una experiencia hermosa en la que se compart\u00edan mates, chistes, intercambio de opiniones y lo principal: \u00abM\u00fasica\u00bb.<\/p>\n<p>Siempre me acuerdo de que pon\u00edan en el micro un cassette de VAN HALEN II, que despu\u00e9s me preocup\u00e9 por conseguir. El recital estuvo muy bueno y all\u00ed tambi\u00e9n me invit\u00f3 a tocar Luis Cide, \u00e9l con guitarra y yo con Bong\u00f3: una onda media Hind\u00fa \u00bf? pero son\u00f3 lindo.<\/p>\n<p>Tambi\u00e9n recuerdo que Lu\u00eds Contreras se iba a Buenos Aires y, seg\u00fan \u00e9l, ya no volv\u00eda y me regal\u00f3 la foto de OSTENTUM tr\u00edo, en la que me puso una dedicatoria muy emotiva atr\u00e1s. Bueno! parec\u00eda que all\u00ed se terminaba OSTENTUM, pero no iba a suceder de esa manera.<\/p>\n<p><a style=\"clear: right; float: right; margin-bottom: 1em; margin-left: 1em;\" href=\"http:\/\/3.bp.blogspot.com\/-IQeCgajrJ-I\/UIwuvRndFkI\/AAAAAAAADqo\/z-nga_SGJbs\/s1600\/1982+-+OSTENTUM+y+amigos.jpg\"><img loading=\"lazy\" decoding=\"async\" src=\"http:\/\/3.bp.blogspot.com\/-IQeCgajrJ-I\/UIwuvRndFkI\/AAAAAAAADqo\/z-nga_SGJbs\/s200\/1982+-+OSTENTUM+y+amigos.jpg\" alt=\"\" width=\"200\" height=\"143\" border=\"0\" \/><\/a>Antes de ir a la \u00faltima parte de la historia de OSTENTUM en Cipolletti. Fe de Erratas. Lu\u00eds Contreras y Carlos Calder\u00f3n hab\u00edan formado un grupo junto a <strong>Jorge Ciade<\/strong> y Horacio Soto <strong>\u00abMAMBA\u00bb.<\/strong> Luego de la separaci\u00f3n de esta banda y dado que Contreras y Calder\u00f3n quer\u00edan seguir tocando juntos, buscan a Montenegro y Tort para formar \u00abOSTENTUM\u00bb. Hecha la aclaraci\u00f3n -y vos de esto (Carlos) sab\u00e9s m\u00e1s que yo-, sigo con la \u00faltima parte de la historia.<\/p>\n<div style=\"text-align: justify;\" align=\"center\"><\/div>\n<div style=\"text-align: justify;\" align=\"center\"><strong>EL ESCENARIO GRANDE DEL ROCK<\/strong><\/div>\n<p style=\"text-align: justify;\"><a style=\"clear: left; float: left; margin-bottom: 1em; margin-right: 1em;\" href=\"http:\/\/3.bp.blogspot.com\/-OZeyBByHq-w\/UIwvnXN1h1I\/AAAAAAAADqw\/rUI9PWaLZjc\/s1600\/1982+-+OSTENTUM+-+Posando.jpg\"><img loading=\"lazy\" decoding=\"async\" src=\"http:\/\/3.bp.blogspot.com\/-OZeyBByHq-w\/UIwvnXN1h1I\/AAAAAAAADqw\/rUI9PWaLZjc\/s320\/1982+-+OSTENTUM+-+Posando.jpg\" alt=\"\" width=\"220\" height=\"320\" border=\"0\" \/><\/a>Luego del Recital de OSTENTUM en Roca la banda se separa y cada uno sigue por su lado. Yo como siempre con STYLO (a pesar de que mi cabeza iba cambiando y ya no estaba sintiendo la misma motivaci\u00f3n que antes con ellos). Nuevamente regresa Lu\u00eds Contreras y propone la reuni\u00f3n de la banda para tocar en \u00abZakoga\u00bb (Boliche grande de Cipolletti) donde se ven\u00edan haciendo recitales importantes tanto de grupos de Buenos Aires (Charly Garc\u00eda, Nito Mestre, Spinetta Jade) como tambi\u00e9n de grupos y solistas de la Zona. (Edgardo Cabrer, Carlos Emma, Guillermo Romero, Los Radios, La Campana, STYLO, METAL, Lu\u00eds Cide, Lu\u00eds Perego etc. etc.).<\/p>\n<p>Se organiza otro recital con la participaci\u00f3n de grupos de la zona y me proponen tocar con OSTENTUM y STYLO en el mismo recital. \u00a1BUEN\u00cfSIMO!; y \u00bfdonde vamos a ensayar?. Ah\u00ed, ni lerdo ni perezoso Carlos dice ensayemos las dos bandas en mi casa as\u00ed Nestor no tiene que andar moviendo la bata y ustedes los equipos.<\/p>\n<p>De esa forma me acuerdo los hermosos ensayos con mate de por medio. Tengo grabado ensayando con OSTENTUM y Claudio y Walter tomando mate o a la inversa. Eso s\u00ed siempre el grabador CROWN (que yo me compr\u00e9 uno muy parecido) captando los temas que flu\u00edan con todo el entusiasmo. Tengo que agradecer a Gladys, mi esposa, quien estuvo siempre presente acompa\u00f1\u00e1ndome, sacando fotos, apretando siempre en ya sabido \u00abPLAY-REC\u00bb para captar lo que suced\u00eda a cada instante.<br \/>\n<a style=\"clear: right; float: right; margin-bottom: 1em; margin-left: 1em;\" href=\"http:\/\/2.bp.blogspot.com\/-JqkGJutXZaQ\/UIwxNZmXSjI\/AAAAAAAADrI\/iQba8-sX04E\/s1600\/1982+-+OSTENTUM+-+con+2+bajistas.jpg\"><img loading=\"lazy\" decoding=\"async\" src=\"http:\/\/2.bp.blogspot.com\/-JqkGJutXZaQ\/UIwxNZmXSjI\/AAAAAAAADrI\/iQba8-sX04E\/s320\/1982+-+OSTENTUM+-+con+2+bajistas.jpg\" alt=\"\" width=\"320\" height=\"257\" border=\"0\" \/><\/a><br \/>\nY\u00a0as\u00ed llegamos a ese \u00abULTIMO RECITAL\u00bb que, creo, para m\u00ed fue la mejor presentaci\u00f3n de OSTENTUM. Ya se emanaba de los instrumentos algo s\u00f3lido, compacto, contundente, lleno de energ\u00eda y un lenguaje que solo nosotros sab\u00edamos comprender en nuestro interior.<\/p>\n<p>Yo sent\u00eda eso, el poder transmitir lo que realmente sent\u00eda a trav\u00e9s de mi cuerpo sobre el instrumento. \u00abMUCHAS GRACIAS CARLOS\u00bb el revivir todo esto me hace emocionar y a la vez agradecer el haberte conocido. Un abrazo grande grande grande.<\/p>\n<p>&nbsp;<\/p>\n<p>&nbsp;<\/p>\n<p>&nbsp;<\/p>\n<div id=\"attachment_5457\" style=\"width: 665px\" class=\"wp-caption aligncenter\"><a href=\"http:\/\/www.proyectoallen.com.ar\/3\/wp-content\/uploads\/2013\/11\/Nestor-y-..2.jpg\"><img loading=\"lazy\" decoding=\"async\" aria-describedby=\"caption-attachment-5457\" class=\" wp-image-5457 \" src=\"http:\/\/www.proyectoallen.com.ar\/3\/wp-content\/uploads\/2013\/11\/Nestor-y-..2-1024x793.jpg\" alt=\"Nestor y ..2\" width=\"655\" height=\"507\" srcset=\"https:\/\/www.proyectoallen.com.ar\/3\/wp-content\/uploads\/2013\/11\/Nestor-y-..2-1024x793.jpg 1024w, https:\/\/www.proyectoallen.com.ar\/3\/wp-content\/uploads\/2013\/11\/Nestor-y-..2-300x232.jpg 300w, https:\/\/www.proyectoallen.com.ar\/3\/wp-content\/uploads\/2013\/11\/Nestor-y-..2-250x193.jpg 250w, https:\/\/www.proyectoallen.com.ar\/3\/wp-content\/uploads\/2013\/11\/Nestor-y-..2.jpg 1600w\" sizes=\"auto, (max-width: 655px) 100vw, 655px\" \/><\/a><p id=\"caption-attachment-5457\" class=\"wp-caption-text\">Nestor Tort<\/p><\/div>\n<p>&nbsp;<\/p>\n<p style=\"text-align: center;\">[youtube P1qAHnc1Lms#t=12]<\/p>\n<p style=\"text-align: center;\">[youtube =9zjLqxodyZ8]<\/p>\n","protected":false},"excerpt":{"rendered":"<p>Transcripci\u00f3n de correo electr\u00f3nico recordando \u00abrocanrol\u00bb de treinta a\u00f1os atr\u00e1s en la Patagonia.\u00a0 N\u00e9stor Tort -m\u00fasico de Allen, R\u00edo Negro- al autor del Blog Rivadavia Mendoza Gracias N\u00e9stor Tort!<\/p>\n","protected":false},"author":2,"featured_media":0,"comment_status":"open","ping_status":"closed","sticky":false,"template":"","format":"standard","meta":{"ngg_post_thumbnail":0,"footnotes":""},"categories":[10,22],"tags":[],"class_list":["post-5453","post","type-post","status-publish","format-standard","hentry","category-musica","category-novedades"],"jetpack_featured_media_url":"","_links":{"self":[{"href":"https:\/\/www.proyectoallen.com.ar\/3\/index.php?rest_route=\/wp\/v2\/posts\/5453","targetHints":{"allow":["GET"]}}],"collection":[{"href":"https:\/\/www.proyectoallen.com.ar\/3\/index.php?rest_route=\/wp\/v2\/posts"}],"about":[{"href":"https:\/\/www.proyectoallen.com.ar\/3\/index.php?rest_route=\/wp\/v2\/types\/post"}],"author":[{"embeddable":true,"href":"https:\/\/www.proyectoallen.com.ar\/3\/index.php?rest_route=\/wp\/v2\/users\/2"}],"replies":[{"embeddable":true,"href":"https:\/\/www.proyectoallen.com.ar\/3\/index.php?rest_route=%2Fwp%2Fv2%2Fcomments&post=5453"}],"version-history":[{"count":6,"href":"https:\/\/www.proyectoallen.com.ar\/3\/index.php?rest_route=\/wp\/v2\/posts\/5453\/revisions"}],"predecessor-version":[{"id":5456,"href":"https:\/\/www.proyectoallen.com.ar\/3\/index.php?rest_route=\/wp\/v2\/posts\/5453\/revisions\/5456"}],"wp:attachment":[{"href":"https:\/\/www.proyectoallen.com.ar\/3\/index.php?rest_route=%2Fwp%2Fv2%2Fmedia&parent=5453"}],"wp:term":[{"taxonomy":"category","embeddable":true,"href":"https:\/\/www.proyectoallen.com.ar\/3\/index.php?rest_route=%2Fwp%2Fv2%2Fcategories&post=5453"},{"taxonomy":"post_tag","embeddable":true,"href":"https:\/\/www.proyectoallen.com.ar\/3\/index.php?rest_route=%2Fwp%2Fv2%2Ftags&post=5453"}],"curies":[{"name":"wp","href":"https:\/\/api.w.org\/{rel}","templated":true}]}}