{"id":5500,"date":"2013-11-18T21:45:52","date_gmt":"2013-11-18T21:45:52","guid":{"rendered":"http:\/\/www.proyectoallen.com.ar\/3\/?p=5500"},"modified":"2013-12-08T23:53:56","modified_gmt":"2013-12-08T23:53:56","slug":"pero-el-agua-sigue-siendo-el-origen-de-la-cuestion","status":"publish","type":"post","link":"https:\/\/www.proyectoallen.com.ar\/3\/?p=5500","title":{"rendered":"Pero el Agua, sigue siendo el origen de la cuesti\u00f3n"},"content":{"rendered":"<p style=\"text-align: justify;\"><em>\u00abPero el Agua, fue, sigue y seguir\u00e1 siendo el origen desde donde se desarrolla el fracking y la megaminer\u00eda hidrot\u00f3xica\u00bb. Eduardo D&#8217;El\u00eda. Correo de Elvio Mendioroz (Sanidarios de la Cuenca del lago Nahuel Huapi y los r\u00edos Negro, Nequeun y Limay).<!--more Seguir leyendo...--><\/em><\/p>\n<p style=\"text-align: justify;\">Pero el Agua, fue, sigue y seguir\u00e1 siendo el origen desde donde se desarrolla el fracking y la megaminer\u00eda hidrot\u00f3xica.<\/p>\n<p>Y si no te doy Agua, no ten\u00e9s fracking, ni megaminer\u00eda hidrot\u00f3xica. Entonces, apropi\u00e9monos del Agua.<\/p>\n<p>Si bien tal como bien nos dice Eduardo el riesgo de fracturar el piso de las napas subterr\u00e1neas es el mayor problema del fracking, toda esta cuesti\u00f3n tiene un origen absurdo, irracional e involutico que es la provisi\u00f3n de Agua para el fracking.<\/p>\n<p>Y si bien saben las petroleras y el gobierno que el uso de Agua para fracking se practica desde hace ya mucho tiempo; el uso de Agua, su contaminaci\u00f3n y riesgo de contaminaci\u00f3n peramanente es un tema nuevo para la sociedad, y eso es lo inviable ahora sabido, y ese es nuestro principal argumento para detener esta barbaridad.<\/p>\n<p>Vayamos a favor del Agua que en contra del fracking.<\/p>\n<p>Apropi\u00e9monos del Agua. Movilicemonos a su favor desde cada ciudadano; con los Concejos Deliberantes aleda\u00f1os a cada cuenca como eje aliado de organizaci\u00f3n; acudamos a la Justicia en la redacci\u00f3n de un Amparo Colectivo al Agua supeditando su Valor Natural como Esencia de Vida.<\/p>\n<p>Resignar Agua por petr\u00f3leo es absurdo e involutivo; y cada ciuadadano as\u00ed lo reconocer\u00e1.<\/p>\n<p>Vayamos a favor del Agua que en contra del fracking, nos ser\u00e1 mas l\u00f3gico, mas integrador, pr\u00e1ctico y conducente.<\/p>\n<p>El Agua es de La Vida, y para La Vida, y n\u00f3 m\u00e1s.<\/p>\n<p>Un Abrazo &#8211; Elvio &#8211; Carmen de Patagones<\/p>\n<p style=\"text-align: center;\"><a href=\"http:\/\/www.proyectoallen.com.ar\/3\/wp-content\/uploads\/2013\/11\/imagen_006_2.jpg\"><img loading=\"lazy\" decoding=\"async\" class=\"aligncenter  wp-image-5501\" alt=\"imagen_006_2\" src=\"http:\/\/www.proyectoallen.com.ar\/3\/wp-content\/uploads\/2013\/11\/imagen_006_2-1024x661.jpg\" width=\"614\" height=\"397\" srcset=\"https:\/\/www.proyectoallen.com.ar\/3\/wp-content\/uploads\/2013\/11\/imagen_006_2-1024x661.jpg 1024w, https:\/\/www.proyectoallen.com.ar\/3\/wp-content\/uploads\/2013\/11\/imagen_006_2-300x193.jpg 300w, https:\/\/www.proyectoallen.com.ar\/3\/wp-content\/uploads\/2013\/11\/imagen_006_2-250x161.jpg 250w, https:\/\/www.proyectoallen.com.ar\/3\/wp-content\/uploads\/2013\/11\/imagen_006_2.jpg 1762w\" sizes=\"auto, (max-width: 614px) 100vw, 614px\" \/><\/a><\/p>\n<h4 style=\"text-align: justify;\">Algo m\u00e1s&#8230;<\/h4>\n<p style=\"text-align: justify;\"><strong><em>DE LA SERIE NEUQUEN RIO IMPETUOSO, PRESENTAMOS EL PRIMER DOCUMENTAL ARGENTINO SOBRE LA EXPLOTACION NO CONVENCIONAL DE PETR\u00d3LEO Y GAS: \u00abHidrofractura: El agua, el aire, la tierra&#8230; la muerte\u00bb. <\/em><\/strong><br \/>\n<strong><em>Realizado por Mat\u00edas Est\u00e9vez, producido en TVC Neuqu\u00e9n por la Asociaci\u00f3n Trabajadores del Estado con el apoyo de SOTERMUN, ONG de l uni\u00f3n Sindical Obrera de Espa\u00f1a y el gobierno del Principado de Asturias.<\/em><\/strong><br \/>\n<strong><em>CONTACTO: matiasestevez@gmail.com \/ Tel. (0299) 154-566-120<\/em><\/strong><\/p>\n<p style=\"text-align: center;\">[youtube Ru9-pQVfGKo]<\/p>\n","protected":false},"excerpt":{"rendered":"<p>\u00abPero el Agua, fue, sigue y seguir\u00e1 siendo el origen desde donde se desarrolla el fracking y la megaminer\u00eda hidrot\u00f3xica\u00bb. Eduardo D&#8217;El\u00eda. Correo de Elvio Mendioroz (Sanidarios de la Cuenca del lago Nahuel Huapi&#46;&#46;&#46;<\/p>\n","protected":false},"author":2,"featured_media":0,"comment_status":"open","ping_status":"closed","sticky":false,"template":"","format":"standard","meta":{"ngg_post_thumbnail":0,"footnotes":""},"categories":[24],"tags":[],"class_list":["post-5500","post","type-post","status-publish","format-standard","hentry","category-no-al-fracking-en-allen"],"jetpack_featured_media_url":"","_links":{"self":[{"href":"https:\/\/www.proyectoallen.com.ar\/3\/index.php?rest_route=\/wp\/v2\/posts\/5500","targetHints":{"allow":["GET"]}}],"collection":[{"href":"https:\/\/www.proyectoallen.com.ar\/3\/index.php?rest_route=\/wp\/v2\/posts"}],"about":[{"href":"https:\/\/www.proyectoallen.com.ar\/3\/index.php?rest_route=\/wp\/v2\/types\/post"}],"author":[{"embeddable":true,"href":"https:\/\/www.proyectoallen.com.ar\/3\/index.php?rest_route=\/wp\/v2\/users\/2"}],"replies":[{"embeddable":true,"href":"https:\/\/www.proyectoallen.com.ar\/3\/index.php?rest_route=%2Fwp%2Fv2%2Fcomments&post=5500"}],"version-history":[{"count":2,"href":"https:\/\/www.proyectoallen.com.ar\/3\/index.php?rest_route=\/wp\/v2\/posts\/5500\/revisions"}],"predecessor-version":[{"id":5503,"href":"https:\/\/www.proyectoallen.com.ar\/3\/index.php?rest_route=\/wp\/v2\/posts\/5500\/revisions\/5503"}],"wp:attachment":[{"href":"https:\/\/www.proyectoallen.com.ar\/3\/index.php?rest_route=%2Fwp%2Fv2%2Fmedia&parent=5500"}],"wp:term":[{"taxonomy":"category","embeddable":true,"href":"https:\/\/www.proyectoallen.com.ar\/3\/index.php?rest_route=%2Fwp%2Fv2%2Fcategories&post=5500"},{"taxonomy":"post_tag","embeddable":true,"href":"https:\/\/www.proyectoallen.com.ar\/3\/index.php?rest_route=%2Fwp%2Fv2%2Ftags&post=5500"}],"curies":[{"name":"wp","href":"https:\/\/api.w.org\/{rel}","templated":true}]}}