{"id":5592,"date":"2013-11-26T00:49:03","date_gmt":"2013-11-26T00:49:03","guid":{"rendered":"http:\/\/www.proyectoallen.com.ar\/3\/?p=5592"},"modified":"2013-11-26T00:50:02","modified_gmt":"2013-11-26T00:50:02","slug":"salvus-almacen-naturista","status":"publish","type":"post","link":"https:\/\/www.proyectoallen.com.ar\/3\/?p=5592","title":{"rendered":"SALVUS, almac\u00e9n naturista"},"content":{"rendered":"<p style=\"text-align: justify;\">SALVUS, almac\u00e9n naturista es un espacio creado para los que optan por una vida mas sana y equilibrada.\u00a0 Allen tuvo algunos almacenes, muchos recuerdan aquel abierto por M\u00f3nica Rostoll sobre la calle Tom\u00e1s Orell. <!--more Seguir leyendo...--><\/p>\n<p style=\"text-align: center;\"><a href=\"http:\/\/www.proyectoallen.com.ar\/3\/wp-content\/uploads\/2013\/11\/907315_10201679617946477_280559336_n.jpg\"><img loading=\"lazy\" decoding=\"async\" class=\"aligncenter  wp-image-5593\" alt=\"907315_10201679617946477_280559336_n\" src=\"http:\/\/www.proyectoallen.com.ar\/3\/wp-content\/uploads\/2013\/11\/907315_10201679617946477_280559336_n.jpg\" width=\"576\" height=\"349\" srcset=\"https:\/\/www.proyectoallen.com.ar\/3\/wp-content\/uploads\/2013\/11\/907315_10201679617946477_280559336_n.jpg 960w, https:\/\/www.proyectoallen.com.ar\/3\/wp-content\/uploads\/2013\/11\/907315_10201679617946477_280559336_n-300x181.jpg 300w, https:\/\/www.proyectoallen.com.ar\/3\/wp-content\/uploads\/2013\/11\/907315_10201679617946477_280559336_n-250x151.jpg 250w\" sizes=\"auto, (max-width: 576px) 100vw, 576px\" \/><\/a><\/p>\n<p style=\"text-align: justify;\">SALVUS es atendido por Mariana Malacarne, quie est\u00e1 convencida de que alimentarse saludablemente es una elecci\u00f3n que hacen aquellos que buscan vivir mejor.<\/p>\n<p style=\"text-align: justify;\">Esta ubicado en Don Bosco 214, enfrente de la Iglesia Santa Catalina, all\u00ed podr\u00e1s encontrar una variada gama de productos fitoterap\u00e9uticos, suplementos diet\u00e9ticos y deportivos, cosm\u00e9tica natural, productos naturales y org\u00e1nicos, asi como harinas y cereales integrales, alimentos para celiacos y diab\u00e9ticos, productos gourmet y asi\u00e1ticos&#8230;\u00a0 y todo lo necesario para que cuides tu salud y la de los tuyos.<\/p>\n<p style=\"text-align: justify;\">Mariana nos cuenta que, como llega el verano y muchos buscan bajar esos kilos que nos dej\u00f3 el invierno, existen formas de hacerlo natural y sin complicaciones para la salud, \u00abcomo los granos o el extracto de CAF\u00c9 VERDE que te ayudaran a perder peso y sentir saciedad\u00bb.<\/p>\n<p style=\"text-align: justify;\">Pas\u00e1 a conocer Salvus, te vas a sorprender.<\/p>\n<p style=\"text-align: justify;\"><a href=\"http:\/\/www.proyectoallen.com.ar\/3\/wp-content\/uploads\/2013\/11\/Habitos-de-Alimentacion-Saludable.jpg\"><img loading=\"lazy\" decoding=\"async\" class=\"aligncenter size-full wp-image-5594\" alt=\"Habitos-de-Alimentacion-Saludable\" src=\"http:\/\/www.proyectoallen.com.ar\/3\/wp-content\/uploads\/2013\/11\/Habitos-de-Alimentacion-Saludable.jpg\" width=\"750\" height=\"639\" srcset=\"https:\/\/www.proyectoallen.com.ar\/3\/wp-content\/uploads\/2013\/11\/Habitos-de-Alimentacion-Saludable.jpg 750w, https:\/\/www.proyectoallen.com.ar\/3\/wp-content\/uploads\/2013\/11\/Habitos-de-Alimentacion-Saludable-300x255.jpg 300w, https:\/\/www.proyectoallen.com.ar\/3\/wp-content\/uploads\/2013\/11\/Habitos-de-Alimentacion-Saludable-250x213.jpg 250w\" sizes=\"auto, (max-width: 750px) 100vw, 750px\" \/><\/a><\/p>\n<h4 style=\"text-align: justify;\"><\/h4>\n<h4 style=\"text-align: justify;\"><strong>Algo m\u00e1s&#8230;<\/strong><\/h4>\n<p style=\"text-align: justify;\">\u00bfSab\u00edas que Argentina es el pa\u00eds en el que m\u00e1s antidepresivos se consumen?<\/p>\n<p style=\"text-align: justify;\">\u00abActualmente, el Prozac es el medicamento que m\u00e1s se vende en el mundo\u00bb, expres\u00f3 Jaime Moguilevsky, decano de posgrado de la Universidad Favaloro e investigador del Conicet. <span id=\"cuerponoticia_lbldescripcion\">El especialista mencion\u00f3 que alrededor del 50% de la poblaci\u00f3n toma alg\u00fan tipo de psicof\u00e1rmaco, pero no s\u00f3lo eso, sino que cada vez lo hacen desde m\u00e1s j\u00f3venes y algunos hasta lo mezclan con alcohol. Esto se explica porque la mente regula el funcionamiento de los distintos sistemas del organismo, como el inmunitario, el endocrino y el digestivo. Pero, tambi\u00e9n, el comportamiento, las conductas y las emociones. <\/span><\/p>\n<p style=\"text-align: center;\">Soluciones naturales:<\/p>\n<p style=\"text-align: center;\"><a href=\"http:\/\/www.alimentacion-sana.org\/informaciones\/novedades\/depre.htm\">Hierbas contra la depresi\u00f3n<\/a><\/p>\n<p style=\"text-align: center;\"><a href=\"http:\/\/www.psicologiazen.com.ar\/2010\/11\/8-remedios-naturales-para-la-depresion.html\">8 remedios naturales para la depresi\u00f3n<\/a><\/p>\n<p style=\"text-align: justify;\"><a href=\"http:\/\/www.proyectoallen.com.ar\/3\/wp-content\/uploads\/2013\/11\/563934_464240340262565_926388402_n.jpg\"><img loading=\"lazy\" decoding=\"async\" class=\"aligncenter size-full wp-image-5595\" alt=\"563934_464240340262565_926388402_n\" src=\"http:\/\/www.proyectoallen.com.ar\/3\/wp-content\/uploads\/2013\/11\/563934_464240340262565_926388402_n.jpg\" width=\"373\" height=\"480\" srcset=\"https:\/\/www.proyectoallen.com.ar\/3\/wp-content\/uploads\/2013\/11\/563934_464240340262565_926388402_n.jpg 373w, https:\/\/www.proyectoallen.com.ar\/3\/wp-content\/uploads\/2013\/11\/563934_464240340262565_926388402_n-233x300.jpg 233w, https:\/\/www.proyectoallen.com.ar\/3\/wp-content\/uploads\/2013\/11\/563934_464240340262565_926388402_n-250x321.jpg 250w\" sizes=\"auto, (max-width: 373px) 100vw, 373px\" \/><\/a><\/p>\n","protected":false},"excerpt":{"rendered":"<p>SALVUS, almac\u00e9n naturista es un espacio creado para los que optan por una vida mas sana y equilibrada.\u00a0 Allen tuvo algunos almacenes, muchos recuerdan aquel abierto por M\u00f3nica Rostoll sobre la calle Tom\u00e1s Orell.<\/p>\n","protected":false},"author":2,"featured_media":0,"comment_status":"open","ping_status":"closed","sticky":false,"template":"","format":"standard","meta":{"ngg_post_thumbnail":0,"footnotes":""},"categories":[11],"tags":[],"class_list":["post-5592","post","type-post","status-publish","format-standard","hentry","category-algoparadecir"],"jetpack_featured_media_url":"","_links":{"self":[{"href":"https:\/\/www.proyectoallen.com.ar\/3\/index.php?rest_route=\/wp\/v2\/posts\/5592","targetHints":{"allow":["GET"]}}],"collection":[{"href":"https:\/\/www.proyectoallen.com.ar\/3\/index.php?rest_route=\/wp\/v2\/posts"}],"about":[{"href":"https:\/\/www.proyectoallen.com.ar\/3\/index.php?rest_route=\/wp\/v2\/types\/post"}],"author":[{"embeddable":true,"href":"https:\/\/www.proyectoallen.com.ar\/3\/index.php?rest_route=\/wp\/v2\/users\/2"}],"replies":[{"embeddable":true,"href":"https:\/\/www.proyectoallen.com.ar\/3\/index.php?rest_route=%2Fwp%2Fv2%2Fcomments&post=5592"}],"version-history":[{"count":2,"href":"https:\/\/www.proyectoallen.com.ar\/3\/index.php?rest_route=\/wp\/v2\/posts\/5592\/revisions"}],"predecessor-version":[{"id":5597,"href":"https:\/\/www.proyectoallen.com.ar\/3\/index.php?rest_route=\/wp\/v2\/posts\/5592\/revisions\/5597"}],"wp:attachment":[{"href":"https:\/\/www.proyectoallen.com.ar\/3\/index.php?rest_route=%2Fwp%2Fv2%2Fmedia&parent=5592"}],"wp:term":[{"taxonomy":"category","embeddable":true,"href":"https:\/\/www.proyectoallen.com.ar\/3\/index.php?rest_route=%2Fwp%2Fv2%2Fcategories&post=5592"},{"taxonomy":"post_tag","embeddable":true,"href":"https:\/\/www.proyectoallen.com.ar\/3\/index.php?rest_route=%2Fwp%2Fv2%2Ftags&post=5592"}],"curies":[{"name":"wp","href":"https:\/\/api.w.org\/{rel}","templated":true}]}}