{"id":58,"date":"2011-12-28T22:22:06","date_gmt":"2011-12-28T22:22:06","guid":{"rendered":"http:\/\/192.168.1.102\/?p=58"},"modified":"2012-05-19T19:50:39","modified_gmt":"2012-05-19T19:50:39","slug":"casillas-del-ferrocarril","status":"publish","type":"post","link":"https:\/\/www.proyectoallen.com.ar\/3\/?p=58","title":{"rendered":"Casillas del ferrocarril"},"content":{"rendered":"<p style=\"text-align: justify;\"><em>El 6 de julio de 2008 la Secretar\u00eda de Obras y Servicios P\u00fablicos retir\u00f3 una de las tres casillas que hab\u00edan servido de obrador durante la construcci\u00f3n de la estaci\u00f3n del ferrocarril y pretend\u00edan luego llevarse tambi\u00e9n las dos restantes. La medida no ten\u00eda fines claros pero, seg\u00fan algunos medios locales, presuntamente iban a ser utilizadas en obras de construcci\u00f3n. Este desinter\u00e9s por el patrimonio hist\u00f3rico de la ciudad gener\u00f3 una respuesta de los ciudadanos e instituciones locales:<\/em><!--more--><br \/>\n\u201cNo fueron pocas las voces que se alzaron contra la determinaci\u00f3n, por considerarla un atropello contra dos elementos declarados de patrimonio hist\u00f3rico de la ciudad. Quien record\u00f3 que la existencia de la declaraci\u00f3n municipal 016\/03 fue el vecino Walter Ludue\u00f1a. All\u00ed, adem\u00e1s de la menci\u00f3n hist\u00f3rica para su resguardo, se las integra al \u00e1rea del espacio verde del Parque Aer\u00f3bico municipal. Adem\u00e1s, se solicita al Poder Ejecutivo que se las destine exclusivamente para uso cultural y educativo (\u2026) Se conoci\u00f3 tambi\u00e9n que la Asociaci\u00f3n Museo Municipal de Allen tambi\u00e9n plante\u00f3 por nota su queja ante la inconsulta medida y otras organizaciones estar\u00edan analizando realizar una petici\u00f3n similar. Aunque a\u00fan se desconoce cu\u00e1l ser\u00e1 la respuesta del intendente, trascendi\u00f3 que acceder\u00eda a resguardar los hist\u00f3ricos bienes\u00bb<\/p>\n<p>Diego Silvera \u2013 <a href=\"www.ciudaddeallen.com.ar\">www.ciudaddeallen.com.ar<\/a><\/p>\n<p>&nbsp;<\/p>\n<div id=\"attachment_60\" style=\"width: 366px\" class=\"wp-caption aligncenter\"><a href=\"http:\/\/proyectoallen.com.ar\/3\/wp-content\/uploads\/2011\/12\/casilla-Medium.jpg\"><img loading=\"lazy\" decoding=\"async\" aria-describedby=\"caption-attachment-60\" class=\" wp-image-60  \" src=\"http:\/\/proyectoallen.com.ar\/3\/wp-content\/uploads\/2011\/12\/casilla-Medium.jpg\" alt=\"\" width=\"356\" height=\"538\" \/><\/a><p id=\"caption-attachment-60\" class=\"wp-caption-text\">Casilla del Ferrocarril a\u00f1os 90<\/p><\/div>\n<p>&nbsp;<\/p>\n<p style=\"text-align: justify;\">\u00bfQu\u00e9 pas\u00f3 despu\u00e9s?<\/p>\n<p style=\"text-align: justify;\">El Museo de Allen logr\u00f3 la recuperaci\u00f3n de una de las antiguas casillas donde habitaron quienes construyeron la vieja estaci\u00f3n del ferrocarril. Estaba bajo la custodia y resguardo de miembros de las cooperativas de viviendas El Tr\u00e9bol y La Esperanza, quienes la usaron como obrador mientras construyeron sus casas, en el barrio Tiro Federal.<\/p>\n<p style=\"text-align: justify;\">Hasta all\u00ed fue el presidente del Museo, Lorenzo Brevi, para iniciar el traslado hacia el Parque Hist\u00f3rico de la instituci\u00f3n, donde fue colocada el martes pasado.<\/p>\n<p style=\"text-align: justify;\">El transporte de la casilla hacia el Museo fue posible gracias a la desinteresada colaboraci\u00f3n de Hugo Mart\u00edn (Control SRL), quien prest\u00f3 uno de sus veh\u00edculos junto al carret\u00f3n; a Rom\u00e1n Paucara, quien facilit\u00f3 los dos autoelevadores que se usaron; a los maquinistas que pusieron la mejor predisposici\u00f3n para efectuar la tarea; a Cristopher Sol\u00eds y a Jos\u00e9 Luis S\u00e1nchez, un incansable y recurrente colaborador. Tambi\u00e9n queremos destacar la preocupaci\u00f3n y el cuidado demostrado por los integrantes de las cooperativas que utilizaron la casilla por m\u00e1s de dos a\u00f1os, especialmente a Norma.<\/p>\n<p style=\"text-align: left;\">Informaci\u00f3n de: <a href=\"http:\/\/www.museodeallen.com.ar\/2011\/06\/el-museo-recupero-una-de-las.html\">Museo Municipal de Allen<\/a><\/p>\n","protected":false},"excerpt":{"rendered":"<p>El 6 de julio de 2008 la Secretar\u00eda de Obras y Servicios P\u00fablicos retir\u00f3 una de las tres casillas que hab\u00edan servido de obrador durante la construcci\u00f3n de la estaci\u00f3n del ferrocarril y pretend\u00edan&#46;&#46;&#46;<\/p>\n","protected":false},"author":1,"featured_media":0,"comment_status":"open","ping_status":"open","sticky":false,"template":"","format":"standard","meta":{"ngg_post_thumbnail":0,"footnotes":""},"categories":[13],"tags":[],"class_list":["post-58","post","type-post","status-publish","format-standard","hentry","category-unpocodehistoria"],"jetpack_featured_media_url":"","_links":{"self":[{"href":"https:\/\/www.proyectoallen.com.ar\/3\/index.php?rest_route=\/wp\/v2\/posts\/58","targetHints":{"allow":["GET"]}}],"collection":[{"href":"https:\/\/www.proyectoallen.com.ar\/3\/index.php?rest_route=\/wp\/v2\/posts"}],"about":[{"href":"https:\/\/www.proyectoallen.com.ar\/3\/index.php?rest_route=\/wp\/v2\/types\/post"}],"author":[{"embeddable":true,"href":"https:\/\/www.proyectoallen.com.ar\/3\/index.php?rest_route=\/wp\/v2\/users\/1"}],"replies":[{"embeddable":true,"href":"https:\/\/www.proyectoallen.com.ar\/3\/index.php?rest_route=%2Fwp%2Fv2%2Fcomments&post=58"}],"version-history":[{"count":3,"href":"https:\/\/www.proyectoallen.com.ar\/3\/index.php?rest_route=\/wp\/v2\/posts\/58\/revisions"}],"predecessor-version":[{"id":1654,"href":"https:\/\/www.proyectoallen.com.ar\/3\/index.php?rest_route=\/wp\/v2\/posts\/58\/revisions\/1654"}],"wp:attachment":[{"href":"https:\/\/www.proyectoallen.com.ar\/3\/index.php?rest_route=%2Fwp%2Fv2%2Fmedia&parent=58"}],"wp:term":[{"taxonomy":"category","embeddable":true,"href":"https:\/\/www.proyectoallen.com.ar\/3\/index.php?rest_route=%2Fwp%2Fv2%2Fcategories&post=58"},{"taxonomy":"post_tag","embeddable":true,"href":"https:\/\/www.proyectoallen.com.ar\/3\/index.php?rest_route=%2Fwp%2Fv2%2Ftags&post=58"}],"curies":[{"name":"wp","href":"https:\/\/api.w.org\/{rel}","templated":true}]}}