{"id":5821,"date":"2014-01-27T22:09:51","date_gmt":"2014-01-27T22:09:51","guid":{"rendered":"http:\/\/www.proyectoallen.com.ar\/3\/?p=5821"},"modified":"2014-06-25T21:19:49","modified_gmt":"2014-06-25T21:19:49","slug":"los-afiches-cuentan-la-historia","status":"publish","type":"post","link":"https:\/\/www.proyectoallen.com.ar\/3\/?p=5821","title":{"rendered":"Los afiches cuentan la historia"},"content":{"rendered":"<p style=\"text-align: justify;\"><em>Su abuelo Pascual fabricaba m\u00e1quinas de empaque.M\u00f3nica Santamar\u00eda tiene una colecci\u00f3n de 500 ejemplares. <a href=\"http:\/\/www.rionegro.com.ar\/diario\/los-afiches-cuentan-la-historia-1467368-50361-notas_aniversario.aspx\">Diario R\u00edo Negro<\/a>.<!--more Seguir leyendo...--><a href=\"http:\/\/www.proyectoallen.com.ar\/3\/wp-content\/uploads\/2014\/01\/7.jpg\"><img loading=\"lazy\" decoding=\"async\" class=\"aligncenter size-full wp-image-5822\" alt=\"ag allen suple pera nota a coleccionista de afiches.\" src=\"http:\/\/www.proyectoallen.com.ar\/3\/wp-content\/uploads\/2014\/01\/7.jpg\" width=\"750\" height=\"498\" srcset=\"https:\/\/www.proyectoallen.com.ar\/3\/wp-content\/uploads\/2014\/01\/7.jpg 750w, https:\/\/www.proyectoallen.com.ar\/3\/wp-content\/uploads\/2014\/01\/7-300x199.jpg 300w, https:\/\/www.proyectoallen.com.ar\/3\/wp-content\/uploads\/2014\/01\/7-250x166.jpg 250w\" sizes=\"auto, (max-width: 750px) 100vw, 750px\" \/><\/a><\/em><\/p>\n<p style=\"text-align: justify;\"><em>Convertirse en un coleccionista es un proceso que puede llevar toda una vida. Requiere de mucha paciencia y minuciosidad. Y el resultado, las colecciones, trascienden a las personas y a los tiempos, cuenta historias que muchas veces no est\u00e1n escritas en ning\u00fan libro.<\/em><\/p>\n<div id=\"attachment_5824\" style=\"width: 446px\" class=\"wp-caption aligncenter\"><a href=\"http:\/\/www.proyectoallen.com.ar\/3\/wp-content\/uploads\/2014\/01\/25-mayo-1965-Large.jpg\"><img loading=\"lazy\" decoding=\"async\" aria-describedby=\"caption-attachment-5824\" class=\"size-large wp-image-5824\" title=\"Diario R\u00edo Negro 25 mayo 1965\" alt=\"Diario R\u00edo Negro 25 mayo 1965\" src=\"http:\/\/www.proyectoallen.com.ar\/3\/wp-content\/uploads\/2014\/01\/25-mayo-1965-Large-436x1024.jpg\" width=\"436\" height=\"1024\" srcset=\"https:\/\/www.proyectoallen.com.ar\/3\/wp-content\/uploads\/2014\/01\/25-mayo-1965-Large-436x1024.jpg 436w, https:\/\/www.proyectoallen.com.ar\/3\/wp-content\/uploads\/2014\/01\/25-mayo-1965-Large-250x586.jpg 250w, https:\/\/www.proyectoallen.com.ar\/3\/wp-content\/uploads\/2014\/01\/25-mayo-1965-Large.jpg 818w\" sizes=\"auto, (max-width: 436px) 100vw, 436px\" \/><\/a><p id=\"caption-attachment-5824\" class=\"wp-caption-text\">Diario R\u00edo Negro 25 mayo 1965<\/p><\/div>\n<p>&nbsp;<\/p>\n<p style=\"text-align: justify;\">Cuando M\u00f3nica Santamar\u00eda recibi\u00f3 el primer afiche frut\u00edcola era apenas una ni\u00f1a. Su abuelo, Pascual Santamar\u00eda, fue uno de los pioneros del Valle en fabricar m\u00e1quinas para empaques y justamente por esa actividad (que tambi\u00e9n desarrollaba su padre) buena parte de su infancia transcurri\u00f3 en galpones donde se trabajaba la fruta, entre las clasificadoras que llevaban la marca familiar \u00abClasifrut\u00bb.<\/p>\n<p>&nbsp;<\/p>\n<div id=\"attachment_5823\" style=\"width: 662px\" class=\"wp-caption aligncenter\"><a href=\"http:\/\/www.proyectoallen.com.ar\/3\/wp-content\/uploads\/2014\/01\/582189_370987699641399_1160155281_n-Medium.jpg\"><img loading=\"lazy\" decoding=\"async\" aria-describedby=\"caption-attachment-5823\" class=\"size-large wp-image-5823\" alt=\"582189_370987699641399_1160155281_n (Medium)\" src=\"http:\/\/www.proyectoallen.com.ar\/3\/wp-content\/uploads\/2014\/01\/582189_370987699641399_1160155281_n-Medium-652x1024.jpg\" width=\"652\" height=\"1024\" srcset=\"https:\/\/www.proyectoallen.com.ar\/3\/wp-content\/uploads\/2014\/01\/582189_370987699641399_1160155281_n-Medium-652x1024.jpg 652w, https:\/\/www.proyectoallen.com.ar\/3\/wp-content\/uploads\/2014\/01\/582189_370987699641399_1160155281_n-Medium-191x300.jpg 191w, https:\/\/www.proyectoallen.com.ar\/3\/wp-content\/uploads\/2014\/01\/582189_370987699641399_1160155281_n-Medium-250x392.jpg 250w, https:\/\/www.proyectoallen.com.ar\/3\/wp-content\/uploads\/2014\/01\/582189_370987699641399_1160155281_n-Medium.jpg 768w\" sizes=\"auto, (max-width: 652px) 100vw, 652px\" \/><\/a><p id=\"caption-attachment-5823\" class=\"wp-caption-text\">Im\u00e1gen enviada por Mavis Soriano<\/p><\/div>\n<p>\u00abAcompa\u00f1aba a mi pap\u00e1 y en cada galp\u00f3n al que \u00e9l iba a armar o a reparar una m\u00e1quina yo ped\u00eda alg\u00fan afiche\u00bb, recuerda M\u00f3nica.<\/p>\n<p>De esa manera, casi sin proyectarlo y con la inocencia de una ni\u00f1a atrapada por las coloridas ilustraciones y los llamativos dise\u00f1os de la d\u00e9cada del 60, la colecci\u00f3n de afiches frut\u00edcolas de M\u00f3nica reuni\u00f3 las primeras piezas.<\/p>\n<p>Los a\u00f1os fueron pasando y la caja en la que guardaba los afiches de peras y manzanas cada vez fue m\u00e1s pesada. \u00abEsos afiches me llamaban mucho la atenci\u00f3n, eran personalizados y ten\u00edan im\u00e1genes de chicas, ni\u00f1os y animales. Cada galp\u00f3n ten\u00eda su afiche que se distingu\u00eda del resto\u00bb, relata M\u00f3nica.<\/p>\n<p style=\"text-align: justify;\"><em><a href=\"http:\/\/www.proyectoallen.com.ar\/3\/wp-content\/uploads\/2014\/01\/1-3.jpg\"><img loading=\"lazy\" decoding=\"async\" class=\"aligncenter size-full wp-image-5825\" alt=\"ag allen suple pera nota a coleccionista de afiches.\" src=\"http:\/\/www.proyectoallen.com.ar\/3\/wp-content\/uploads\/2014\/01\/1-3.jpg\" width=\"750\" height=\"498\" srcset=\"https:\/\/www.proyectoallen.com.ar\/3\/wp-content\/uploads\/2014\/01\/1-3.jpg 750w, https:\/\/www.proyectoallen.com.ar\/3\/wp-content\/uploads\/2014\/01\/1-3-300x199.jpg 300w, https:\/\/www.proyectoallen.com.ar\/3\/wp-content\/uploads\/2014\/01\/1-3-250x166.jpg 250w\" sizes=\"auto, (max-width: 750px) 100vw, 750px\" \/><\/a><\/em><\/p>\n<p>El color de los afiches tambi\u00e9n ten\u00eda un significado. Los rojos correspond\u00edan a la fruta de mercado interno y los verdes a la de exportaci\u00f3n. Sanz Mza, Vallegraf Roca, S. Schubaroff y Lito Calle &amp; Vola eran quienes de encargaban de dise\u00f1ar e imprimir los afiches que terminaban pegados en las jaulitas de fruta.<\/p>\n<p>En la actualidad la colecci\u00f3n de M\u00f3nica est\u00e1 compuesta por unos 500 afiches que pertenecieron diferentes empresas frut\u00edcolas de la regi\u00f3n, y que ya fueron expuestos en un par de fiestas.<\/p>\n<p style=\"text-align: justify;\"><em><a href=\"http:\/\/www.proyectoallen.com.ar\/3\/wp-content\/uploads\/2014\/01\/2-2.jpg\"><img loading=\"lazy\" decoding=\"async\" class=\"aligncenter size-full wp-image-5826\" alt=\"ag allen suple pera nota a coleccionista de afiches.\" src=\"http:\/\/www.proyectoallen.com.ar\/3\/wp-content\/uploads\/2014\/01\/2-2.jpg\" width=\"750\" height=\"498\" srcset=\"https:\/\/www.proyectoallen.com.ar\/3\/wp-content\/uploads\/2014\/01\/2-2.jpg 750w, https:\/\/www.proyectoallen.com.ar\/3\/wp-content\/uploads\/2014\/01\/2-2-300x199.jpg 300w, https:\/\/www.proyectoallen.com.ar\/3\/wp-content\/uploads\/2014\/01\/2-2-250x166.jpg 250w\" sizes=\"auto, (max-width: 750px) 100vw, 750px\" \/><\/a><\/em><\/p>\n<p>\u00abAlgunas personas me regalaron m\u00e1s afiches y otras me pidieron si yo les pod\u00eda entregar aunque sea uno porque hab\u00edan cerrado el galp\u00f3n y se hab\u00edan quedado sin sus propios afiches\u00bb, explica.<\/p>\n<p>Su colecci\u00f3n ofrece un testimonio hist\u00f3rico de los galpones y las marcas que en la \u00e9poca de auge de la fruticultura del Valle, produjeron peras y manzanas para los diferentes mercados.<\/p>\n<p style=\"text-align: justify;\"><em><a href=\"http:\/\/www.proyectoallen.com.ar\/3\/wp-content\/uploads\/2014\/01\/3-3.jpg\"><img loading=\"lazy\" decoding=\"async\" class=\"aligncenter size-full wp-image-5827\" alt=\"ag allen suple pera nota a coleccionista de afiches.\" src=\"http:\/\/www.proyectoallen.com.ar\/3\/wp-content\/uploads\/2014\/01\/3-3.jpg\" width=\"750\" height=\"498\" srcset=\"https:\/\/www.proyectoallen.com.ar\/3\/wp-content\/uploads\/2014\/01\/3-3.jpg 750w, https:\/\/www.proyectoallen.com.ar\/3\/wp-content\/uploads\/2014\/01\/3-3-300x199.jpg 300w, https:\/\/www.proyectoallen.com.ar\/3\/wp-content\/uploads\/2014\/01\/3-3-250x166.jpg 250w\" sizes=\"auto, (max-width: 750px) 100vw, 750px\" \/><\/a><\/em><\/p>\n<p>\u00abLo m\u00e1s lindo de compartir los afiches es escuchar los comentarios que se generan cuando la gente hace memoria y se acuerda de las marcas. Y hasta algunos de acuerdan de determinados fruteros que ven\u00edan desde Buenos Aires y se iban sin pagar la fruta\u00bb, agrega esta mujer coleccionista.<\/p>\n<p><a href=\"http:\/\/www.proyectoallen.com.ar\/3\/wp-content\/uploads\/2014\/01\/4-3.jpg\"><img loading=\"lazy\" decoding=\"async\" class=\"aligncenter size-full wp-image-5828\" alt=\"ag allen suple pera nota a coleccionista de afiches.\" src=\"http:\/\/www.proyectoallen.com.ar\/3\/wp-content\/uploads\/2014\/01\/4-3.jpg\" width=\"750\" height=\"498\" srcset=\"https:\/\/www.proyectoallen.com.ar\/3\/wp-content\/uploads\/2014\/01\/4-3.jpg 750w, https:\/\/www.proyectoallen.com.ar\/3\/wp-content\/uploads\/2014\/01\/4-3-300x199.jpg 300w, https:\/\/www.proyectoallen.com.ar\/3\/wp-content\/uploads\/2014\/01\/4-3-250x166.jpg 250w\" sizes=\"auto, (max-width: 750px) 100vw, 750px\" \/><\/a><\/p>\n<p style=\"text-align: justify;\"><a href=\"http:\/\/www.proyectoallen.com.ar\/3\/wp-content\/uploads\/2014\/01\/5-2.jpg\"><img loading=\"lazy\" decoding=\"async\" class=\"aligncenter size-full wp-image-5829\" alt=\"ag allen suple pera nota a coleccionista de afiches.\" src=\"http:\/\/www.proyectoallen.com.ar\/3\/wp-content\/uploads\/2014\/01\/5-2.jpg\" width=\"750\" height=\"498\" srcset=\"https:\/\/www.proyectoallen.com.ar\/3\/wp-content\/uploads\/2014\/01\/5-2.jpg 750w, https:\/\/www.proyectoallen.com.ar\/3\/wp-content\/uploads\/2014\/01\/5-2-300x199.jpg 300w, https:\/\/www.proyectoallen.com.ar\/3\/wp-content\/uploads\/2014\/01\/5-2-250x166.jpg 250w\" sizes=\"auto, (max-width: 750px) 100vw, 750px\" \/><\/a><\/p>\n<p style=\"text-align: justify;\"><a href=\"http:\/\/www.proyectoallen.com.ar\/3\/wp-content\/uploads\/2014\/01\/61.jpg\"><img loading=\"lazy\" decoding=\"async\" class=\"aligncenter size-full wp-image-5830\" alt=\"ag allen suple pera nota a coleccionista de afiches.\" src=\"http:\/\/www.proyectoallen.com.ar\/3\/wp-content\/uploads\/2014\/01\/61.jpg\" width=\"750\" height=\"498\" srcset=\"https:\/\/www.proyectoallen.com.ar\/3\/wp-content\/uploads\/2014\/01\/61.jpg 750w, https:\/\/www.proyectoallen.com.ar\/3\/wp-content\/uploads\/2014\/01\/61-300x199.jpg 300w, https:\/\/www.proyectoallen.com.ar\/3\/wp-content\/uploads\/2014\/01\/61-250x166.jpg 250w\" sizes=\"auto, (max-width: 750px) 100vw, 750px\" \/><\/a><\/p>\n","protected":false},"excerpt":{"rendered":"<p>Su abuelo Pascual fabricaba m\u00e1quinas de empaque.M\u00f3nica Santamar\u00eda tiene una colecci\u00f3n de 500 ejemplares. Diario R\u00edo Negro.<\/p>\n","protected":false},"author":2,"featured_media":0,"comment_status":"open","ping_status":"closed","sticky":false,"template":"","format":"standard","meta":{"ngg_post_thumbnail":0,"footnotes":""},"categories":[13],"tags":[],"class_list":["post-5821","post","type-post","status-publish","format-standard","hentry","category-unpocodehistoria"],"jetpack_featured_media_url":"","_links":{"self":[{"href":"https:\/\/www.proyectoallen.com.ar\/3\/index.php?rest_route=\/wp\/v2\/posts\/5821","targetHints":{"allow":["GET"]}}],"collection":[{"href":"https:\/\/www.proyectoallen.com.ar\/3\/index.php?rest_route=\/wp\/v2\/posts"}],"about":[{"href":"https:\/\/www.proyectoallen.com.ar\/3\/index.php?rest_route=\/wp\/v2\/types\/post"}],"author":[{"embeddable":true,"href":"https:\/\/www.proyectoallen.com.ar\/3\/index.php?rest_route=\/wp\/v2\/users\/2"}],"replies":[{"embeddable":true,"href":"https:\/\/www.proyectoallen.com.ar\/3\/index.php?rest_route=%2Fwp%2Fv2%2Fcomments&post=5821"}],"version-history":[{"count":3,"href":"https:\/\/www.proyectoallen.com.ar\/3\/index.php?rest_route=\/wp\/v2\/posts\/5821\/revisions"}],"predecessor-version":[{"id":5833,"href":"https:\/\/www.proyectoallen.com.ar\/3\/index.php?rest_route=\/wp\/v2\/posts\/5821\/revisions\/5833"}],"wp:attachment":[{"href":"https:\/\/www.proyectoallen.com.ar\/3\/index.php?rest_route=%2Fwp%2Fv2%2Fmedia&parent=5821"}],"wp:term":[{"taxonomy":"category","embeddable":true,"href":"https:\/\/www.proyectoallen.com.ar\/3\/index.php?rest_route=%2Fwp%2Fv2%2Fcategories&post=5821"},{"taxonomy":"post_tag","embeddable":true,"href":"https:\/\/www.proyectoallen.com.ar\/3\/index.php?rest_route=%2Fwp%2Fv2%2Ftags&post=5821"}],"curies":[{"name":"wp","href":"https:\/\/api.w.org\/{rel}","templated":true}]}}