{"id":6546,"date":"2014-07-27T00:03:31","date_gmt":"2014-07-27T00:03:31","guid":{"rendered":"http:\/\/www.proyectoallen.com.ar\/3\/?p=6546"},"modified":"2014-07-27T00:03:31","modified_gmt":"2014-07-27T00:03:31","slug":"indice-de-documentos-y-mapas-desde-1810-hasta-la-actualidad","status":"publish","type":"post","link":"https:\/\/www.proyectoallen.com.ar\/3\/?p=6546","title":{"rendered":"\u00cdndice de documentos y mapas desde 1810 hasta la actualidad"},"content":{"rendered":"<div id=\"stcpDiv\"><em>Aqu\u00ed encontrar\u00e1s un listado de todos los documentos y los mapas inclu\u00eddos en el Archivo.<\/em> <!--more--><a href=\"http:\/\/archivohistorico.educ.ar\/indice\">Archivo de documentos hist\u00f3ricos<\/a><\/div>\n<div><\/div>\n<div>Interesantes:<\/div>\n<div><\/div>\n<div>\n<div id=\"stcpDiv\"><a href=\"http:\/\/archivohistorico.educ.ar\/content\/patagonia-en-1865?frame=1&amp;lista=indice\">Patagonia en 1865<\/a><\/div>\n<div><\/div>\n<div>\n<div id=\"stcpDiv\"><a href=\"http:\/\/archivohistorico.educ.ar\/sites\/default\/files\/III_15.pdf\">Ley de ocupaci\u00f3n de tierras de 1867<\/a><\/div>\n<div><\/div>\n<div>\n<div id=\"stcpDiv\"><a href=\"http:\/\/archivohistorico.educ.ar\/sites\/default\/files\/IV_09.pdf\">Ley N\u00ba 1532 de organizaci\u00f3n de los Territorios Nacionales de 1884 <\/a><\/div>\n<div><\/div>\n<div>\n<div id=\"stcpDiv\"><a href=\"http:\/\/archivohistorico.educ.ar\/sites\/default\/files\/III_22.pdf\">Tratado de paz entre el presidente Julio Argentino Roca y los caciques Epugner Rosas y Manuel Baigorria en 1878 <\/a><\/div>\n<div><\/div>\n<div>\n<div id=\"stcpDiv\"><a href=\"http:\/\/archivohistorico.educ.ar\/sites\/default\/files\/III_23.pdf\">Ley sobre la l\u00ednea de fronteras de 1878, para la expansi\u00f3n territorial del Estado argentino <\/a><\/div>\n<div><\/div>\n<div>\n<div id=\"stcpDiv\"><a href=\"http:\/\/archivohistorico.educ.ar\/sites\/default\/files\/III_19.pdf\">Art\u00edculo de Jos\u00e9 Hern\u00e1ndez sobre las ventajas de los empr\u00e9stitos extranjeros para la econom\u00eda nacional en 1870 <\/a><\/div>\n<div><\/div>\n<div>\n<div id=\"stcpDiv\"><a href=\"http:\/\/archivohistorico.educ.ar\/content\/lucio-v-mansilla-sobre-tratado-de-paz-con-ranqueles?frame=1&amp;lista=indice\">Carta de Lucio V. Mansilla al presidente de la Rep\u00fablica, Domingo Faustino Sarmiento, dando cuenta de la firma del tratado de paz entre el gobierno argentino y los caciques ranqueles <\/a><\/div>\n<div><\/div>\n<div>\n<div id=\"stcpDiv\"><a href=\"http:\/\/archivohistorico.educ.ar\/sites\/default\/files\/IV-%2007_0.pdf\">Carta de Roberto J. Payr\u00f3 a Jos\u00e9 Le\u00f3n Pagano, sobre las condiciones en que viajaban los inmigrantes europeos a la Argentina a principios del siglo XX\u00a0 <\/a><\/div>\n<div><\/div>\n<div>\n<div id=\"stcpDiv\"><a href=\"http:\/\/archivohistorico.educ.ar\/content\/ley-n%C2%BA-4144-de-residencia?frame=1&amp;lista=indice\">Ley N\u00ba 4144 de Residencia de 1902<\/a><\/div>\n<div><\/div>\n<div>\n<div id=\"stcpDiv\"><a href=\"http:\/\/archivohistorico.educ.ar\/sites\/default\/files\/IV_25.pdf\">Informe de Juan Bialet Mass\u00e9 sobre el estado de las clases obreras argentinas a comienzos del siglo XX (fragmento) <\/a><\/div>\n<div><\/div>\n<div>\n<div id=\"stcpDiv\"><a href=\"http:\/\/archivohistorico.educ.ar\/sites\/default\/files\/IV-%2008_0.pdf\">Discurso del diputado socialista Alfredo Palacios sobre la represi\u00f3n a los trabajadores en la manifestaci\u00f3n del 1 de mayo de 1904 <\/a><\/div>\n<div><\/div>\n<div>\n<div id=\"stcpDiv\"><a href=\"http:\/\/archivohistorico.educ.ar\/sites\/default\/files\/v_11.pdf\">Art\u00edculo del peri\u00f3dico La Vanguardia sobre la fundaci\u00f3n e ideolog\u00eda de la Liga Patri\u00f3tica en 1919\u00a0 <\/a><\/div>\n<div><\/div>\n<div>\n<div id=\"stcpDiv\"><a href=\"http:\/\/archivohistorico.educ.ar\/sites\/default\/files\/v_20.pdf\">Discurso de Manuel Carl\u00e9s, fundador de la Liga Patri\u00f3tica, donde homenajea a las Fuerzas Armadas luego de los fusilamientos a trabajadores en huelga en la Patagonia en 1922\u00a0 <\/a><\/div>\n<div><\/div>\n<div>\n<div id=\"stcpDiv\"><a href=\"http:\/\/archivohistorico.educ.ar\/sites\/default\/files\/v_18.pdf\">Discurso de Manuel Carl\u00e9s, fundador de la Liga Patri\u00f3tica, en 1922\u00a0 <\/a><\/div>\n<div><\/div>\n<div>\n<div id=\"stcpDiv\"><a href=\"http:\/\/archivohistorico.educ.ar\/sites\/default\/files\/v_15.pdf\">Cr\u00f3nica del peri\u00f3dico La Vanguardia sobre fusilamientos a trabajadores en huelga en la Patagonia en 1922 <\/a><\/div>\n<div><\/div>\n<div><\/div>\n<\/div>\n<\/div>\n<\/div>\n<\/div>\n<\/div>\n<\/div>\n<\/div>\n<\/div>\n<\/div>\n<\/div>\n<\/div>\n<\/div>\n<\/div>\n<\/div>\n<\/div>\n","protected":false},"excerpt":{"rendered":"<p>Aqu\u00ed encontrar\u00e1s un listado de todos los documentos y los mapas inclu\u00eddos en el Archivo.<\/p>\n","protected":false},"author":2,"featured_media":0,"comment_status":"open","ping_status":"closed","sticky":false,"template":"","format":"standard","meta":{"ngg_post_thumbnail":0,"footnotes":""},"categories":[14,15,5],"tags":[],"class_list":["post-6546","post","type-post","status-publish","format-standard","hentry","category-actividades","category-docentes","category-educacion"],"jetpack_featured_media_url":"","_links":{"self":[{"href":"https:\/\/www.proyectoallen.com.ar\/3\/index.php?rest_route=\/wp\/v2\/posts\/6546","targetHints":{"allow":["GET"]}}],"collection":[{"href":"https:\/\/www.proyectoallen.com.ar\/3\/index.php?rest_route=\/wp\/v2\/posts"}],"about":[{"href":"https:\/\/www.proyectoallen.com.ar\/3\/index.php?rest_route=\/wp\/v2\/types\/post"}],"author":[{"embeddable":true,"href":"https:\/\/www.proyectoallen.com.ar\/3\/index.php?rest_route=\/wp\/v2\/users\/2"}],"replies":[{"embeddable":true,"href":"https:\/\/www.proyectoallen.com.ar\/3\/index.php?rest_route=%2Fwp%2Fv2%2Fcomments&post=6546"}],"version-history":[{"count":1,"href":"https:\/\/www.proyectoallen.com.ar\/3\/index.php?rest_route=\/wp\/v2\/posts\/6546\/revisions"}],"predecessor-version":[{"id":6547,"href":"https:\/\/www.proyectoallen.com.ar\/3\/index.php?rest_route=\/wp\/v2\/posts\/6546\/revisions\/6547"}],"wp:attachment":[{"href":"https:\/\/www.proyectoallen.com.ar\/3\/index.php?rest_route=%2Fwp%2Fv2%2Fmedia&parent=6546"}],"wp:term":[{"taxonomy":"category","embeddable":true,"href":"https:\/\/www.proyectoallen.com.ar\/3\/index.php?rest_route=%2Fwp%2Fv2%2Fcategories&post=6546"},{"taxonomy":"post_tag","embeddable":true,"href":"https:\/\/www.proyectoallen.com.ar\/3\/index.php?rest_route=%2Fwp%2Fv2%2Ftags&post=6546"}],"curies":[{"name":"wp","href":"https:\/\/api.w.org\/{rel}","templated":true}]}}