{"id":6548,"date":"2014-07-27T23:47:12","date_gmt":"2014-07-27T23:47:12","guid":{"rendered":"http:\/\/www.proyectoallen.com.ar\/3\/?p=6548"},"modified":"2014-07-27T23:48:06","modified_gmt":"2014-07-27T23:48:06","slug":"que-sepa-coser-que-sepa-lavar","status":"publish","type":"post","link":"https:\/\/www.proyectoallen.com.ar\/3\/?p=6548","title":{"rendered":"Que sepa coser, que sepa lavar&#8230;"},"content":{"rendered":"<p style=\"text-align: justify;\"><em>En los a\u00f1os \u201850 los cambios se aceleraron, impulsados por los medios de comunicaci\u00f3n. El desarrollo urbano fue incorporando lentamente a la mujer a otras actividades y ciertas tradiciones y costumbres comenzaron a abandonarse al ritmo de los nuevos tiempos y necesidades. En la moda, la figura ajustada por corsets y oculta bajo vestidos largos que apenas dejaban ver el calzado, se transforma en ropa m\u00e1s holgada y corta, acompa\u00f1ada por cabellos sueltos y largos, maquillaje y una moralidad sexual con criterios m\u00e1s amplios.<!--more Seguir leyendo...--><\/em><\/p>\n<p style=\"text-align: justify;\"><strong><em>\u201cCuando contemplamos impasibles la vertiginosa carrera en que se precipita nuestra juventud femenina, cuando vemos la enormidad de muchachas que concurren solas a reuniones, beben, fuman, bailan sensualmente llamativas, flirtean descaradamente con cualquier cosa que lleva pantalones y regresan despu\u00e9s, en semiconciencia a todas horas de la madrugada a sus hogares, comprendemos por qu\u00e9\u00a0 el matrimonio contempor\u00e1neo lleva envuelto el germen de la infidelidad\u201d (Dr. W. Curtis en Barrancos D.,1999)<\/em><\/strong><\/p>\n<div id=\"attachment_6549\" style=\"width: 778px\" class=\"wp-caption aligncenter\"><a href=\"http:\/\/www.proyectoallen.com.ar\/3\/wp-content\/uploads\/2014\/07\/adelina-miguel-Medium.jpg\"><img loading=\"lazy\" decoding=\"async\" aria-describedby=\"caption-attachment-6549\" class=\"size-full wp-image-6549\" alt=\"Adelina Miguel\" src=\"http:\/\/www.proyectoallen.com.ar\/3\/wp-content\/uploads\/2014\/07\/adelina-miguel-Medium.jpg\" width=\"768\" height=\"873\" srcset=\"https:\/\/www.proyectoallen.com.ar\/3\/wp-content\/uploads\/2014\/07\/adelina-miguel-Medium.jpg 768w, https:\/\/www.proyectoallen.com.ar\/3\/wp-content\/uploads\/2014\/07\/adelina-miguel-Medium-263x300.jpg 263w, https:\/\/www.proyectoallen.com.ar\/3\/wp-content\/uploads\/2014\/07\/adelina-miguel-Medium-250x284.jpg 250w\" sizes=\"auto, (max-width: 768px) 100vw, 768px\" \/><\/a><p id=\"caption-attachment-6549\" class=\"wp-caption-text\">Adelina Miguel<\/p><\/div>\n<p style=\"text-align: justify;\">El salir a trabajar fuera del hogar no estaba generalizado en las mujeres de cierta condici\u00f3n social, en cambio era habitual para las mujeres de condici\u00f3n humilde. Los sectores medios y altos no ve\u00edan bien que sus esposas e hijas se incorporaran al mundo laboral, pero a medida que el siglo XX avanzaba la independencia econ\u00f3mica gan\u00f3 terreno sobre las antiguas costumbres. El trabajo era vivido como abandono de la familia y de las obligaciones inherentes a la mujer; salir solas, ir al cine, tener citas, hacer picnic y pasear se ve\u00eda m\u00e1s en las capas medias, pero no sin preocupaci\u00f3n.<\/p>\n<div id=\"attachment_6550\" style=\"width: 743px\" class=\"wp-caption aligncenter\"><a href=\"http:\/\/www.proyectoallen.com.ar\/3\/wp-content\/uploads\/2014\/07\/Sin-t\u00edtulo-19-Medium.jpg\"><img loading=\"lazy\" decoding=\"async\" aria-describedby=\"caption-attachment-6550\" class=\"size-large wp-image-6550\" alt=\"Emilia y Maria Luisa Genga con amigas de paseo.\" src=\"http:\/\/www.proyectoallen.com.ar\/3\/wp-content\/uploads\/2014\/07\/Sin-t\u00edtulo-19-Medium-733x1024.jpg\" width=\"733\" height=\"1024\" srcset=\"https:\/\/www.proyectoallen.com.ar\/3\/wp-content\/uploads\/2014\/07\/Sin-t\u00edtulo-19-Medium-733x1024.jpg 733w, https:\/\/www.proyectoallen.com.ar\/3\/wp-content\/uploads\/2014\/07\/Sin-t\u00edtulo-19-Medium-214x300.jpg 214w, https:\/\/www.proyectoallen.com.ar\/3\/wp-content\/uploads\/2014\/07\/Sin-t\u00edtulo-19-Medium-250x348.jpg 250w, https:\/\/www.proyectoallen.com.ar\/3\/wp-content\/uploads\/2014\/07\/Sin-t\u00edtulo-19-Medium.jpg 768w\" sizes=\"auto, (max-width: 733px) 100vw, 733px\" \/><\/a><p id=\"caption-attachment-6550\" class=\"wp-caption-text\">Emilia y Maria Luisa Genga con amigas de paseo.<\/p><\/div>\n<p style=\"text-align: justify;\">Tambi\u00e9n muchos testimonios de mujeres cuantan que de ni\u00f1as en los a\u00f1os \u201850 trabajaban cuidando ni\u00f1os o que comenzaron a trabajar ayudando en la chacra donde se ocupaba a su familia:<br \/>\n<em>\u201cComo mis padres se separaron y mam\u00e1 se hizo cargo de las 7 que \u00e9ramos, yo comenc\u00e9 a trabajar a los 14 a\u00f1os en la casa de la se\u00f1ora Amparo y luego en la Tienda de Mart\u00ednez. Mis hermanas tambi\u00e9n empezaron a trabajar de chicas en una panader\u00eda y en la casa de la se\u00f1ora de Bizzotto. Despu\u00e9s a los 22 a\u00f1os me cas\u00e9, me agarr\u00f3 la loca, no s\u00e9 mir\u00e1\u2026 me separ\u00e9 en seguida. Tuve a mi hija Marisa as\u00ed que empec\u00e9 a trabajar en seguida, la dejaba con una prima\u201d\u00a0 (Elvira Molina, 2008).<\/em><\/p>\n<p style=\"text-align: justify;\">La educaci\u00f3n tendi\u00f3 siempre a instruirlas para actuar como esposas y madres, administradoras del hogar, mientras que los varones fueron preparados para ser como ciudadanos en el mundo p\u00fablico. Pero la mayor\u00eda no pasaba tercer o cuarto grado en la educaci\u00f3n formal:<\/p>\n<p style=\"text-align: justify;\"><em>\u201cTodas, mis hermanas y yo llegamos hasta 5to grado. M\u00e1s no se pod\u00eda. Iba a la Escuela 80. Yo pude pasar a quinto grado y fui a la 23, tenia a la se\u00f1ora de Macri de maestra\u201d (Elvira Molina, 2008).<\/em><\/p>\n<p style=\"text-align: justify;\">Exist\u00edan pocas oportunidades para estudiar o instruirse fuera de la educaci\u00f3n primaria, en especial para las mujeres. Hab\u00eda Conservatorios para aprender piano como el Clementi de Balbina Gonz\u00e1lez de Guti\u00e9rrez, el Fracassi de Esther Bentata de Matus o el Iberoamericano, cuyo responsable, el se\u00f1or Mir\u00f3 Presas, daba clases de piano y guitarra. En las presentaciones anuales, cada alumno preparaba la ejecuci\u00f3n de una pieza para el concierto. Los primeros que realiz\u00f3 la Sra. de Matus se\u00a0 llevaron a cabo en la sede del Club Social \u201cAmigos de Allen\u201d, donde hoy est\u00e1 el Club Uni\u00f3n. Luego, al aumentar el n\u00famero de alumnos, se hicieron en el Sal\u00f3n Municipal. Estos eventos eran una ocasi\u00f3n para que las madres orgullosas pudieran presentar a sus descendientes\u00a0 en sociedad.<\/p>\n<div id=\"attachment_6552\" style=\"width: 808px\" class=\"wp-caption aligncenter\"><a href=\"http:\/\/www.proyectoallen.com.ar\/3\/wp-content\/uploads\/2014\/07\/3-Medium.jpg\"><img loading=\"lazy\" decoding=\"async\" aria-describedby=\"caption-attachment-6552\" class=\" wp-image-6552\" alt=\"La profesora de la foto es Esther Bentata de Matus, los hombres son dos &quot;examinadores&quot; de la casa central del Instituto Fracassi. Es una foto de 1954 y los alumnos son: Mabel Allende, Alicia Monteavaro, Mabel Reyero, Marta Iriarte, Elsa Pedeconi, Maria Baril\u00e1 Haydee Campetella, Lidia Marticorena, Ana Buscazzo, Nelly Fefer, Salvador Matus, Marina Poma, Silvia Andreotti, Ana Maria Vinayo, Perla Alonso, Irma Alvaya, N. Vaisman, Marta Carucci, Luciano Avalis, N. Fefer, Beatriz Moyano, Norberto Campetella, Roberto Ferroni y Helia Campetella. \" src=\"http:\/\/www.proyectoallen.com.ar\/3\/wp-content\/uploads\/2014\/07\/3-Medium.jpg\" width=\"798\" height=\"691\" srcset=\"https:\/\/www.proyectoallen.com.ar\/3\/wp-content\/uploads\/2014\/07\/3-Medium.jpg 887w, https:\/\/www.proyectoallen.com.ar\/3\/wp-content\/uploads\/2014\/07\/3-Medium-300x259.jpg 300w, https:\/\/www.proyectoallen.com.ar\/3\/wp-content\/uploads\/2014\/07\/3-Medium-250x216.jpg 250w\" sizes=\"auto, (max-width: 798px) 100vw, 798px\" \/><\/a><p id=\"caption-attachment-6552\" class=\"wp-caption-text\">La profesora de la foto es Esther Bentata de Matus, los hombres son dos \u00abexaminadores\u00bb de la casa central del Instituto Fracassi. Es una foto de 1954 y los alumnos son: Mabel Allende, Alicia Monteavaro, Mabel Reyero, Marta Iriarte, Elsa Pedeconi, Maria Baril\u00e1 Haydee Campetella, Lidia Marticorena, Ana Buscazzo, Nelly Fefer, Salvador Matus, Marina Poma, Silvia Andreotti, Ana Maria Vinayo, Perla Alonso, Irma Alvaya, N. Vaisman, Marta Carucci, Luciano Avalis, N. Fefer, Beatriz Moyano, Norberto Campetella, Roberto Ferroni y Helia Campetella.<\/p><\/div>\n<p style=\"text-align: center;\"><a href=\"https:\/\/www.facebook.com\/proyectoallen\/photos\/a.279084288850437.64714.230052660420267\/279122955513237\/?type=3&amp;theater\"><em>Mira en nuestro facebook los comentarios sobre esta foto<\/em><\/a><\/p>\n<p><em><strong>\u201cLas mam\u00e1s compet\u00edan en vestir a sus hijas con las mejores galas, era la \u00e9poca de las organzas, los broderies, con mucho vuelo y lo cierto es que los conciertos al realizarse los primeros d\u00edas de octubre sol\u00edan coincidir con unas heladas fenomenales y se terminaba pasando un fr\u00edo terrible a consecuencia de la ropa tan liviana\u201d (Bizzotto, M. para Yappert, S. 2010).<\/strong> <\/em><\/p>\n<div id=\"attachment_6551\" style=\"width: 829px\" class=\"wp-caption aligncenter\"><a href=\"http:\/\/www.proyectoallen.com.ar\/3\/wp-content\/uploads\/2014\/07\/Concierto-de-Piano-con-la-Profe-Bentata-a\u00f1o-1947-en-el-Club-Social-de-Allen-Medium.jpg\"><img loading=\"lazy\" decoding=\"async\" aria-describedby=\"caption-attachment-6551\" class=\" wp-image-6551\" alt=\"Concierto de Piano con la Profesora Bentata a\u00f1o 1947 en el Club Social de Allen\" src=\"http:\/\/www.proyectoallen.com.ar\/3\/wp-content\/uploads\/2014\/07\/Concierto-de-Piano-con-la-Profe-Bentata-a\u00f1o-1947-en-el-Club-Social-de-Allen-Medium-1024x647.jpg\" width=\"819\" height=\"518\" srcset=\"https:\/\/www.proyectoallen.com.ar\/3\/wp-content\/uploads\/2014\/07\/Concierto-de-Piano-con-la-Profe-Bentata-a\u00f1o-1947-en-el-Club-Social-de-Allen-Medium-1024x647.jpg 1024w, https:\/\/www.proyectoallen.com.ar\/3\/wp-content\/uploads\/2014\/07\/Concierto-de-Piano-con-la-Profe-Bentata-a\u00f1o-1947-en-el-Club-Social-de-Allen-Medium-300x189.jpg 300w, https:\/\/www.proyectoallen.com.ar\/3\/wp-content\/uploads\/2014\/07\/Concierto-de-Piano-con-la-Profe-Bentata-a\u00f1o-1947-en-el-Club-Social-de-Allen-Medium-250x158.jpg 250w, https:\/\/www.proyectoallen.com.ar\/3\/wp-content\/uploads\/2014\/07\/Concierto-de-Piano-con-la-Profe-Bentata-a\u00f1o-1947-en-el-Club-Social-de-Allen-Medium.jpg 1215w\" sizes=\"auto, (max-width: 819px) 100vw, 819px\" \/><\/a><p id=\"caption-attachment-6551\" class=\"wp-caption-text\">Concierto de Piano con la Profesora Bentata a\u00f1o 1947 en el Club Social de Allen (Foto: Isabel Garc\u00eda)<\/p><\/div>\n<p style=\"text-align: justify;\">Aquellas que dejaban la escuela (era muy com\u00fan llegar s\u00f3lo hasta 3\u00b0 grado) generalmente lo hac\u00edan para trabajar en las tareas de la casa o porque eran enviadas a aprender Corte y Confecci\u00f3n. Acud\u00edan las j\u00f3venes a aprender a coser, un atributo considerado importante a la hora de decidir ser esposa y madre. La Sra. Matilde de Duarte ense\u00f1aba el arte de la costura y algunos testimonios recuerdan que empezaron desde muy peque\u00f1as y continuaron aprendiendo durante muchos a\u00f1os. Mira que importante era que hasta en una canci\u00f3n de \u00e9poca se refer\u00eda a ese \u00abatributo\u00bb femenino:<\/p>\n<p style=\"text-align: center;\"><a href=\"https:\/\/www.youtube.com\/watch?v=YMAUNiMnmXQ\"> Canci\u00f3n \u00abCorte y Confecci\u00f3n\u00bb del Club del Clan.<\/a><\/p>\n<p><object width=\"420\" height=\"315\" classid=\"clsid:d27cdb6e-ae6d-11cf-96b8-444553540000\" codebase=\"http:\/\/download.macromedia.com\/pub\/shockwave\/cabs\/flash\/swflash.cab#version=6,0,40,0\"><param name=\"allowFullScreen\" value=\"true\" \/><param name=\"allowscriptaccess\" value=\"always\" \/><param name=\"src\" value=\"\/\/www.youtube.com\/v\/YMAUNiMnmXQ?hl=es_ES&amp;version=3\" \/><param name=\"allowfullscreen\" value=\"true\" \/><\/object><\/p>\n<p style=\"text-align: justify;\">As\u00ed como el piano fue el instrumento m\u00e1s elegido por o para las mujeres, los varones se dedicaban, generalmente a aprender guitarra. N\u00e9lida Marzialetti, profesora de guitarra, es recordada en varios testimonios.<\/p>\n<div id=\"attachment_6554\" style=\"width: 829px\" class=\"wp-caption aligncenter\"><a href=\"http:\/\/www.proyectoallen.com.ar\/3\/wp-content\/uploads\/2014\/07\/ocio-y-tiempo-libre-50-Medium.jpg\"><img loading=\"lazy\" decoding=\"async\" aria-describedby=\"caption-attachment-6554\" class=\" wp-image-6554\" alt=\"Galeano (izq.) y otros\" src=\"http:\/\/www.proyectoallen.com.ar\/3\/wp-content\/uploads\/2014\/07\/ocio-y-tiempo-libre-50-Medium-1024x661.jpg\" width=\"819\" height=\"529\" srcset=\"https:\/\/www.proyectoallen.com.ar\/3\/wp-content\/uploads\/2014\/07\/ocio-y-tiempo-libre-50-Medium-1024x661.jpg 1024w, https:\/\/www.proyectoallen.com.ar\/3\/wp-content\/uploads\/2014\/07\/ocio-y-tiempo-libre-50-Medium-300x193.jpg 300w, https:\/\/www.proyectoallen.com.ar\/3\/wp-content\/uploads\/2014\/07\/ocio-y-tiempo-libre-50-Medium-250x161.jpg 250w, https:\/\/www.proyectoallen.com.ar\/3\/wp-content\/uploads\/2014\/07\/ocio-y-tiempo-libre-50-Medium.jpg 1188w\" sizes=\"auto, (max-width: 819px) 100vw, 819px\" \/><\/a><p id=\"caption-attachment-6554\" class=\"wp-caption-text\">Galeano (izq.) y otros<\/p><\/div>\n<p style=\"text-align: justify;\">Una posibilidad educativa para algunas mujeres fue la de ser maestra. La profesi\u00f3n ten\u00eda\u00a0 respetabilidad pues era identificada como un \u201capostolado\u201d que ten\u00eda continuidad con la labor maternal. Claro que ser maestra implicaba, por un lado cumplir con estudios secundarios y por otro hacerlo en otras localidades y, muchas veces, en colegios religiosos.<\/p>\n<div id=\"attachment_6555\" style=\"width: 829px\" class=\"wp-caption aligncenter\"><a href=\"http:\/\/www.proyectoallen.com.ar\/3\/wp-content\/uploads\/2014\/07\/Reuni\u00f3n-docentes-esc-23-Lila-Alonso-Sra.-Villegas-de-Rodriguez-Aristobulo-Villegas-Julia-de-Macri-Isidro-Gaig-L-de-Ramis-Medium.jpg\"><img loading=\"lazy\" decoding=\"async\" aria-describedby=\"caption-attachment-6555\" class=\" wp-image-6555\" alt=\"Reuni\u00f3n docentes Esc. 23: Lila Alonso,  Sra. Villegas, Hilda V. de Rodr\u00edguez, Arist\u00f3bulo Villegas, Julia de Macri, Isidro Gaig, L. de Ramis.\" src=\"http:\/\/www.proyectoallen.com.ar\/3\/wp-content\/uploads\/2014\/07\/Reuni\u00f3n-docentes-esc-23-Lila-Alonso-Sra.-Villegas-de-Rodriguez-Aristobulo-Villegas-Julia-de-Macri-Isidro-Gaig-L-de-Ramis-Medium-1024x678.jpg\" width=\"819\" height=\"542\" srcset=\"https:\/\/www.proyectoallen.com.ar\/3\/wp-content\/uploads\/2014\/07\/Reuni\u00f3n-docentes-esc-23-Lila-Alonso-Sra.-Villegas-de-Rodriguez-Aristobulo-Villegas-Julia-de-Macri-Isidro-Gaig-L-de-Ramis-Medium-1024x678.jpg 1024w, https:\/\/www.proyectoallen.com.ar\/3\/wp-content\/uploads\/2014\/07\/Reuni\u00f3n-docentes-esc-23-Lila-Alonso-Sra.-Villegas-de-Rodriguez-Aristobulo-Villegas-Julia-de-Macri-Isidro-Gaig-L-de-Ramis-Medium-300x198.jpg 300w, https:\/\/www.proyectoallen.com.ar\/3\/wp-content\/uploads\/2014\/07\/Reuni\u00f3n-docentes-esc-23-Lila-Alonso-Sra.-Villegas-de-Rodriguez-Aristobulo-Villegas-Julia-de-Macri-Isidro-Gaig-L-de-Ramis-Medium-250x165.jpg 250w, https:\/\/www.proyectoallen.com.ar\/3\/wp-content\/uploads\/2014\/07\/Reuni\u00f3n-docentes-esc-23-Lila-Alonso-Sra.-Villegas-de-Rodriguez-Aristobulo-Villegas-Julia-de-Macri-Isidro-Gaig-L-de-Ramis-Medium.jpg 1159w\" sizes=\"auto, (max-width: 819px) 100vw, 819px\" \/><\/a><p id=\"caption-attachment-6555\" class=\"wp-caption-text\">Reuni\u00f3n docentes Esc. 23: Lila Alonso, Sra. Villegas, Hilda V. de Rodr\u00edguez, Arist\u00f3bulo Villegas, Julia de Macri, Isidro Gaig, L. de Ramis&#8230;<\/p><\/div>\n<p style=\"text-align: justify;\">Adem\u00e1s del magisterio, el trabajo de telefonista fue especialmente femenino. Generalmente, eran j\u00f3venes solteras que fueron logrando un buen salario para complementar el presupuesto familiar. En Allen, seg\u00fan recuerda Eduardo Galarce, existi\u00f3 una estaci\u00f3n telef\u00f3nica en la chacra de la familia, donde trabajaron casi todas sus t\u00edas. M\u00e1s tarde en la esquina de Espa\u00f1a y Belgrano, se instal\u00f3 otra telef\u00f3nica.<\/p>\n<p style=\"text-align: justify;\"><em>\u201cSer\u00eda el a\u00f1o 1950 pues recuerdo que tramit\u00e9 el tel\u00e9fono para el negocio de mi padre, el n\u00famero era 138. El tel\u00e9fono ten\u00eda una manivela, para llamar le dabas vuelta y te atend\u00eda la telefonista que te dec\u00eda \u2018\u00bfn\u00famero por favor?\u2019 Le dabas el n\u00famero y ella te comunicaba, por ah\u00ed estabas hablando, ella interven\u00eda y dec\u00eda \u2018\u00bfhablaron\u2026 hablaron?\u2019, vos ten\u00edas que decirle que todav\u00eda estabas hablando\u2026 si no cortaba. No eran muchas, ser\u00edan unas 2 o 3 se\u00f1oritas sentadas frente a un tablero lleno de chapitas; cuando un tel\u00e9fono llamaba ca\u00eda\u00a0 una\u00a0 chapita y en el orificio que quedaba se met\u00eda la conexi\u00f3n que era de bronce. Cada cable era un n\u00famero, \u00a1Imagin\u00e1te, era una mara\u00f1a de cables! Usaban auriculares y cada tanto arreglaban esa telara\u00f1a de cables y otra vez pod\u00edas comunicarte\u201d (Gustavo A. Vega, 2008).<\/em><\/p>\n<p style=\"text-align: center;\"><a href=\"http:\/\/www.proyectoallen.com.ar\/3\/wp-content\/uploads\/2014\/07\/td2.jpg\"><img loading=\"lazy\" decoding=\"async\" class=\"aligncenter size-full wp-image-6556\" alt=\"td2\" src=\"http:\/\/www.proyectoallen.com.ar\/3\/wp-content\/uploads\/2014\/07\/td2.jpg\" width=\"685\" height=\"459\" srcset=\"https:\/\/www.proyectoallen.com.ar\/3\/wp-content\/uploads\/2014\/07\/td2.jpg 685w, https:\/\/www.proyectoallen.com.ar\/3\/wp-content\/uploads\/2014\/07\/td2-300x201.jpg 300w, https:\/\/www.proyectoallen.com.ar\/3\/wp-content\/uploads\/2014\/07\/td2-250x167.jpg 250w\" sizes=\"auto, (max-width: 685px) 100vw, 685px\" \/><\/a><a href=\"http:\/\/www.adurcal.com\/mancomunidad\/guia\/telefonos\/\">Im\u00e1gen ilustrativa de AQU\u00cd<\/a><\/p>\n<p style=\"text-align: justify;\">La restricci\u00f3n en las posibilidades educativas, que era especialmente fuerte para las mujeres, estaba a\u00fan acompa\u00f1ada por una mentalidad sexista que asignaba a la mujer exclusivamente el lugar de esposa y madre. Incluso, exist\u00edan reglas sobre c\u00f3mo desempe\u00f1ar bien estas actividades que ten\u00edan el solo objetivo de servir al hombre. Hasta una de las \u00fanicas alternativas laborales bien vistas para la mujer, el magisterio, estaba impregnada de esta forma de pensar. Dec\u00eda la \u00abSecci\u00f3n Femenina\u00bb del texto \u00abEconom\u00eda dom\u00e9stica para bachillerato y magisterio\u00bb, editado en 1958:<\/p>\n<p style=\"text-align: justify;\">\u00a0\u00ab<em>Ten preparada una comida deliciosa para cuando \u00e9l regrese del trabajo. Especialmente, su plato favorito. Ofr\u00e9cete a quitarle los zapatos. Habla en tono bajo, relajado y placentero. Prep\u00e1rate: retoca tu maquillaje, coloca una cinta en tu cabello. Hazte un poco m\u00e1s interesante para \u00e9l. Su duro d\u00eda de trabajo quiz\u00e1 necesite de un poco de \u00e1nimo, y uno de tus deberes es proporcion\u00e1rselo. Durante los d\u00edas m\u00e1s fr\u00edos deber\u00edas preparar y encender un fuego en la chimenea para que se relaje frente a \u00e9l. Despu\u00e9s de todo, preocuparse por su comodidad te proporcionar\u00e1 una satisfacci\u00f3n personal inmensa. Minimiza cualquier ruido. En el momento de su llegada, elimina zumbidos de lavadora o aspirador. Sal\u00fadalo con una c\u00e1lida sonrisa y demu\u00e9strale tu deseo por complacerle. Esc\u00fachalo, d\u00e9jalo hablar primero; recuerda que sus temas de conversaci\u00f3n son m\u00e1s importantes que los tuyos\u00bb. <a href=\"http:\/\/www.taringa.net\/posts\/femme\/3055289\/La-mujer-ideal-del-franquismo.html\">Segu\u00ed leyendo AQU\u00cd<\/a><\/em><\/p>\n<div id=\"attachment_6557\" style=\"width: 488px\" class=\"wp-caption aligncenter\"><a href=\"http:\/\/www.proyectoallen.com.ar\/3\/wp-content\/uploads\/2014\/07\/007_3-Medium.jpg\"><img loading=\"lazy\" decoding=\"async\" aria-describedby=\"caption-attachment-6557\" class=\"size-large wp-image-6557\" alt=\"Sin datos\" src=\"http:\/\/www.proyectoallen.com.ar\/3\/wp-content\/uploads\/2014\/07\/007_3-Medium-478x1024.jpg\" width=\"478\" height=\"1024\" srcset=\"https:\/\/www.proyectoallen.com.ar\/3\/wp-content\/uploads\/2014\/07\/007_3-Medium-478x1024.jpg 478w, https:\/\/www.proyectoallen.com.ar\/3\/wp-content\/uploads\/2014\/07\/007_3-Medium-140x300.jpg 140w, https:\/\/www.proyectoallen.com.ar\/3\/wp-content\/uploads\/2014\/07\/007_3-Medium-250x535.jpg 250w, https:\/\/www.proyectoallen.com.ar\/3\/wp-content\/uploads\/2014\/07\/007_3-Medium.jpg 638w\" sizes=\"auto, (max-width: 478px) 100vw, 478px\" \/><\/a><p id=\"caption-attachment-6557\" class=\"wp-caption-text\">(Sin datos)<\/p><\/div>\n<p style=\"text-align: justify;\">Era dif\u00edcil escapar de la duda que generaba el trabajo femenino. La regla dominante en el siglo XX fue \u00abpara desprestigiar a una mujer de manera contundente s\u00f3lo hab\u00eda que poner en duda su moralidad\u00bb y, como esto se relacionaba a la posibilidad de que una mujer lograra mayor libertad personal, hab\u00eda que tener cierto \u201ccoraje\u201d para asumir el riesgo de \u201cquedar marcada\u201d. Era frecuente identificar a la mujer trabajadora como una mujer de conducta sexual liberada, la vestimenta, el maquillaje u otros h\u00e1bitos como fumar o conversar con hombres desconocidos eran se\u00f1ales de escasa integridad moral.<br \/>\nUn grupo especialmente vulnerable fue el de las empleadas dom\u00e9sticas, quienes eran v\u00edctimas de los patrones y en ocasiones de sus hijos. Estas mujeres merecer\u00edan un cap\u00edtulo aparte, pues en muchos hogares del pueblo exist\u00edan estas muchachas, muchas veces eran apenas ni\u00f1as, que recib\u00edan el acoso so pena de perder el trabajo si no acced\u00edan al reclamo. Era com\u00fan que de antemano supieran que ser\u00edan requeridas en sus propios dormitorios o donde mejor se les ocurriera a los patrones debiendo soportar la complicidad no s\u00f3lo de la familia del patr\u00f3n sino tambi\u00e9n la de sus propios parientes. Varios testimonios refieren esta costumbre como algo muy com\u00fan en la \u00e9poca y cuentan an\u00e9cdotas de \u201caventuras\u201d de amigos o conocidos de la localidad. Las esposas de los sectores sociales m\u00e1s altos soportaban de sus maridos este tipo de relaciones, que, como la prostituci\u00f3n, eran consideradas formas para asegurar la castidad del matrimonio y la preponderancia de los varones. Fue muy com\u00fan la existencia incluso de concubinas fuera de la propiedad familiar, con cierta protecci\u00f3n y a sabiendas de la familia leg\u00edtima.<\/p>\n<p style=\"text-align: justify;\">Pero lentamente la mujer comenz\u00f3 a ser visible para la sociedad y adem\u00e1s, empezaron a salir a la luz las injusticias en las leyes penales, laborales y el derecho de familia. No obstante, sigui\u00f3 siendo largo el camino a recorrer, porque\u00a0 el proceso de cambio fue lento y a veces parec\u00eda inacabado. La desigualdad de derechos y oportunidades estaba a\u00fan atada a viejos resabios, muchos relacionados con el ejercicio del poder y las formas de relaci\u00f3n heredadas entre hombre y mujer.<\/p>\n<div id=\"attachment_6558\" style=\"width: 679px\" class=\"wp-caption aligncenter\"><a href=\"http:\/\/www.proyectoallen.com.ar\/3\/wp-content\/uploads\/2014\/07\/abuelaleo-Medium.jpg\"><img loading=\"lazy\" decoding=\"async\" aria-describedby=\"caption-attachment-6558\" class=\"size-large wp-image-6558\" alt=\"Adelina Miguel en plena sesi\u00f3n fotogr\u00e1fica.\" src=\"http:\/\/www.proyectoallen.com.ar\/3\/wp-content\/uploads\/2014\/07\/abuelaleo-Medium-669x1024.jpg\" width=\"669\" height=\"1024\" srcset=\"https:\/\/www.proyectoallen.com.ar\/3\/wp-content\/uploads\/2014\/07\/abuelaleo-Medium-669x1024.jpg 669w, https:\/\/www.proyectoallen.com.ar\/3\/wp-content\/uploads\/2014\/07\/abuelaleo-Medium-196x300.jpg 196w, https:\/\/www.proyectoallen.com.ar\/3\/wp-content\/uploads\/2014\/07\/abuelaleo-Medium-250x382.jpg 250w, https:\/\/www.proyectoallen.com.ar\/3\/wp-content\/uploads\/2014\/07\/abuelaleo-Medium.jpg 768w\" sizes=\"auto, (max-width: 669px) 100vw, 669px\" \/><\/a><p id=\"caption-attachment-6558\" class=\"wp-caption-text\">Adelina Miguel en plena sesi\u00f3n fotogr\u00e1fica.<\/p><\/div>\n","protected":false},"excerpt":{"rendered":"<p>En los a\u00f1os \u201850 los cambios se aceleraron, impulsados por los medios de comunicaci\u00f3n. El desarrollo urbano fue incorporando lentamente a la mujer a otras actividades y ciertas tradiciones y costumbres comenzaron a abandonarse&#46;&#46;&#46;<\/p>\n","protected":false},"author":2,"featured_media":0,"comment_status":"open","ping_status":"closed","sticky":false,"template":"","format":"standard","meta":{"ngg_post_thumbnail":0,"footnotes":""},"categories":[22,13],"tags":[],"class_list":["post-6548","post","type-post","status-publish","format-standard","hentry","category-novedades","category-unpocodehistoria"],"jetpack_featured_media_url":"","_links":{"self":[{"href":"https:\/\/www.proyectoallen.com.ar\/3\/index.php?rest_route=\/wp\/v2\/posts\/6548","targetHints":{"allow":["GET"]}}],"collection":[{"href":"https:\/\/www.proyectoallen.com.ar\/3\/index.php?rest_route=\/wp\/v2\/posts"}],"about":[{"href":"https:\/\/www.proyectoallen.com.ar\/3\/index.php?rest_route=\/wp\/v2\/types\/post"}],"author":[{"embeddable":true,"href":"https:\/\/www.proyectoallen.com.ar\/3\/index.php?rest_route=\/wp\/v2\/users\/2"}],"replies":[{"embeddable":true,"href":"https:\/\/www.proyectoallen.com.ar\/3\/index.php?rest_route=%2Fwp%2Fv2%2Fcomments&post=6548"}],"version-history":[{"count":3,"href":"https:\/\/www.proyectoallen.com.ar\/3\/index.php?rest_route=\/wp\/v2\/posts\/6548\/revisions"}],"predecessor-version":[{"id":6560,"href":"https:\/\/www.proyectoallen.com.ar\/3\/index.php?rest_route=\/wp\/v2\/posts\/6548\/revisions\/6560"}],"wp:attachment":[{"href":"https:\/\/www.proyectoallen.com.ar\/3\/index.php?rest_route=%2Fwp%2Fv2%2Fmedia&parent=6548"}],"wp:term":[{"taxonomy":"category","embeddable":true,"href":"https:\/\/www.proyectoallen.com.ar\/3\/index.php?rest_route=%2Fwp%2Fv2%2Fcategories&post=6548"},{"taxonomy":"post_tag","embeddable":true,"href":"https:\/\/www.proyectoallen.com.ar\/3\/index.php?rest_route=%2Fwp%2Fv2%2Ftags&post=6548"}],"curies":[{"name":"wp","href":"https:\/\/api.w.org\/{rel}","templated":true}]}}