{"id":6814,"date":"2014-08-23T23:29:52","date_gmt":"2014-08-23T23:29:52","guid":{"rendered":"http:\/\/www.proyectoallen.com.ar\/3\/?p=6814"},"modified":"2014-08-23T23:30:31","modified_gmt":"2014-08-23T23:30:31","slug":"optica-parodi-cumple-25-anos-en-allen","status":"publish","type":"post","link":"https:\/\/www.proyectoallen.com.ar\/3\/?p=6814","title":{"rendered":"\u00d3ptica Parodi cumple 25 a\u00f1os en Allen."},"content":{"rendered":"<p><em>Hoy cumple 25 a\u00f1os \u00d3ptica Parodi y aqu\u00ed te contamos un poco de su historia.<\/em><!--more Seguir leyendo...--><\/p>\n<p style=\"text-align: center;\"><a href=\"http:\/\/www.proyectoallen.com.ar\/3\/wp-content\/uploads\/2014\/08\/PARODI-PUBLI-GRANDE-baja-calidad.jpg\"><img loading=\"lazy\" decoding=\"async\" class=\"aligncenter  wp-image-6815\" alt=\"PARODI PUBLI GRANDE (baja calidad)\" src=\"http:\/\/www.proyectoallen.com.ar\/3\/wp-content\/uploads\/2014\/08\/PARODI-PUBLI-GRANDE-baja-calidad-1024x677.jpg\" width=\"819\" height=\"542\" srcset=\"https:\/\/www.proyectoallen.com.ar\/3\/wp-content\/uploads\/2014\/08\/PARODI-PUBLI-GRANDE-baja-calidad-1024x677.jpg 1024w, https:\/\/www.proyectoallen.com.ar\/3\/wp-content\/uploads\/2014\/08\/PARODI-PUBLI-GRANDE-baja-calidad-300x198.jpg 300w, https:\/\/www.proyectoallen.com.ar\/3\/wp-content\/uploads\/2014\/08\/PARODI-PUBLI-GRANDE-baja-calidad-250x165.jpg 250w\" sizes=\"auto, (max-width: 819px) 100vw, 819px\" \/><\/a><\/p>\n<p style=\"text-align: justify;\">La historia de Javier Parodi y Roxana Reparaz en Allen comenz\u00f3 en 1989. Hab\u00edan ven\u00eddo un tiempo antes, buscando un lugar con posiblidades laborales, lejos de la ciudad de Buenos Aires, de donde son oriundos.<\/p>\n<p style=\"text-align: justify;\">As\u00ed nos contaba Javier en 2013 un poco de su historia familiar y comercial:<\/p>\n<p style=\"text-align: justify;\">\u00abLa idea era hacerlo una vez que ya estuvi\u00e9ramos recibidos los dos. Llegamos en enero, por datos de una compa\u00f1era de Roxana de la facultad. Empezamos viviendo en una casa alquilada, sobre el pasaje Mendoza que es donde pusimos primero el consultorio. En agosto, cuando vimos que la cosa funcionaba y que hab\u00eda posibilidades, que el lugar nos gustaba y que hab\u00eda trabajo, decidimos empezar la apertura del negocio. En agosto del 89&#8242; se abri\u00f3 por primera vez en la calle Belgrano, despu\u00e9s de cuatro a\u00f1os pasamos a otro local cuyo propietario era Tom\u00e1s orell, luego nos mudamos a la vuelta de donde estamos hoy. En 2001 logramos comprar la propiedad por medio de un cr\u00e9dito (y la venta de una propiedad que nos quedaba en BsAs) y aqu\u00ed estamos actualmente. Lo que en principio nos atrajo de la zona fue tener posibilidades laborales, independizarse y de tener algo distinto. Las posibilidades laborales estaban bien planteadas, hab\u00eda poca oferta en la parte oftalmol\u00f3gica, no tanto as\u00ed en la parte de \u00f3ptica, porque ya estaba Arcaute y Leticia Llanos funcionando. Nosotros estamos muy agradecidos por como nos recibieron y las posibilidades de crecimiento que nos ha brindado Allen, todo lo que hemos logrado ac\u00e1 no lo hubi\u00e9ramos podido hacer en Capital. Nos abri\u00f3 la posibilidad y tuvimos una excelente recepci\u00f3n (&#8230;) Yo lo que mejor hago es mi trabajo, mi profesi\u00f3n y el equipo que hacemos con Roxana le gusta a la gente de Allen. Nosotros intentamos hacer las cosas con seriedad, de concientizar que es importante comprar lentes graduados y anteojos de sol en lugares donde se cuide la salud visual, por ejemplo. Creo que tenemos un sello de calidad que hace la diferencia. Adem\u00e1s, tratar siempre de innovar, de mejorar el negocio, hace que la gente se sienta bien y nos acompa\u00f1e&#8230; tambi\u00e9n nosotros acompa\u00f1amos el crecimiento de la ciudad, lo que nos obliga junto a otros necogios a renovarnos y mantener el nivel (&#8230;) Los cambios de temporada son siempre un puntapi\u00e9 inicial que genera un movimiento interno para tratar de que todo se vea mejor. Lo fundamental es no quedarse quieto, renovar costantemente y mantener siempre la calidad. En Buenos aires tuve la posibilidad de trabajar en el \u00e1rea profesional, especialmente en contactolog\u00eda, en uno de los laboratorios m\u00e1s importantes de all\u00e1. Yo creo que todo ese aprendizaje m\u00e1s el di\u00e1logo con la gente, con equivocarse, buscar mejorar, en fin&#8230; hace que uno crezca y vaya teniendo experiencia en el tema. Adem\u00e1s, prestar atenci\u00f3n a la gente en tu lugar, el que uno ya conoce, por no es un lugar grande, te permite una atenci\u00f3n personalizada y una adecuaci\u00f3n a los cambios\u00bb.<\/p>\n<div id=\"attachment_6816\" style=\"width: 829px\" class=\"wp-caption aligncenter\"><a href=\"http:\/\/www.proyectoallen.com.ar\/3\/wp-content\/uploads\/2014\/08\/apertura-4-Medium.jpg\"><img loading=\"lazy\" decoding=\"async\" aria-describedby=\"caption-attachment-6816\" class=\" wp-image-6816\" alt=\"apertura 4 (Medium)\" src=\"http:\/\/www.proyectoallen.com.ar\/3\/wp-content\/uploads\/2014\/08\/apertura-4-Medium-1024x676.jpg\" width=\"819\" height=\"541\" srcset=\"https:\/\/www.proyectoallen.com.ar\/3\/wp-content\/uploads\/2014\/08\/apertura-4-Medium-1024x676.jpg 1024w, https:\/\/www.proyectoallen.com.ar\/3\/wp-content\/uploads\/2014\/08\/apertura-4-Medium-300x198.jpg 300w, https:\/\/www.proyectoallen.com.ar\/3\/wp-content\/uploads\/2014\/08\/apertura-4-Medium-250x165.jpg 250w, https:\/\/www.proyectoallen.com.ar\/3\/wp-content\/uploads\/2014\/08\/apertura-4-Medium.jpg 1163w\" sizes=\"auto, (max-width: 819px) 100vw, 819px\" \/><\/a><p id=\"caption-attachment-6816\" class=\"wp-caption-text\">Javier Parodi junto a los dem\u00e1s colaboradores de la 3ra. Fiesta Nacional de la Pera.<\/p><\/div>\n<p style=\"text-align: center;\"><a href=\"http:\/\/www.proyectoallen.com.ar\/3\/wp-content\/uploads\/2014\/08\/PARODI-PUBLI-CHICA.jpg\"><img loading=\"lazy\" decoding=\"async\" class=\"aligncenter size-full wp-image-6817\" alt=\"PARODI PUBLI CHICA\" src=\"http:\/\/www.proyectoallen.com.ar\/3\/wp-content\/uploads\/2014\/08\/PARODI-PUBLI-CHICA.jpg\" width=\"413\" height=\"519\" srcset=\"https:\/\/www.proyectoallen.com.ar\/3\/wp-content\/uploads\/2014\/08\/PARODI-PUBLI-CHICA.jpg 413w, https:\/\/www.proyectoallen.com.ar\/3\/wp-content\/uploads\/2014\/08\/PARODI-PUBLI-CHICA-238x300.jpg 238w, https:\/\/www.proyectoallen.com.ar\/3\/wp-content\/uploads\/2014\/08\/PARODI-PUBLI-CHICA-250x314.jpg 250w\" sizes=\"auto, (max-width: 413px) 100vw, 413px\" \/><\/a><\/p>\n","protected":false},"excerpt":{"rendered":"<p>Hoy cumple 25 a\u00f1os \u00d3ptica Parodi y aqu\u00ed te contamos un poco de su historia.<\/p>\n","protected":false},"author":2,"featured_media":0,"comment_status":"open","ping_status":"closed","sticky":false,"template":"","format":"standard","meta":{"ngg_post_thumbnail":0,"footnotes":""},"categories":[12],"tags":[],"class_list":["post-6814","post","type-post","status-publish","format-standard","hentry","category-sabias"],"jetpack_featured_media_url":"","_links":{"self":[{"href":"https:\/\/www.proyectoallen.com.ar\/3\/index.php?rest_route=\/wp\/v2\/posts\/6814","targetHints":{"allow":["GET"]}}],"collection":[{"href":"https:\/\/www.proyectoallen.com.ar\/3\/index.php?rest_route=\/wp\/v2\/posts"}],"about":[{"href":"https:\/\/www.proyectoallen.com.ar\/3\/index.php?rest_route=\/wp\/v2\/types\/post"}],"author":[{"embeddable":true,"href":"https:\/\/www.proyectoallen.com.ar\/3\/index.php?rest_route=\/wp\/v2\/users\/2"}],"replies":[{"embeddable":true,"href":"https:\/\/www.proyectoallen.com.ar\/3\/index.php?rest_route=%2Fwp%2Fv2%2Fcomments&post=6814"}],"version-history":[{"count":2,"href":"https:\/\/www.proyectoallen.com.ar\/3\/index.php?rest_route=\/wp\/v2\/posts\/6814\/revisions"}],"predecessor-version":[{"id":6819,"href":"https:\/\/www.proyectoallen.com.ar\/3\/index.php?rest_route=\/wp\/v2\/posts\/6814\/revisions\/6819"}],"wp:attachment":[{"href":"https:\/\/www.proyectoallen.com.ar\/3\/index.php?rest_route=%2Fwp%2Fv2%2Fmedia&parent=6814"}],"wp:term":[{"taxonomy":"category","embeddable":true,"href":"https:\/\/www.proyectoallen.com.ar\/3\/index.php?rest_route=%2Fwp%2Fv2%2Fcategories&post=6814"},{"taxonomy":"post_tag","embeddable":true,"href":"https:\/\/www.proyectoallen.com.ar\/3\/index.php?rest_route=%2Fwp%2Fv2%2Ftags&post=6814"}],"curies":[{"name":"wp","href":"https:\/\/api.w.org\/{rel}","templated":true}]}}