{"id":682,"date":"2012-02-14T00:19:36","date_gmt":"2012-02-14T00:19:36","guid":{"rendered":"http:\/\/192.168.1.102\/?p=682"},"modified":"2018-05-10T00:25:48","modified_gmt":"2018-05-10T00:25:48","slug":"fiesta-de-la-pera","status":"publish","type":"post","link":"https:\/\/www.proyectoallen.com.ar\/3\/?p=682","title":{"rendered":"Fiesta de la Pera"},"content":{"rendered":"<p style=\"text-align: justify;\"><em>La Fiesta Nacional de la Pera es un evento que nuestra ciudad festeja a fines de enero desde el a\u00f1o 1999. Conmemora la producci\u00f3n de la pera, una de las frutas de la que Allen es, en el pa\u00eds, uno de sus principales productores. En 2009 Proyecto Allen inici\u00f3 la narraci\u00f3n de su historia en la p\u00e1gina Breve historia de la Fiesta Nacional de la Pera.<\/em><!--more Seguir leyendo...--><\/p>\n<p style=\"text-align: justify;\">Proyecto Allen a participado en la Fiesta de la Pera en varias oportunidades. En enero del 2007 en la <strong>IX Fiesta<\/strong><strong> Nacional de la Pera, <\/strong>gracias al aporte material del <strong>Concejo Deliberante<\/strong> local presentamos la primera versi\u00f3n de nuestra pagina web. Colaboraron con nosotros en la difusi\u00f3n durante la fiesta el Grupo de Teatro <strong>\u201cCosechadores de Sue\u00f1os<\/strong>\u201d de la <strong>Escuela<\/strong><strong> Laboral<\/strong> de Allen, grupo de j\u00f3venes con quienes colaboramos. En esa oportunidad se present\u00f3 un audiovisual sobre nuestro trabajo, las entrevistas a pobladores realizadas durante el\u00a0 per\u00edodo 2005\/2006 y placas con fotograf\u00edas donde los allenses tuvieron la posibilidad de \u201cencontrarse\u201d en ellas, lo que aport\u00f3 una gran cantidad de informaci\u00f3n y nuevos contactos para realizar m\u00e1s entrevistas.<\/p>\n<p style=\"text-align: justify;\">En 2008 nuevamente pusimos un stand para presentar la pagina de la Historia de la Fiesta Nacional de la Pera.\u00a0Ese d\u00eda Chelo Candia present\u00f3 una muestra de sus historietas y realiz\u00f3 en \u00abvivo\u00bb el mural \u201cTrabajador Rural\u201d. Este mural fue donado al Al CET 14 colegio agro industrial.<\/p>\n<p style=\"text-align: justify;\"><a href=\"http:\/\/www.fiestadelapera.proyectoallen.com.ar\/\">Mirala aqui: Breve historia de la fiesta de la pera<\/a><\/p>\n<p style=\"text-align: justify;\">\n<p>&nbsp;<\/p>\n<p><iframe loading=\"lazy\"  id=\"_ytid_43628\"  width=\"480\" height=\"360\"  data-origwidth=\"480\" data-origheight=\"360\" src=\"https:\/\/www.youtube.com\/embed\/S89b-kXjxi4?enablejsapi=1&#038;autoplay=0&#038;cc_load_policy=0&#038;cc_lang_pref=&#038;iv_load_policy=1&#038;loop=0&#038;rel=0&#038;fs=1&#038;playsinline=0&#038;autohide=2&#038;theme=dark&#038;color=red&#038;controls=1&#038;\" class=\"__youtube_prefs__  epyt-is-override  no-lazyload\" title=\"YouTube player\"  allow=\"fullscreen; accelerometer; autoplay; clipboard-write; encrypted-media; gyroscope; picture-in-picture\" allowfullscreen data-no-lazy=\"1\" data-skipgform_ajax_framebjll=\"\"><\/iframe><\/p>\n<p>&nbsp;<\/p>\n<p style=\"text-align: justify;\">En 2011 participamos nuevamente en la Fiesta Nacional de la Pera con el peri\u00f3dico de ficci\u00f3n denominado \u00abEl Fruticultor allense\u00bb: 10 cuadros de 80 x 60 con historias de vida de productores de la localidad y noticias en contexto.<\/p>\n<div id=\"attachment_1032\" style=\"width: 310px\" class=\"wp-caption aligncenter\"><a href=\"http:\/\/www.proyectoallen.com.ar\/3\/wp-content\/uploads\/2012\/02\/2.jpg\"><img loading=\"lazy\" decoding=\"async\" aria-describedby=\"caption-attachment-1032\" class=\"size-medium wp-image-1032 \" title=\"Puesta de &quot;El Fruticultor allense&quot;\" src=\"http:\/\/www.proyectoallen.com.ar\/3\/wp-content\/uploads\/2012\/02\/2-300x225.jpg\" alt=\"\" width=\"300\" height=\"225\" srcset=\"https:\/\/www.proyectoallen.com.ar\/3\/wp-content\/uploads\/2012\/02\/2-300x225.jpg 300w, https:\/\/www.proyectoallen.com.ar\/3\/wp-content\/uploads\/2012\/02\/2-250x187.jpg 250w, https:\/\/www.proyectoallen.com.ar\/3\/wp-content\/uploads\/2012\/02\/2.jpg 640w\" sizes=\"auto, (max-width: 300px) 100vw, 300px\" \/><\/a><p id=\"caption-attachment-1032\" class=\"wp-caption-text\">Puesta de \u00abEl Fruticultor allense\u00bb &#8211; Foto ciudaddeallen.com.ar<\/p><\/div>\n<p style=\"text-align: justify;\">\u00a0Tras peligrar su realizaci\u00f3n entre el 27 y 29 de enero de 2012 la XIV Fiesta Nacional de la Pera finalmente se realiz\u00f3. Los medios period\u00edsticos de la regi\u00f3n en los \u00faltimos a\u00f1os han cubierto todos los eventos que se realizan durante las tres noches, sin embargo existe mucho material de otros a\u00f1os que hemos recibido de Alejandra Soneyra y Foto Luis. Parte de ese material esta en la pagina que realizamos en 2008.<\/p>\n<p>Para los tres primeros a\u00f1os pueden consultar en:<\/p>\n<p>&nbsp;<\/p>\n<p><strong>Nuestra participaci\u00f3n en las distintas ediciones de la fiesta:<br \/>\n<\/strong><\/p>\n<p><a href=\"http:\/\/www1.rionegro.com.ar\/diario\/2007\/01\/26\/imprimir.20071v26f06.php\">Un equipo multidisciplinario al rescate de la historia<\/a><\/p>\n<p><a href=\"http:\/\/www1.rionegro.com.ar\/diario\/2007\/01\/28\/imprimir.20071v28f40.php\">El ingenio que hace distinta a la Fiesta de la Pera<\/a><\/p>\n<p><a href=\"http:\/\/www.ciudaddeallen.com.ar\/noticias\/detalles.asp?id=1707&amp;categoria=26\">Proyecto Allen aporta novedades para la Fiesta de la Pera<\/a><\/p>\n<p>&nbsp;<\/p>\n","protected":false},"excerpt":{"rendered":"<p>La Fiesta Nacional de la Pera es un evento que nuestra ciudad festeja a fines de enero desde el a\u00f1o 1999. Conmemora la producci\u00f3n de la pera, una de las frutas de la que&#46;&#46;&#46;<\/p>\n","protected":false},"author":1,"featured_media":0,"comment_status":"open","ping_status":"open","sticky":false,"template":"","format":"standard","meta":{"ngg_post_thumbnail":0,"footnotes":""},"categories":[13],"tags":[],"class_list":["post-682","post","type-post","status-publish","format-standard","hentry","category-unpocodehistoria"],"jetpack_featured_media_url":"","_links":{"self":[{"href":"https:\/\/www.proyectoallen.com.ar\/3\/index.php?rest_route=\/wp\/v2\/posts\/682","targetHints":{"allow":["GET"]}}],"collection":[{"href":"https:\/\/www.proyectoallen.com.ar\/3\/index.php?rest_route=\/wp\/v2\/posts"}],"about":[{"href":"https:\/\/www.proyectoallen.com.ar\/3\/index.php?rest_route=\/wp\/v2\/types\/post"}],"author":[{"embeddable":true,"href":"https:\/\/www.proyectoallen.com.ar\/3\/index.php?rest_route=\/wp\/v2\/users\/1"}],"replies":[{"embeddable":true,"href":"https:\/\/www.proyectoallen.com.ar\/3\/index.php?rest_route=%2Fwp%2Fv2%2Fcomments&post=682"}],"version-history":[{"count":14,"href":"https:\/\/www.proyectoallen.com.ar\/3\/index.php?rest_route=\/wp\/v2\/posts\/682\/revisions"}],"predecessor-version":[{"id":9085,"href":"https:\/\/www.proyectoallen.com.ar\/3\/index.php?rest_route=\/wp\/v2\/posts\/682\/revisions\/9085"}],"wp:attachment":[{"href":"https:\/\/www.proyectoallen.com.ar\/3\/index.php?rest_route=%2Fwp%2Fv2%2Fmedia&parent=682"}],"wp:term":[{"taxonomy":"category","embeddable":true,"href":"https:\/\/www.proyectoallen.com.ar\/3\/index.php?rest_route=%2Fwp%2Fv2%2Fcategories&post=682"},{"taxonomy":"post_tag","embeddable":true,"href":"https:\/\/www.proyectoallen.com.ar\/3\/index.php?rest_route=%2Fwp%2Fv2%2Ftags&post=682"}],"curies":[{"name":"wp","href":"https:\/\/api.w.org\/{rel}","templated":true}]}}