{"id":6989,"date":"2014-09-14T00:18:53","date_gmt":"2014-09-14T00:18:53","guid":{"rendered":"http:\/\/www.proyectoallen.com.ar\/3\/?p=6989"},"modified":"2014-09-14T00:18:53","modified_gmt":"2014-09-14T00:18:53","slug":"el-blog-del-juicio","status":"publish","type":"post","link":"https:\/\/www.proyectoallen.com.ar\/3\/?p=6989","title":{"rendered":"El Blog del Juicio"},"content":{"rendered":"<p style=\"text-align: justify;\"><em>El blog Juicio8300web, es una compilaci\u00f3n de los posteos que realizamos para el sitio <a href=\"http:\/\/www.8300.com.ar\/\">www.8300.com.ar<\/a>, de la <a href=\"http:\/\/www.8300.com.ar\/2012\/06\/04\/quienes-somos\/\" target=\"_blank\">Cooperativa de Trabajo para la Comunicaci\u00f3n 8300 Ltda<\/a>. <!--more--><\/em><\/p>\n<p style=\"text-align: justify;\"><em>Esta rese\u00f1a busca juntar en un solo sitio <a href=\"http:\/\/www.8300.com.ar\/category\/secciones\/juicios-secciones\/\" target=\"_blank\">toda la informaci\u00f3n disponible<\/a>\u00a0en este medio acerca del juicio que se le sigue a los responsables de la represi\u00f3n ilegal en R\u00edo Negro y Neuqu\u00e9n, durante el \u00faltimo gobierno militar.<\/em><\/p>\n<p style=\"text-align: center;\">Ingres\u00e1 a:<\/p>\n<p style=\"text-align: center;\">http:\/\/juicio8300web.blogspot.com.ar\/<\/p>\n<p style=\"text-align: center;\"><a href=\"http:\/\/www.proyectoallen.com.ar\/3\/wp-content\/uploads\/2014\/09\/MG_9139.jpg\"><img loading=\"lazy\" decoding=\"async\" class=\"aligncenter  wp-image-6990\" alt=\"MG_9139\" src=\"http:\/\/www.proyectoallen.com.ar\/3\/wp-content\/uploads\/2014\/09\/MG_9139-1024x682.jpg\" width=\"819\" height=\"546\" srcset=\"https:\/\/www.proyectoallen.com.ar\/3\/wp-content\/uploads\/2014\/09\/MG_9139-1024x682.jpg 1024w, https:\/\/www.proyectoallen.com.ar\/3\/wp-content\/uploads\/2014\/09\/MG_9139-300x200.jpg 300w, https:\/\/www.proyectoallen.com.ar\/3\/wp-content\/uploads\/2014\/09\/MG_9139-250x166.jpg 250w, https:\/\/www.proyectoallen.com.ar\/3\/wp-content\/uploads\/2014\/09\/MG_9139.jpg 1240w\" sizes=\"auto, (max-width: 819px) 100vw, 819px\" \/><\/a><\/p>\n","protected":false},"excerpt":{"rendered":"<p>El blog Juicio8300web, es una compilaci\u00f3n de los posteos que realizamos para el sitio www.8300.com.ar, de la Cooperativa de Trabajo para la Comunicaci\u00f3n 8300 Ltda.<\/p>\n","protected":false},"author":2,"featured_media":0,"comment_status":"open","ping_status":"closed","sticky":false,"template":"","format":"standard","meta":{"ngg_post_thumbnail":0,"footnotes":""},"categories":[26,11],"tags":[],"class_list":["post-6989","post","type-post","status-publish","format-standard","hentry","category-carta-organica-municipal","category-algoparadecir"],"jetpack_featured_media_url":"","_links":{"self":[{"href":"https:\/\/www.proyectoallen.com.ar\/3\/index.php?rest_route=\/wp\/v2\/posts\/6989","targetHints":{"allow":["GET"]}}],"collection":[{"href":"https:\/\/www.proyectoallen.com.ar\/3\/index.php?rest_route=\/wp\/v2\/posts"}],"about":[{"href":"https:\/\/www.proyectoallen.com.ar\/3\/index.php?rest_route=\/wp\/v2\/types\/post"}],"author":[{"embeddable":true,"href":"https:\/\/www.proyectoallen.com.ar\/3\/index.php?rest_route=\/wp\/v2\/users\/2"}],"replies":[{"embeddable":true,"href":"https:\/\/www.proyectoallen.com.ar\/3\/index.php?rest_route=%2Fwp%2Fv2%2Fcomments&post=6989"}],"version-history":[{"count":1,"href":"https:\/\/www.proyectoallen.com.ar\/3\/index.php?rest_route=\/wp\/v2\/posts\/6989\/revisions"}],"predecessor-version":[{"id":6991,"href":"https:\/\/www.proyectoallen.com.ar\/3\/index.php?rest_route=\/wp\/v2\/posts\/6989\/revisions\/6991"}],"wp:attachment":[{"href":"https:\/\/www.proyectoallen.com.ar\/3\/index.php?rest_route=%2Fwp%2Fv2%2Fmedia&parent=6989"}],"wp:term":[{"taxonomy":"category","embeddable":true,"href":"https:\/\/www.proyectoallen.com.ar\/3\/index.php?rest_route=%2Fwp%2Fv2%2Fcategories&post=6989"},{"taxonomy":"post_tag","embeddable":true,"href":"https:\/\/www.proyectoallen.com.ar\/3\/index.php?rest_route=%2Fwp%2Fv2%2Ftags&post=6989"}],"curies":[{"name":"wp","href":"https:\/\/api.w.org\/{rel}","templated":true}]}}