{"id":7295,"date":"2021-02-18T19:00:20","date_gmt":"2021-02-18T19:00:20","guid":{"rendered":"http:\/\/www.proyectoallen.com.ar\/3\/?p=7295"},"modified":"2021-02-18T22:24:22","modified_gmt":"2021-02-18T22:24:22","slug":"basquet-semiprofesional-de-union","status":"publish","type":"post","link":"https:\/\/www.proyectoallen.com.ar\/3\/?p=7295","title":{"rendered":"El b\u00e1squet en Uni\u00f3n Alem Progresista"},"content":{"rendered":"<p style=\"text-align: justify;\"><em>En la d\u00e9cada del 80 (siglo XX), Uni\u00f3n tuvo un equipo semiprofesional de basquet que compiti\u00f3 en torneos regionales. (Web: http:\/\/deportesallen.com\/mhistoricos.html)<\/em><!--more--><\/p>\n<p style=\"text-align: center;\"><a href=\"http:\/\/www.proyectoallen.com.ar\/3\/wp-content\/uploads\/2015\/02\/Marcela-Almuna-1.jpg\"><img loading=\"lazy\" decoding=\"async\" class=\"aligncenter size-full wp-image-7296\" src=\"http:\/\/www.proyectoallen.com.ar\/3\/wp-content\/uploads\/2015\/02\/Marcela-Almuna-1.jpg\" alt=\"Marcela Almuna (1)\" width=\"630\" height=\"360\" srcset=\"https:\/\/www.proyectoallen.com.ar\/3\/wp-content\/uploads\/2015\/02\/Marcela-Almuna-1.jpg 630w, https:\/\/www.proyectoallen.com.ar\/3\/wp-content\/uploads\/2015\/02\/Marcela-Almuna-1-300x171.jpg 300w, https:\/\/www.proyectoallen.com.ar\/3\/wp-content\/uploads\/2015\/02\/Marcela-Almuna-1-250x143.jpg 250w\" sizes=\"auto, (max-width: 630px) 100vw, 630px\" \/><\/a><strong>Darryl Parker y Alvin Frederick<\/strong><\/p>\n<p style=\"text-align: justify;\">En el a\u00f1o 1986, en el CUAP se conform\u00f3 un equipo con jugadores profesionales, argentinos y extranjeros, para jugar los torneos de nuestra regi\u00f3n. Los dirigentes buscaron jugadores en las mejores plazas basquetbol\u00edsticas (Bahia Blanca y Santa F\u00e9), y fue as\u00ed que contrataron al base bahiense Hugo Maceratesi, al santafesino \u00abRuso\u00bb Gren\u00f3n, a los americanos Darryl Parker y Alvin Frederick, y completaron el equipo con jugadores locales tales como Carlos Montenegro, \u00abJuanqui\u00bb Pepe, Mario Waguel y otros.<br \/>\nPersonalmente recuerdo que estando en la \u00e9poca de secundaria ibamos a verlos y era todo un suceso para nuestra localidad, ver jugar a extranjeros que cobraban en d\u00f3lares y utilizaban una traductora.<br \/>\nContactamos a Hugo Maceratesi y nos coment\u00f3 lo siguiente: \u00abfue muy lindo en esa epoca Union ven\u00eda mal, en mi caso vino el Sr. Jorge Gass a buscar un base a mi Villa Mitre y ahi empez\u00f3 la historia. A los americanos Darryl y Alvin los trajo Daniel Alende un entrenador bahiense. Te agrego que jugamos un torneo muy lindo junto a Roca, Cinco Saltos y Regina, recuerdo al loco Igesias y que eran lindos partidoa a cancha llena. Fuimos un equipo muy competitivo, ten\u00edamos al mejor extranjero Alvin Frederick, me acuerdo que jugaban Juanqui Pepe, Carlos Montenegro, tambien recuerdo a Darryl Parker, al ruso Grenon (santafecino que falleci\u00f3) y a muchos m\u00e1s que no recuerdo su nombre, al primer t\u00e9cnico fue lopez y luego vino Francisco Dastre. Fueron tres a\u00f1os muy lindos, viv\u00edamos en un hotel que se llamaba Wal Mir y nos daba de comer \u00abBocha\u00bb no se el apellido. Fue mi primera experiencia lejos de casa y fue lindo, hice muchos amigos recuerdo a cholito Alensi, Paula Perticarini, Laura Moneta, M\u00f3nica Co<em>z<\/em>iansky, el gordo Malet, el gallego Garcia, Jorge Gass, Loly Martin, Avalis, tambien recuerdo la confiter\u00eda al lado del cine, era todo muy lindo muy familiar en lo deportivo\u00bb.<br \/>\nCarlos Rodriguez tambi\u00e9n nos cuenta algo de esta historia: \u00abLos jugadores Americanos y los Bahienses llegaron en el a\u00f1o 1985\/86. Los integrantes de la Comisi\u00f3n que trabajaron mucho fueron: Hugo Paolini, Jos\u00e9 L\u00f3pez de Arcaute, Roberto Malet, Loly Mart\u00edn, Cacho Gambini, Carlos Mart\u00edn Petisco, Luis Casali, Gordo Dastre (D.T.), N\u00e9stor Garcia, Cachamai Garcia, \u00abGrandote\u00bb L\u00f3pez (Jugador y ayudante T\u00e9cnico) y yo tambi\u00e9n apoye est\u00e1 iniciativa y me postulaba como candidato a Presidente del CUAP y varios m\u00e1s personas m\u00e1s que no recuerdo los nombres. En Bahia Blanca cuando viajabamos a realizar los pases nos ayudaba \u00abQuico\u00bb Carril que estudiaba all\u00ed\u00bb.<\/p>\n<p style=\"text-align: justify;\"><em>Allen, 3 de febrero de 2015, Fuente: Hugo Maceratesi, Carlos Rodriguez &#8211; Informa: deportesallen.com<\/em><\/p>\n<p style=\"text-align: justify;\"><a href=\"http:\/\/www.proyectoallen.com.ar\/3\/wp-content\/uploads\/2015\/02\/980453_510447785669769_1833393765_o.jpg\"><img loading=\"lazy\" decoding=\"async\" class=\"aligncenter size-large wp-image-7297\" src=\"http:\/\/www.proyectoallen.com.ar\/3\/wp-content\/uploads\/2015\/02\/980453_510447785669769_1833393765_o-1024x745.jpg\" alt=\"980453_510447785669769_1833393765_o\" width=\"720\" height=\"524\" srcset=\"https:\/\/www.proyectoallen.com.ar\/3\/wp-content\/uploads\/2015\/02\/980453_510447785669769_1833393765_o-1024x745.jpg 1024w, https:\/\/www.proyectoallen.com.ar\/3\/wp-content\/uploads\/2015\/02\/980453_510447785669769_1833393765_o-300x218.jpg 300w, https:\/\/www.proyectoallen.com.ar\/3\/wp-content\/uploads\/2015\/02\/980453_510447785669769_1833393765_o-250x182.jpg 250w, https:\/\/www.proyectoallen.com.ar\/3\/wp-content\/uploads\/2015\/02\/980453_510447785669769_1833393765_o.jpg 2048w\" sizes=\"auto, (max-width: 720px) 100vw, 720px\" \/><\/a><\/p>\n<p style=\"text-align: justify;\"><a href=\"http:\/\/www.proyectoallen.com.ar\/3\/wp-content\/uploads\/2015\/02\/47-15-bh.jpg\"><img loading=\"lazy\" decoding=\"async\" class=\"aligncenter size-full wp-image-7298\" src=\"http:\/\/www.proyectoallen.com.ar\/3\/wp-content\/uploads\/2015\/02\/47-15-bh.jpg\" alt=\"47-15 bh\" width=\"556\" height=\"417\" srcset=\"https:\/\/www.proyectoallen.com.ar\/3\/wp-content\/uploads\/2015\/02\/47-15-bh.jpg 556w, https:\/\/www.proyectoallen.com.ar\/3\/wp-content\/uploads\/2015\/02\/47-15-bh-300x225.jpg 300w, https:\/\/www.proyectoallen.com.ar\/3\/wp-content\/uploads\/2015\/02\/47-15-bh-250x188.jpg 250w\" sizes=\"auto, (max-width: 556px) 100vw, 556px\" \/><\/a><a href=\"http:\/\/www.proyectoallen.com.ar\/3\/wp-content\/uploads\/2015\/02\/IMG_5646.jpg\"><img loading=\"lazy\" decoding=\"async\" class=\"aligncenter size-full wp-image-7299\" src=\"http:\/\/www.proyectoallen.com.ar\/3\/wp-content\/uploads\/2015\/02\/IMG_5646.jpg\" alt=\"IMG_5646\" width=\"956\" height=\"788\" srcset=\"https:\/\/www.proyectoallen.com.ar\/3\/wp-content\/uploads\/2015\/02\/IMG_5646.jpg 956w, https:\/\/www.proyectoallen.com.ar\/3\/wp-content\/uploads\/2015\/02\/IMG_5646-300x247.jpg 300w, https:\/\/www.proyectoallen.com.ar\/3\/wp-content\/uploads\/2015\/02\/IMG_5646-250x206.jpg 250w\" sizes=\"auto, (max-width: 956px) 100vw, 956px\" \/><\/a><\/p>\n","protected":false},"excerpt":{"rendered":"<p>En la d\u00e9cada del 80 (siglo XX), Uni\u00f3n tuvo un equipo semiprofesional de basquet que compiti\u00f3 en torneos regionales. (Web: http:\/\/deportesallen.com\/mhistoricos.html)<\/p>\n","protected":false},"author":2,"featured_media":7296,"comment_status":"open","ping_status":"closed","sticky":false,"template":"","format":"standard","meta":{"ngg_post_thumbnail":0,"footnotes":""},"categories":[4,22],"tags":[],"class_list":["post-7295","post","type-post","status-publish","format-standard","has-post-thumbnail","hentry","category-deporte","category-novedades"],"jetpack_featured_media_url":"https:\/\/www.proyectoallen.com.ar\/3\/wp-content\/uploads\/2015\/02\/Marcela-Almuna-1.jpg","_links":{"self":[{"href":"https:\/\/www.proyectoallen.com.ar\/3\/index.php?rest_route=\/wp\/v2\/posts\/7295","targetHints":{"allow":["GET"]}}],"collection":[{"href":"https:\/\/www.proyectoallen.com.ar\/3\/index.php?rest_route=\/wp\/v2\/posts"}],"about":[{"href":"https:\/\/www.proyectoallen.com.ar\/3\/index.php?rest_route=\/wp\/v2\/types\/post"}],"author":[{"embeddable":true,"href":"https:\/\/www.proyectoallen.com.ar\/3\/index.php?rest_route=\/wp\/v2\/users\/2"}],"replies":[{"embeddable":true,"href":"https:\/\/www.proyectoallen.com.ar\/3\/index.php?rest_route=%2Fwp%2Fv2%2Fcomments&post=7295"}],"version-history":[{"count":3,"href":"https:\/\/www.proyectoallen.com.ar\/3\/index.php?rest_route=\/wp\/v2\/posts\/7295\/revisions"}],"predecessor-version":[{"id":10341,"href":"https:\/\/www.proyectoallen.com.ar\/3\/index.php?rest_route=\/wp\/v2\/posts\/7295\/revisions\/10341"}],"wp:featuredmedia":[{"embeddable":true,"href":"https:\/\/www.proyectoallen.com.ar\/3\/index.php?rest_route=\/wp\/v2\/media\/7296"}],"wp:attachment":[{"href":"https:\/\/www.proyectoallen.com.ar\/3\/index.php?rest_route=%2Fwp%2Fv2%2Fmedia&parent=7295"}],"wp:term":[{"taxonomy":"category","embeddable":true,"href":"https:\/\/www.proyectoallen.com.ar\/3\/index.php?rest_route=%2Fwp%2Fv2%2Fcategories&post=7295"},{"taxonomy":"post_tag","embeddable":true,"href":"https:\/\/www.proyectoallen.com.ar\/3\/index.php?rest_route=%2Fwp%2Fv2%2Ftags&post=7295"}],"curies":[{"name":"wp","href":"https:\/\/api.w.org\/{rel}","templated":true}]}}