{"id":7301,"date":"2015-02-04T23:09:04","date_gmt":"2015-02-04T23:09:04","guid":{"rendered":"http:\/\/www.proyectoallen.com.ar\/3\/?p=7301"},"modified":"2015-02-04T23:42:05","modified_gmt":"2015-02-04T23:42:05","slug":"pedro-prospitti","status":"publish","type":"post","link":"https:\/\/www.proyectoallen.com.ar\/3\/?p=7301","title":{"rendered":"PEDRO PROSPITTI"},"content":{"rendered":"<p style=\"text-align: justify;\"><em>Pedro Prospitti fue el pionero y pis\u00f3 fuerte en el f\u00fatbol grande. En los \u201960 brill\u00f3 en Buenos Aires, la selecci\u00f3n y clubes del exterior. Nacido en Allen, R\u00edo Negro, la tierra donde se pate\u00f3 <a href=\"http:\/\/www.proyectoallen.com.ar\/3\/?p=5684\">\u201cel penal m\u00e1s largo del mundo\u201d<\/a>, seg\u00fan el inolvidable Osvaldo Soriano. Web: http:\/\/deportesallen.com\/mhistoricos.html<\/em><!--more--><\/p>\n<div id=\"attachment_7302\" style=\"width: 993px\" class=\"wp-caption aligncenter\"><a href=\"http:\/\/www.proyectoallen.com.ar\/3\/wp-content\/uploads\/2015\/02\/Prospitti-en-el-Nacional-de-Uruguay-1965-Medium.jpg\"><img loading=\"lazy\" decoding=\"async\" aria-describedby=\"caption-attachment-7302\" class=\"size-full wp-image-7302\" src=\"http:\/\/www.proyectoallen.com.ar\/3\/wp-content\/uploads\/2015\/02\/Prospitti-en-el-Nacional-de-Uruguay-1965-Medium.jpg\" alt=\"Prospitti en el Nacional de Uruguay 1965\" width=\"983\" height=\"768\" srcset=\"https:\/\/www.proyectoallen.com.ar\/3\/wp-content\/uploads\/2015\/02\/Prospitti-en-el-Nacional-de-Uruguay-1965-Medium.jpg 983w, https:\/\/www.proyectoallen.com.ar\/3\/wp-content\/uploads\/2015\/02\/Prospitti-en-el-Nacional-de-Uruguay-1965-Medium-300x234.jpg 300w, https:\/\/www.proyectoallen.com.ar\/3\/wp-content\/uploads\/2015\/02\/Prospitti-en-el-Nacional-de-Uruguay-1965-Medium-250x195.jpg 250w\" sizes=\"auto, (max-width: 983px) 100vw, 983px\" \/><\/a><p id=\"caption-attachment-7302\" class=\"wp-caption-text\">Prospitti en el Nacional de Uruguay 1965<\/p><\/div>\n<p style=\"text-align: justify;\"><a href=\"http:\/\/www.proyectoallen.com.ar\/3\/?p=1419\">Ignacio Damiani<\/a> de ni\u00f1o, antes de firmar la planilla para entrar al campo de juego, se deten\u00eda frente a un peque\u00f1o cuadro que mostraba a un hombre en cuclillas con el cuerpo inclinado sobre una vieja pelota. Detr\u00e1s de esa figura se distingu\u00edan las tribunas del Club Uni\u00f3n Alem Progresista (CUAP). No supo qui\u00e9n era hasta que Eduardo Paredes, canchero y utilero, le se\u00f1al\u00f3 que se trataba de Pedro Prospitti, uno de los mejores jugadores que haya vestido la camiseta de Uni\u00f3n.<br \/>\nA Pedro Prospitti, nacido un 24 de julio de 1941, le ense\u00f1\u00f3 a jugar Aldo Cornide, un talentoso mediocampista que destil\u00f3 magia en el campeonato que Uni\u00f3n gan\u00f3 en 1934. Cornide comparti\u00f3 delantera junto a Jos\u00e9 Prospitti \u2013padre\u2013, uno de los \u00a1cinco! delanteros de aquel plantel campe\u00f3n, responsables del apodo \u201clos magos\u201d.Y la sangre hizo el resto.<\/p>\n<p style=\"text-align: justify;\"><a href=\"http:\/\/www.proyectoallen.com.ar\/3\/wp-content\/uploads\/2015\/02\/pedro-prospitti.jpg\"><img loading=\"lazy\" decoding=\"async\" class=\"aligncenter size-full wp-image-7304\" src=\"http:\/\/www.proyectoallen.com.ar\/3\/wp-content\/uploads\/2015\/02\/pedro-prospitti.jpg\" alt=\"pedro prospitti\" width=\"189\" height=\"267\" \/><\/a><br \/>\nSe inici\u00f3 como profesional con 20 a\u00f1os en 1961 en Estudiantes de La Plata en la fecha 20 del torneo que ganar\u00eda Racing; en el 62 pas\u00f3 a San Lorenzo de Almagro jug\u00f3 4 partidos y en el 63 regres\u00f3 a Estudiantes. En 1964 fue a Independiente de Avellaneda donde tuvo como compa\u00f1eros a Juan Carlos Guzm\u00e1n (Nacional), A Ra\u00fal Emilio Bernao (Cali) y a su compa\u00f1ero de Millos 1970, el chiquit\u00edn Osvaldo Mura.<br \/>\nEn Independiente sali\u00f3 Campe\u00f3n de Am\u00e9rica y disput\u00f3 las tres finales por la Copa Intercontinental, que el \u201cRojo\u201d perdi\u00f3 contra el Inter de Mil\u00e1n, en partido desempate. En esa misma temporada, la Selecci\u00f3n Argentina conquist\u00f3 la Copa de las Naciones. Enfrent\u00f3 entre otros a Inglaterra y al Brasil de Pel\u00e9, organizador del torneo. El gran Amadeo Carrizo, que le contuvo un penal decisivo al genial Gerson, declar\u00f3 que la figura hab\u00eda sido Prospitti por haber participado en los tres goles y construir paredes maravillosas junto a Ermindo \u00c1ngel Onega.<br \/>\nEn 1966 pas\u00f3 por River Plate y jug\u00f3 la Copa Libertadores (que ya hab\u00eda jugado con Independiente)despu\u00e9s de una temporada en Nacional de Montevideo. en el 67 estuvo por Quilmes y Sao Paulo de Brasil. En 1968 lleg\u00f3 al Independiente Santa Fe, equipo en el que tuvo como compa\u00f1ero de delantera a Omar Lorenzo Devani. En 1970 pas\u00f3 a Millonarios donde convirti\u00f3 25 goles los mismos que en 1971 con el Once Caldas. En 1972 se fue para el Emelec ecuatoriano.<br \/>\nFue un gran delantero, espectacular y efectivo pero indisciplinado y conflictivo como el que m\u00e1s, como lo demuestra su continuo trasegar por diferentes equipos. Hizo pinitos como empresario y fue quien trajo a Juan Jos\u00e9 De Mario, aquel talentoso volante que tuvo el Once Caldas y quiz\u00e1 hasta trajo algunos jugadores para el DIM, equipo en el que jug\u00f3 en 1970 pero extraoficialmente, cuando se permit\u00edan las transferencias durante los torneos.<br \/>\nAs\u00ed era Prospitti, un eximio goleador de gran t\u00e9cnica (goleador absolutamente en todos los equipos en donde actu\u00f3), d\u00edscolo, guapo, travieso. Marc\u00f3 138 goles en 231 partidos, un promedio de 0,60 por partido. Gran cabeceador, de potente remate, caminador de la cancha y displiscente. Es verdad que Sanfillipo le ense\u00f1\u00f3 a pegarle a la pelota. Patizambo, tractor, con clase, manejaba ambas piernas y lo vi llevar a la \u201crastra\u201d a jugadores de Boca.<br \/>\nTermin\u00f3 su carrera y pas\u00f3 sus \u00faltimos d\u00edas en su tierra natal, agobiado por el alcohol, las traiciones del juego y el dolor del olvido. \u201cLoco \u201cpor los Casinos\u201d, Loco \u201cpor la vida nocturna\u201d, pero doblemente \u201cLoco\u201d por los goles, Conocido como \u201cCocoliche\u201d por su adhesi\u00f3n a los juegos de azar. No bastaron los goles para \u201ctapar\u201d esa mala im\u00e1gen que dej\u00f3 fuera del terreno de juego. Termin\u00f3 lamentablemente en precaria situaci\u00f3n econ\u00f3mica en su pa\u00eds, Argentina, con un disfraz de tr\u00e1fico, deteni\u00e9ndo veh\u00edculos il\u00edcitamente para poder subsist\u00edr. Se despidi\u00f3 joven el 26 de noviembre 1996 a los 55 a\u00f1os.<\/p>\n<p style=\"text-align: justify;\"><strong><em>Allen, 17 de octubre de 2014, Fuentes: Diario R\u00edo Negro, Ecbloguer.com, futbolcurioso.blogspot. &#8211; Informa: Alejandro Martin.<\/em><\/strong><\/p>\n<p style=\"text-align: justify;\"><a href=\"http:\/\/www.proyectoallen.com.ar\/3\/wp-content\/uploads\/2015\/02\/pedro-prospiti.jpg\"><img loading=\"lazy\" decoding=\"async\" class=\"aligncenter size-full wp-image-7303\" src=\"http:\/\/www.proyectoallen.com.ar\/3\/wp-content\/uploads\/2015\/02\/pedro-prospiti.jpg\" alt=\"pedro prospiti\" width=\"800\" height=\"460\" srcset=\"https:\/\/www.proyectoallen.com.ar\/3\/wp-content\/uploads\/2015\/02\/pedro-prospiti.jpg 800w, https:\/\/www.proyectoallen.com.ar\/3\/wp-content\/uploads\/2015\/02\/pedro-prospiti-300x173.jpg 300w, https:\/\/www.proyectoallen.com.ar\/3\/wp-content\/uploads\/2015\/02\/pedro-prospiti-250x144.jpg 250w\" sizes=\"auto, (max-width: 800px) 100vw, 800px\" \/><\/a><\/p>\n<h3 style=\"text-align: justify;\"><strong>Algo m\u00e1s&#8230;<\/strong><\/h3>\n<p><a href=\"http:\/\/futbolcurioso.blogspot.com.ar\/2014\/01\/el-relator.html\">El relator<\/a><\/p>\n<p>&nbsp;<\/p>\n","protected":false},"excerpt":{"rendered":"<p>Pedro Prospitti fue el pionero y pis\u00f3 fuerte en el f\u00fatbol grande. En los \u201960 brill\u00f3 en Buenos Aires, la selecci\u00f3n y clubes del exterior. Nacido en Allen, R\u00edo Negro, la tierra donde se&#46;&#46;&#46;<\/p>\n","protected":false},"author":2,"featured_media":7302,"comment_status":"open","ping_status":"closed","sticky":false,"template":"","format":"standard","meta":{"ngg_post_thumbnail":0,"footnotes":""},"categories":[4,22],"tags":[],"class_list":["post-7301","post","type-post","status-publish","format-standard","has-post-thumbnail","hentry","category-deporte","category-novedades"],"jetpack_featured_media_url":"https:\/\/www.proyectoallen.com.ar\/3\/wp-content\/uploads\/2015\/02\/Prospitti-en-el-Nacional-de-Uruguay-1965-Medium.jpg","_links":{"self":[{"href":"https:\/\/www.proyectoallen.com.ar\/3\/index.php?rest_route=\/wp\/v2\/posts\/7301","targetHints":{"allow":["GET"]}}],"collection":[{"href":"https:\/\/www.proyectoallen.com.ar\/3\/index.php?rest_route=\/wp\/v2\/posts"}],"about":[{"href":"https:\/\/www.proyectoallen.com.ar\/3\/index.php?rest_route=\/wp\/v2\/types\/post"}],"author":[{"embeddable":true,"href":"https:\/\/www.proyectoallen.com.ar\/3\/index.php?rest_route=\/wp\/v2\/users\/2"}],"replies":[{"embeddable":true,"href":"https:\/\/www.proyectoallen.com.ar\/3\/index.php?rest_route=%2Fwp%2Fv2%2Fcomments&post=7301"}],"version-history":[{"count":4,"href":"https:\/\/www.proyectoallen.com.ar\/3\/index.php?rest_route=\/wp\/v2\/posts\/7301\/revisions"}],"predecessor-version":[{"id":7320,"href":"https:\/\/www.proyectoallen.com.ar\/3\/index.php?rest_route=\/wp\/v2\/posts\/7301\/revisions\/7320"}],"wp:featuredmedia":[{"embeddable":true,"href":"https:\/\/www.proyectoallen.com.ar\/3\/index.php?rest_route=\/wp\/v2\/media\/7302"}],"wp:attachment":[{"href":"https:\/\/www.proyectoallen.com.ar\/3\/index.php?rest_route=%2Fwp%2Fv2%2Fmedia&parent=7301"}],"wp:term":[{"taxonomy":"category","embeddable":true,"href":"https:\/\/www.proyectoallen.com.ar\/3\/index.php?rest_route=%2Fwp%2Fv2%2Fcategories&post=7301"},{"taxonomy":"post_tag","embeddable":true,"href":"https:\/\/www.proyectoallen.com.ar\/3\/index.php?rest_route=%2Fwp%2Fv2%2Ftags&post=7301"}],"curies":[{"name":"wp","href":"https:\/\/api.w.org\/{rel}","templated":true}]}}