{"id":7355,"date":"2015-02-24T00:13:42","date_gmt":"2015-02-24T00:13:42","guid":{"rendered":"http:\/\/www.proyectoallen.com.ar\/3\/?p=7355"},"modified":"2015-02-26T17:09:16","modified_gmt":"2015-02-26T17:09:16","slug":"los-eternos-sospechosos-discreta-vigilancia-sobre-el-anarquismo-valletano","status":"publish","type":"post","link":"https:\/\/www.proyectoallen.com.ar\/3\/?p=7355","title":{"rendered":"Los eternos sospechosos. Discreta vigilancia sobre el anarquismo valletano"},"content":{"rendered":"<p style=\"text-align: justify;\"><em>En los primeros meses de 1931 un grupo de militantes libertarios fue detenido en R\u00edo Negro acusado de participar de acciones contra la <a href=\"http:\/\/agenciapacourondo.com.ar\/secciones\/cultura\/9918-2012-11-24-20-25-33.html\">dictadura encabezada por el Gral. Jos\u00e9 F. Uriburu<\/a>. Al recuperar la libertad, y durante m\u00e1s de 40 a\u00f1os, la polic\u00eda rionegrina y el Ej\u00e9rcito realizaron tareas de inteligencia sobre ellos. A trav\u00e9s de las fichas iniciadas por la Comisar\u00eda de Investigaciones no s\u00f3lo se puede reconstruir el derrotero de quienes difundieron el ideario anarquista e impulsaron la organizaci\u00f3n de los trabajadores del territorio en las primeras d\u00e9cadas del siglo XX sino tambi\u00e9n del estado de sospecha permanente y la discreta vigilancia que se ejerci\u00f3 sobre ellos.<\/em><\/p>\n<p style=\"text-align: justify;\"><em>Por <strong>Hern\u00e1n Scandizzo<\/strong> <sup id=\"footnote_plugin_tooltip_1\" class=\"footnote_plugin_tooltip_text\" onclick=\"footnote_moveToAnchor('footnote_plugin_reference_1');\">1)<\/sup><span class=\"footnote_tooltip\" id=\"footnote_plugin_tooltip_text_1\">Este art\u00edculo es producto de la investigaci\u00f3n realizada por Jorge Etchenique y Hern\u00e1n Scandizzo sobre la historia del movimiento anarquista en el Alto Valle del R\u00edo Negro (1920-1930).<\/span><script type=\"text\/javascript\">\tjQuery(\"#footnote_plugin_tooltip_1\").tooltip({\t\ttip: \"#footnote_plugin_tooltip_text_1\",\t\ttipClass: \"footnote_tooltip\",\t\teffect: \"fade\",\t\tfadeOutSpeed: 100,\t\tpredelay: 400,\t\tposition: \"top right\",\t\trelative: true,\t\toffset: [10, 10]\t});<\/script><\/em><\/p>\n<p style=\"text-align: justify;\"><strong><em>Especial para Proyecto Allen.<\/em><\/strong><\/p>\n<p style=\"text-align: justify;\"><!--more--><\/p>\n<pre style=\"text-align: center;\"><\/pre>\n<div id=\"attachment_7360\" style=\"width: 750px\" class=\"wp-caption aligncenter\"><a href=\"http:\/\/www.proyectoallen.com.ar\/3\/wp-content\/uploads\/2015\/02\/30s7r1.jpg\"><img loading=\"lazy\" decoding=\"async\" aria-describedby=\"caption-attachment-7360\" class=\"wp-image-7360 size-full\" src=\"http:\/\/www.proyectoallen.com.ar\/3\/wp-content\/uploads\/2015\/02\/30s7r1.jpg\" alt=\"Civiles saludan desde un balc\u00f3n el paso de las tropas golpistas. 6\/9\/30\" width=\"740\" height=\"494\" srcset=\"https:\/\/www.proyectoallen.com.ar\/3\/wp-content\/uploads\/2015\/02\/30s7r1.jpg 740w, https:\/\/www.proyectoallen.com.ar\/3\/wp-content\/uploads\/2015\/02\/30s7r1-300x200.jpg 300w, https:\/\/www.proyectoallen.com.ar\/3\/wp-content\/uploads\/2015\/02\/30s7r1-250x167.jpg 250w\" sizes=\"auto, (max-width: 740px) 100vw, 740px\" \/><\/a><p id=\"caption-attachment-7360\" class=\"wp-caption-text\">Civiles saludan desde un balc\u00f3n el paso de las tropas golpistas. 6\/9\/30<\/p><\/div>\n<pre style=\"text-align: center;\"><a href=\"http:\/\/infojusnoticias.gov.ar\/nacionales\/quince-fotos-ineditas-del-primer-golpe-de-estado-argentino-5552.html\">M\u00e1s im\u00e1genes Quince fotos in\u00e9ditas del primer golpe de Estado argentino<\/a>\r\n\r\n<\/pre>\n<p style=\"text-align: justify;\">\u201cEl 20 de enero de 1931 debe ser recordado por todos nosotros. A partir de esa fecha, miles de manos vengar\u00e1n afrentas que la dictadura ha inferido, iniciando la sistem\u00e1tica destrucci\u00f3n de los bienes del capitalismo. Morir\u00e1n todos los que tengan que morir, arder\u00e1 todo lo que tenga que arder. \u00a1Manos a la obra! Nosotros, que no tememos el estado de sitio ni a la ley marcial, iniciaremos la batalla\u201d <sup id=\"footnote_plugin_tooltip_2\" class=\"footnote_plugin_tooltip_text\" onclick=\"footnote_moveToAnchor('footnote_plugin_reference_2');\">2)<\/sup><span class=\"footnote_tooltip\" id=\"footnote_plugin_tooltip_text_2\">Citado en Bayer, Osvaldo; Severino Di Giovanni: El idealista de la violencia. Legasa, Bs.As., 1989.<\/span><script type=\"text\/javascript\">\tjQuery(\"#footnote_plugin_tooltip_2\").tooltip({\t\ttip: \"#footnote_plugin_tooltip_text_2\",\t\ttipClass: \"footnote_tooltip\",\t\teffect: \"fade\",\t\tfadeOutSpeed: 100,\t\tpredelay: 400,\t\tposition: \"top right\",\t\trelative: true,\t\toffset: [10, 10]\t});<\/script> , sentenciaba el volante distribuido en los puntos m\u00e1s transitados de Buenos Aires. Los autores, el Grupo de Acci\u00f3n Los Justicieros, impon\u00edan un plazo al dictador Jos\u00e9 F. Uriburu y a su ministro del Interior, <a href=\"http:\/\/www.proyectoallen.com.ar\/3\/?p=100\">Mat\u00edas S\u00e1nchez Sorondo<\/a>, para que abandonasen el poder, e instaban a los trabajadores de las ciudades y el campo a plegarse al levantamiento.<\/p>\n<p style=\"text-align: justify;\">Uriburu y S\u00e1nchez Sorondo no abandonaron sus cargos y en la madrugada del 20 la amenaza se materializ\u00f3 en el estallido de tres poderosas bombas colocadas en las estaciones ferroviarias Maldonado y Constituci\u00f3n y en la del subte Plaza Miserere. Los atentados fueron ejecutados por anarquistas del n\u00facleo de afinidad de Severino Di Giovanni <sup id=\"footnote_plugin_tooltip_3\" class=\"footnote_plugin_tooltip_text\" onclick=\"footnote_moveToAnchor('footnote_plugin_reference_3');\">3)<\/sup><span class=\"footnote_tooltip\" id=\"footnote_plugin_tooltip_text_3\">Severino Di Giovanni, por entonces uno de los hombres m\u00e1s buscados por las fuerzas de seguridad del pa\u00eds, hab\u00eda perpetrado una serie de atentados con explosivos contra representaciones del r\u00e9gimen fascista italiano en Argentina e intereses de EE.UU., tras la ejecuci\u00f3n de los anarquistas Nicola Sacco y Bartolomeo Vanzetti en Massachusetts<\/span><script type=\"text\/javascript\">\tjQuery(\"#footnote_plugin_tooltip_3\").tooltip({\t\ttip: \"#footnote_plugin_tooltip_text_3\",\t\ttipClass: \"footnote_tooltip\",\t\teffect: \"fade\",\t\tfadeOutSpeed: 100,\t\tpredelay: 400,\t\tposition: \"top right\",\t\trelative: true,\t\toffset: [10, 10]\t});<\/script> y se enmarcaban en un plan de acci\u00f3n anti-dictatorial en el que converg\u00edan diferentes sectores del movimiento libertario y del radicalismo yrigoyenista. La reacci\u00f3n no se hizo esperar, el Gobierno Provisional, como se autotitulaba, puso en marcha una dura represi\u00f3n.<\/p>\n<p style=\"text-align: justify;\">A cuatro meses de entronizada en la Casa Rosada, la dictadura, que hab\u00eda mostrado con creces su vocaci\u00f3n represiva <sup id=\"footnote_plugin_tooltip_4\" class=\"footnote_plugin_tooltip_text\" onclick=\"footnote_moveToAnchor('footnote_plugin_reference_4');\">4)<\/sup><span class=\"footnote_tooltip\" id=\"footnote_plugin_tooltip_text_4\">Adem\u00e1s de los arrestos masivos de opositores \u2013anarquistas, radicales y comunistas-, la tenacidad del r\u00e9gimen se manifest\u00f3 en hechos como el fusilamiento del alba\u00f1il anarquista Joaqu\u00edn Penina, ejecutado clandestinamente el 9 de septiembre de 1930 en las afueras de Rosario<\/span><script type=\"text\/javascript\">\tjQuery(\"#footnote_plugin_tooltip_4\").tooltip({\t\ttip: \"#footnote_plugin_tooltip_text_4\",\t\ttipClass: \"footnote_tooltip\",\t\teffect: \"fade\",\t\tfadeOutSpeed: 100,\t\tpredelay: 400,\t\tposition: \"top right\",\t\trelative: true,\t\toffset: [10, 10]\t});<\/script>, extendi\u00f3 su brazo gendarme a todo el pa\u00eds. En el territorio de R\u00edo Negro el objetivo fueron los hombres y mujeres, trabajadores rurales en su mayor\u00eda, que desde inicios de la d\u00e9cada de 1920 hab\u00edan impulsado en Allen, Cipolletti y Gral. Roca la organizaci\u00f3n obrera a trav\u00e9s de sociedades de resistencia adheridas a la Federaci\u00f3n Obrera Regional Argentina (F.O.R.A.) <sup id=\"footnote_plugin_tooltip_5\" class=\"footnote_plugin_tooltip_text\" onclick=\"footnote_moveToAnchor('footnote_plugin_reference_5');\">5)<\/sup><span class=\"footnote_tooltip\" id=\"footnote_plugin_tooltip_text_5\">Todas las referencias a la F.O.R.A. aluden a la del V Congreso o Comunista, que pregonaba el comunismo an\u00e1rquico<\/span><script type=\"text\/javascript\">\tjQuery(\"#footnote_plugin_tooltip_5\").tooltip({\t\ttip: \"#footnote_plugin_tooltip_text_5\",\t\ttipClass: \"footnote_tooltip\",\t\teffect: \"fade\",\t\tfadeOutSpeed: 100,\t\tpredelay: 400,\t\tposition: \"top right\",\t\trelative: true,\t\toffset: [10, 10]\t});<\/script> y de grupos de propaganda anarquista, como Progreso y Cultura <sup id=\"footnote_plugin_tooltip_6\" class=\"footnote_plugin_tooltip_text\" onclick=\"footnote_moveToAnchor('footnote_plugin_reference_6');\">6)<\/sup><span class=\"footnote_tooltip\" id=\"footnote_plugin_tooltip_text_6\">Las simientes fueron las Sociedades de Resistencia de Oficios Varios de General Roca, Cipolletti y Allen en 1920, adem\u00e1s de una secci\u00f3n de la Federaci\u00f3n Obrera Regional Portuaria, en esta \u00faltima localidad, que nucleaba a los estibadores que realizaban tareas de carga y descarga en el ferrocarril, todos ellos adheridos a la FORA. Como lo indica el nombre, las sociedades obreras de Oficios Varios estaban compuestas por trabajadores de diferentes rubros y ese primer n\u00facleo ten\u00eda como finalidad ser el embri\u00f3n que permitiera avanzar hacia la creaci\u00f3n de sindicatos por oficio. De alguna manera esta finalidad se cumpli\u00f3 en Roca, donde se constituyeron las sociedades de obreros panaderos (1922), ladrilleros (1924) y alba\u00f1iles (1927). En tanto en Cipolletti y Allen la existencia de ambas sociedades obreras fue ef\u00edmera, disolvi\u00e9ndose en 1923 y 1924 respectivamente. En Allen la Sociedad de Oficios Varios y Biblioteca Obrera sufri\u00f3 desde sus inicios un permanente asedio policial. Adem\u00e1s de estos sindicatos, en 1925 se constituy\u00f3 en Roca la Agrupaci\u00f3n Anarquista Progreso y Cultura, enfrentada con la l\u00ednea sostenida por la F.O.R.A. y el diario La Protesta<\/span><script type=\"text\/javascript\">\tjQuery(\"#footnote_plugin_tooltip_6\").tooltip({\t\ttip: \"#footnote_plugin_tooltip_text_6\",\t\ttipClass: \"footnote_tooltip\",\t\teffect: \"fade\",\t\tfadeOutSpeed: 100,\t\tpredelay: 400,\t\tposition: \"top right\",\t\trelative: true,\t\toffset: [10, 10]\t});<\/script><\/p>\n<p><strong>La razzia del \u201831<\/strong><\/p>\n<p style=\"text-align: justify;\">En el territorio no s\u00f3lo la Comisar\u00eda de Investigaciones del Departamento Central de la Polic\u00eda de R\u00edo Negro estaba atenta a los movimientos de los \u2018elementos \u00e1cratas\u2019 sino tambi\u00e9n el Ej\u00e9rcito. Antes del estallido de las bombas en Buenos Aires comenzaron los arrestos en la regi\u00f3n. El 19 de enero fueron detenidos en Cipolletti los espa\u00f1oles Antonio Vives y Vicente L\u00f3pez <sup id=\"footnote_plugin_tooltip_7\" class=\"footnote_plugin_tooltip_text\" onclick=\"footnote_moveToAnchor('footnote_plugin_reference_7');\">7)<\/sup><span class=\"footnote_tooltip\" id=\"footnote_plugin_tooltip_text_7\">Fichas elaboradas por la Comisar\u00eda de Investigaciones de la Polic\u00eda de R\u00edo Negro. Vives, Antonio; Prontuario O.S. N\u00b011, 31350 AG y L\u00f3pez, Vicente; Prontuario O.S. N\u00b010, 31348 AG. Documentaci\u00f3n disponible en el Archivo Hist\u00f3rico de R\u00edo Negro<\/span><script type=\"text\/javascript\">\tjQuery(\"#footnote_plugin_tooltip_7\").tooltip({\t\ttip: \"#footnote_plugin_tooltip_text_7\",\t\ttipClass: \"footnote_tooltip\",\t\teffect: \"fade\",\t\tfadeOutSpeed: 100,\t\tpredelay: 400,\t\tposition: \"top right\",\t\trelative: true,\t\toffset: [10, 10]\t});<\/script>. El primero, que se ganaba la vida como trabajador rural, era un activo militante libertario que manten\u00eda comunicaci\u00f3n con grupos de Buenos Aires e incluso hab\u00eda estado a cargo de la distribuci\u00f3n del peri\u00f3dico anarco feminista Nuestra Tribuna. En tanto de L\u00f3pez s\u00f3lo se sabe que era agricultor.<\/p>\n<div id=\"attachment_7361\" style=\"width: 730px\" class=\"wp-caption aligncenter\"><a href=\"http:\/\/www.proyectoallen.com.ar\/3\/wp-content\/uploads\/2015\/02\/Vicente-Lopez-5.jpg\"><img loading=\"lazy\" decoding=\"async\" aria-describedby=\"caption-attachment-7361\" class=\"wp-image-7361 size-large\" src=\"http:\/\/www.proyectoallen.com.ar\/3\/wp-content\/uploads\/2015\/02\/Vicente-Lopez-5-1024x672.jpg\" alt=\"Vicente Lopez 5\" width=\"720\" height=\"473\" srcset=\"https:\/\/www.proyectoallen.com.ar\/3\/wp-content\/uploads\/2015\/02\/Vicente-Lopez-5-1024x672.jpg 1024w, https:\/\/www.proyectoallen.com.ar\/3\/wp-content\/uploads\/2015\/02\/Vicente-Lopez-5-300x197.jpg 300w, https:\/\/www.proyectoallen.com.ar\/3\/wp-content\/uploads\/2015\/02\/Vicente-Lopez-5-250x164.jpg 250w\" sizes=\"auto, (max-width: 720px) 100vw, 720px\" \/><\/a><p id=\"caption-attachment-7361\" class=\"wp-caption-text\">Vicente Lopez. Ficha elaborada por la Comisar\u00eda de Investigaciones de la Polic\u00eda de R\u00edo Negro.<\/p><\/div>\n<p style=\"text-align: justify;\">Ese mismo d\u00eda la Comandancia de la 2a. Divisi\u00f3n del Ej\u00e9rcito comunic\u00f3 al Jefe del Distrito Militar No. 66, con asiento en Viedma, que en R\u00edo Colorado se imprim\u00edan panfletos anarquistas y recomendaba identificar y allanar el lugar. Del Distrito Militar No. 66 la informaci\u00f3n sigui\u00f3 su recorrido hacia la Gobernaci\u00f3n, de all\u00ed a la Jefatura de Polic\u00eda y luego la comisar\u00eda local. Apenas pasado el mediod\u00eda del 20 la imprenta de Santos Malvino, la \u00fanica de la localidad, recibi\u00f3 la visita de los uniformados. En nota reservada al Jefe de Polic\u00eda del Territorio, el comisario Guillermo Gras, a cargo del operativo, inform\u00f3: \u201cEn cumplimiento ordenado efectu\u00e9 allanamiento (\u2026) inspeccionando todas las dependencias libros y archivos, sin encontrar impresos de car\u00e1cter subversivo ni an\u00e1rquicos; en la correspondencia nada que haga presumir relaciones con elementos contrarios al orden. (\u2026) Personas caracterizadas informan no conocerle ideas avanzadas. En local allanado vive propietario imprenta se\u00f1ora \u00e9 hijos menores corta edad, no ocupando operarios, procuro establecer si por Ferrocarril remiti\u00f3se encomienda, lo mismo que por correo local\u201d <sup id=\"footnote_plugin_tooltip_8\" class=\"footnote_plugin_tooltip_text\" onclick=\"footnote_moveToAnchor('footnote_plugin_reference_8');\">8)<\/sup><span class=\"footnote_tooltip\" id=\"footnote_plugin_tooltip_text_8\">Libro Copiador Reservadas, Empezado el 22 de mayo de 1917 &#8211; Terminado 27 de abril de 1931. Gobernaci\u00f3n del Territorio de R\u00edo Negro, folios 442, 443 y 460. Documentaci\u00f3n disponible en el AHRN<\/span><script type=\"text\/javascript\">\tjQuery(\"#footnote_plugin_tooltip_8\").tooltip({\t\ttip: \"#footnote_plugin_tooltip_text_8\",\t\ttipClass: \"footnote_tooltip\",\t\teffect: \"fade\",\t\tfadeOutSpeed: 100,\t\tpredelay: 400,\t\tposition: \"top right\",\t\trelative: true,\t\toffset: [10, 10]\t});<\/script>.<\/p>\n<p style=\"text-align: justify;\">El fracaso en el operativo no mell\u00f3 el \u00edmpetu represivo, ese d\u00eda continuaron las detenciones. En Cipolletti fue el turno de Aurelio Gonz\u00e1lez Mart\u00ednez, espa\u00f1ol y trabajador rural; mientras que en Gral. Roca fueron apresados Juan Ignacio Carlos Hern\u00e1ndez \u2013conocido en el \u00e1mbito libertario como Juan Hern\u00e1ndez L\u00e1zaro- y Herminio Mardones <sup id=\"footnote_plugin_tooltip_9\" class=\"footnote_plugin_tooltip_text\" onclick=\"footnote_moveToAnchor('footnote_plugin_reference_9');\">9)<\/sup><span class=\"footnote_tooltip\" id=\"footnote_plugin_tooltip_text_9\">Fichas elaboradas por la Comisar\u00eda de Investigaciones de la Polic\u00eda de R\u00edo Negro. Gonz\u00e1lez Mart\u00ednez, Aurelio; Prontuario O.S. N\u00b0 14, 31352 AG. Hern\u00e1ndez L\u00e1zaro, Juan o Hern\u00e1ndez, Juan Ignacio Carlos; Prontuario O.S. N\u00b013, 30929 AG. Mardones Franco, Mercedes Herminio; Prontuario O.S. N\u00b0 25, 31060 AG. Documentaci\u00f3n disponible en el AHRN<\/span><script type=\"text\/javascript\">\tjQuery(\"#footnote_plugin_tooltip_9\").tooltip({\t\ttip: \"#footnote_plugin_tooltip_text_9\",\t\ttipClass: \"footnote_tooltip\",\t\teffect: \"fade\",\t\tfadeOutSpeed: 100,\t\tpredelay: 400,\t\tposition: \"top right\",\t\trelative: true,\t\toffset: [10, 10]\t});<\/script> Hern\u00e1ndez era espa\u00f1ol, trabajador rural, activo militante de la Sociedad de Resistencia Oficios Varios de Allen y, durante alg\u00fan tiempo, responsable de la distribuci\u00f3n de los peri\u00f3dicos anarquistas La Protesta y Tribuna Obrera. En tanto Mardones, que dominaba varios oficios -mec\u00e1nico, maquinista de trilladora y agricultor-, hab\u00eda llegado desde el otro lado de los Andes.<\/p>\n<div id=\"attachment_7362\" style=\"width: 714px\" class=\"wp-caption aligncenter\"><a href=\"http:\/\/www.proyectoallen.com.ar\/3\/wp-content\/uploads\/2015\/02\/Herminio-Mardones-4.jpg\"><img loading=\"lazy\" decoding=\"async\" aria-describedby=\"caption-attachment-7362\" class=\"wp-image-7362 size-large\" src=\"http:\/\/www.proyectoallen.com.ar\/3\/wp-content\/uploads\/2015\/02\/Herminio-Mardones-4-704x1024.jpg\" alt=\"Herminio Mardones 4\" width=\"704\" height=\"1024\" srcset=\"https:\/\/www.proyectoallen.com.ar\/3\/wp-content\/uploads\/2015\/02\/Herminio-Mardones-4-704x1024.jpg 704w, https:\/\/www.proyectoallen.com.ar\/3\/wp-content\/uploads\/2015\/02\/Herminio-Mardones-4-206x300.jpg 206w, https:\/\/www.proyectoallen.com.ar\/3\/wp-content\/uploads\/2015\/02\/Herminio-Mardones-4-250x364.jpg 250w, https:\/\/www.proyectoallen.com.ar\/3\/wp-content\/uploads\/2015\/02\/Herminio-Mardones-4.jpg 1483w\" sizes=\"auto, (max-width: 704px) 100vw, 704px\" \/><\/a><p id=\"caption-attachment-7362\" class=\"wp-caption-text\">Herminio Mardones. Ficha elaborada por la Comisar\u00eda de Investigaciones de la Polic\u00eda de R\u00edo Negro<\/p><\/div>\n<p style=\"text-align: justify;\">\u00a0 El 21 de enero, tambi\u00e9n en Roca, fue detenida Mar\u00eda M\u00e9ndez de Hern\u00e1ndez, ama de casa, casada desde 1918 con Juan. Espa\u00f1ola y activa militante libertaria, en la d\u00e9cada anterior hab\u00eda integrado el Cuadro Filodram\u00e1tico Floreal <sup id=\"footnote_plugin_tooltip_10\" class=\"footnote_plugin_tooltip_text\" onclick=\"footnote_moveToAnchor('footnote_plugin_reference_10');\">10)<\/sup><span class=\"footnote_tooltip\" id=\"footnote_plugin_tooltip_text_10\">Experiencia de teatro de aficionados anarquista, su primera presentaci\u00f3n p\u00fablica fue en noviembre de 1921 y se habr\u00eda extendido hasta 1926. Seg\u00fan el semanario R\u00edo Negro \u201clos componentes del cuadro filodram\u00e1tico \u2018Floreal\u2019 son vecinos de General Roca y todos ellos gente de trabajo que goza de muy buen concepto en el pueblo\u201d (1\/12\/1921). <sup id=\"footnote_plugin_tooltip_11\" class=\"footnote_plugin_tooltip_text\" onclick=\"footnote_moveToAnchor('footnote_plugin_reference_11');\">11)<\/sup><span class=\"footnote_tooltip\" id=\"footnote_plugin_tooltip_text_11\">[Fuente: Osvaldo Pelletieri (direcci\u00f3n), Historia del Teatro Argentino en las Provincias, Galerna-Instituto Nacional del teatro, 2007 y colecci\u00f3n de semanario R\u00edo Negro.]<\/span><script type=\"text\/javascript\">\tjQuery(\"#footnote_plugin_tooltip_10\").tooltip({\t\ttip: \"#footnote_plugin_tooltip_text_10\",\t\ttipClass: \"footnote_tooltip\",\t\teffect: \"fade\",\t\tfadeOutSpeed: 100,\t\tpredelay: 400,\t\tposition: \"top right\",\t\trelative: true,\t\toffset: [10, 10]\t});<\/script> y escrito art\u00edculos para el peri\u00f3dico Nuestra Tribuna. Mientras que en Cipolletti la desgracia tocaba a Eugenio San Mart\u00edn, tip\u00f3grafo espa\u00f1ol, que tambi\u00e9n hab\u00eda integrado el grupo de teatro Floreal y ocupado el cargo de prosecretario de Oficios Varios de Roca. Al d\u00eda siguiente, en Choele Choel el c\u00edrculo se cerraba sobre el portugu\u00e9s Antonio Gonz\u00e1lves, pescador, agricultor y ladrillero. Mientras que el 26 era detenido en R\u00edo Colorado el pintor santafecino Jos\u00e9 Perano, quien, de acuerdo a informe de la Polic\u00eda de la Provincia de Buenos Aires, \u201ctratariase de un anarquista peligroso, fabricante de bombas explosivas y dinamita, pero de ello no existen constancias concretas\u201d (sic), y gozaba de muy buena reputaci\u00f3n entre sus vecinos, seg\u00fan consta en un expediente reservado <sup id=\"footnote_plugin_tooltip_12\" class=\"footnote_plugin_tooltip_text\" onclick=\"footnote_moveToAnchor('footnote_plugin_reference_12');\">12)<\/sup><span class=\"footnote_tooltip\" id=\"footnote_plugin_tooltip_text_12\">Gonz\u00e1lez o Gonz\u00e1lves, Antonio; Prontuario O.S. N\u00b017, 31349 AG. En el caso de Jos\u00e9 Perano, fue detenido en R\u00edo Colorado el 26 de enero de 1931, tras el allanamiento de su domicilio donde \u2013seg\u00fan la carpeta judicial que trat\u00f3 el pedido de h\u00e1beas corpus- se le encontraron panfletos contra el Gobierno Provisional y f\u00f3rmulas para la fabricaci\u00f3n de explosivos. Conducido a Choele Choel, finalmente el recurso de amparo fue rechazado con el argumento de que el Estado de Sitio hab\u00eda suspendido las garant\u00edas constitucionales. Tomado de Perano, Jos\u00e9, o Jos\u00e9 Matalia Perano o Peraro, o Juan Bautista Matalia Perrano o Mattalia o Nattalia; Prontuario O.S. N\u00b04, 31296 AG, y Juzgado Letrado de R\u00edo Negro, Expediente N\u00b043\/1931, Perno (sic) Jos\u00e9 s\/ recurso de h\u00e1beas corpus. Documentaci\u00f3n disponible en el AHRN<\/span><script type=\"text\/javascript\">\tjQuery(\"#footnote_plugin_tooltip_11\").tooltip({\t\ttip: \"#footnote_plugin_tooltip_text_11\",\t\ttipClass: \"footnote_tooltip\",\t\teffect: \"fade\",\t\tfadeOutSpeed: 100,\t\tpredelay: 400,\t\tposition: \"top right\",\t\trelative: true,\t\toffset: [10, 10]\t});<\/script> Perano, como muchos otros militantes libertarios que en los a\u00f1os \u201920 intentaron expandir la influencia del anarquismo a los territorios de R\u00edo Negro y La Pampa, hab\u00eda militado en organizaciones de Bah\u00eda Blanca, como el peri\u00f3dico Brazo y Cerebro.<\/p>\n<div id=\"attachment_7363\" style=\"width: 730px\" class=\"wp-caption aligncenter\"><a href=\"http:\/\/www.proyectoallen.com.ar\/3\/wp-content\/uploads\/2015\/02\/Jose-Perano-2.jpg\"><img loading=\"lazy\" decoding=\"async\" aria-describedby=\"caption-attachment-7363\" class=\"wp-image-7363 size-large\" src=\"http:\/\/www.proyectoallen.com.ar\/3\/wp-content\/uploads\/2015\/02\/Jose-Perano-2-1024x799.jpg\" alt=\"Jose Perano 2\" width=\"720\" height=\"562\" srcset=\"https:\/\/www.proyectoallen.com.ar\/3\/wp-content\/uploads\/2015\/02\/Jose-Perano-2-1024x799.jpg 1024w, https:\/\/www.proyectoallen.com.ar\/3\/wp-content\/uploads\/2015\/02\/Jose-Perano-2-300x234.jpg 300w, https:\/\/www.proyectoallen.com.ar\/3\/wp-content\/uploads\/2015\/02\/Jose-Perano-2-250x195.jpg 250w\" sizes=\"auto, (max-width: 720px) 100vw, 720px\" \/><\/a><p id=\"caption-attachment-7363\" class=\"wp-caption-text\">Jose Perano. Prontuario O.S. N\u00b04, 31296 AG.<\/p><\/div>\n<p style=\"text-align: justify;\">El 29 de enero el semanario R\u00edo Negro desliz\u00f3 que a ra\u00edz de los atentados perpetrados en Buenos Aires \u201cel Gobierno Provisional ha ordenado que se lleve a cabo una campa\u00f1a en toda la Rep\u00fablica contra los elementos an\u00e1rquicos\u201d, se\u00f1alando que \u201cseg\u00fan versiones que tienen fundamento se ha procedido a la detenci\u00f3n de varios individuos que profesan ideas \u00e1cratas\u201d tanto en Gral. Roca como en poblaciones vecinas. Ese mismo d\u00eda en Roca detuvieron a los jornaleros Manuel Silva, chileno, y Ant\u00edoco Pilia, italiano <sup id=\"footnote_plugin_tooltip_13\" class=\"footnote_plugin_tooltip_text\" onclick=\"footnote_moveToAnchor('footnote_plugin_reference_13');\">13)<\/sup><span class=\"footnote_tooltip\" id=\"footnote_plugin_tooltip_text_13\">Pilia, Ant\u00edoco Santiago; Prontuario O.S. N\u00b027, 31082 AG. Silva, Manuel; Prontuario O.S. N\u00b023. 31057 AG. Documentaci\u00f3n disponible en el AHRN<\/span><script type=\"text\/javascript\">\tjQuery(\"#footnote_plugin_tooltip_12\").tooltip({\t\ttip: \"#footnote_plugin_tooltip_text_12\",\t\ttipClass: \"footnote_tooltip\",\t\teffect: \"fade\",\t\tfadeOutSpeed: 100,\t\tpredelay: 400,\t\tposition: \"top right\",\t\trelative: true,\t\toffset: [10, 10]\t});<\/script>; mientras que al siguiente Eugenio San Mart\u00edn recuperaba la libertad.<\/p>\n<p style=\"text-align: justify;\">El 2 de febrero en Choele Choel la buena suerte abandon\u00f3 a Abilio L\u00f3pez y Rom\u00e1n Pizarro, ambos espa\u00f1oles, el primero vendedor ambulante, el otro pescador, panadero o jornalero, seg\u00fan la fuente que se consulte <sup id=\"footnote_plugin_tooltip_14\" class=\"footnote_plugin_tooltip_text\" onclick=\"footnote_moveToAnchor('footnote_plugin_reference_14');\">14)<\/sup><span class=\"footnote_tooltip\" id=\"footnote_plugin_tooltip_text_14\">L\u00f3pez, Abilio; Prontuario O.S. N\u00b016, 31347 AG. Pizarro, Rom\u00e1n; Prontuario O.S. N\u00b0 170, 31346 AG. Documentaci\u00f3n disponible en el AHRN. Seg\u00fan las fuentes el nombre de Pizarro muta de Rom\u00e1n a Ram\u00f3n, al igual que su oficio. Peri\u00f3dico comunista Bandera Roja, 11.05.1932; Memoria Concejo Deliberante de Buenos Aires, 19.02.1932, p\u00e1g. 29; y peri\u00f3dico anarquista L\u2019Adunata dei Refrattari, Nueva York, 17.02.1932<\/span><script type=\"text\/javascript\">\tjQuery(\"#footnote_plugin_tooltip_13\").tooltip({\t\ttip: \"#footnote_plugin_tooltip_text_13\",\t\ttipClass: \"footnote_tooltip\",\t\teffect: \"fade\",\t\tfadeOutSpeed: 100,\t\tpredelay: 400,\t\tposition: \"top right\",\t\trelative: true,\t\toffset: [10, 10]\t});<\/script>. Durante esa jornada arrestaron en Roca al sanjuanino Clemente Soria, de oficio tonelero <sup id=\"footnote_plugin_tooltip_15\" class=\"footnote_plugin_tooltip_text\" onclick=\"footnote_moveToAnchor('footnote_plugin_reference_15');\">15)<\/sup><span class=\"footnote_tooltip\" id=\"footnote_plugin_tooltip_text_15\">Soria, Clemente; Prontuario O.S. N\u00b018, 3135 AG. Documentaci\u00f3n disponible en el AHRN<\/span><script type=\"text\/javascript\">\tjQuery(\"#footnote_plugin_tooltip_14\").tooltip({\t\ttip: \"#footnote_plugin_tooltip_text_14\",\t\ttipClass: \"footnote_tooltip\",\t\teffect: \"fade\",\t\tfadeOutSpeed: 100,\t\tpredelay: 400,\t\tposition: \"top right\",\t\trelative: true,\t\toffset: [10, 10]\t});<\/script>. Cuatro d\u00edas m\u00e1s tarde eran liberados Vicente L\u00f3pez y Mar\u00eda M\u00e9ndez, pero se orden\u00f3 a las comisar\u00edas de Cipolletti y Colonia Cervantes ejercer una discreta vigilancia \u201ca efectos de comprobar si efectivamente hacen propaganda contra el Gobierno Provisional\u201d.<\/p>\n<p style=\"text-align: justify;\">Reci\u00e9n el 12 de febrero el peri\u00f3dico R\u00edo Negro inform\u00f3 sobre el vasto operativo que culmin\u00f3 con la detenci\u00f3n de diecinueve personas, la mayor\u00eda \u2013seg\u00fan consignaba- ten\u00eda antecedentes policiales y eran conocidas como figuras peligrosas. De acuerdo a la versi\u00f3n policial, se les incaut\u00f3 propaganda contra el Gobierno Provisional, \u201clibros de qu\u00edmica y textos sobre materiales explosivos\u201d <sup id=\"footnote_plugin_tooltip_16\" class=\"footnote_plugin_tooltip_text\" onclick=\"footnote_moveToAnchor('footnote_plugin_reference_16');\">16)<\/sup><span class=\"footnote_tooltip\" id=\"footnote_plugin_tooltip_text_16\">R\u00edo Negro, 12.02.1931<\/span><script type=\"text\/javascript\">\tjQuery(\"#footnote_plugin_tooltip_15\").tooltip({\t\ttip: \"#footnote_plugin_tooltip_text_15\",\t\ttipClass: \"footnote_tooltip\",\t\teffect: \"fade\",\t\tfadeOutSpeed: 100,\t\tpredelay: 400,\t\tposition: \"top right\",\t\trelative: true,\t\toffset: [10, 10]\t});<\/script>. Al \u00fanico de los detenidos que se identificaba en la nota era a Mariano Rubio, jornalero espa\u00f1ol <sup id=\"footnote_plugin_tooltip_17\" class=\"footnote_plugin_tooltip_text\" onclick=\"footnote_moveToAnchor('footnote_plugin_reference_17');\">17)<\/sup><span class=\"footnote_tooltip\" id=\"footnote_plugin_tooltip_text_17\">Datos tomados de Juzgado Letrado de R\u00edo Negro. Expediente N\u00b01464\/1921. Rubio Mariano &#8211; Carri\u00f3n Antonio \u2013 Olmo Cecilio \u2013 Yustes Mariano &#8211; &#8211; Julio D\u00edaz i Apolinario Marcos. s\/Atentado i desacato autoridad. Documentaci\u00f3n disponible en el AHR<\/span><script type=\"text\/javascript\">\tjQuery(\"#footnote_plugin_tooltip_16\").tooltip({\t\ttip: \"#footnote_plugin_tooltip_text_16\",\t\ttipClass: \"footnote_tooltip\",\t\teffect: \"fade\",\t\tfadeOutSpeed: 100,\t\tpredelay: 400,\t\tposition: \"top right\",\t\trelative: true,\t\toffset: [10, 10]\t});<\/script>, que fuera secretario del sindicato de Oficios Varios de Roca e integrante del Cuadro Filodram\u00e1tico Floreal. En tanto, a partir de la respuesta a un habeas corpus presentado en favor de Jos\u00e9 Perano, surge que en el marco del raid anti-anarquista tambi\u00e9n fueron arrestados Gregorio Aguirre,\u00a0<span lang=\"ES-AR\">F\u00e9lix Orteg<\/span><span lang=\"ES-AR\">a<\/span> y Mauricio P\u00e9rez <sup id=\"footnote_plugin_tooltip_18\" class=\"footnote_plugin_tooltip_text\" onclick=\"footnote_moveToAnchor('footnote_plugin_reference_18');\">18)<\/sup><span class=\"footnote_tooltip\" id=\"footnote_plugin_tooltip_text_18\">Expediente N\u00ba43\/1931. Juzgado Letrado de R\u00edo Negro. Perno (sic) Jos\u00e9 s\/recurso de habeas corpus. Documentaci\u00f3n disponible en el AHRN<\/span><script type=\"text\/javascript\">\tjQuery(\"#footnote_plugin_tooltip_17\").tooltip({\t\ttip: \"#footnote_plugin_tooltip_text_17\",\t\ttipClass: \"footnote_tooltip\",\t\teffect: \"fade\",\t\tfadeOutSpeed: 100,\t\tpredelay: 400,\t\tposition: \"top right\",\t\trelative: true,\t\toffset: [10, 10]\t});<\/script>. Este \u00faltimo, tip\u00f3grafo rionegrino, tambi\u00e9n estuvo a cargo de la secretar\u00eda de la sociedad de Oficios Varios de Roca.<\/p>\n<p style=\"text-align: justify;\">Pese a las detenciones, allanamientos y la discreta vigilancia, la resistencia a la dictadura no se detuvo. El 12 de marzo Mariano Monteros, Laureano Yustes -jornalero espa\u00f1ol- y Tom\u00e1s Ruiz Montero \u2013zapatero espa\u00f1ol- fueron detenidos en Allen tras la aparici\u00f3n de \u201cpanfletos subversivos en contra del Gobierno de la Naci\u00f3n\u201d <sup id=\"footnote_plugin_tooltip_19\" class=\"footnote_plugin_tooltip_text\" onclick=\"footnote_moveToAnchor('footnote_plugin_reference_19');\">19)<\/sup><span class=\"footnote_tooltip\" id=\"footnote_plugin_tooltip_text_19\">La orden de discreta vigilancia figura en los prontuarios de Mar\u00eda M\u00e9ndez y Vicente L\u00f3pez. Los datos sobre Tom\u00e1s Montero Ruiz surgen del Prontuario O.S. N\u00ba 5; mientras que los de Yustes fueron extra\u00eddos de Juzgado Letrado de R\u00edo Negro. Expediente N\u00b01464\/1921. Rubio Mariano &#8211; Carri\u00f3n Antonio \u2013 Olmo Cecilio \u2013 Yustes Mariano &#8211; &#8211; Julio D\u00edaz i Apolinario Marcos. s\/Atentado i desacato autoridad. Documentaci\u00f3n disponible en el AHRN<\/span><script type=\"text\/javascript\">\tjQuery(\"#footnote_plugin_tooltip_18\").tooltip({\t\ttip: \"#footnote_plugin_tooltip_text_18\",\t\ttipClass: \"footnote_tooltip\",\t\teffect: \"fade\",\t\tfadeOutSpeed: 100,\t\tpredelay: 400,\t\tposition: \"top right\",\t\trelative: true,\t\toffset: [10, 10]\t});<\/script>.<\/p>\n<p style=\"text-align: justify;\">Aguirre, Gonz\u00e1lves, Gonz\u00e1lez Mart\u00ednez, Hern\u00e1ndez L\u00e1zaro, L\u00f3pez, Mardones, Ortega, Perano, Pilia, Soria y Vives fueron trasladados al penal Villa Devoto, donde permanecieron detenidos durante 13 meses a disposici\u00f3n del Gobierno Provisional. El resto tambi\u00e9n pas\u00f3 por la c\u00e1rcel porte\u00f1a, pero su suerte fue diferente: en agosto P\u00e9rez fue trasladado a la Penitenciar\u00eda Nacional de Ushuaia <sup id=\"footnote_plugin_tooltip_20\" class=\"footnote_plugin_tooltip_text\" onclick=\"footnote_moveToAnchor('footnote_plugin_reference_20');\">20)<\/sup><span class=\"footnote_tooltip\" id=\"footnote_plugin_tooltip_text_20\">Tomado Ram\u00edrez, Manuel; Ushuaia: la erg\u00e1stula del sur. Claridad, Buenos Aires, 1935<\/span><script type=\"text\/javascript\">\tjQuery(\"#footnote_plugin_tooltip_19\").tooltip({\t\ttip: \"#footnote_plugin_tooltip_text_19\",\t\ttipClass: \"footnote_tooltip\",\t\teffect: \"fade\",\t\tfadeOutSpeed: 100,\t\tpredelay: 400,\t\tposition: \"top right\",\t\trelative: true,\t\toffset: [10, 10]\t});<\/script>, mientras que Pizarro y Silva fueron deportados a sus pa\u00edses de origen <sup id=\"footnote_plugin_tooltip_21\" class=\"footnote_plugin_tooltip_text\" onclick=\"footnote_moveToAnchor('footnote_plugin_reference_21');\">21)<\/sup><span class=\"footnote_tooltip\" id=\"footnote_plugin_tooltip_text_21\">Pizarro fue de deportado en el Transporte Chaco, seg\u00fan la lista publicada en el peri\u00f3dico comunista Bandera Roja, 11.05.1932; la Memoria Concejo Deliberante de Buenos Aires, 19.02.1932, p\u00e1g. 29; y el peri\u00f3dico anarquista L\u2019Adunata dei Refrattari, Nueva York, 17.02.1932. Para m\u00e1s informaci\u00f3n sobre la expulsi\u00f3n masiva de opositores en el transporte Chaco puede consultarse Mendoza, Juan y Scandizzo, Hern\u00e1n; El Crucero de los indeseables, revista Todo es Historia N\u00b0384, julio 1999. Respecto a Silva, el peri\u00f3dico socialista La Vanguardia (11.12.1931) sostuvo: \u201c[E]l 8 del corriente, fu\u00e9 deportado el obrero chileno Manuel Silva, detenido en R\u00edo Negro, donde trabajaba en las faenas del campo y donde reside su compa\u00f1era de nacionalidad argentina. Al llegar la orden de deportaci\u00f3n, Silva se hallaba en la enfermer\u00eda aquejado de una grave dolencia y a duras penas pod\u00eda ponerse de pie.\u201d En su prontuario no consta que haya sido deportado y aparece como soltero, adem\u00e1s registra su presencia en Gral. Roca en 1944<\/span><script type=\"text\/javascript\">\tjQuery(\"#footnote_plugin_tooltip_20\").tooltip({\t\ttip: \"#footnote_plugin_tooltip_text_20\",\t\ttipClass: \"footnote_tooltip\",\t\teffect: \"fade\",\t\tfadeOutSpeed: 100,\t\tpredelay: 400,\t\tposition: \"top right\",\t\trelative: true,\t\toffset: [10, 10]\t});<\/script><\/p>\n<div id=\"attachment_7367\" style=\"width: 730px\" class=\"wp-caption aligncenter\"><a href=\"http:\/\/www.proyectoallen.com.ar\/3\/wp-content\/uploads\/2015\/02\/Roman-Pizarro-8.jpg\"><img loading=\"lazy\" decoding=\"async\" aria-describedby=\"caption-attachment-7367\" class=\"wp-image-7367 size-large\" src=\"http:\/\/www.proyectoallen.com.ar\/3\/wp-content\/uploads\/2015\/02\/Roman-Pizarro-8-1024x575.jpg\" alt=\"Roman Pizarro 8\" width=\"720\" height=\"404\" srcset=\"https:\/\/www.proyectoallen.com.ar\/3\/wp-content\/uploads\/2015\/02\/Roman-Pizarro-8-1024x575.jpg 1024w, https:\/\/www.proyectoallen.com.ar\/3\/wp-content\/uploads\/2015\/02\/Roman-Pizarro-8-300x168.jpg 300w, https:\/\/www.proyectoallen.com.ar\/3\/wp-content\/uploads\/2015\/02\/Roman-Pizarro-8-250x140.jpg 250w\" sizes=\"auto, (max-width: 720px) 100vw, 720px\" \/><\/a><p id=\"caption-attachment-7367\" class=\"wp-caption-text\">Roman Pizarro. Prontuario O.S. N\u00b0 170, 31346 AG<\/p><\/div>\n<p style=\"text-align: justify;\">Durante el encierro la mayor\u00eda de los arrestados en R\u00edo Negro particip\u00f3 del Congreso de Villa Devoto. Parad\u00f3jicamente en el cuadro 3 bis de ese penal, en ese \u00e1mbito de encierro y castigo, militantes anarquistas de sectores antag\u00f3nicos encontraron el tiempo y la predisposici\u00f3n a limar asperezas y ponerse de acuerdo en dos objetivos b\u00e1sicos: poner fin a encarnizados enfrentamientos internos y reconstruir el diezmado movimiento <sup id=\"footnote_plugin_tooltip_22\" class=\"footnote_plugin_tooltip_text\" onclick=\"footnote_moveToAnchor('footnote_plugin_reference_22');\">22)<\/sup><span class=\"footnote_tooltip\" id=\"footnote_plugin_tooltip_text_22\">La n\u00f3mina completa de los participantes fue publicada el 17 de enero de 1932 en el peri\u00f3dico L\u2019Adunata dei Refrattari, de los anarquistas italianos en Nueva York. Seg\u00fan esta publicaci\u00f3n, de R\u00edo Negro participaron Aguirre, Gonz\u00e1lves, Hern\u00e1ndez L\u00e1zaro, L\u00f3pez, Mardones, Ortega, Perano, Pilia, Pizarro, Silva, Soria y Vives<\/span><script type=\"text\/javascript\">\tjQuery(\"#footnote_plugin_tooltip_21\").tooltip({\t\ttip: \"#footnote_plugin_tooltip_text_21\",\t\ttipClass: \"footnote_tooltip\",\t\teffect: \"fade\",\t\tfadeOutSpeed: 100,\t\tpredelay: 400,\t\tposition: \"top right\",\t\trelative: true,\t\toffset: [10, 10]\t});<\/script>. En septiembre de 1932 el peri\u00f3dico bahiense Tierra Libre public\u00f3 una carta de Antonio Gonz\u00e1lves donde hac\u00eda referencia al c\u00f3nclave, all\u00ed tambi\u00e9n destacaba la importancia de los peri\u00f3dicos libertarios que se publicaban en el sur bonaerense para la propaganda en el norte de la Patagonia y la necesidad de articular entre la militancia de los territorios de La Pampa y R\u00edo Negro y Bah\u00eda Blanca para promover la organizaci\u00f3n en torno al comunismo an\u00e1rquico <sup id=\"footnote_plugin_tooltip_23\" class=\"footnote_plugin_tooltip_text\" onclick=\"footnote_moveToAnchor('footnote_plugin_reference_23');\">23)<\/sup><span class=\"footnote_tooltip\" id=\"footnote_plugin_tooltip_text_23\">Tierra Libre, 04.09.1932<\/span><script type=\"text\/javascript\">\tjQuery(\"#footnote_plugin_tooltip_22\").tooltip({\t\ttip: \"#footnote_plugin_tooltip_text_22\",\t\ttipClass: \"footnote_tooltip\",\t\teffect: \"fade\",\t\tfadeOutSpeed: 100,\t\tpredelay: 400,\t\tposition: \"top right\",\t\trelative: true,\t\toffset: [10, 10]\t});<\/script>. Se hab\u00eda vuelto al punto de inicio y ya no fue posible recuperar el terreno perdido, el valle tambi\u00e9n era otro.<\/p>\n<p style=\"text-align: justify;\">A fines de 1939 en General Roca el anarquismo volvi\u00f3 a expresarse de manera organizada a trav\u00e9s de la Agrupaci\u00f3n Cultural, para \u201ctrabajar por la emancipaci\u00f3n y la cultura, que tanta falta hace a los esclavos de estas tierras\u201d. En el manifiesto de presentaci\u00f3n hac\u00edan un balance de los a\u00f1os posteriores al golpe militar y resaltaban la necesidad de volver a dar batalla: \u201cEs cierto que la \u2018dictadura de Uriburu\u2019 tras la destrucci\u00f3n material de nuestra biblioteca y hogares, nos ha privado de elementos inquietos por la emancipaci\u00f3n humana. Pero es cierto tambi\u00e9n que despu\u00e9s de rehechos hemos cedido el campo a la reacci\u00f3n, unos por la reconstrucci\u00f3n de sus hogares y otros por la poca estabilidad y las inadaptables condiciones de trabajo de esta zona y a la vez hemos ido alternando con esa corriente de pasividad que es general en todo nuestro movimiento\u201d. El tono de autocr\u00edtica prosigue al percibir que el clima adverso trascend\u00eda la coyuntura y fue el acompa\u00f1amiento hist\u00f3rico del anarquismo. Considera por ello que ser\u00eda en vano esperar que arriben \u201ctiempos mejores\u201d: \u201chemos olvidado en parte que la reacci\u00f3n contra nuestras ideas no es de hoy, sino de siempre, y que la \u00fanica manera de contrarrestarla y afrontarla ha sido agudizando nuestra inteligencia, ayudando y dando confianza en el hombre para salvaguardar lo m\u00ednimo que en \u00e9l fue quedando, sus ideas y la valent\u00eda de propagarlas\u201d ((La Obra, diciembre de 1939, p\u00e1g. 3. La nota est\u00e1 firmada por JHL, Juan Hern\u00e1ndez L\u00e1zaro<\/span><script type=\"text\/javascript\">\tjQuery(\"#footnote_plugin_tooltip_23\").tooltip({\t\ttip: \"#footnote_plugin_tooltip_text_23\",\t\ttipClass: \"footnote_tooltip\",\t\teffect: \"fade\",\t\tfadeOutSpeed: 100,\t\tpredelay: 400,\t\tposition: \"top right\",\t\trelative: true,\t\toffset: [10, 10]\t});<\/script>.<\/p>\n<p><strong>Los rostros de la anarqu\u00eda<\/strong><\/p>\n<p style=\"text-align: justify;\">La detenci\u00f3n masiva de anarquistas no es un hecho excepcional, al contrario, es una constante en su historia alrededor del mundo. Incluso aquel verano represivo del \u201831 ten\u00eda un antecedente en la literal cacer\u00eda de militantes de la F.O.R.A. que comenz\u00f3 en Allen en noviembre de 1921, que se extendi\u00f3 a Roca y se mantuvo durante varios meses. Tampoco es singular que la mayor parte de la informaci\u00f3n sobre la redada anti anarquista haya surgido de las fichas confeccionadas por la Comisar\u00eda de Investigaciones de la Polic\u00eda de R\u00edo Negro -que se conservan en el Archivo Hist\u00f3rico de la provincia-, <em>ya que buena parte de la historia de los sectores subalternos se encuentra almacenada en expedientes judiciales y prontuarios.<\/em> Lo llamativo es c\u00f3mo a trav\u00e9s del tiempo se sostuvo la vigilancia, cuando ya hab\u00edan perdido incidencia dentro del movimiento obrero local.<\/p>\n<p style=\"text-align: justify;\">A trav\u00e9s de las fotos anexadas en los prontuarios se ve el paso del tiempo en los rostros de la anarqu\u00eda. La asturiana Mar\u00eda M\u00e9ndez ten\u00eda 27 a\u00f1os reci\u00e9n cumplidos cuando fue retratada para el expediente de enero 1931; en 1977 fue incorporada a su ficha una foto actualizada: era la imagen de una anciana de 73. En el caso de Juan Hern\u00e1ndez L\u00e1zaro, su imagen fue actualizada en reiteradas oportunidades: 1943, 1953 y 1963. Lo mismo sucedi\u00f3 con Herminio Mardones, en su prontuario no s\u00f3lo aparece la foto de 1931, sino tambi\u00e9n otra de 1955 y una tercera de 1979, cuando ten\u00eda 85 a\u00f1os. Y en el caso del tip\u00f3grafo Eugenio San Mart\u00edn, el \u00faltimo retrato es de 1972, cuando ten\u00eda alrededor de 80 a\u00f1os. Estos registros surg\u00edan de la renovaci\u00f3n de documentos de identidad. En otros casos se ampliaba la informaci\u00f3n en base al control de la correspondencia, detenciones y tr\u00e1mites dom\u00e9sticos, como la certificaci\u00f3n de identidad tras un accidente de trabajo -como ocurri\u00f3 con Manuel Silva y Ant\u00edoco Pilia.<\/p>\n<div id=\"attachment_7365\" style=\"width: 730px\" class=\"wp-caption aligncenter\"><a href=\"http:\/\/www.proyectoallen.com.ar\/3\/wp-content\/uploads\/2015\/02\/Mar\u00eda-Mendez-3.jpg\"><img loading=\"lazy\" decoding=\"async\" aria-describedby=\"caption-attachment-7365\" class=\"wp-image-7365 size-large\" src=\"http:\/\/www.proyectoallen.com.ar\/3\/wp-content\/uploads\/2015\/02\/Mar\u00eda-Mendez-3-875x1024.jpg\" alt=\" Mar\u00eda Mendez\" width=\"720\" height=\"843\" srcset=\"https:\/\/www.proyectoallen.com.ar\/3\/wp-content\/uploads\/2015\/02\/Mar\u00eda-Mendez-3-875x1024.jpg 875w, https:\/\/www.proyectoallen.com.ar\/3\/wp-content\/uploads\/2015\/02\/Mar\u00eda-Mendez-3-256x300.jpg 256w, https:\/\/www.proyectoallen.com.ar\/3\/wp-content\/uploads\/2015\/02\/Mar\u00eda-Mendez-3-250x293.jpg 250w, https:\/\/www.proyectoallen.com.ar\/3\/wp-content\/uploads\/2015\/02\/Mar\u00eda-Mendez-3.jpg 1674w\" sizes=\"auto, (max-width: 720px) 100vw, 720px\" \/><\/a><p id=\"caption-attachment-7365\" class=\"wp-caption-text\">Mar\u00eda Mendez. AHRN<\/p><\/div>\n<p style=\"text-align: justify;\"><strong>Gonz\u00e1lez o Gonz\u00e1lves, Antonio<\/strong> | Prontuario O.S. N\u00b017, 31349 AG| En 1934, procedente de Bah\u00eda Blanca, se instala en la isla Marconetti. \u201cNo perteneciendo a ninguna sociedad obrera de car\u00e1cter extremista, habiendo pertenecido a la FORA cuando trabajaba como ladrillero en Bah\u00eda Blanca.\u201d En 1937 fue detenido por averiguaci\u00f3n de antecedentes en Cipolletti, por profesar ideas comunistas. En 1940 se traslad\u00f3 a Allen, donde trabaj\u00f3 como cortador de ladrillos, a partir de 1945 residi\u00f3 en Neuqu\u00e9n, donde era vendedor ambulante -dato que surgi\u00f3 al tramitar el permiso municipal para ejercer esa actividad. Se manten\u00eda ligado a la Federaci\u00f3n Anarco Comunista Argentina (F.A.C.A.) y recib\u00eda el peri\u00f3dico Acci\u00f3n Libertaria y la revista Reconstruir. En 1949 la 6t2 Divisi\u00f3n de Ej\u00e9rcito con asiento en Neuqu\u00e9n pidi\u00f3 sus antecedentes. \u201cEn la actualidad el nombrado Gon\u00e7alvez, no desarrolla en esta localidad acci\u00f3n alguna, hasta el momento, a favor de sus convicciones ideol\u00f3gicas, no obstante ello, se mantiene una discreta vigilancia de sus actividades\u201d, sostiene el informe reservado del 16 de junio de 1950, elaborado por la Divisi\u00f3n Investigaciones de la comisar\u00eda de Cipolletti.<\/p>\n<p style=\"text-align: justify;\"><strong>Gonz\u00e1lez Mart\u00ednez, Aurelio<\/strong> | Prontuario O.S. N\u00b014, 31352 AG | El 5 de agosto de 1937 fue identificado en la comisar\u00eda de Cipolletti por profesar ideas comunistas. El 1 de septiembre de 1949 sus antecedentes fueron informados al Comando de Comunicaciones de la 6ta Divisi\u00f3n del Ej\u00e9rcito con asiento en Neuqu\u00e9n.<\/p>\n<p style=\"text-align: justify;\"><a href=\"http:\/\/www.proyectoallen.com.ar\/3\/wp-content\/uploads\/2015\/02\/Gonzalez-Martinez-3.jpg\"><img loading=\"lazy\" decoding=\"async\" class=\"aligncenter size-large wp-image-7366\" src=\"http:\/\/www.proyectoallen.com.ar\/3\/wp-content\/uploads\/2015\/02\/Gonzalez-Martinez-3-1024x727.jpg\" alt=\"Gonzalez Martinez 3\" width=\"720\" height=\"511\" srcset=\"https:\/\/www.proyectoallen.com.ar\/3\/wp-content\/uploads\/2015\/02\/Gonzalez-Martinez-3-1024x727.jpg 1024w, https:\/\/www.proyectoallen.com.ar\/3\/wp-content\/uploads\/2015\/02\/Gonzalez-Martinez-3-300x213.jpg 300w, https:\/\/www.proyectoallen.com.ar\/3\/wp-content\/uploads\/2015\/02\/Gonzalez-Martinez-3-250x178.jpg 250w\" sizes=\"auto, (max-width: 720px) 100vw, 720px\" \/><\/a><\/p>\n<p style=\"text-align: justify;\"><strong>Hern\u00e1ndez L\u00e1zaro, Juan o Hern\u00e1ndez, Juan Ignacio Carlos<\/strong> | Prontuario O.S. N\u00b013, 30929 AG | En 1936 particip\u00f3 de una huelga de empacadores en J.J. G\u00f3mez. El 13 de setiembre de 1943 lo detuvieron por actividad anarquista en Roca. Distribu\u00eda las publicaciones La Protesta, La Obra, Tim\u00f3n, Hombre de Am\u00e9rica y Nervio, adem\u00e1s de libros. La propaganda estaba dirigida a los trabajadores del campo y golondrinas, manten\u00eda contacto con la F.A.C.A. Fue liberado el 24 de febrero de 1944 y el 5 de diciembre volvi\u00f3 a prisi\u00f3n por sus actividades de difusi\u00f3n del anarquismo, donde permaneci\u00f3 hasta el 3 de agosto de 1945. En aquella oportunidad comparti\u00f3 cautiverio con Laureano Yustes. En 1949 la 6ta Divisi\u00f3n del Ej\u00e9rcito de Neuqu\u00e9n pidi\u00f3 sus antecedentes a la polic\u00eda de R\u00edo Negro.<\/p>\n<p style=\"text-align: justify;\"><strong>Mardones Franco, Mercedes Herminio<\/strong> | Prontuario O.S. N\u00b025, 31060 AG | \u201cManifiesta no haber estado nunca m\u00e1s detenido. Carece de solvencia econ\u00f3mica. No se estableci\u00f3 si recibe correspondencia o se vincula con elementos \u00e1cratas.\u201d Antecedentes \u201cobtenidos seg\u00fan propias manifestaciones y diligencias practicadas\u201d, informe de la Comisar\u00eda de Cipolletti fechado el julio 17 de 1937.<\/p>\n<p style=\"text-align: justify;\"><strong>Perano, Matalia Perano o Peraro, Jos\u00e9 o Matalia Perrano, Mattalia o Nattalia, Juan Bautista<\/strong> | Prontuario O.S. N\u00b04, 31296 AG | En 1937, durante el allanamiento de la sede Bah\u00eda Blanca, fue secuestrada documentaci\u00f3n interna de la F.A.C.A. donde figuraba como militante activo. Por nota reservada de 1938 la Comisar\u00eda de R\u00edo Colorado inform\u00f3 a la de Cinco Saltos que se radicar\u00eda en aquella localidad.<\/p>\n<p style=\"text-align: justify;\"><strong>Pilia, Ant\u00edoco Santiago<\/strong> | Prontuario O.S. N\u00b027, 31082 AG | En 1942 resid\u00eda en Bariloche, la informaci\u00f3n surgi\u00f3 a ra\u00edz de que se constat\u00f3 su identidad en la comisar\u00eda local luego que sufriera un accidente de trabajo.<\/p>\n<p style=\"text-align: justify;\"><strong>San Mart\u00edn, Eugenio<\/strong> | Prontuario O.S. N\u00b059 | El 25 de junio de 1936 en Gral. Roca fue arrestado por desacato y dejado en libertad el mismo d\u00eda. A principios de los a\u00f1os \u201940 se radic\u00f3 en Cinco Saltos.<\/p>\n<p style=\"text-align: justify;\"><a href=\"http:\/\/www.proyectoallen.com.ar\/3\/wp-content\/uploads\/2015\/02\/Eugenio-San-Martin-2.jpg\"><img loading=\"lazy\" decoding=\"async\" class=\"aligncenter size-large wp-image-7364\" src=\"http:\/\/www.proyectoallen.com.ar\/3\/wp-content\/uploads\/2015\/02\/Eugenio-San-Martin-2-719x1024.jpg\" alt=\"Eugenio San Martin 2\" width=\"719\" height=\"1024\" srcset=\"https:\/\/www.proyectoallen.com.ar\/3\/wp-content\/uploads\/2015\/02\/Eugenio-San-Martin-2-719x1024.jpg 719w, https:\/\/www.proyectoallen.com.ar\/3\/wp-content\/uploads\/2015\/02\/Eugenio-San-Martin-2-211x300.jpg 211w, https:\/\/www.proyectoallen.com.ar\/3\/wp-content\/uploads\/2015\/02\/Eugenio-San-Martin-2-250x356.jpg 250w, https:\/\/www.proyectoallen.com.ar\/3\/wp-content\/uploads\/2015\/02\/Eugenio-San-Martin-2.jpg 1572w\" sizes=\"auto, (max-width: 719px) 100vw, 719px\" \/><\/a><\/p>\n<p style=\"text-align: justify;\"><strong>Silva, Manuel<\/strong> | Prontuario O.S. N\u00b023, 31057 AG | En 1944 se verifica su presencia en Gral. Roca tras sufrir un accidente de trabajo en la balsa de Paso C\u00f3rdoba, donde cumpl\u00eda tareas como empleado de la Direcci\u00f3n Nacional de Vialidad.<\/p>\n<p style=\"text-align: justify;\"><strong>Vives, Antonio<\/strong> | Prontuario O.S. N\u00b011, 31350 AG | En 1937 fue identificado por la polic\u00eda de Cipolletti por profesar ideas comunistas, en 1939 registraba actividad pol\u00edtica.<\/p>\n<p style=\"text-align: justify;\">Los prontuarios iniciados a principios de 1931 fueron actualizados, en algunos casos, hasta fines de los a\u00f1os \u201970, a pesar de que ya para 1950 estas personas no registraban militancia activa -seg\u00fan se deduce de los mismos informes. Sin embargo tanto la polic\u00eda de R\u00edo Negro como la 6ta. Divisi\u00f3n del Ej\u00e9rcito continuaban interes\u00e1ndose en ellos. Tomaban los datos y los incorporaban met\u00f3dicamente a sus prontuarios, as\u00ed se manten\u00eda activa la burocracia creada a tal efecto y vivo al sospechoso. Tal vez una oscura mec\u00e1nica digna de las novelas de Franz Kafka o tal vez de los esp\u00edas creados por Graham Greene y Osvaldo Soriano.<\/p>\n<div class=\"footnote_container_prepare\">\t<p><span onclick=\"footnote_expand_reference_container();\">References<\/span><span style=\"display: none;\">&nbsp;&nbsp;&nbsp;[ <a id=\"footnote_reference_container_collapse_button\" style=\"cursor:pointer;\" onclick=\"footnote_expand_collapse_reference_container();\">+<\/a> ]<\/span><\/p><\/div><div id=\"footnote_references_container\" style=\"\">\t<table class=\"footnote-reference-container\">\t\t<tbody>\t\t<tr>\t<td class=\"footnote_plugin_index\"><span id=\"footnote_plugin_reference_1\">1.<\/span><\/td>\t<td class=\"footnote_plugin_link\"><span onclick=\"footnote_moveToAnchor('footnote_plugin_tooltip_1');\">&#8593;<\/span><\/td>\t<td class=\"footnote_plugin_text\">Este art\u00edculo es producto de la investigaci\u00f3n realizada por Jorge Etchenique y Hern\u00e1n Scandizzo sobre la historia del movimiento anarquista en el Alto Valle del R\u00edo Negro (1920-1930).<\/td><\/tr><tr>\t<td class=\"footnote_plugin_index\"><span id=\"footnote_plugin_reference_2\">2.<\/span><\/td>\t<td class=\"footnote_plugin_link\"><span onclick=\"footnote_moveToAnchor('footnote_plugin_tooltip_2');\">&#8593;<\/span><\/td>\t<td class=\"footnote_plugin_text\">Citado en Bayer, Osvaldo; Severino Di Giovanni: El idealista de la violencia. Legasa, Bs.As., 1989.<\/td><\/tr><tr>\t<td class=\"footnote_plugin_index\"><span id=\"footnote_plugin_reference_3\">3.<\/span><\/td>\t<td class=\"footnote_plugin_link\"><span onclick=\"footnote_moveToAnchor('footnote_plugin_tooltip_3');\">&#8593;<\/span><\/td>\t<td class=\"footnote_plugin_text\">Severino Di Giovanni, por entonces uno de los hombres m\u00e1s buscados por las fuerzas de seguridad del pa\u00eds, hab\u00eda perpetrado una serie de atentados con explosivos contra representaciones del r\u00e9gimen fascista italiano en Argentina e intereses de EE.UU., tras la ejecuci\u00f3n de los anarquistas Nicola Sacco y Bartolomeo Vanzetti en Massachusetts<\/td><\/tr><tr>\t<td class=\"footnote_plugin_index\"><span id=\"footnote_plugin_reference_4\">4.<\/span><\/td>\t<td class=\"footnote_plugin_link\"><span onclick=\"footnote_moveToAnchor('footnote_plugin_tooltip_4');\">&#8593;<\/span><\/td>\t<td class=\"footnote_plugin_text\">Adem\u00e1s de los arrestos masivos de opositores \u2013anarquistas, radicales y comunistas-, la tenacidad del r\u00e9gimen se manifest\u00f3 en hechos como el fusilamiento del alba\u00f1il anarquista Joaqu\u00edn Penina, ejecutado clandestinamente el 9 de septiembre de 1930 en las afueras de Rosario<\/td><\/tr><tr>\t<td class=\"footnote_plugin_index\"><span id=\"footnote_plugin_reference_5\">5.<\/span><\/td>\t<td class=\"footnote_plugin_link\"><span onclick=\"footnote_moveToAnchor('footnote_plugin_tooltip_5');\">&#8593;<\/span><\/td>\t<td class=\"footnote_plugin_text\">Todas las referencias a la F.O.R.A. aluden a la del V Congreso o Comunista, que pregonaba el comunismo an\u00e1rquico<\/td><\/tr><tr>\t<td class=\"footnote_plugin_index\"><span id=\"footnote_plugin_reference_6\">6.<\/span><\/td>\t<td class=\"footnote_plugin_link\"><span onclick=\"footnote_moveToAnchor('footnote_plugin_tooltip_6');\">&#8593;<\/span><\/td>\t<td class=\"footnote_plugin_text\">Las simientes fueron las Sociedades de Resistencia de Oficios Varios de General Roca, Cipolletti y Allen en 1920, adem\u00e1s de una secci\u00f3n de la Federaci\u00f3n Obrera Regional Portuaria, en esta \u00faltima localidad, que nucleaba a los estibadores que realizaban tareas de carga y descarga en el ferrocarril, todos ellos adheridos a la FORA. Como lo indica el nombre, las sociedades obreras de Oficios Varios estaban compuestas por trabajadores de diferentes rubros y ese primer n\u00facleo ten\u00eda como finalidad ser el embri\u00f3n que permitiera avanzar hacia la creaci\u00f3n de sindicatos por oficio. De alguna manera esta finalidad se cumpli\u00f3 en Roca, donde se constituyeron las sociedades de obreros panaderos (1922), ladrilleros (1924) y alba\u00f1iles (1927). En tanto en Cipolletti y Allen la existencia de ambas sociedades obreras fue ef\u00edmera, disolvi\u00e9ndose en 1923 y 1924 respectivamente. En Allen la Sociedad de Oficios Varios y Biblioteca Obrera sufri\u00f3 desde sus inicios un permanente asedio policial. Adem\u00e1s de estos sindicatos, en 1925 se constituy\u00f3 en Roca la Agrupaci\u00f3n Anarquista Progreso y Cultura, enfrentada con la l\u00ednea sostenida por la F.O.R.A. y el diario La Protesta<\/td><\/tr><tr>\t<td class=\"footnote_plugin_index\"><span id=\"footnote_plugin_reference_7\">7.<\/span><\/td>\t<td class=\"footnote_plugin_link\"><span onclick=\"footnote_moveToAnchor('footnote_plugin_tooltip_7');\">&#8593;<\/span><\/td>\t<td class=\"footnote_plugin_text\">Fichas elaboradas por la Comisar\u00eda de Investigaciones de la Polic\u00eda de R\u00edo Negro. Vives, Antonio; Prontuario O.S. N\u00b011, 31350 AG y L\u00f3pez, Vicente; Prontuario O.S. N\u00b010, 31348 AG. Documentaci\u00f3n disponible en el Archivo Hist\u00f3rico de R\u00edo Negro<\/td><\/tr><tr>\t<td class=\"footnote_plugin_index\"><span id=\"footnote_plugin_reference_8\">8.<\/span><\/td>\t<td class=\"footnote_plugin_link\"><span onclick=\"footnote_moveToAnchor('footnote_plugin_tooltip_8');\">&#8593;<\/span><\/td>\t<td class=\"footnote_plugin_text\">Libro Copiador Reservadas, Empezado el 22 de mayo de 1917 &#8211; Terminado 27 de abril de 1931. Gobernaci\u00f3n del Territorio de R\u00edo Negro, folios 442, 443 y 460. Documentaci\u00f3n disponible en el AHRN<\/td><\/tr><tr>\t<td class=\"footnote_plugin_index\"><span id=\"footnote_plugin_reference_9\">9.<\/span><\/td>\t<td class=\"footnote_plugin_link\"><span onclick=\"footnote_moveToAnchor('footnote_plugin_tooltip_9');\">&#8593;<\/span><\/td>\t<td class=\"footnote_plugin_text\">Fichas elaboradas por la Comisar\u00eda de Investigaciones de la Polic\u00eda de R\u00edo Negro. Gonz\u00e1lez Mart\u00ednez, Aurelio; Prontuario O.S. N\u00b0 14, 31352 AG. Hern\u00e1ndez L\u00e1zaro, Juan o Hern\u00e1ndez, Juan Ignacio Carlos; Prontuario O.S. N\u00b013, 30929 AG. Mardones Franco, Mercedes Herminio; Prontuario O.S. N\u00b0 25, 31060 AG. Documentaci\u00f3n disponible en el AHRN<\/td><\/tr><tr>\t<td class=\"footnote_plugin_index\"><span id=\"footnote_plugin_reference_10\">10.<\/span><\/td>\t<td class=\"footnote_plugin_link\"><span onclick=\"footnote_moveToAnchor('footnote_plugin_tooltip_10');\">&#8593;<\/span><\/td>\t<td class=\"footnote_plugin_text\">Experiencia de teatro de aficionados anarquista, su primera presentaci\u00f3n p\u00fablica fue en noviembre de 1921 y se habr\u00eda extendido hasta 1926. Seg\u00fan el semanario R\u00edo Negro \u201clos componentes del cuadro filodram\u00e1tico \u2018Floreal\u2019 son vecinos de General Roca y todos ellos gente de trabajo que goza de muy buen concepto en el pueblo\u201d (1\/12\/1921). (([Fuente: Osvaldo Pelletieri (direcci\u00f3n), Historia del Teatro Argentino en las Provincias, Galerna-Instituto Nacional del teatro, 2007 y colecci\u00f3n de semanario R\u00edo Negro.]<\/td><\/tr><tr>\t<td class=\"footnote_plugin_index\"><span id=\"footnote_plugin_reference_11\">11.<\/span><\/td>\t<td class=\"footnote_plugin_link\"><span onclick=\"footnote_moveToAnchor('footnote_plugin_tooltip_11');\">&#8593;<\/span><\/td>\t<td class=\"footnote_plugin_text\">[Fuente: Osvaldo Pelletieri (direcci\u00f3n), Historia del Teatro Argentino en las Provincias, Galerna-Instituto Nacional del teatro, 2007 y colecci\u00f3n de semanario R\u00edo Negro.]<\/span><script type=\"text\/javascript\">\tjQuery(\"#footnote_plugin_tooltip_10\").tooltip({\t\ttip: \"#footnote_plugin_tooltip_text_10\",\t\ttipClass: \"footnote_tooltip\",\t\teffect: \"fade\",\t\tfadeOutSpeed: 100,\t\tpredelay: 400,\t\tposition: \"top right\",\t\trelative: true,\t\toffset: [10, 10]\t});<\/script> y escrito art\u00edculos para el peri\u00f3dico Nuestra Tribuna. Mientras que en Cipolletti la desgracia tocaba a Eugenio San Mart\u00edn, tip\u00f3grafo espa\u00f1ol, que tambi\u00e9n hab\u00eda integrado el grupo de teatro Floreal y ocupado el cargo de prosecretario de Oficios Varios de Roca. Al d\u00eda siguiente, en Choele Choel el c\u00edrculo se cerraba sobre el portugu\u00e9s Antonio Gonz\u00e1lves, pescador, agricultor y ladrillero. Mientras que el 26 era detenido en R\u00edo Colorado el pintor santafecino Jos\u00e9 Perano, quien, de acuerdo a informe de la Polic\u00eda de la Provincia de Buenos Aires, \u201ctratariase de un anarquista peligroso, fabricante de bombas explosivas y dinamita, pero de ello no existen constancias concretas\u201d (sic), y gozaba de muy buena reputaci\u00f3n entre sus vecinos, seg\u00fan consta en un expediente reservado ((Gonz\u00e1lez o Gonz\u00e1lves, Antonio; Prontuario O.S. N\u00b017, 31349 AG. En el caso de Jos\u00e9 Perano, fue detenido en R\u00edo Colorado el 26 de enero de 1931, tras el allanamiento de su domicilio donde \u2013seg\u00fan la carpeta judicial que trat\u00f3 el pedido de h\u00e1beas corpus- se le encontraron panfletos contra el Gobierno Provisional y f\u00f3rmulas para la fabricaci\u00f3n de explosivos. Conducido a Choele Choel, finalmente el recurso de amparo fue rechazado con el argumento de que el Estado de Sitio hab\u00eda suspendido las garant\u00edas constitucionales. Tomado de Perano, Jos\u00e9, o Jos\u00e9 Matalia Perano o Peraro, o Juan Bautista Matalia Perrano o Mattalia o Nattalia; Prontuario O.S. N\u00b04, 31296 AG, y Juzgado Letrado de R\u00edo Negro, Expediente N\u00b043\/1931, Perno (sic) Jos\u00e9 s\/ recurso de h\u00e1beas corpus. Documentaci\u00f3n disponible en el AHRN<\/td><\/tr><tr>\t<td class=\"footnote_plugin_index\"><span id=\"footnote_plugin_reference_12\">12.<\/span><\/td>\t<td class=\"footnote_plugin_link\"><span onclick=\"footnote_moveToAnchor('footnote_plugin_tooltip_12');\">&#8593;<\/span><\/td>\t<td class=\"footnote_plugin_text\">Gonz\u00e1lez o Gonz\u00e1lves, Antonio; Prontuario O.S. N\u00b017, 31349 AG. En el caso de Jos\u00e9 Perano, fue detenido en R\u00edo Colorado el 26 de enero de 1931, tras el allanamiento de su domicilio donde \u2013seg\u00fan la carpeta judicial que trat\u00f3 el pedido de h\u00e1beas corpus- se le encontraron panfletos contra el Gobierno Provisional y f\u00f3rmulas para la fabricaci\u00f3n de explosivos. Conducido a Choele Choel, finalmente el recurso de amparo fue rechazado con el argumento de que el Estado de Sitio hab\u00eda suspendido las garant\u00edas constitucionales. Tomado de Perano, Jos\u00e9, o Jos\u00e9 Matalia Perano o Peraro, o Juan Bautista Matalia Perrano o Mattalia o Nattalia; Prontuario O.S. N\u00b04, 31296 AG, y Juzgado Letrado de R\u00edo Negro, Expediente N\u00b043\/1931, Perno (sic) Jos\u00e9 s\/ recurso de h\u00e1beas corpus. Documentaci\u00f3n disponible en el AHRN<\/span><script type=\"text\/javascript\">\tjQuery(\"#footnote_plugin_tooltip_11\").tooltip({\t\ttip: \"#footnote_plugin_tooltip_text_11\",\t\ttipClass: \"footnote_tooltip\",\t\teffect: \"fade\",\t\tfadeOutSpeed: 100,\t\tpredelay: 400,\t\tposition: \"top right\",\t\trelative: true,\t\toffset: [10, 10]\t});<\/script> Perano, como muchos otros militantes libertarios que en los a\u00f1os \u201920 intentaron expandir la influencia del anarquismo a los territorios de R\u00edo Negro y La Pampa, hab\u00eda militado en organizaciones de Bah\u00eda Blanca, como el peri\u00f3dico Brazo y Cerebro.<\/p>\n<div id=\"attachment_7363\" style=\"width: 730px\" class=\"wp-caption aligncenter\"><a href=\"http:\/\/www.proyectoallen.com.ar\/3\/wp-content\/uploads\/2015\/02\/Jose-Perano-2.jpg\"><img loading=\"lazy\" decoding=\"async\" aria-describedby=\"caption-attachment-7363\" class=\"wp-image-7363 size-large\" src=\"http:\/\/www.proyectoallen.com.ar\/3\/wp-content\/uploads\/2015\/02\/Jose-Perano-2-1024x799.jpg\" alt=\"Jose Perano 2\" width=\"720\" height=\"562\" srcset=\"https:\/\/www.proyectoallen.com.ar\/3\/wp-content\/uploads\/2015\/02\/Jose-Perano-2-1024x799.jpg 1024w, https:\/\/www.proyectoallen.com.ar\/3\/wp-content\/uploads\/2015\/02\/Jose-Perano-2-300x234.jpg 300w, https:\/\/www.proyectoallen.com.ar\/3\/wp-content\/uploads\/2015\/02\/Jose-Perano-2-250x195.jpg 250w\" sizes=\"auto, (max-width: 720px) 100vw, 720px\" \/><\/a><p id=\"caption-attachment-7363\" class=\"wp-caption-text\">Jose Perano. Prontuario O.S. N\u00b04, 31296 AG.<\/p><\/div>\n<p style=\"text-align: justify;\">El 29 de enero el semanario R\u00edo Negro desliz\u00f3 que a ra\u00edz de los atentados perpetrados en Buenos Aires \u201cel Gobierno Provisional ha ordenado que se lleve a cabo una campa\u00f1a en toda la Rep\u00fablica contra los elementos an\u00e1rquicos\u201d, se\u00f1alando que \u201cseg\u00fan versiones que tienen fundamento se ha procedido a la detenci\u00f3n de varios individuos que profesan ideas \u00e1cratas\u201d tanto en Gral. Roca como en poblaciones vecinas. Ese mismo d\u00eda en Roca detuvieron a los jornaleros Manuel Silva, chileno, y Ant\u00edoco Pilia, italiano ((Pilia, Ant\u00edoco Santiago; Prontuario O.S. N\u00b027, 31082 AG. Silva, Manuel; Prontuario O.S. N\u00b023. 31057 AG. Documentaci\u00f3n disponible en el AHRN<\/td><\/tr><tr>\t<td class=\"footnote_plugin_index\"><span id=\"footnote_plugin_reference_13\">13.<\/span><\/td>\t<td class=\"footnote_plugin_link\"><span onclick=\"footnote_moveToAnchor('footnote_plugin_tooltip_13');\">&#8593;<\/span><\/td>\t<td class=\"footnote_plugin_text\">Pilia, Ant\u00edoco Santiago; Prontuario O.S. N\u00b027, 31082 AG. Silva, Manuel; Prontuario O.S. N\u00b023. 31057 AG. Documentaci\u00f3n disponible en el AHRN<\/span><script type=\"text\/javascript\">\tjQuery(\"#footnote_plugin_tooltip_12\").tooltip({\t\ttip: \"#footnote_plugin_tooltip_text_12\",\t\ttipClass: \"footnote_tooltip\",\t\teffect: \"fade\",\t\tfadeOutSpeed: 100,\t\tpredelay: 400,\t\tposition: \"top right\",\t\trelative: true,\t\toffset: [10, 10]\t});<\/script>; mientras que al siguiente Eugenio San Mart\u00edn recuperaba la libertad.<\/p>\n<p style=\"text-align: justify;\">El 2 de febrero en Choele Choel la buena suerte abandon\u00f3 a Abilio L\u00f3pez y Rom\u00e1n Pizarro, ambos espa\u00f1oles, el primero vendedor ambulante, el otro pescador, panadero o jornalero, seg\u00fan la fuente que se consulte ((L\u00f3pez, Abilio; Prontuario O.S. N\u00b016, 31347 AG. Pizarro, Rom\u00e1n; Prontuario O.S. N\u00b0 170, 31346 AG. Documentaci\u00f3n disponible en el AHRN. Seg\u00fan las fuentes el nombre de Pizarro muta de Rom\u00e1n a Ram\u00f3n, al igual que su oficio. Peri\u00f3dico comunista Bandera Roja, 11.05.1932; Memoria Concejo Deliberante de Buenos Aires, 19.02.1932, p\u00e1g. 29; y peri\u00f3dico anarquista L\u2019Adunata dei Refrattari, Nueva York, 17.02.1932<\/td><\/tr><tr>\t<td class=\"footnote_plugin_index\"><span id=\"footnote_plugin_reference_14\">14.<\/span><\/td>\t<td class=\"footnote_plugin_link\"><span onclick=\"footnote_moveToAnchor('footnote_plugin_tooltip_14');\">&#8593;<\/span><\/td>\t<td class=\"footnote_plugin_text\">L\u00f3pez, Abilio; Prontuario O.S. N\u00b016, 31347 AG. Pizarro, Rom\u00e1n; Prontuario O.S. N\u00b0 170, 31346 AG. Documentaci\u00f3n disponible en el AHRN. Seg\u00fan las fuentes el nombre de Pizarro muta de Rom\u00e1n a Ram\u00f3n, al igual que su oficio. Peri\u00f3dico comunista Bandera Roja, 11.05.1932; Memoria Concejo Deliberante de Buenos Aires, 19.02.1932, p\u00e1g. 29; y peri\u00f3dico anarquista L\u2019Adunata dei Refrattari, Nueva York, 17.02.1932<\/span><script type=\"text\/javascript\">\tjQuery(\"#footnote_plugin_tooltip_13\").tooltip({\t\ttip: \"#footnote_plugin_tooltip_text_13\",\t\ttipClass: \"footnote_tooltip\",\t\teffect: \"fade\",\t\tfadeOutSpeed: 100,\t\tpredelay: 400,\t\tposition: \"top right\",\t\trelative: true,\t\toffset: [10, 10]\t});<\/script>. Durante esa jornada arrestaron en Roca al sanjuanino Clemente Soria, de oficio tonelero ((Soria, Clemente; Prontuario O.S. N\u00b018, 3135 AG. Documentaci\u00f3n disponible en el AHRN<\/td><\/tr><tr>\t<td class=\"footnote_plugin_index\"><span id=\"footnote_plugin_reference_15\">15.<\/span><\/td>\t<td class=\"footnote_plugin_link\"><span onclick=\"footnote_moveToAnchor('footnote_plugin_tooltip_15');\">&#8593;<\/span><\/td>\t<td class=\"footnote_plugin_text\">Soria, Clemente; Prontuario O.S. N\u00b018, 3135 AG. Documentaci\u00f3n disponible en el AHRN<\/span><script type=\"text\/javascript\">\tjQuery(\"#footnote_plugin_tooltip_14\").tooltip({\t\ttip: \"#footnote_plugin_tooltip_text_14\",\t\ttipClass: \"footnote_tooltip\",\t\teffect: \"fade\",\t\tfadeOutSpeed: 100,\t\tpredelay: 400,\t\tposition: \"top right\",\t\trelative: true,\t\toffset: [10, 10]\t});<\/script>. Cuatro d\u00edas m\u00e1s tarde eran liberados Vicente L\u00f3pez y Mar\u00eda M\u00e9ndez, pero se orden\u00f3 a las comisar\u00edas de Cipolletti y Colonia Cervantes ejercer una discreta vigilancia \u201ca efectos de comprobar si efectivamente hacen propaganda contra el Gobierno Provisional\u201d.<\/p>\n<p style=\"text-align: justify;\">Reci\u00e9n el 12 de febrero el peri\u00f3dico R\u00edo Negro inform\u00f3 sobre el vasto operativo que culmin\u00f3 con la detenci\u00f3n de diecinueve personas, la mayor\u00eda \u2013seg\u00fan consignaba- ten\u00eda antecedentes policiales y eran conocidas como figuras peligrosas. De acuerdo a la versi\u00f3n policial, se les incaut\u00f3 propaganda contra el Gobierno Provisional, \u201clibros de qu\u00edmica y textos sobre materiales explosivos\u201d ((R\u00edo Negro, 12.02.1931<\/td><\/tr><tr>\t<td class=\"footnote_plugin_index\"><span id=\"footnote_plugin_reference_16\">16.<\/span><\/td>\t<td class=\"footnote_plugin_link\"><span onclick=\"footnote_moveToAnchor('footnote_plugin_tooltip_16');\">&#8593;<\/span><\/td>\t<td class=\"footnote_plugin_text\">R\u00edo Negro, 12.02.1931<\/span><script type=\"text\/javascript\">\tjQuery(\"#footnote_plugin_tooltip_15\").tooltip({\t\ttip: \"#footnote_plugin_tooltip_text_15\",\t\ttipClass: \"footnote_tooltip\",\t\teffect: \"fade\",\t\tfadeOutSpeed: 100,\t\tpredelay: 400,\t\tposition: \"top right\",\t\trelative: true,\t\toffset: [10, 10]\t});<\/script>. Al \u00fanico de los detenidos que se identificaba en la nota era a Mariano Rubio, jornalero espa\u00f1ol ((Datos tomados de Juzgado Letrado de R\u00edo Negro. Expediente N\u00b01464\/1921. Rubio Mariano &#8211; Carri\u00f3n Antonio \u2013 Olmo Cecilio \u2013 Yustes Mariano &#8211; &#8211; Julio D\u00edaz i Apolinario Marcos. s\/Atentado i desacato autoridad. Documentaci\u00f3n disponible en el AHR<\/td><\/tr><tr>\t<td class=\"footnote_plugin_index\"><span id=\"footnote_plugin_reference_17\">17.<\/span><\/td>\t<td class=\"footnote_plugin_link\"><span onclick=\"footnote_moveToAnchor('footnote_plugin_tooltip_17');\">&#8593;<\/span><\/td>\t<td class=\"footnote_plugin_text\">Datos tomados de Juzgado Letrado de R\u00edo Negro. Expediente N\u00b01464\/1921. Rubio Mariano &#8211; Carri\u00f3n Antonio \u2013 Olmo Cecilio \u2013 Yustes Mariano &#8211; &#8211; Julio D\u00edaz i Apolinario Marcos. s\/Atentado i desacato autoridad. Documentaci\u00f3n disponible en el AHR<\/span><script type=\"text\/javascript\">\tjQuery(\"#footnote_plugin_tooltip_16\").tooltip({\t\ttip: \"#footnote_plugin_tooltip_text_16\",\t\ttipClass: \"footnote_tooltip\",\t\teffect: \"fade\",\t\tfadeOutSpeed: 100,\t\tpredelay: 400,\t\tposition: \"top right\",\t\trelative: true,\t\toffset: [10, 10]\t});<\/script>, que fuera secretario del sindicato de Oficios Varios de Roca e integrante del Cuadro Filodram\u00e1tico Floreal. En tanto, a partir de la respuesta a un habeas corpus presentado en favor de Jos\u00e9 Perano, surge que en el marco del raid anti-anarquista tambi\u00e9n fueron arrestados Gregorio Aguirre,\u00a0<span lang=\"ES-AR\">F\u00e9lix Orteg<\/span><span lang=\"ES-AR\">a<\/span> y Mauricio P\u00e9rez ((Expediente N\u00ba43\/1931. Juzgado Letrado de R\u00edo Negro. Perno (sic) Jos\u00e9 s\/recurso de habeas corpus. Documentaci\u00f3n disponible en el AHRN<\/td><\/tr><tr>\t<td class=\"footnote_plugin_index\"><span id=\"footnote_plugin_reference_18\">18.<\/span><\/td>\t<td class=\"footnote_plugin_link\"><span onclick=\"footnote_moveToAnchor('footnote_plugin_tooltip_18');\">&#8593;<\/span><\/td>\t<td class=\"footnote_plugin_text\">Expediente N\u00ba43\/1931. Juzgado Letrado de R\u00edo Negro. Perno (sic) Jos\u00e9 s\/recurso de habeas corpus. Documentaci\u00f3n disponible en el AHRN<\/span><script type=\"text\/javascript\">\tjQuery(\"#footnote_plugin_tooltip_17\").tooltip({\t\ttip: \"#footnote_plugin_tooltip_text_17\",\t\ttipClass: \"footnote_tooltip\",\t\teffect: \"fade\",\t\tfadeOutSpeed: 100,\t\tpredelay: 400,\t\tposition: \"top right\",\t\trelative: true,\t\toffset: [10, 10]\t});<\/script>. Este \u00faltimo, tip\u00f3grafo rionegrino, tambi\u00e9n estuvo a cargo de la secretar\u00eda de la sociedad de Oficios Varios de Roca.<\/p>\n<p style=\"text-align: justify;\">Pese a las detenciones, allanamientos y la discreta vigilancia, la resistencia a la dictadura no se detuvo. El 12 de marzo Mariano Monteros, Laureano Yustes -jornalero espa\u00f1ol- y Tom\u00e1s Ruiz Montero \u2013zapatero espa\u00f1ol- fueron detenidos en Allen tras la aparici\u00f3n de \u201cpanfletos subversivos en contra del Gobierno de la Naci\u00f3n\u201d ((La orden de discreta vigilancia figura en los prontuarios de Mar\u00eda M\u00e9ndez y Vicente L\u00f3pez. Los datos sobre Tom\u00e1s Montero Ruiz surgen del Prontuario O.S. N\u00ba 5; mientras que los de Yustes fueron extra\u00eddos de Juzgado Letrado de R\u00edo Negro. Expediente N\u00b01464\/1921. Rubio Mariano &#8211; Carri\u00f3n Antonio \u2013 Olmo Cecilio \u2013 Yustes Mariano &#8211; &#8211; Julio D\u00edaz i Apolinario Marcos. s\/Atentado i desacato autoridad. Documentaci\u00f3n disponible en el AHRN<\/td><\/tr><tr>\t<td class=\"footnote_plugin_index\"><span id=\"footnote_plugin_reference_19\">19.<\/span><\/td>\t<td class=\"footnote_plugin_link\"><span onclick=\"footnote_moveToAnchor('footnote_plugin_tooltip_19');\">&#8593;<\/span><\/td>\t<td class=\"footnote_plugin_text\">La orden de discreta vigilancia figura en los prontuarios de Mar\u00eda M\u00e9ndez y Vicente L\u00f3pez. Los datos sobre Tom\u00e1s Montero Ruiz surgen del Prontuario O.S. N\u00ba 5; mientras que los de Yustes fueron extra\u00eddos de Juzgado Letrado de R\u00edo Negro. Expediente N\u00b01464\/1921. Rubio Mariano &#8211; Carri\u00f3n Antonio \u2013 Olmo Cecilio \u2013 Yustes Mariano &#8211; &#8211; Julio D\u00edaz i Apolinario Marcos. s\/Atentado i desacato autoridad. Documentaci\u00f3n disponible en el AHRN<\/span><script type=\"text\/javascript\">\tjQuery(\"#footnote_plugin_tooltip_18\").tooltip({\t\ttip: \"#footnote_plugin_tooltip_text_18\",\t\ttipClass: \"footnote_tooltip\",\t\teffect: \"fade\",\t\tfadeOutSpeed: 100,\t\tpredelay: 400,\t\tposition: \"top right\",\t\trelative: true,\t\toffset: [10, 10]\t});<\/script>.<\/p>\n<p style=\"text-align: justify;\">Aguirre, Gonz\u00e1lves, Gonz\u00e1lez Mart\u00ednez, Hern\u00e1ndez L\u00e1zaro, L\u00f3pez, Mardones, Ortega, Perano, Pilia, Soria y Vives fueron trasladados al penal Villa Devoto, donde permanecieron detenidos durante 13 meses a disposici\u00f3n del Gobierno Provisional. El resto tambi\u00e9n pas\u00f3 por la c\u00e1rcel porte\u00f1a, pero su suerte fue diferente: en agosto P\u00e9rez fue trasladado a la Penitenciar\u00eda Nacional de Ushuaia ((Tomado Ram\u00edrez, Manuel; Ushuaia: la erg\u00e1stula del sur. Claridad, Buenos Aires, 1935<\/td><\/tr><tr>\t<td class=\"footnote_plugin_index\"><span id=\"footnote_plugin_reference_20\">20.<\/span><\/td>\t<td class=\"footnote_plugin_link\"><span onclick=\"footnote_moveToAnchor('footnote_plugin_tooltip_20');\">&#8593;<\/span><\/td>\t<td class=\"footnote_plugin_text\">Tomado Ram\u00edrez, Manuel; Ushuaia: la erg\u00e1stula del sur. Claridad, Buenos Aires, 1935<\/span><script type=\"text\/javascript\">\tjQuery(\"#footnote_plugin_tooltip_19\").tooltip({\t\ttip: \"#footnote_plugin_tooltip_text_19\",\t\ttipClass: \"footnote_tooltip\",\t\teffect: \"fade\",\t\tfadeOutSpeed: 100,\t\tpredelay: 400,\t\tposition: \"top right\",\t\trelative: true,\t\toffset: [10, 10]\t});<\/script>, mientras que Pizarro y Silva fueron deportados a sus pa\u00edses de origen ((Pizarro fue de deportado en el Transporte Chaco, seg\u00fan la lista publicada en el peri\u00f3dico comunista Bandera Roja, 11.05.1932; la Memoria Concejo Deliberante de Buenos Aires, 19.02.1932, p\u00e1g. 29; y el peri\u00f3dico anarquista L\u2019Adunata dei Refrattari, Nueva York, 17.02.1932. Para m\u00e1s informaci\u00f3n sobre la expulsi\u00f3n masiva de opositores en el transporte Chaco puede consultarse Mendoza, Juan y Scandizzo, Hern\u00e1n; El Crucero de los indeseables, revista Todo es Historia N\u00b0384, julio 1999. Respecto a Silva, el peri\u00f3dico socialista La Vanguardia (11.12.1931) sostuvo: \u201c[E]l 8 del corriente, fu\u00e9 deportado el obrero chileno Manuel Silva, detenido en R\u00edo Negro, donde trabajaba en las faenas del campo y donde reside su compa\u00f1era de nacionalidad argentina. Al llegar la orden de deportaci\u00f3n, Silva se hallaba en la enfermer\u00eda aquejado de una grave dolencia y a duras penas pod\u00eda ponerse de pie.\u201d En su prontuario no consta que haya sido deportado y aparece como soltero, adem\u00e1s registra su presencia en Gral. Roca en 1944<\/td><\/tr><tr>\t<td class=\"footnote_plugin_index\"><span id=\"footnote_plugin_reference_21\">21.<\/span><\/td>\t<td class=\"footnote_plugin_link\"><span onclick=\"footnote_moveToAnchor('footnote_plugin_tooltip_21');\">&#8593;<\/span><\/td>\t<td class=\"footnote_plugin_text\">Pizarro fue de deportado en el Transporte Chaco, seg\u00fan la lista publicada en el peri\u00f3dico comunista Bandera Roja, 11.05.1932; la Memoria Concejo Deliberante de Buenos Aires, 19.02.1932, p\u00e1g. 29; y el peri\u00f3dico anarquista L\u2019Adunata dei Refrattari, Nueva York, 17.02.1932. Para m\u00e1s informaci\u00f3n sobre la expulsi\u00f3n masiva de opositores en el transporte Chaco puede consultarse Mendoza, Juan y Scandizzo, Hern\u00e1n; El Crucero de los indeseables, revista Todo es Historia N\u00b0384, julio 1999. Respecto a Silva, el peri\u00f3dico socialista La Vanguardia (11.12.1931) sostuvo: \u201c[E]l 8 del corriente, fu\u00e9 deportado el obrero chileno Manuel Silva, detenido en R\u00edo Negro, donde trabajaba en las faenas del campo y donde reside su compa\u00f1era de nacionalidad argentina. Al llegar la orden de deportaci\u00f3n, Silva se hallaba en la enfermer\u00eda aquejado de una grave dolencia y a duras penas pod\u00eda ponerse de pie.\u201d En su prontuario no consta que haya sido deportado y aparece como soltero, adem\u00e1s registra su presencia en Gral. Roca en 1944<\/span><script type=\"text\/javascript\">\tjQuery(\"#footnote_plugin_tooltip_20\").tooltip({\t\ttip: \"#footnote_plugin_tooltip_text_20\",\t\ttipClass: \"footnote_tooltip\",\t\teffect: \"fade\",\t\tfadeOutSpeed: 100,\t\tpredelay: 400,\t\tposition: \"top right\",\t\trelative: true,\t\toffset: [10, 10]\t});<\/script><\/p>\n<div id=\"attachment_7367\" style=\"width: 730px\" class=\"wp-caption aligncenter\"><a href=\"http:\/\/www.proyectoallen.com.ar\/3\/wp-content\/uploads\/2015\/02\/Roman-Pizarro-8.jpg\"><img loading=\"lazy\" decoding=\"async\" aria-describedby=\"caption-attachment-7367\" class=\"wp-image-7367 size-large\" src=\"http:\/\/www.proyectoallen.com.ar\/3\/wp-content\/uploads\/2015\/02\/Roman-Pizarro-8-1024x575.jpg\" alt=\"Roman Pizarro 8\" width=\"720\" height=\"404\" srcset=\"https:\/\/www.proyectoallen.com.ar\/3\/wp-content\/uploads\/2015\/02\/Roman-Pizarro-8-1024x575.jpg 1024w, https:\/\/www.proyectoallen.com.ar\/3\/wp-content\/uploads\/2015\/02\/Roman-Pizarro-8-300x168.jpg 300w, https:\/\/www.proyectoallen.com.ar\/3\/wp-content\/uploads\/2015\/02\/Roman-Pizarro-8-250x140.jpg 250w\" sizes=\"auto, (max-width: 720px) 100vw, 720px\" \/><\/a><p id=\"caption-attachment-7367\" class=\"wp-caption-text\">Roman Pizarro. Prontuario O.S. N\u00b0 170, 31346 AG<\/p><\/div>\n<p style=\"text-align: justify;\">Durante el encierro la mayor\u00eda de los arrestados en R\u00edo Negro particip\u00f3 del Congreso de Villa Devoto. Parad\u00f3jicamente en el cuadro 3 bis de ese penal, en ese \u00e1mbito de encierro y castigo, militantes anarquistas de sectores antag\u00f3nicos encontraron el tiempo y la predisposici\u00f3n a limar asperezas y ponerse de acuerdo en dos objetivos b\u00e1sicos: poner fin a encarnizados enfrentamientos internos y reconstruir el diezmado movimiento ((La n\u00f3mina completa de los participantes fue publicada el 17 de enero de 1932 en el peri\u00f3dico L\u2019Adunata dei Refrattari, de los anarquistas italianos en Nueva York. Seg\u00fan esta publicaci\u00f3n, de R\u00edo Negro participaron Aguirre, Gonz\u00e1lves, Hern\u00e1ndez L\u00e1zaro, L\u00f3pez, Mardones, Ortega, Perano, Pilia, Pizarro, Silva, Soria y Vives<\/td><\/tr><tr>\t<td class=\"footnote_plugin_index\"><span id=\"footnote_plugin_reference_22\">22.<\/span><\/td>\t<td class=\"footnote_plugin_link\"><span onclick=\"footnote_moveToAnchor('footnote_plugin_tooltip_22');\">&#8593;<\/span><\/td>\t<td class=\"footnote_plugin_text\">La n\u00f3mina completa de los participantes fue publicada el 17 de enero de 1932 en el peri\u00f3dico L\u2019Adunata dei Refrattari, de los anarquistas italianos en Nueva York. Seg\u00fan esta publicaci\u00f3n, de R\u00edo Negro participaron Aguirre, Gonz\u00e1lves, Hern\u00e1ndez L\u00e1zaro, L\u00f3pez, Mardones, Ortega, Perano, Pilia, Pizarro, Silva, Soria y Vives<\/span><script type=\"text\/javascript\">\tjQuery(\"#footnote_plugin_tooltip_21\").tooltip({\t\ttip: \"#footnote_plugin_tooltip_text_21\",\t\ttipClass: \"footnote_tooltip\",\t\teffect: \"fade\",\t\tfadeOutSpeed: 100,\t\tpredelay: 400,\t\tposition: \"top right\",\t\trelative: true,\t\toffset: [10, 10]\t});<\/script>. En septiembre de 1932 el peri\u00f3dico bahiense Tierra Libre public\u00f3 una carta de Antonio Gonz\u00e1lves donde hac\u00eda referencia al c\u00f3nclave, all\u00ed tambi\u00e9n destacaba la importancia de los peri\u00f3dicos libertarios que se publicaban en el sur bonaerense para la propaganda en el norte de la Patagonia y la necesidad de articular entre la militancia de los territorios de La Pampa y R\u00edo Negro y Bah\u00eda Blanca para promover la organizaci\u00f3n en torno al comunismo an\u00e1rquico ((Tierra Libre, 04.09.1932<\/td><\/tr><tr>\t<td class=\"footnote_plugin_index\"><span id=\"footnote_plugin_reference_23\">23.<\/span><\/td>\t<td class=\"footnote_plugin_link\"><span onclick=\"footnote_moveToAnchor('footnote_plugin_tooltip_23');\">&#8593;<\/span><\/td>\t<td class=\"footnote_plugin_text\">Tierra Libre, 04.09.1932<\/span><script type=\"text\/javascript\">\tjQuery(\"#footnote_plugin_tooltip_22\").tooltip({\t\ttip: \"#footnote_plugin_tooltip_text_22\",\t\ttipClass: \"footnote_tooltip\",\t\teffect: \"fade\",\t\tfadeOutSpeed: 100,\t\tpredelay: 400,\t\tposition: \"top right\",\t\trelative: true,\t\toffset: [10, 10]\t});<\/script>. Se hab\u00eda vuelto al punto de inicio y ya no fue posible recuperar el terreno perdido, el valle tambi\u00e9n era otro.<\/p>\n<p style=\"text-align: justify;\">A fines de 1939 en General Roca el anarquismo volvi\u00f3 a expresarse de manera organizada a trav\u00e9s de la Agrupaci\u00f3n Cultural, para \u201ctrabajar por la emancipaci\u00f3n y la cultura, que tanta falta hace a los esclavos de estas tierras\u201d. En el manifiesto de presentaci\u00f3n hac\u00edan un balance de los a\u00f1os posteriores al golpe militar y resaltaban la necesidad de volver a dar batalla: \u201cEs cierto que la \u2018dictadura de Uriburu\u2019 tras la destrucci\u00f3n material de nuestra biblioteca y hogares, nos ha privado de elementos inquietos por la emancipaci\u00f3n humana. Pero es cierto tambi\u00e9n que despu\u00e9s de rehechos hemos cedido el campo a la reacci\u00f3n, unos por la reconstrucci\u00f3n de sus hogares y otros por la poca estabilidad y las inadaptables condiciones de trabajo de esta zona y a la vez hemos ido alternando con esa corriente de pasividad que es general en todo nuestro movimiento\u201d. El tono de autocr\u00edtica prosigue al percibir que el clima adverso trascend\u00eda la coyuntura y fue el acompa\u00f1amiento hist\u00f3rico del anarquismo. Considera por ello que ser\u00eda en vano esperar que arriben \u201ctiempos mejores\u201d: \u201chemos olvidado en parte que la reacci\u00f3n contra nuestras ideas no es de hoy, sino de siempre, y que la \u00fanica manera de contrarrestarla y afrontarla ha sido agudizando nuestra inteligencia, ayudando y dando confianza en el hombre para salvaguardar lo m\u00ednimo que en \u00e9l fue quedando, sus ideas y la valent\u00eda de propagarlas\u201d ((La Obra, diciembre de 1939, p\u00e1g. 3. La nota est\u00e1 firmada por JHL, Juan Hern\u00e1ndez L\u00e1zaro<\/td><\/tr>\t\t<\/tbody>\t<\/table><\/div><script type=\"text\/javascript\">\tfunction footnote_expand_reference_container() {\t\tjQuery(\"#footnote_references_container\").show();        jQuery(\"#footnote_reference_container_collapse_button\").text(\"-\");\t}    function footnote_collapse_reference_container() {        jQuery(\"#footnote_references_container\").hide();        jQuery(\"#footnote_reference_container_collapse_button\").text(\"+\");    }\tfunction footnote_expand_collapse_reference_container() {\t\tif (jQuery(\"#footnote_references_container\").is(\":hidden\")) {            footnote_expand_reference_container();\t\t} else {            footnote_collapse_reference_container();\t\t}\t}    function footnote_moveToAnchor(p_str_TargetID) {        footnote_expand_reference_container();        var l_obj_Target = jQuery(\"#\" + p_str_TargetID);        if(l_obj_Target.length) {            jQuery('html, body').animate({                scrollTop: l_obj_Target.offset().top - window.innerHeight\/2            }, 1000);        }    }<\/script>","protected":false},"excerpt":{"rendered":"<p>En los primeros meses de 1931 un grupo de militantes libertarios fue detenido en R\u00edo Negro acusado de participar de acciones contra la dictadura encabezada por el Gral. Jos\u00e9 F. Uriburu. Al recuperar la&#46;&#46;&#46;<\/p>\n","protected":false},"author":2,"featured_media":7366,"comment_status":"open","ping_status":"closed","sticky":false,"template":"","format":"standard","meta":{"ngg_post_thumbnail":0,"footnotes":""},"categories":[22,13],"tags":[],"class_list":["post-7355","post","type-post","status-publish","format-standard","has-post-thumbnail","hentry","category-novedades","category-unpocodehistoria"],"jetpack_featured_media_url":"https:\/\/www.proyectoallen.com.ar\/3\/wp-content\/uploads\/2015\/02\/Gonzalez-Martinez-3.jpg","_links":{"self":[{"href":"https:\/\/www.proyectoallen.com.ar\/3\/index.php?rest_route=\/wp\/v2\/posts\/7355","targetHints":{"allow":["GET"]}}],"collection":[{"href":"https:\/\/www.proyectoallen.com.ar\/3\/index.php?rest_route=\/wp\/v2\/posts"}],"about":[{"href":"https:\/\/www.proyectoallen.com.ar\/3\/index.php?rest_route=\/wp\/v2\/types\/post"}],"author":[{"embeddable":true,"href":"https:\/\/www.proyectoallen.com.ar\/3\/index.php?rest_route=\/wp\/v2\/users\/2"}],"replies":[{"embeddable":true,"href":"https:\/\/www.proyectoallen.com.ar\/3\/index.php?rest_route=%2Fwp%2Fv2%2Fcomments&post=7355"}],"version-history":[{"count":6,"href":"https:\/\/www.proyectoallen.com.ar\/3\/index.php?rest_route=\/wp\/v2\/posts\/7355\/revisions"}],"predecessor-version":[{"id":7386,"href":"https:\/\/www.proyectoallen.com.ar\/3\/index.php?rest_route=\/wp\/v2\/posts\/7355\/revisions\/7386"}],"wp:featuredmedia":[{"embeddable":true,"href":"https:\/\/www.proyectoallen.com.ar\/3\/index.php?rest_route=\/wp\/v2\/media\/7366"}],"wp:attachment":[{"href":"https:\/\/www.proyectoallen.com.ar\/3\/index.php?rest_route=%2Fwp%2Fv2%2Fmedia&parent=7355"}],"wp:term":[{"taxonomy":"category","embeddable":true,"href":"https:\/\/www.proyectoallen.com.ar\/3\/index.php?rest_route=%2Fwp%2Fv2%2Fcategories&post=7355"},{"taxonomy":"post_tag","embeddable":true,"href":"https:\/\/www.proyectoallen.com.ar\/3\/index.php?rest_route=%2Fwp%2Fv2%2Ftags&post=7355"}],"curies":[{"name":"wp","href":"https:\/\/api.w.org\/{rel}","templated":true}]}}