{"id":7429,"date":"2015-03-19T15:27:47","date_gmt":"2015-03-19T15:27:47","guid":{"rendered":"http:\/\/www.proyectoallen.com.ar\/3\/?p=7429"},"modified":"2015-03-19T15:27:47","modified_gmt":"2015-03-19T15:27:47","slug":"fracking-y-degradacion-institucional-en-rio-negro","status":"publish","type":"post","link":"https:\/\/www.proyectoallen.com.ar\/3\/?p=7429","title":{"rendered":"Fracking y degradaci\u00f3n institucional en R\u00edo Negro"},"content":{"rendered":"<p style=\"text-align: justify;\"><em>En diferentes art\u00edculos y recientemente en un libro colectivo hemos venido argumentando que el fracking, por sus caracter\u00edsticas inherentemente contaminantes, requiere de la flexibilizaci\u00f3n ambiental en sus controles estatales y de una gran laxitud normativa, tal como sucedi\u00f3 en Estados Unidos en la d\u00e9cada pasada. En el 2005, cuando George Bush (h) era presidente, el Congreso de ese pa\u00eds aprob\u00f3 una modificaci\u00f3n de la Energy Policy Act, conocida como Enmienda Halliburton, a ra\u00edz del lobby ejercido por esa empresa, que se tradujo en la reducci\u00f3n en la capacidad reguladora de la Agencia de Protecci\u00f3n Ambiental (EPA, por sus siglas en ingl\u00e9s) sobre los fluidos empleados en la fractura, avalando que no era necesaria su informaci\u00f3n. Tambi\u00e9n se eximi\u00f3 a las compa\u00f1\u00edas petroleras de los controles que establec\u00edan las leyes del Agua y el Aire Limpio, y el transporte y control de ciertos productos qu\u00edmicos. Por MARISTELLA SVAMPA y ENRIQUE VIALE<br \/>\n<\/em><!--more--><\/p>\n<p style=\"text-align: justify;\"><a href=\"http:\/\/www.proyectoallen.com.ar\/3\/wp-content\/uploads\/2015\/03\/imagen.aspx_.jpg\"><img loading=\"lazy\" decoding=\"async\" class=\"aligncenter size-full wp-image-7430\" src=\"http:\/\/www.proyectoallen.com.ar\/3\/wp-content\/uploads\/2015\/03\/imagen.aspx_.jpg\" alt=\"imagen.aspx\" width=\"700\" height=\"475\" srcset=\"https:\/\/www.proyectoallen.com.ar\/3\/wp-content\/uploads\/2015\/03\/imagen.aspx_.jpg 700w, https:\/\/www.proyectoallen.com.ar\/3\/wp-content\/uploads\/2015\/03\/imagen.aspx_-300x204.jpg 300w, https:\/\/www.proyectoallen.com.ar\/3\/wp-content\/uploads\/2015\/03\/imagen.aspx_-250x170.jpg 250w\" sizes=\"auto, (max-width: 700px) 100vw, 700px\" \/><\/a><\/p>\n<p style=\"text-align: justify;\">En Argentina el desarrollo del fracking est\u00e1 atravesado por controversias no menores, convenios secretos con empresas transnacionales, leyes sancionadas de modo expr\u00e9s por los diversos oficialismos, violaci\u00f3n de derechos ind\u00edgenas y accidentes minimizados o no reconocidos. En R\u00edo Negro, donde la explotaci\u00f3n de hidrocarburos no convencionales avanza sin control entre plantaciones de frutales, el discurso oficial sobre el fracking consisti\u00f3, primeramente, en negar que en Allen se hiciera fracking. Como esta mentira no pudo sostenerse, finalmente se reconoci\u00f3 que la extracci\u00f3n del tight gas en las chacras requer\u00eda de \u00abestimulaci\u00f3n hidr\u00e1ulica\u00bb, esto es del fracking. Por esa raz\u00f3n, las autoridades y las empresas cambiaron el discurso y comenzaron a repetir dos cosas: por un lado, que en R\u00edo Negro existen controles del Estado provincial; por otro lado, que la fruticultura y la explotaci\u00f3n petrolera son dos actividades compatibles. Sin embargo, estos dos discursos no tienen sustento alguno.<\/p>\n<p style=\"text-align: justify;\">Veamos lo primero. Hace casi un a\u00f1o el gobernador Alberto Weretilneck realizaba un ajuste, excluyendo a numerosos funcionarios, entre ellos la subsecretaria de Medio Ambiente. Entre marzo y julio del 2014 se registraron dos explosiones en pozos de hidrofractura, en la zona de chacras de Allen. En la primera, miembros de organizaciones ambientalistas trataron de comunicarse con la subsecretaria de Ambiente, pero la provincia ya no ten\u00eda responsable en ese \u00e1rea. En agosto del 2014, Weretilneck nombr\u00f3 a la ingeniera Dina Migani al frente de la Secretar\u00eda de Medio Ambiente. Para muchos habr\u00e1 pasado desapercibido, pero la nueva secretaria posee nada menos que una empresa familiar de \u00ablog\u00edstica qu\u00edmica\u00bb que promociona en su p\u00e1gina web (www.quinpe.net) su cartera de clientes, entre los cuales hay varias empresas petroleras multinacionales que llevan adelante el pol\u00e9mico m\u00e9todo extractivo de fracking en la provincia. La pregunta obvia de cualquier ciudadano es c\u00f3mo el controlador puede controlar si entre su listado de clientes tiene a sus controlados\u2026 Esto no resiste el m\u00ednimo examen \u00e9tico y obliga a analizar el tema a la luz del delito previsto en el art. 265 del C\u00f3digo Penal: \u00abNegociaciones incompatibles con la funci\u00f3n p\u00fablica\u00bb.<\/p>\n<p style=\"text-align: justify;\">Pero no es la primera vez que el gobernador Weretilneck incurre en decisiones tan groseras desde el punto de vista \u00e9tico. Ya lo hab\u00eda hecho al nombrar como secretario de Miner\u00eda al antrop\u00f3logo Gustavo \u00abChenque\u00bb Ferreyra, quien unos meses antes de asumir su funci\u00f3n se desempe\u00f1aba como gerente de relaciones comunitarias del Proyecto Navidad -Chubut- de Minera Argenta, subsidiaria de Panamerican Silver. Debido a las denuncias de organizaciones sociales, Ferreyra fue alejado del cargo, aunque ahora el kirchnerismo lo \u00abpremi\u00f3\u00bb con un cargo directivo en la Universidad Nacional del Comahue\u2026<\/p>\n<p style=\"text-align: justify;\">El segundo eje del discurso oficial sostiene que fruticultura e hidrocarburos son actividades compatibles. Tama\u00f1a hipocres\u00eda s\u00f3lo puede sostenerse por la indiferencia de la sociedad allense y el silencio sumiso de peque\u00f1os y medianos chacareros, al borde de la extinci\u00f3n, que hoy no tienen otra alternativa que la de acceder a un subsidio oficial para salvar el desastre de la cosecha (o m\u00e1s bien, de la \u00abno cosecha\u00bb). La falsedad de este discurso aparece ilustrada no s\u00f3lo por el avance territorial de la matriz hidrocarbur\u00edfera sino tambi\u00e9n a partir de las decisiones adoptadas por el propio Ejecutivo municipal. Un ejemplo es lo ocurrido en la subasta de la exjuguera Millac\u00f3, instalada en el Parque Industrial de Allen.<\/p>\n<p style=\"text-align: justify;\">Tal como lo recuerda la profesora de Historia Graciela Vega, de Proyecto Allen, la cooperativa frutivin\u00edcola Millac\u00f3, fundada en 1933, fue durante d\u00e9cadas la m\u00e1s grande del Alto Valle. La cooperativa entr\u00f3 en convocatoria en el a\u00f1o 2000 y en el 2003 pas\u00f3 a remate, aunque fue en el 013 que dos de sus galpones ser\u00edan rematados. En ese a\u00f1o, la Asociaci\u00f3n de Horticultores se moviliz\u00f3 para frenar la acci\u00f3n y solicitar que el predio fuera declarado de utilidad p\u00fablica. En sinton\u00eda con dicho pedido, la intendenta Sabina Costa anunci\u00f3 que acompa\u00f1ar\u00eda la declaraci\u00f3n, para consolidar el proyecto del mercado concentrador de los horticultores. Sin embargo, el d\u00eda de la subasta, seg\u00fan consta en el diario \u00abR\u00edo Negro\u00bb bajo el t\u00edtulo \u00abEscandalosa subasta de la ex Millac\u00f3 en Allen\u00bb (25\/7\/2013), \u00abel lugar de ingreso estaba cerrado con candado y s\u00f3lo unos pocos y privilegiados oferentes pudieron participar del remate, accediendo por un terreno lindero que pertenece a TSB, la misma empresa [petrolera] que gan\u00f3 la compulsa\u00bb. La decisi\u00f3n pol\u00edtica de la intendenta ya estaba tomada: privilegiar la actividad hidrocarbur\u00edfera por encima de la horticultura y la fruticultura. Hoy ese predio es un denominado \u00abalmac\u00e9n de no convencionales\u00bb, cuyos productos se aplican al fracking tanto en Allen como en Loma Campana.<\/p>\n<p style=\"text-align: justify;\">En suma, la explotaci\u00f3n de hidrocarburos no convencionales a trav\u00e9s del fracking no s\u00f3lo es sin\u00f3nimo de contaminaci\u00f3n ambiental y de reconfiguraci\u00f3n territorial: su consolidaci\u00f3n conlleva tambi\u00e9n, tal como lo muestran los casos rese\u00f1ados en la provincia de R\u00edo Negro, una alarmante vuelta de tuerca del proceso de degradaci\u00f3n pol\u00edtica e institucional.<\/p>\n<p style=\"text-align: justify;\">MARISTELLA SVAMPA (*) y ENRIQUE VIALE (**)<\/p>\n<p style=\"text-align: justify;\">(*) Doctora en Sociolog\u00eda e investigadora principal del Conicet<\/p>\n<p style=\"text-align: justify;\">(**) Presidente de la Asociaci\u00f3n Argentina de Abogados Ambientalistas<\/p>\n","protected":false},"excerpt":{"rendered":"<p>En diferentes art\u00edculos y recientemente en un libro colectivo hemos venido argumentando que el fracking, por sus caracter\u00edsticas inherentemente contaminantes, requiere de la flexibilizaci\u00f3n ambiental en sus controles estatales y de una gran laxitud&#46;&#46;&#46;<\/p>\n","protected":false},"author":2,"featured_media":7430,"comment_status":"open","ping_status":"closed","sticky":false,"template":"","format":"standard","meta":{"ngg_post_thumbnail":0,"footnotes":""},"categories":[24,22],"tags":[],"class_list":["post-7429","post","type-post","status-publish","format-standard","has-post-thumbnail","hentry","category-no-al-fracking-en-allen","category-novedades"],"jetpack_featured_media_url":"https:\/\/www.proyectoallen.com.ar\/3\/wp-content\/uploads\/2015\/03\/imagen.aspx_.jpg","_links":{"self":[{"href":"https:\/\/www.proyectoallen.com.ar\/3\/index.php?rest_route=\/wp\/v2\/posts\/7429","targetHints":{"allow":["GET"]}}],"collection":[{"href":"https:\/\/www.proyectoallen.com.ar\/3\/index.php?rest_route=\/wp\/v2\/posts"}],"about":[{"href":"https:\/\/www.proyectoallen.com.ar\/3\/index.php?rest_route=\/wp\/v2\/types\/post"}],"author":[{"embeddable":true,"href":"https:\/\/www.proyectoallen.com.ar\/3\/index.php?rest_route=\/wp\/v2\/users\/2"}],"replies":[{"embeddable":true,"href":"https:\/\/www.proyectoallen.com.ar\/3\/index.php?rest_route=%2Fwp%2Fv2%2Fcomments&post=7429"}],"version-history":[{"count":1,"href":"https:\/\/www.proyectoallen.com.ar\/3\/index.php?rest_route=\/wp\/v2\/posts\/7429\/revisions"}],"predecessor-version":[{"id":7431,"href":"https:\/\/www.proyectoallen.com.ar\/3\/index.php?rest_route=\/wp\/v2\/posts\/7429\/revisions\/7431"}],"wp:featuredmedia":[{"embeddable":true,"href":"https:\/\/www.proyectoallen.com.ar\/3\/index.php?rest_route=\/wp\/v2\/media\/7430"}],"wp:attachment":[{"href":"https:\/\/www.proyectoallen.com.ar\/3\/index.php?rest_route=%2Fwp%2Fv2%2Fmedia&parent=7429"}],"wp:term":[{"taxonomy":"category","embeddable":true,"href":"https:\/\/www.proyectoallen.com.ar\/3\/index.php?rest_route=%2Fwp%2Fv2%2Fcategories&post=7429"},{"taxonomy":"post_tag","embeddable":true,"href":"https:\/\/www.proyectoallen.com.ar\/3\/index.php?rest_route=%2Fwp%2Fv2%2Ftags&post=7429"}],"curies":[{"name":"wp","href":"https:\/\/api.w.org\/{rel}","templated":true}]}}