{"id":7483,"date":"2015-04-10T23:39:23","date_gmt":"2015-04-10T23:39:23","guid":{"rendered":"http:\/\/www.proyectoallen.com.ar\/3\/?p=7483"},"modified":"2015-04-10T23:41:30","modified_gmt":"2015-04-10T23:41:30","slug":"irrupcion-aulica-24-de-marzo-de-1976","status":"publish","type":"post","link":"https:\/\/www.proyectoallen.com.ar\/3\/?p=7483","title":{"rendered":"Irrupci\u00f3n a\u00falica: 24 de marzo de 1976"},"content":{"rendered":"<p style=\"text-align: justify;\"><em>Un jueves 26 de marzo de 2015 los alumnos de 5to. 2da. realizaron una actividad intentando buscar desarrollar mayor concientizaci\u00f3n del valor de vivir en democracia. Con la idea de \u201cirrumpir\u201d en la clase sin el permiso correspondiente busc\u00f3 recrear la interrupci\u00f3n del sistema democr\u00e1tico aquel 24 de marzo de 1976.<\/em><!--more--><\/p>\n<p style=\"text-align: justify;\">La escuela es un espacio de representaci\u00f3n del sistema democr\u00e1tico y la \u00absorpresa\u00bb de la irrupci\u00f3n intenta colaborar en la valoraci\u00f3n del respeto, los derechos y obligaciones, esenciales en toda instituci\u00f3n democr\u00e1tica.<\/p>\n<p style=\"text-align: justify;\"><a href=\"http:\/\/www.proyectoallen.com.ar\/3\/wp-content\/uploads\/2015\/04\/559148_559757604087306_638712276_n.jpg\"><img loading=\"lazy\" decoding=\"async\" class=\"aligncenter wp-image-7484 size-medium\" src=\"http:\/\/www.proyectoallen.com.ar\/3\/wp-content\/uploads\/2015\/04\/559148_559757604087306_638712276_n-300x225.jpg\" alt=\"559148_559757604087306_638712276_n\" width=\"300\" height=\"225\" srcset=\"https:\/\/www.proyectoallen.com.ar\/3\/wp-content\/uploads\/2015\/04\/559148_559757604087306_638712276_n-300x225.jpg 300w, https:\/\/www.proyectoallen.com.ar\/3\/wp-content\/uploads\/2015\/04\/559148_559757604087306_638712276_n-250x188.jpg 250w, https:\/\/www.proyectoallen.com.ar\/3\/wp-content\/uploads\/2015\/04\/559148_559757604087306_638712276_n.jpg 960w\" sizes=\"auto, (max-width: 300px) 100vw, 300px\" \/><\/a><\/p>\n<p>Esto dec\u00edan los alumnos al ingresar a las aulas de la escuela.<\/p>\n<p style=\"text-align: justify;\">Entre 1976 y 1983 en las escuelas de Allen reg\u00edan estas disposiciones:<br \/>\nDisposici\u00f3n N\u00b0 1 \u00abQueda terminantemente prohibido a los varones ingresar a la escuela con pelo largo\u00bb<br \/>\nDisposici\u00f3n N\u00b0 2: Queda prohibido que las mujeres ingresen a la escuela con maquillaje, u\u00f1as pintadas y guardapolvos m\u00e1s arriba de la rodilla\u00bb Disposici\u00f3n N\u00b0 3: \u00abEsta prohibido que en los recreos los varones y las mujeres est\u00e9n juntos. Cada uno debe ir al patio que les corresponde\u00bb Disposici\u00f3n N\u00b0 4: Est\u00e1n prohibidos los Centros de estudiantes en las escuelas\u00bb<br \/>\nDisposici\u00f3n N\u00b05: \u00abTodos los varones deber\u00e1n cumplir con el reglamento, usar saco, corbata, camisa y pantalones acordes con la exigencia de la instituci\u00f3n escolar\u00bb.<\/p>\n<p><iframe loading=\"lazy\" src=\"https:\/\/www.youtube.com\/embed\/ZOHJlH840xQ\" width=\"720\" height=\"480\" frameborder=\"0\" allowfullscreen=\"allowfullscreen\"><\/iframe><\/p>\n","protected":false},"excerpt":{"rendered":"<p>Un jueves 26 de marzo de 2015 los alumnos de 5to. 2da. realizaron una actividad intentando buscar desarrollar mayor concientizaci\u00f3n del valor de vivir en democracia. Con la idea de \u201cirrumpir\u201d en la clase&#46;&#46;&#46;<\/p>\n","protected":false},"author":2,"featured_media":7484,"comment_status":"open","ping_status":"closed","sticky":false,"template":"","format":"standard","meta":{"ngg_post_thumbnail":0,"footnotes":""},"categories":[14,3,15,5,22],"tags":[],"class_list":["post-7483","post","type-post","status-publish","format-standard","has-post-thumbnail","hentry","category-actividades","category-audiovisuales","category-docentes","category-educacion","category-novedades"],"jetpack_featured_media_url":"https:\/\/www.proyectoallen.com.ar\/3\/wp-content\/uploads\/2015\/04\/559148_559757604087306_638712276_n.jpg","_links":{"self":[{"href":"https:\/\/www.proyectoallen.com.ar\/3\/index.php?rest_route=\/wp\/v2\/posts\/7483","targetHints":{"allow":["GET"]}}],"collection":[{"href":"https:\/\/www.proyectoallen.com.ar\/3\/index.php?rest_route=\/wp\/v2\/posts"}],"about":[{"href":"https:\/\/www.proyectoallen.com.ar\/3\/index.php?rest_route=\/wp\/v2\/types\/post"}],"author":[{"embeddable":true,"href":"https:\/\/www.proyectoallen.com.ar\/3\/index.php?rest_route=\/wp\/v2\/users\/2"}],"replies":[{"embeddable":true,"href":"https:\/\/www.proyectoallen.com.ar\/3\/index.php?rest_route=%2Fwp%2Fv2%2Fcomments&post=7483"}],"version-history":[{"count":2,"href":"https:\/\/www.proyectoallen.com.ar\/3\/index.php?rest_route=\/wp\/v2\/posts\/7483\/revisions"}],"predecessor-version":[{"id":7486,"href":"https:\/\/www.proyectoallen.com.ar\/3\/index.php?rest_route=\/wp\/v2\/posts\/7483\/revisions\/7486"}],"wp:featuredmedia":[{"embeddable":true,"href":"https:\/\/www.proyectoallen.com.ar\/3\/index.php?rest_route=\/wp\/v2\/media\/7484"}],"wp:attachment":[{"href":"https:\/\/www.proyectoallen.com.ar\/3\/index.php?rest_route=%2Fwp%2Fv2%2Fmedia&parent=7483"}],"wp:term":[{"taxonomy":"category","embeddable":true,"href":"https:\/\/www.proyectoallen.com.ar\/3\/index.php?rest_route=%2Fwp%2Fv2%2Fcategories&post=7483"},{"taxonomy":"post_tag","embeddable":true,"href":"https:\/\/www.proyectoallen.com.ar\/3\/index.php?rest_route=%2Fwp%2Fv2%2Ftags&post=7483"}],"curies":[{"name":"wp","href":"https:\/\/api.w.org\/{rel}","templated":true}]}}