{"id":7557,"date":"2015-01-18T19:25:29","date_gmt":"2015-01-18T19:25:29","guid":{"rendered":"http:\/\/www.proyectoallen.com.ar\/3\/?p=7557"},"modified":"2015-05-18T19:30:46","modified_gmt":"2015-05-18T19:30:46","slug":"uxuf-xipay-el-despojo","status":"publish","type":"post","link":"https:\/\/www.proyectoallen.com.ar\/3\/?p=7557","title":{"rendered":"\u00dcx\u00fcf Xipay \u2013 El Despojo"},"content":{"rendered":"<p style=\"text-align: justify;\"><em>Centrado en las tensiones que por a\u00f1os han enfrentado las comunidades mapuches con el Estado chileno y empresarios forestales, el documental dirigido por Dauno T\u00f3toro, \u00dcx\u00fcf Xipay, El Despojo, intenta generar una mirada global hacia el conflicto, desde su gestaci\u00f3n con la llegada de los espa\u00f1oles, hasta el actual dilema de territorialidad en el sur de pa\u00eds. Con la idea de conformar una mirada general, el realizador incluy\u00f3 versiones de los involucrados -tanto de las comunidades, como de los empresarios y funcionarios de gobierno-, junto a material hist\u00f3rico de archivo.<\/em><!--more--><\/p>\n<p style=\"text-align: center;\">FICHA T\u00c9CNICA<br \/>\nT\u00cdTULO ORIGINAL: El despojo (\u00dcx\u00fcf Xipay)<br \/>\nA\u00d1O: 2003<br \/>\nDURACI\u00d3N: 73 min.<br \/>\nPA\u00cdS: Chile<br \/>\nDIRECTOR: Dauno T\u00f3toro<br \/>\nGUI\u00d3N: Italo Retamal, Matin Correa, Dauno Tot\u00f3ro<br \/>\nM\u00daSICA: Arvo P\u00e4rt<br \/>\nFOTOGRAF\u00cdA: Marcelo Vega<br \/>\nPRODUCTORA: Ceibo Producciones<br \/>\nG\u00c9NERO: Documental<\/p>\n<p><iframe loading=\"lazy\"  id=\"_ytid_79209\"  width=\"480\" height=\"360\"  data-origwidth=\"480\" data-origheight=\"360\" src=\"https:\/\/www.youtube.com\/embed\/lASbTsG8qxM?enablejsapi=1&#038;autoplay=0&#038;cc_load_policy=0&#038;cc_lang_pref=&#038;iv_load_policy=1&#038;loop=0&#038;rel=0&#038;fs=1&#038;playsinline=0&#038;autohide=2&#038;theme=dark&#038;color=red&#038;controls=1&#038;\" class=\"__youtube_prefs__  epyt-is-override  no-lazyload\" title=\"YouTube player\"  allow=\"fullscreen; accelerometer; autoplay; clipboard-write; encrypted-media; gyroscope; picture-in-picture\" allowfullscreen data-no-lazy=\"1\" data-skipgform_ajax_framebjll=\"\"><\/iframe><\/p>\n<p><a href=\"http:\/\/kaosenlared.net\/antiimperialismo-y-anticolonialismo-peliculas-sobre-el-conflicto-kurdo-mapuche-saharaui-y-palestino\/\">De Kaosenlared. Mas conflictos antiimperialismoa y anticolonialistas<\/a><\/p>\n","protected":false},"excerpt":{"rendered":"<p>Centrado en las tensiones que por a\u00f1os han enfrentado las comunidades mapuches con el Estado chileno y empresarios forestales, el documental dirigido por Dauno T\u00f3toro, \u00dcx\u00fcf Xipay, El Despojo, intenta generar una mirada global&#46;&#46;&#46;<\/p>\n","protected":false},"author":2,"featured_media":0,"comment_status":"open","ping_status":"closed","sticky":false,"template":"","format":"standard","meta":{"ngg_post_thumbnail":0,"footnotes":""},"categories":[24],"tags":[],"class_list":["post-7557","post","type-post","status-publish","format-standard","hentry","category-no-al-fracking-en-allen"],"jetpack_featured_media_url":"","_links":{"self":[{"href":"https:\/\/www.proyectoallen.com.ar\/3\/index.php?rest_route=\/wp\/v2\/posts\/7557","targetHints":{"allow":["GET"]}}],"collection":[{"href":"https:\/\/www.proyectoallen.com.ar\/3\/index.php?rest_route=\/wp\/v2\/posts"}],"about":[{"href":"https:\/\/www.proyectoallen.com.ar\/3\/index.php?rest_route=\/wp\/v2\/types\/post"}],"author":[{"embeddable":true,"href":"https:\/\/www.proyectoallen.com.ar\/3\/index.php?rest_route=\/wp\/v2\/users\/2"}],"replies":[{"embeddable":true,"href":"https:\/\/www.proyectoallen.com.ar\/3\/index.php?rest_route=%2Fwp%2Fv2%2Fcomments&post=7557"}],"version-history":[{"count":3,"href":"https:\/\/www.proyectoallen.com.ar\/3\/index.php?rest_route=\/wp\/v2\/posts\/7557\/revisions"}],"predecessor-version":[{"id":7560,"href":"https:\/\/www.proyectoallen.com.ar\/3\/index.php?rest_route=\/wp\/v2\/posts\/7557\/revisions\/7560"}],"wp:attachment":[{"href":"https:\/\/www.proyectoallen.com.ar\/3\/index.php?rest_route=%2Fwp%2Fv2%2Fmedia&parent=7557"}],"wp:term":[{"taxonomy":"category","embeddable":true,"href":"https:\/\/www.proyectoallen.com.ar\/3\/index.php?rest_route=%2Fwp%2Fv2%2Fcategories&post=7557"},{"taxonomy":"post_tag","embeddable":true,"href":"https:\/\/www.proyectoallen.com.ar\/3\/index.php?rest_route=%2Fwp%2Fv2%2Ftags&post=7557"}],"curies":[{"name":"wp","href":"https:\/\/api.w.org\/{rel}","templated":true}]}}