{"id":8081,"date":"2016-01-08T01:00:11","date_gmt":"2016-01-08T01:00:11","guid":{"rendered":"http:\/\/www.proyectoallen.com.ar\/3\/?p=8081"},"modified":"2016-07-06T20:16:43","modified_gmt":"2016-07-06T20:16:43","slug":"documental-sin-mapa-4to-ano-2do-trimestre","status":"publish","type":"post","link":"https:\/\/www.proyectoallen.com.ar\/3\/?p=8081","title":{"rendered":"Documental: Sin mapa"},"content":{"rendered":"<p style=\"text-align: justify;\">Documental \u00abSin Mapa\u00bb de Calle 13 (2009).\u00a0Este documental no es de Calle 13, la banda, sino de su experiencia por Am\u00e9rica Latina. Calle 13 es una banda interprete de Rap alternativo de Puerto Rico. Est\u00e1 encabezado por Ren\u00e9 P\u00e9rez \u201cResidente\u201d y su hermano Eduardo Cabra que se hace llamar \u201cVisitante\u201d. \u00a0Ren\u00e9 gest\u00f3 este proyecto que\u00a0lo llevo por los pueblos ind\u00edgenas y rincones olvidados. \u201cSin Mapa\u201d que es como se titula el documental, nace de la necesidad de aprender y experimentar diferentes realidades que se viven en Latinoam\u00e9rica para poder seguir difundiendo una visi\u00f3n social a trav\u00e9s de su m\u00fasica.\u00a0Entre los destinos que visita se encuentra el Machu Picchu, el Titicaca, escuelas rurales, pueblos mineros a cientos de kms de altura.\u00a0 Aunque es un video de escaso presupuesto y muy poco equipo de filmaci\u00f3n transmite la espontaneidad de un viaje real y la narraci\u00f3n de alguien que se entrega por completo a la ruta.<\/p>\n<p style=\"text-align: center;\"><!--more--> <a href=\"http:\/\/www.proyectoallen.com.ar\/3\/wp-content\/uploads\/2016\/06\/Calle13Sinmapa1.png\"><img loading=\"lazy\" decoding=\"async\" class=\"aligncenter size-full wp-image-8082\" src=\"http:\/\/www.proyectoallen.com.ar\/3\/wp-content\/uploads\/2016\/06\/Calle13Sinmapa1.png\" alt=\"Calle13Sinmapa1\" width=\"720\" height=\"480\" srcset=\"https:\/\/www.proyectoallen.com.ar\/3\/wp-content\/uploads\/2016\/06\/Calle13Sinmapa1.png 720w, https:\/\/www.proyectoallen.com.ar\/3\/wp-content\/uploads\/2016\/06\/Calle13Sinmapa1-300x200.png 300w, https:\/\/www.proyectoallen.com.ar\/3\/wp-content\/uploads\/2016\/06\/Calle13Sinmapa1-250x167.png 250w\" sizes=\"auto, (max-width: 720px) 100vw, 720px\" \/><\/a><\/p>\n<p style=\"text-align: center;\"><strong><a href=\"https:\/\/vimeo.com\/62784314\">Ver el documental<\/a><\/strong><\/p>\n<p style=\"text-align: center;\">1) \u00bfQu\u00e9 plantea Ren\u00e9 (vocalista de Calle 13) al inicio del documental?<\/p>\n<p style=\"text-align: center;\">2) \u00bfQu\u00e9 critica hace al programa de TV al que Calle 13 son invitados?<\/p>\n<p style=\"text-align: center;\">3) \u00bfPorque Rene y compa\u00f1\u00eda deciden recorrer el continente? \u00bfqu\u00e9 busca Ren\u00e9 hacer con su m\u00fasica?<\/p>\n<p style=\"text-align: center;\">4) \u00bfQu\u00e9 piensas sobre la explicaci\u00f3n del hombre peruano que les d\u00e1 alojamiento? \u00bfCual es la idea que tiene esa comunidad peruana al plantar la tierra?<\/p>\n<p style=\"text-align: center;\">5) Da una apreciaci\u00f3n sobre el viaje a la mina. Piensa: C\u00f3mo si Rene y sus compa\u00f1eros fueras vos y algunos amigos.<\/p>\n<p style=\"text-align: center;\">6) \u00bfQu\u00e9 contraste existe entre la vida que lleva Calle 13 y el viaje?<\/p>\n<p style=\"text-align: center;\">7) Qu\u00e9 critica hace Rene al genero musical?<\/p>\n<p style=\"text-align: center;\">8) \u00bfQue piensas de la frase que dice la mam\u00e1 de Rene? \u00abNadie aprende por el camino r\u00e1pido\u00bb.<\/p>\n<p style=\"text-align: center;\">9) \u00bfPorque Rene piensa que por la vida que vivimos estamos \u00abmal acostumbrados?. Fundamenta.<\/p>\n<p style=\"text-align: center;\">10) \u00bfQue le pasa cuando va por primera vez a Machu Pichu? \u00bfQu\u00e9 es lo que critica?<\/p>\n<p style=\"text-align: center;\">11) Constantemente Rene insiste que quienes viven en los lugares que visita son \u00abseres humanos superiores\u00bb ya que a \u00e9l y sus amigos esa vida se les hace muy dificil (y eso que solo van por unos d\u00edas). \u00bfPorqu\u00e9 crees que, sin embargo, los indigenas y sus descendientes son discriminados, considerados inferiores, sus vestimentas, color de piel, costumbres, etc. son causa de burla?.<\/p>\n<p style=\"text-align: center;\">12) \u00a0<a href=\"http:\/\/www.youtube.com\/watch?v=Z341bBS7oj0\">Mira ac\u00e1.\u00a0<\/a><\/p>\n<p style=\"text-align: center;\">\u00a0 \u00bfPorque crees que los ni\u00f1os del video seleccionan siempre al mu\u00f1eco blanco y al negro no? \u00bfCrees que se puede ser solidario y no discriminar a pesar de la \u00abobediencia\u00bb que la cultura y los medios de comunicaci\u00f3n te imponen?<\/p>\n<p style=\"text-align: center;\">13) Mira aqu\u00ed <a href=\"https:\/\/www.youtube.com\/watch?v=IaxzvVAzI_Y\">este video <\/a>y comenta: \u00bf De que trata la canci\u00f3n? \u00bfQue relaci\u00f3n tiene con lo visto en este trabajo pr\u00e1ctico?<\/p>\n<p style=\"text-align: center;\"><a href=\"http:\/\/www.proyectoallen.com.ar\/3\/wp-content\/uploads\/2016\/06\/497213848_1280x720.jpg\"><img loading=\"lazy\" decoding=\"async\" class=\"aligncenter size-large wp-image-8083\" src=\"http:\/\/www.proyectoallen.com.ar\/3\/wp-content\/uploads\/2016\/06\/497213848_1280x720-1024x576.jpg\" alt=\"497213848_1280x720\" width=\"720\" height=\"405\" srcset=\"https:\/\/www.proyectoallen.com.ar\/3\/wp-content\/uploads\/2016\/06\/497213848_1280x720-1024x576.jpg 1024w, https:\/\/www.proyectoallen.com.ar\/3\/wp-content\/uploads\/2016\/06\/497213848_1280x720-300x169.jpg 300w, https:\/\/www.proyectoallen.com.ar\/3\/wp-content\/uploads\/2016\/06\/497213848_1280x720-250x141.jpg 250w, https:\/\/www.proyectoallen.com.ar\/3\/wp-content\/uploads\/2016\/06\/497213848_1280x720.jpg 1280w\" sizes=\"auto, (max-width: 720px) 100vw, 720px\" \/><\/a><\/p>\n","protected":false},"excerpt":{"rendered":"<p>Documental \u00abSin Mapa\u00bb de Calle 13 (2009).\u00a0Este documental no es de Calle 13, la banda, sino de su experiencia por Am\u00e9rica Latina. Calle 13 es una banda interprete de Rap alternativo de Puerto Rico.&#46;&#46;&#46;<\/p>\n","protected":false},"author":2,"featured_media":0,"comment_status":"open","ping_status":"closed","sticky":false,"template":"","format":"standard","meta":{"ngg_post_thumbnail":0,"footnotes":""},"categories":[14,5],"tags":[],"class_list":["post-8081","post","type-post","status-publish","format-standard","hentry","category-actividades","category-educacion"],"jetpack_featured_media_url":"","_links":{"self":[{"href":"https:\/\/www.proyectoallen.com.ar\/3\/index.php?rest_route=\/wp\/v2\/posts\/8081","targetHints":{"allow":["GET"]}}],"collection":[{"href":"https:\/\/www.proyectoallen.com.ar\/3\/index.php?rest_route=\/wp\/v2\/posts"}],"about":[{"href":"https:\/\/www.proyectoallen.com.ar\/3\/index.php?rest_route=\/wp\/v2\/types\/post"}],"author":[{"embeddable":true,"href":"https:\/\/www.proyectoallen.com.ar\/3\/index.php?rest_route=\/wp\/v2\/users\/2"}],"replies":[{"embeddable":true,"href":"https:\/\/www.proyectoallen.com.ar\/3\/index.php?rest_route=%2Fwp%2Fv2%2Fcomments&post=8081"}],"version-history":[{"count":3,"href":"https:\/\/www.proyectoallen.com.ar\/3\/index.php?rest_route=\/wp\/v2\/posts\/8081\/revisions"}],"predecessor-version":[{"id":8198,"href":"https:\/\/www.proyectoallen.com.ar\/3\/index.php?rest_route=\/wp\/v2\/posts\/8081\/revisions\/8198"}],"wp:attachment":[{"href":"https:\/\/www.proyectoallen.com.ar\/3\/index.php?rest_route=%2Fwp%2Fv2%2Fmedia&parent=8081"}],"wp:term":[{"taxonomy":"category","embeddable":true,"href":"https:\/\/www.proyectoallen.com.ar\/3\/index.php?rest_route=%2Fwp%2Fv2%2Fcategories&post=8081"},{"taxonomy":"post_tag","embeddable":true,"href":"https:\/\/www.proyectoallen.com.ar\/3\/index.php?rest_route=%2Fwp%2Fv2%2Ftags&post=8081"}],"curies":[{"name":"wp","href":"https:\/\/api.w.org\/{rel}","templated":true}]}}