{"id":8100,"date":"2016-06-15T00:13:32","date_gmt":"2016-06-15T00:13:32","guid":{"rendered":"http:\/\/www.proyectoallen.com.ar\/3\/?p=8100"},"modified":"2016-06-16T21:48:36","modified_gmt":"2016-06-16T21:48:36","slug":"campito-el-tonelero","status":"publish","type":"post","link":"https:\/\/www.proyectoallen.com.ar\/3\/?p=8100","title":{"rendered":"Campito, \u201cel tonelero\u201d"},"content":{"rendered":"<p style=\"text-align: justify;\"><em>Mi abuelo, Campito, \u201cel tonelero\u201d (como le dec\u00edan) era un artesano. Trabajaba el raul\u00ed, madera de perfume tan particular, que servir\u00eda como base para las bordalezas, barriles, toneles y pipones. Por Melina Campos.<\/em><!--more--><\/p>\n<div id=\"attachment_8101\" style=\"width: 657px\" class=\"wp-caption aligncenter\"><a href=\"http:\/\/www.proyectoallen.com.ar\/3\/wp-content\/uploads\/2016\/06\/13459657_10210079249363167_1582166344_n.jpg\"><img loading=\"lazy\" decoding=\"async\" aria-describedby=\"caption-attachment-8101\" class=\"wp-image-8101 size-full\" src=\"http:\/\/www.proyectoallen.com.ar\/3\/wp-content\/uploads\/2016\/06\/13459657_10210079249363167_1582166344_n.jpg\" alt=\"13459657_10210079249363167_1582166344_n\" width=\"647\" height=\"888\" srcset=\"https:\/\/www.proyectoallen.com.ar\/3\/wp-content\/uploads\/2016\/06\/13459657_10210079249363167_1582166344_n.jpg 647w, https:\/\/www.proyectoallen.com.ar\/3\/wp-content\/uploads\/2016\/06\/13459657_10210079249363167_1582166344_n-219x300.jpg 219w, https:\/\/www.proyectoallen.com.ar\/3\/wp-content\/uploads\/2016\/06\/13459657_10210079249363167_1582166344_n-250x343.jpg 250w\" sizes=\"auto, (max-width: 647px) 100vw, 647px\" \/><\/a><p id=\"caption-attachment-8101\" class=\"wp-caption-text\">Libreta de afiliaci\u00f3n con los aportes jubilatorios hechos en f\u00e1brica Bagliani.<\/p><\/div>\n<p style=\"text-align: center;\"><a href=\"http:\/\/www.proyectoallen.com.ar\/3\/?p=3058\">Leer: La Fabrica Bagliani<\/a><\/p>\n<p style=\"text-align: justify;\">Nacido en 1913 en Neuqu\u00e9n, de mirada serena, m\u00e1s bien bajo de estatura, bigote finito y peinado a la gomina, era un enamorado de su trabajo. Cada ma\u00f1ana se levantaba bien temprano, en busca de unos mates amargos que le dieran el empuj\u00f3n para comenzar el d\u00eda. En el taller lo esperaba su bicicleta, de punta en blanco, ansiosa de reencontrarse con las calles de aquel tranquilo Allen de 1960. Hab\u00eda que llegar hasta la ruta, donde la Bodega \u201cBar\u00f3n de R\u00edo Negro\u201d, una de las m\u00e1s importantes de la Patagonia, le confiaba sus enormes cubas de roble, para ser restauradas, a la espera de volver a hospedar una nueva cosecha de vino.<\/p>\n<p>&nbsp;<\/p>\n<div id=\"attachment_8102\" style=\"width: 730px\" class=\"wp-caption aligncenter\"><a href=\"http:\/\/www.proyectoallen.com.ar\/3\/wp-content\/uploads\/2016\/06\/Bodegas.jpg\"><img loading=\"lazy\" decoding=\"async\" aria-describedby=\"caption-attachment-8102\" class=\"wp-image-8102 size-large\" src=\"http:\/\/www.proyectoallen.com.ar\/3\/wp-content\/uploads\/2016\/06\/Bodegas-890x1024.jpg\" alt=\"Bodegas\" width=\"720\" height=\"828\" srcset=\"https:\/\/www.proyectoallen.com.ar\/3\/wp-content\/uploads\/2016\/06\/Bodegas-890x1024.jpg 890w, https:\/\/www.proyectoallen.com.ar\/3\/wp-content\/uploads\/2016\/06\/Bodegas-261x300.jpg 261w, https:\/\/www.proyectoallen.com.ar\/3\/wp-content\/uploads\/2016\/06\/Bodegas-250x288.jpg 250w, https:\/\/www.proyectoallen.com.ar\/3\/wp-content\/uploads\/2016\/06\/Bodegas.jpg 977w\" sizes=\"auto, (max-width: 720px) 100vw, 720px\" \/><\/a><p id=\"caption-attachment-8102\" class=\"wp-caption-text\">Toneles en Bar\u00f3n de R\u00edo Negro<\/p><\/div>\n<p style=\"text-align: center;\">Leer:\u00a0<a href=\"http:\/\/www.proyectoallen.com.ar\/3\/?p=2377\">Bar\u00f3n de R\u00edo Negro<\/a><\/p>\n<p style=\"text-align: justify;\">A las 19 horas llegaba el fin de la jornada. Era entonces cuando el rojo intenso de su bicicleta se encontraba con la banquina de la ruta, de regreso a casa, junto con los primeros vestigios del atardecer. Mientras mi madre y mis t\u00edos ya hab\u00edan regresado del colegio y lo esperaban, junto a la abuela, en la vereda de la casa. As\u00ed, tras compartir los infaltables mates con la abuela, se internaba hasta la noche en su taller, al fondo del patio. Jugar all\u00ed significaba correr esquivando los toneles de productores de vino casero, llegados desde los alrededores de Allen, Fern\u00e1ndez Oro y Guerrico en grandes camiones y camionetas.<\/p>\n<div id=\"attachment_8103\" style=\"width: 898px\" class=\"wp-caption aligncenter\"><a href=\"http:\/\/www.proyectoallen.com.ar\/3\/wp-content\/uploads\/2016\/06\/13472210_10210079252923256_769960225_n.jpg\"><img loading=\"lazy\" decoding=\"async\" aria-describedby=\"caption-attachment-8103\" class=\"wp-image-8103 size-full\" src=\"http:\/\/www.proyectoallen.com.ar\/3\/wp-content\/uploads\/2016\/06\/13472210_10210079252923256_769960225_n.jpg\" alt=\"13472210_10210079252923256_769960225_n\" width=\"888\" height=\"558\" srcset=\"https:\/\/www.proyectoallen.com.ar\/3\/wp-content\/uploads\/2016\/06\/13472210_10210079252923256_769960225_n.jpg 888w, https:\/\/www.proyectoallen.com.ar\/3\/wp-content\/uploads\/2016\/06\/13472210_10210079252923256_769960225_n-300x189.jpg 300w, https:\/\/www.proyectoallen.com.ar\/3\/wp-content\/uploads\/2016\/06\/13472210_10210079252923256_769960225_n-250x157.jpg 250w\" sizes=\"auto, (max-width: 888px) 100vw, 888px\" \/><\/a><p id=\"caption-attachment-8103\" class=\"wp-caption-text\">El primero de izquierda a derecha, cargando mercader\u00eda en los vagones de la AFD en la estaci\u00f3n de tren.<\/p><\/div>\n<p style=\"text-align: center;\"><em><a href=\"http:\/\/www.proyectoallen.com.ar\/3\/?p=3585\">AFD:(Associati\u00f3n Fruit Corporation).\u00a0<\/a><\/em><\/p>\n<p style=\"text-align: justify;\">Si hab\u00eda algo que disfrutaba era aconsejar a sus hijos. A cada momento era posible escucharlo hablar de esos valores que hacen del hombre una persona de bien. \u201cAl trabajo hay que quererlo, ponerle ganas, mas all\u00e1 de lo que sea, si lo hago con cari\u00f1o es mas digno\u201d, \u201cHay dos formas de hacer las cosas: hacerlas o hacerlas bien\u201d, sol\u00eda decir.<\/p>\n<div id=\"attachment_8106\" style=\"width: 898px\" class=\"wp-caption aligncenter\"><a href=\"http:\/\/www.proyectoallen.com.ar\/3\/wp-content\/uploads\/2016\/06\/13444539_10210079259763427_560055784_n.jpg\"><img loading=\"lazy\" decoding=\"async\" aria-describedby=\"caption-attachment-8106\" class=\"wp-image-8106 size-full\" src=\"http:\/\/www.proyectoallen.com.ar\/3\/wp-content\/uploads\/2016\/06\/13444539_10210079259763427_560055784_n.jpg\" alt=\"13444539_10210079259763427_560055784_n\" width=\"888\" height=\"536\" srcset=\"https:\/\/www.proyectoallen.com.ar\/3\/wp-content\/uploads\/2016\/06\/13444539_10210079259763427_560055784_n.jpg 888w, https:\/\/www.proyectoallen.com.ar\/3\/wp-content\/uploads\/2016\/06\/13444539_10210079259763427_560055784_n-300x181.jpg 300w, https:\/\/www.proyectoallen.com.ar\/3\/wp-content\/uploads\/2016\/06\/13444539_10210079259763427_560055784_n-250x151.jpg 250w\" sizes=\"auto, (max-width: 888px) 100vw, 888px\" \/><\/a><p id=\"caption-attachment-8106\" class=\"wp-caption-text\">De traje oscuro y cigarrillo en mano en una fiesta de la familia.<\/p><\/div>\n<p style=\"text-align: center;\"><a href=\"http:\/\/www.proyectoallen.com.ar\/3\/?p=4493\">Ocio y tiempo libre en Allen (1940\/1950).<\/a> Primera y Segunda Parte.<\/p>\n<p style=\"text-align: justify;\">Tampoco le faltaba compa\u00f1ero. Infaltable en la casa, estaba su perro, Rinti, un ovejero alem\u00e1n. Era especial la relaci\u00f3n que manten\u00edan. Durante la semana cada uno ocupaba su funci\u00f3n. Uno, la de cuidar la casa, con mirada severa y ladrido siempre firme, marcando el respeto; el otro, ya se sabe, la de trabajar de lunes a s\u00e1bado para darle a su familia una vida digna. Pero el domingo las cosas cambiaban. Y Rinti lo sab\u00eda. Ya desde temprano que, recostado en la entrada de la casa, reclamaba su ratito de libertad, en el que poder volver a sentir como el viento le peinaba las orejas, cuando la tierra del patio era testigo de sus carreras sin freno, sin cadenas. El abuelo, que por \u00fanica vez no sal\u00eda a trabajar, lo observaba desde el cerco de tamarisco, sin demostrarlo, pero satisfecho de verlo disfrutar de tan merecido descanso.<\/p>\n<div id=\"attachment_8104\" style=\"width: 882px\" class=\"wp-caption aligncenter\"><a href=\"http:\/\/www.proyectoallen.com.ar\/3\/wp-content\/uploads\/2016\/06\/13454130_10210079252763252_1444326021_n.jpg\"><img loading=\"lazy\" decoding=\"async\" aria-describedby=\"caption-attachment-8104\" class=\"wp-image-8104 size-full\" src=\"http:\/\/www.proyectoallen.com.ar\/3\/wp-content\/uploads\/2016\/06\/13454130_10210079252763252_1444326021_n.jpg\" alt=\"13454130_10210079252763252_1444326021_n\" width=\"872\" height=\"585\" srcset=\"https:\/\/www.proyectoallen.com.ar\/3\/wp-content\/uploads\/2016\/06\/13454130_10210079252763252_1444326021_n.jpg 872w, https:\/\/www.proyectoallen.com.ar\/3\/wp-content\/uploads\/2016\/06\/13454130_10210079252763252_1444326021_n-300x201.jpg 300w, https:\/\/www.proyectoallen.com.ar\/3\/wp-content\/uploads\/2016\/06\/13454130_10210079252763252_1444326021_n-250x168.jpg 250w\" sizes=\"auto, (max-width: 872px) 100vw, 872px\" \/><\/a><p id=\"caption-attachment-8104\" class=\"wp-caption-text\">Afuera de su primera casa, junto a mi abuela Ana y sus hijos mayores Eduardo, Rogelio y Froilan.<\/p><\/div>\n<p style=\"text-align: justify;\">Don Campito estaba tan orgulloso y feliz de ser tonelero (era unos pocos de la zona). Cada tanto, para alg\u00fan aniversario de la ciudad o en una de las fiestas de la Patrona \u201cSanta Catalina\u201d, sol\u00eda exponer sus trabajos (esos que hacia en sus ratos libres): Peque\u00f1os barrilitos, con manijitas, canillita y patitas para apoyar.<br \/>\nPero un d\u00eda, el progreso y la tecnolog\u00eda llegaron hasta el pueblo y los toneles fueron reemplazados por damajuanas de vidrio, m\u00e1s pr\u00e1cticas y vistosas. As\u00ed, el patio de la casa de mi abuelo ya no se llen\u00f3 de bordalezas, como suced\u00eda en otra \u00e9poca\u2026<br \/>\nHoy mi abuelo ya no est\u00e1, la Bodega mas importante de la regi\u00f3n tampoco\u2026ni siquiera su champagne tan conocido. Sin embargo, no puedo, junto a mi familia, dejar de sentirme orgullosa de mi abuelo Antonio Campos, que con su amor por el trabajo y sus valores supo ganarse el lugar de esa persona querida que siempre se hace presente para mostrarnos qu\u00e9 lindo que es seguir el camino correcto\u2026\u00a1Te queremos Abuelo Campito!<\/p>\n<div id=\"attachment_8105\" style=\"width: 817px\" class=\"wp-caption aligncenter\"><a href=\"http:\/\/www.proyectoallen.com.ar\/3\/wp-content\/uploads\/2016\/06\/13453743_10210079250043184_1134006257_n.jpg\"><img loading=\"lazy\" decoding=\"async\" aria-describedby=\"caption-attachment-8105\" class=\"wp-image-8105 size-full\" src=\"http:\/\/www.proyectoallen.com.ar\/3\/wp-content\/uploads\/2016\/06\/13453743_10210079250043184_1134006257_n.jpg\" alt=\"13453743_10210079250043184_1134006257_n\" width=\"807\" height=\"826\" srcset=\"https:\/\/www.proyectoallen.com.ar\/3\/wp-content\/uploads\/2016\/06\/13453743_10210079250043184_1134006257_n.jpg 807w, https:\/\/www.proyectoallen.com.ar\/3\/wp-content\/uploads\/2016\/06\/13453743_10210079250043184_1134006257_n-293x300.jpg 293w, https:\/\/www.proyectoallen.com.ar\/3\/wp-content\/uploads\/2016\/06\/13453743_10210079250043184_1134006257_n-250x256.jpg 250w\" sizes=\"auto, (max-width: 807px) 100vw, 807px\" \/><\/a><p id=\"caption-attachment-8105\" class=\"wp-caption-text\">En el patio de la segunda casa donde vivieron, mientras le daba agua a Bochin, otro de los perros de la familia. D\u00e9cada del 70.<\/p><\/div>\n<div id=\"attachment_8107\" style=\"width: 898px\" class=\"wp-caption aligncenter\"><a href=\"http:\/\/www.proyectoallen.com.ar\/3\/wp-content\/uploads\/2016\/06\/13459617_10210079249563172_189706405_n.jpg\"><img loading=\"lazy\" decoding=\"async\" aria-describedby=\"caption-attachment-8107\" class=\"wp-image-8107 size-full\" src=\"http:\/\/www.proyectoallen.com.ar\/3\/wp-content\/uploads\/2016\/06\/13459617_10210079249563172_189706405_n.jpg\" alt=\"13459617_10210079249563172_189706405_n\" width=\"888\" height=\"673\" srcset=\"https:\/\/www.proyectoallen.com.ar\/3\/wp-content\/uploads\/2016\/06\/13459617_10210079249563172_189706405_n.jpg 888w, https:\/\/www.proyectoallen.com.ar\/3\/wp-content\/uploads\/2016\/06\/13459617_10210079249563172_189706405_n-300x227.jpg 300w, https:\/\/www.proyectoallen.com.ar\/3\/wp-content\/uploads\/2016\/06\/13459617_10210079249563172_189706405_n-250x189.jpg 250w\" sizes=\"auto, (max-width: 888px) 100vw, 888px\" \/><\/a><p id=\"caption-attachment-8107\" class=\"wp-caption-text\">La primera vez que pudo ir de vacaciones, en la d\u00e9cada del 80, con su hija Lidia, en Entre R\u00edos.<\/p><\/div>\n<h4 style=\"text-align: justify;\"><strong>Algo m\u00e1s&#8230;<\/strong><\/h4>\n<p><a href=\"http:\/\/www.proyectoallen.com.ar\/3\/?p=2394\">Aldo Parada<\/a><\/p>\n<p><a href=\"http:\/\/www.proyectoallen.com.ar\/3\/?p=2373\">Isaac Darquier: administrador del Bar\u00f3n de R\u00edo Negro<\/a><\/p>\n","protected":false},"excerpt":{"rendered":"<p>Mi abuelo, Campito, \u201cel tonelero\u201d (como le dec\u00edan) era un artesano. Trabajaba el raul\u00ed, madera de perfume tan particular, que servir\u00eda como base para las bordalezas, barriles, toneles y pipones. Por Melina Campos.<\/p>\n","protected":false},"author":2,"featured_media":8103,"comment_status":"open","ping_status":"closed","sticky":false,"template":"","format":"standard","meta":{"ngg_post_thumbnail":0,"footnotes":""},"categories":[9,22],"tags":[],"class_list":["post-8100","post","type-post","status-publish","format-standard","has-post-thumbnail","hentry","category-historias_de_vida","category-novedades"],"jetpack_featured_media_url":"https:\/\/www.proyectoallen.com.ar\/3\/wp-content\/uploads\/2016\/06\/13472210_10210079252923256_769960225_n.jpg","_links":{"self":[{"href":"https:\/\/www.proyectoallen.com.ar\/3\/index.php?rest_route=\/wp\/v2\/posts\/8100","targetHints":{"allow":["GET"]}}],"collection":[{"href":"https:\/\/www.proyectoallen.com.ar\/3\/index.php?rest_route=\/wp\/v2\/posts"}],"about":[{"href":"https:\/\/www.proyectoallen.com.ar\/3\/index.php?rest_route=\/wp\/v2\/types\/post"}],"author":[{"embeddable":true,"href":"https:\/\/www.proyectoallen.com.ar\/3\/index.php?rest_route=\/wp\/v2\/users\/2"}],"replies":[{"embeddable":true,"href":"https:\/\/www.proyectoallen.com.ar\/3\/index.php?rest_route=%2Fwp%2Fv2%2Fcomments&post=8100"}],"version-history":[{"count":5,"href":"https:\/\/www.proyectoallen.com.ar\/3\/index.php?rest_route=\/wp\/v2\/posts\/8100\/revisions"}],"predecessor-version":[{"id":8114,"href":"https:\/\/www.proyectoallen.com.ar\/3\/index.php?rest_route=\/wp\/v2\/posts\/8100\/revisions\/8114"}],"wp:featuredmedia":[{"embeddable":true,"href":"https:\/\/www.proyectoallen.com.ar\/3\/index.php?rest_route=\/wp\/v2\/media\/8103"}],"wp:attachment":[{"href":"https:\/\/www.proyectoallen.com.ar\/3\/index.php?rest_route=%2Fwp%2Fv2%2Fmedia&parent=8100"}],"wp:term":[{"taxonomy":"category","embeddable":true,"href":"https:\/\/www.proyectoallen.com.ar\/3\/index.php?rest_route=%2Fwp%2Fv2%2Fcategories&post=8100"},{"taxonomy":"post_tag","embeddable":true,"href":"https:\/\/www.proyectoallen.com.ar\/3\/index.php?rest_route=%2Fwp%2Fv2%2Ftags&post=8100"}],"curies":[{"name":"wp","href":"https:\/\/api.w.org\/{rel}","templated":true}]}}