{"id":822,"date":"2012-03-13T22:33:56","date_gmt":"2012-03-13T22:33:56","guid":{"rendered":"http:\/\/192.168.1.102\/?p=822"},"modified":"2016-08-18T19:04:27","modified_gmt":"2016-08-18T19:04:27","slug":"para-recordar-fotos","status":"publish","type":"post","link":"https:\/\/www.proyectoallen.com.ar\/3\/?p=822","title":{"rendered":"Yo me acuerdo que&#8230;"},"content":{"rendered":"<p style=\"text-align: justify;\"><em>Muchas de estas fotos carec\u00edan de datos. A travez del facebook logramos tener m\u00e1s informaci\u00f3n. Tu participaci\u00f3n es importante para recordar el momento inmortalizado en la im\u00e1gen y promover a contar alguna historia, an\u00e9cdota o recuerdo. Gracias por tu colaboraci\u00f3n!!!<\/em><!--more Seguir leyendo...--><\/p>\n<p>&nbsp;<\/p>\n<div id=\"attachment_8389\" style=\"width: 730px\" class=\"wp-caption aligncenter\"><a href=\"http:\/\/www.proyectoallen.com.ar\/3\/wp-content\/uploads\/2012\/03\/Ch-Boy\u00e9-Esther-F.-de-Gancedo-Mecha-MarinnozziSraSaporitti-Cuqui-Pomina-Pirucha-Duc\u00e1s-Silvia-Albisu-Ketty-Sra-de-Vidal-Sra-de-VichyPerla-Alonso-OLGA-LOMBARDI-DE-CAMPETELLA.jpg\"><img loading=\"lazy\" decoding=\"async\" aria-describedby=\"caption-attachment-8389\" class=\"wp-image-8389 size-full\" src=\"http:\/\/www.proyectoallen.com.ar\/3\/wp-content\/uploads\/2012\/03\/Ch-Boy\u00e9-Esther-F.-de-Gancedo-Mecha-MarinnozziSraSaporitti-Cuqui-Pomina-Pirucha-Duc\u00e1s-Silvia-Albisu-Ketty-Sra-de-Vidal-Sra-de-VichyPerla-Alonso-OLGA-LOMBARDI-DE-CAMPETELLA.jpg\" alt=\"Ch Boy\u00e9, Esther F. de Gancedo, Mecha Marinnozzi,SraSaporitti, Cuqui Pomina, Pirucha Duc\u00e1s, Silvia Albisu, Ketty, Sra de Vidal, Sra de Vichy,Perla Alonso, OLGA LOMBARDI DE CAMPETELLA,\" width=\"720\" height=\"493\" srcset=\"https:\/\/www.proyectoallen.com.ar\/3\/wp-content\/uploads\/2012\/03\/Ch-Boy\u00e9-Esther-F.-de-Gancedo-Mecha-MarinnozziSraSaporitti-Cuqui-Pomina-Pirucha-Duc\u00e1s-Silvia-Albisu-Ketty-Sra-de-Vidal-Sra-de-VichyPerla-Alonso-OLGA-LOMBARDI-DE-CAMPETELLA.jpg 720w, https:\/\/www.proyectoallen.com.ar\/3\/wp-content\/uploads\/2012\/03\/Ch-Boy\u00e9-Esther-F.-de-Gancedo-Mecha-MarinnozziSraSaporitti-Cuqui-Pomina-Pirucha-Duc\u00e1s-Silvia-Albisu-Ketty-Sra-de-Vidal-Sra-de-VichyPerla-Alonso-OLGA-LOMBARDI-DE-CAMPETELLA-300x205.jpg 300w, https:\/\/www.proyectoallen.com.ar\/3\/wp-content\/uploads\/2012\/03\/Ch-Boy\u00e9-Esther-F.-de-Gancedo-Mecha-MarinnozziSraSaporitti-Cuqui-Pomina-Pirucha-Duc\u00e1s-Silvia-Albisu-Ketty-Sra-de-Vidal-Sra-de-VichyPerla-Alonso-OLGA-LOMBARDI-DE-CAMPETELLA-250x171.jpg 250w\" sizes=\"auto, (max-width: 720px) 100vw, 720px\" \/><\/a><p id=\"caption-attachment-8389\" class=\"wp-caption-text\">Chiquita Boy\u00e9, Ester F. de Gancedo, Mecha Marinnozzi, Sra. Saporitti, Cuqui Pomina, Pirucha Duc\u00e1s, Silvia Albisu, Ketty Vega, Sra de Vidal, Sra de Vichy, Perla Alonso, Olga Lombardi de Campetella.<\/p><\/div>\n<p style=\"text-align: justify;\"><strong>Maria Monserrat Suarez Amieva<\/strong>: Escuela 23 !!! que linda &#8230; reconozco algunas de las se\u00f1os: Chiquita Boy\u00e9, Hilda Viera de Rodriguez, Laly Morales, Pipi Capizzano&#8230;<\/p>\n<p style=\"text-align: justify;\"><strong>Laly Morales<\/strong>: Qu\u00e9 hermosura esta foto !!! es una de las que no tengo.(P\u00e1rrafo aparte para mis pantalones \u00aboxford\u00bb verde agua)\u00a1Cu\u00e1ntos recuerdos compartidos!. Angela Sanchez: abajo de derecha a izquierda no es Maria Rosa de Campetella?.<\/p>\n<p style=\"text-align: justify;\"><strong>Daniel Zenker<\/strong>: Abajo tambien, la Se\u00f1ora de Sigliuso (Maestra de 7mo) y la Se\u00f1ora de Campetella (Mam\u00e1 de Marcelo). Arriba al medio Lila Alonso y en la parte superior a la izquierda la querida Mabel Lamela (6\u00b0 grado) la que est\u00e1 con el nene en los brazos (Mart\u00edn) es la Se\u00f1ora de Babaglio, la querida Gloria. Un beso para todas Ustedes. Me falt\u00f3 la Se\u00f1ora de Gancedo (parte superior al lado de Mabel Lamela) QUE MAESTRAS!.<\/p>\n<p style=\"text-align: justify;\"><strong>Laly Morales<\/strong>: Hilda Viera de Rodriguez, Mar\u00eda A Vi\u00f1ayo, Laly Morales, Teresita Herrera, Silvia Albizu, Teresita Ferreyra, Nilda Scigliuzzo, Olga R Campetella, Pipi Capizzano, Mumi Allende, Choli Diez, Mili Mora, Sara, Lila Alonso, Olga Rostoll, Isabel A de Bil\u00f3, Mercedes de Boy\u00e9, Cuqui Bizzotto, Norma Bracalente, Martha Fern\u00e1ndez, Esther F de Gancedo, Mabel Lamela, Gloria Babaglio (con Pelusa) Miriam Prospitti y&#8230;<\/p>\n<p style=\"text-align: justify;\"><strong>Flora Lamperti<\/strong>: siii,que \u00e8poca!! que maestras!!! aprend\u00ecamos si o s\u00ed. Un cari\u00f1o grande a todas&#8230;<\/p>\n<p style=\"text-align: justify;\"><strong>Mariela Morales<\/strong>: Pipi Capizano en la punta de pantalones beige al lado de la Sra. de Campetella&#8230;. arriba Choly Aenlle al lado pantal\u00f3n celeste Mumi&#8230;<\/p>\n<p style=\"text-align: justify;\"><strong>Daniel Zenker:<\/strong> \u00a1HAY QUE COLGAR EN LAS ESCUELAS DE ALLEN ESTA FOTO, PORQUE REALMENTE SI HAY PROCERES Y SANTAS, TODOS ESTAN AQUI JUNTAS.<\/p>\n<p style=\"text-align: justify;\"><strong>Daniel Zenker:<\/strong> Laly vos dec\u00eds que ese es Peluza?, para mi que es Mart\u00edn, el Pelu en esa \u00e9poca ya estaba crecidito me parece!!<\/p>\n<p style=\"text-align: justify;\"><strong>Agregamos:<\/strong> Las maestras estan frente al escenario que ya no existe pero donde se realizaban los actos y obras escolares durante muchos a\u00f1os.<\/p>\n<p style=\"text-align: justify;\">\n<p style=\"text-align: justify;\"><a href=\"http:\/\/www.proyectoallen.com.ar\/3\/wp-content\/uploads\/2012\/03\/293043_250486705043529_230052660420267_518472_576056742_n.jpg\"><img loading=\"lazy\" decoding=\"async\" class=\"aligncenter size-medium wp-image-1316\" title=\"Casamiento Svampa- Tolosa en La Cueva\" src=\"http:\/\/www.proyectoallen.com.ar\/3\/wp-content\/uploads\/2012\/03\/293043_250486705043529_230052660420267_518472_576056742_n-300x218.jpg\" alt=\"\" width=\"300\" height=\"218\" srcset=\"https:\/\/www.proyectoallen.com.ar\/3\/wp-content\/uploads\/2012\/03\/293043_250486705043529_230052660420267_518472_576056742_n-300x218.jpg 300w, https:\/\/www.proyectoallen.com.ar\/3\/wp-content\/uploads\/2012\/03\/293043_250486705043529_230052660420267_518472_576056742_n-250x181.jpg 250w, https:\/\/www.proyectoallen.com.ar\/3\/wp-content\/uploads\/2012\/03\/293043_250486705043529_230052660420267_518472_576056742_n.jpg 960w\" sizes=\"auto, (max-width: 300px) 100vw, 300px\" \/><\/a><\/p>\n<p style=\"text-align: justify;\"><strong>Angela Sanchez:<\/strong> el boliche donde esta sacada la foto se llamaba La Cueva y era de Valerio Svampa.<\/p>\n<p style=\"text-align: justify;\"><strong>Daniel Zenker:<\/strong> NOO \u00bf\u00a1\u00a1\u00a1 enfrente a casa, ayer nom\u00e1s&#8230; Punchi, ahi fue donde te pusimos \u00abpalangana e&#8217;pl\u00e1stico\u00bb por mas que te cuidara mam\u00e1 te rajabas igual no?.<\/p>\n<p style=\"text-align: justify;\"><strong>Mario Rouse Cabezon Rouse<\/strong>: como no acordarme de \u00abLa Cueva\u00bb, en el a\u00f1o 80 al lado estaba la confiteria \u00abMONKEY\u00bb los due\u00f1os eran unos hermanos santafecinos, uno era Pity. \u00a1QUE RECUERDO! cuando los milicos entraban hacer operativos \u00abcomunicado numero\u00bb !! dura epoca para nosotros !!.<\/p>\n<p style=\"text-align: justify;\"><strong>Maria Luz Rolle<\/strong>: Si, estan en La Cueva, que tiempos, como olvidarse!!!<\/p>\n<p style=\"text-align: justify;\"><strong>Agregamos<\/strong>: Es el casamiento de Valerio Svampa y Piky Tolosa.<\/p>\n<p style=\"text-align: justify;\">La Cueva, que se mantuvo abierta hasta los a\u00f1os \u201880, fue un emprendimiento de Valerio Svampa. El local estaba todo cubierto de yeso para simular una caverna. El arte fue de Ricero Marcialetti y la decoraci\u00f3n de Jorge Diazzi. El recordado cartel de hierro forjado con el nombre del lugar fue realizado por Hugo \u201cCoraje\u201d Mart\u00edn. Cuenta el Libro de la Escuela 222 que \u201creferente al sonido\u201d pose\u00eda \u201cplatos Lenco, de fabricaci\u00f3n suiza y dos aplicaciones Lenard de fabricaci\u00f3n nacional, 16 waffls (\u2026) ayudados ahora por dos columnas de fabricaci\u00f3n alemana\u201d. Adem\u00e1s, se indica que La Cueva ten\u00eda capacidad para 120 personas sentadas y una amplia pista giratoria \u2013tambi\u00e9n obra de \u201cCoraje\u201d Mart\u00edn- en el centro. Se encontraba en la calle Tom\u00e1s Orell, en el centro de la ciudad, donde por a\u00f1os funcion\u00f3 el conocido \u201cBar Central\u201d. Abri\u00f3 sus puertas en 1969 con una fiesta en la que cant\u00f3 Piero, amigo de la casa y padrino del lugar.<\/p>\n<p style=\"text-align: justify;\">Nos contaron que durante la dictadura, al hacer operativos, muchos se escond\u00edan en la casa de la familia Tolosa, que estaba detras del boliche. Incluso cuando eran muchos, iban entrando de a poco y llegaban hasta adentro del dormitorio donde dorm\u00eda la Sra. de Tolosa.\u00a0 Se quedaban pegados a la pared&#8230; en silencio&#8230; hasta que se iba la polic\u00eda y volv\u00edan al boliche nuevamente. Los operativos buscaban a los menores de edad.<\/p>\n<p style=\"text-align: justify;\"><a href=\"http:\/\/www.proyectoallen.com.ar\/3\/wp-content\/uploads\/2012\/03\/301886_250486265043573_230052660420267_518457_1670364858_n1.jpg\"><img loading=\"lazy\" decoding=\"async\" class=\"aligncenter size-medium wp-image-1326\" title=\"301886_250486265043573_230052660420267_518457_1670364858_n\" src=\"http:\/\/www.proyectoallen.com.ar\/3\/wp-content\/uploads\/2012\/03\/301886_250486265043573_230052660420267_518457_1670364858_n1-300x193.jpg\" alt=\"\" width=\"300\" height=\"193\" srcset=\"https:\/\/www.proyectoallen.com.ar\/3\/wp-content\/uploads\/2012\/03\/301886_250486265043573_230052660420267_518457_1670364858_n1-300x193.jpg 300w, https:\/\/www.proyectoallen.com.ar\/3\/wp-content\/uploads\/2012\/03\/301886_250486265043573_230052660420267_518457_1670364858_n1-250x161.jpg 250w, https:\/\/www.proyectoallen.com.ar\/3\/wp-content\/uploads\/2012\/03\/301886_250486265043573_230052660420267_518457_1670364858_n1.jpg 960w\" sizes=\"auto, (max-width: 300px) 100vw, 300px\" \/><\/a><\/p>\n<p style=\"text-align: justify;\"><strong>Mariela Morales:<\/strong> Cuantos a\u00f1os por favor!!!.<\/p>\n<p style=\"text-align: justify;\"><strong>Iris Alcazar<\/strong>: Selecci\u00f3n de basquet de R\u00edo Negro y Neuqu\u00e9n&#8230;<\/p>\n<p style=\"text-align: justify;\"><strong>Daniel Zenker<\/strong>: Un beso para ambas, recuerdos invorrables!.Si el Vasco Hernandez anda por ahi, un saludo,\u00a1\u00a1.<\/p>\n<p style=\"text-align: justify;\"><strong>Mariela Morales:<\/strong> Y fue nuestro primer viaje a Bs As en tren!!!!.<\/p>\n<p style=\"text-align: justify;\"><strong>Monica Anastasia Hamkalo<\/strong>: heyyy!!! que lindos recuerdos&#8230; me encanto, abrazos chicas, las quiero muchoo!!!!<\/p>\n<p>&nbsp;<\/p>\n<p><a href=\"http:\/\/www.proyectoallen.com.ar\/3\/wp-content\/uploads\/2012\/03\/categor\u00eda-71-72.jpg\"><img loading=\"lazy\" decoding=\"async\" class=\" wp-image-1308  \" title=\"Uni\u00f3n Categor\u00eda 71-72\" src=\"http:\/\/www.proyectoallen.com.ar\/3\/wp-content\/uploads\/2012\/03\/categor\u00eda-71-72-1024x478.jpg\" alt=\"\" width=\"430\" height=\"201\" srcset=\"https:\/\/www.proyectoallen.com.ar\/3\/wp-content\/uploads\/2012\/03\/categor\u00eda-71-72-1024x478.jpg 1024w, https:\/\/www.proyectoallen.com.ar\/3\/wp-content\/uploads\/2012\/03\/categor\u00eda-71-72-300x140.jpg 300w, https:\/\/www.proyectoallen.com.ar\/3\/wp-content\/uploads\/2012\/03\/categor\u00eda-71-72-250x116.jpg 250w\" sizes=\"auto, (max-width: 430px) 100vw, 430px\" \/><\/a><\/p>\n<p style=\"text-align: justify;\"><strong>Rogelio Fasano<\/strong> dijo que all\u00ed se ven: Ruben Pierretti, \u00abLoco\u00bb Obermeier, Fernando \u00abchueco\u00bb Espinazo, \u00abPetaco\u00bb Godoy, \u00abChamaco\u00bb Correa, \u00abCabezon\u00bb Scagliotti, \u00abLali\u00bb Engraf, Gustavo Carbonell, Fernando \u00abEnano\u00bb Isaguirre, Claudio \u00abOrejon\u00bb Rua &#8230; parte de la gloriosa 71.<\/p>\n<p style=\"text-align: justify;\">Para <strong>Jorge Omar Godoy<\/strong>: es la 6\u00b0 div. y estan Luis Candia,\u00bbloco\u00bb Moyano,Henry Alvarez,Jorge vasquez,Jose San Martin, \u00abLaguitos\u00bb y \u00e9l, Jorge Godoy.<\/p>\n<p style=\"text-align: justify;\">Otros que comentaron: <strong>Ruben Pieretti, Gabriel Calatayud, Gustavo Carbonell, Carlos Rodriguez y Alejandra Contrera<\/strong>s que nos dijo que tal vez, el primero, a la derecha, es Nels\u00f3n Rodriguez. Agregamos que es Uni\u00f3n Alem Progresista categoria 71\/72.<\/p>\n<p>\u00a0<a href=\"http:\/\/www.proyectoallen.com.ar\/3\/wp-content\/uploads\/2012\/03\/418526_243128262446040_230052660420267_500733_1353061992_n.jpg\"><img loading=\"lazy\" decoding=\"async\" class=\"aligncenter size-medium wp-image-1310\" title=\"Uni\u00f3n\" src=\"http:\/\/www.proyectoallen.com.ar\/3\/wp-content\/uploads\/2012\/03\/418526_243128262446040_230052660420267_500733_1353061992_n-300x184.jpg\" alt=\"\" width=\"300\" height=\"184\" srcset=\"https:\/\/www.proyectoallen.com.ar\/3\/wp-content\/uploads\/2012\/03\/418526_243128262446040_230052660420267_500733_1353061992_n-300x184.jpg 300w, https:\/\/www.proyectoallen.com.ar\/3\/wp-content\/uploads\/2012\/03\/418526_243128262446040_230052660420267_500733_1353061992_n-250x153.jpg 250w, https:\/\/www.proyectoallen.com.ar\/3\/wp-content\/uploads\/2012\/03\/418526_243128262446040_230052660420267_500733_1353061992_n.jpg 960w\" sizes=\"auto, (max-width: 300px) 100vw, 300px\" \/><\/a><\/p>\n<p style=\"text-align: justify;\"><strong>Liliana In\u00e9s<\/strong> dice que est\u00e1 su pap\u00e1: Antonio Miguel Reynes, el septimo de izquierda (derecha arriba).<\/p>\n<p style=\"text-align: justify;\"><strong>Olga Camarero:<\/strong> \u00abEl primero,parado a la derecha Mi primo Jorge Scagiotti\u00bbGladys Delmi Nomi: \u00abMi padrino Rene Zabaleta\u00bb.<\/p>\n<p style=\"text-align: justify;\"><a href=\"http:\/\/www.proyectoallen.com.ar\/3\/wp-content\/uploads\/2012\/03\/419404_243128592446007_805811527_n1.jpg\"><img loading=\"lazy\" decoding=\"async\" class=\"aligncenter size-medium wp-image-1327\" title=\"419404_243128592446007_805811527_n\" src=\"http:\/\/www.proyectoallen.com.ar\/3\/wp-content\/uploads\/2012\/03\/419404_243128592446007_805811527_n1-300x225.jpg\" alt=\"\" width=\"300\" height=\"225\" srcset=\"https:\/\/www.proyectoallen.com.ar\/3\/wp-content\/uploads\/2012\/03\/419404_243128592446007_805811527_n1-300x225.jpg 300w, https:\/\/www.proyectoallen.com.ar\/3\/wp-content\/uploads\/2012\/03\/419404_243128592446007_805811527_n1-250x187.jpg 250w, https:\/\/www.proyectoallen.com.ar\/3\/wp-content\/uploads\/2012\/03\/419404_243128592446007_805811527_n1.jpg 960w\" sizes=\"auto, (max-width: 300px) 100vw, 300px\" \/><\/a><\/p>\n<p style=\"text-align: justify;\"><strong>Ver\u00f3nica Pallaoro Bayona:<\/strong> LOS MAGUITOS &#8211; JULIO 1972- Esperando el micro para ir al aeropuerto de Neuqu\u00e9n para viajar a Capital Federal. FOTO EN LA SEDE C.U.A.P. (ACTUAL BANCO NACI\u00d3N ARGENTINA).<\/p>\n<p style=\"text-align: justify;\"><strong>Marcelo Campetella<\/strong>: veo a \u00abPelusa\u00bb Babaglio al lado de Carlos&#8230; a Armando Gentili detr\u00e1s&#8230; y a Primo Campetella parado del lado izquierdo&#8230;.no???? y en el fondo&#8230;..el cartel de FOTO LUIS!!!!<\/p>\n<p style=\"text-align: justify;\"><strong>Carlos Gabriel Rodr\u00edguez<\/strong>: Lisandro A. Avalis (Delegado), Eduardo Babaglio, Ricardo Carril, M. Kochereschuk, Rogelio Jara, Adri\u00e1n Eduardo Bizzotto, Juan Carlos Babarro, Calvo, Flavio Svampa, Pedro R. Tenca, Hugo A. B\u00e1quer, Miguel \u00c1ngel Klein, Armando Gentili, Daniel O. Von Sprecher, Aldo Elio Babaglio (Presidente), Carlos G. Rodr\u00edguez (Director T\u00e9cnico) Luis M\u00e9ndez, Daniel Mart\u00ednez, Aladino Zu\u00f1iga (Utilero). La delegaci\u00f3n de Los Maguitos \u00abCampeones de la Provincia de R\u00edo Negro del F\u00fatbol Infantil 1972\u00bb en la Casa de R\u00edo Negro &#8211; Capital Federal.<\/p>\n<p><a href=\"http:\/\/www.proyectoallen.com.ar\/3\/wp-content\/uploads\/2012\/03\/421602_248622681896598_230052660420267_513194_1873574107_n.jpg\"><img loading=\"lazy\" decoding=\"async\" class=\"aligncenter size-medium wp-image-1312\" title=\"Pappo en Allen\" src=\"http:\/\/www.proyectoallen.com.ar\/3\/wp-content\/uploads\/2012\/03\/421602_248622681896598_230052660420267_513194_1873574107_n-300x197.jpg\" alt=\"\" width=\"300\" height=\"197\" srcset=\"https:\/\/www.proyectoallen.com.ar\/3\/wp-content\/uploads\/2012\/03\/421602_248622681896598_230052660420267_513194_1873574107_n-300x197.jpg 300w, https:\/\/www.proyectoallen.com.ar\/3\/wp-content\/uploads\/2012\/03\/421602_248622681896598_230052660420267_513194_1873574107_n-250x164.jpg 250w, https:\/\/www.proyectoallen.com.ar\/3\/wp-content\/uploads\/2012\/03\/421602_248622681896598_230052660420267_513194_1873574107_n.jpg 960w\" sizes=\"auto, (max-width: 300px) 100vw, 300px\" \/><\/a><\/p>\n<p><strong>Alejandra Contreras:<\/strong> al lado de un personaje,Huguito Contreras.<\/p>\n<p><strong>Julio Ces\u00e1r Garrido<\/strong>: La noche que tocamos de teloneros del Carpo. Jamas nos dirigio la palabra &#8230; jajaja que mas podia esperar no?.<\/p>\n<p><strong>Agregamos:<\/strong> En la foto se ven adem\u00e1s Mariano Iglesias y Pablo Zu\u00f1iga.<\/p>\n<p>&nbsp;<\/p>\n<p style=\"text-align: justify;\"><a href=\"http:\/\/www.proyectoallen.com.ar\/3\/wp-content\/uploads\/2012\/03\/429676_248622728563260_230052660420267_513195_36426757_n.jpg\"><img loading=\"lazy\" decoding=\"async\" class=\"aligncenter size-medium wp-image-1313\" title=\"Blussers\" src=\"http:\/\/www.proyectoallen.com.ar\/3\/wp-content\/uploads\/2012\/03\/429676_248622728563260_230052660420267_513195_36426757_n-300x200.jpg\" alt=\"\" width=\"300\" height=\"200\" srcset=\"https:\/\/www.proyectoallen.com.ar\/3\/wp-content\/uploads\/2012\/03\/429676_248622728563260_230052660420267_513195_36426757_n-300x200.jpg 300w, https:\/\/www.proyectoallen.com.ar\/3\/wp-content\/uploads\/2012\/03\/429676_248622728563260_230052660420267_513195_36426757_n-250x167.jpg 250w, https:\/\/www.proyectoallen.com.ar\/3\/wp-content\/uploads\/2012\/03\/429676_248622728563260_230052660420267_513195_36426757_n.jpg 960w\" sizes=\"auto, (max-width: 300px) 100vw, 300px\" \/><\/a><\/p>\n<p style=\"text-align: justify;\"><strong>Emilio Sagredo:<\/strong> eso era Entretiempo.<\/p>\n<p style=\"text-align: justify;\"><strong>Doris Saa<\/strong>: Primer formaci\u00f3n de Blusser&#8217;s Ariel Pasquini en bater\u00eda, Julio Garrido en bajo y Pablo Zu\u00f1iga en Guitarra. Jos\u00e9 Luis Os\u00e9s. Hermosa foto, Lindos recuerdos, les mando un abrazo gigante a los tres !!!!!!!<\/p>\n<p style=\"text-align: justify;\"><strong>Julio Ces\u00e1r Garrido:<\/strong> Esa noche fue la primera vez que tocamos en Entretiempo gracias a la predisposici\u00f3n de nuestro amigo Romano Svampa. De Barrio Hospital a la esquina mas \u00abcentrica de Allen\u00bb fue toda un experiencia. Gracias Romano, siempre vivo en mis recuerdos.<\/p>\n<p style=\"text-align: center;\"><a href=\"http:\/\/www.proyectoallen.com.ar\/3\/wp-content\/uploads\/2012\/03\/419505_248623145229885_1808114396_n.jpg\"><img loading=\"lazy\" decoding=\"async\" class=\"wp-image-1314 aligncenter\" title=\"BRN soporte de Ataque 77\" src=\"http:\/\/www.proyectoallen.com.ar\/3\/wp-content\/uploads\/2012\/03\/419505_248623145229885_1808114396_n.jpg\" alt=\"\" width=\"242\" height=\"172\" srcset=\"https:\/\/www.proyectoallen.com.ar\/3\/wp-content\/uploads\/2012\/03\/419505_248623145229885_1808114396_n.jpg 960w, https:\/\/www.proyectoallen.com.ar\/3\/wp-content\/uploads\/2012\/03\/419505_248623145229885_1808114396_n-300x214.jpg 300w, https:\/\/www.proyectoallen.com.ar\/3\/wp-content\/uploads\/2012\/03\/419505_248623145229885_1808114396_n-250x178.jpg 250w\" sizes=\"auto, (max-width: 242px) 100vw, 242px\" \/><\/a><\/p>\n<p style=\"text-align: justify;\"><strong>Marcelo Ara\u00f1o<\/strong>: A\u00d1O 2000 POR AHI FUE. GRAN RECITAL. GRACIAS POR EL APORTE.<\/p>\n<p style=\"text-align: justify;\"><strong>Fernando Nicolas Leon:<\/strong> LO QUE SONO ESE DIA!!<\/p>\n<p style=\"text-align: justify;\"><strong>Marcelo Ara\u00f1o<\/strong>: si Fernandito sono terrible ya van a volver esos dias dentro de poco. Si Fernandito sono terrible ya van a volver esos dias dentro de poco.<\/p>\n<p style=\"text-align: justify;\"><strong>Agregamos:<\/strong> La foto muestra a Baron de R\u00edo Negro, la banda que fue soporte de Ataque 77 cuando toco en Allen en el Bomberos Voluntarios.<\/p>\n<p style=\"text-align: center;\">\u00a0 <em><br \/>\n<\/em><\/p>\n<p style=\"text-align: center;\"><a href=\"http:\/\/www.proyectoallen.com.ar\/3\/wp-content\/uploads\/2012\/03\/393078_250486975043502_230052660420267_518480_1418127449_n.jpg\"><img loading=\"lazy\" decoding=\"async\" class=\"aligncenter size-medium wp-image-1329\" title=\"393078_250486975043502_230052660420267_518480_1418127449_n\" src=\"http:\/\/www.proyectoallen.com.ar\/3\/wp-content\/uploads\/2012\/03\/393078_250486975043502_230052660420267_518480_1418127449_n-300x191.jpg\" alt=\"\" width=\"300\" height=\"191\" srcset=\"https:\/\/www.proyectoallen.com.ar\/3\/wp-content\/uploads\/2012\/03\/393078_250486975043502_230052660420267_518480_1418127449_n-300x191.jpg 300w, https:\/\/www.proyectoallen.com.ar\/3\/wp-content\/uploads\/2012\/03\/393078_250486975043502_230052660420267_518480_1418127449_n-250x159.jpg 250w, https:\/\/www.proyectoallen.com.ar\/3\/wp-content\/uploads\/2012\/03\/393078_250486975043502_230052660420267_518480_1418127449_n.jpg 960w\" sizes=\"auto, (max-width: 300px) 100vw, 300px\" \/><\/a><\/p>\n<p style=\"text-align: justify;\"><strong>Liliana Ines:<\/strong> a ver&#8230;Viviana Suarez&#8230;Patricia Fernandez&#8230;.Nito Vega&#8230;Eduardo Chavarria&#8230;Javier Borocci&#8230;Pelusa Toscana&#8230;<br \/>\n<strong>Angela Sanchez:<\/strong> que recuerdos cuantos amigos perdidos en el tiempo.<br \/>\n<strong>Daniel Zenker<\/strong>: FELICITACIONES PROYECTO ALLEN POR TODO ESTO. Esta es la Promoci\u00f3n 1977 o 1978, si no me equivoco de Mariano Moreno!.<br \/>\n<strong>Laly Morales:<\/strong> Algunos de los que est\u00e1n en esta foto fueron alumnos mios en 3\u00b0 Grado (Doris Isidori-Viviana Suarez-Juan Bianchet-Maristella Svampa-Polo Bizzotto-Alfredo Toscana-etc).<br \/>\n<strong>Melina Campos:<\/strong> \u200eEduardo Dario Chavarria, tu pap\u00e1 a la derecha de la foto.<\/p>\n<p style=\"text-align: justify;\"><strong>Agregamos<\/strong>: Eduardo \u00abPolo o Chivo\u00bb Bizzotto, Roberto \u00abPiri\u00bb Gonzalez y hermana, Avalis&#8230;<\/p>\n<p style=\"text-align: justify;\"><a href=\"http:\/\/www.proyectoallen.com.ar\/3\/wp-content\/uploads\/2012\/03\/486632_250487011710165_230052660420267_518481_1592617880_n.jpg\"><img loading=\"lazy\" decoding=\"async\" class=\"aligncenter size-medium wp-image-1330\" title=\"486632_250487011710165_230052660420267_518481_1592617880_n\" src=\"http:\/\/www.proyectoallen.com.ar\/3\/wp-content\/uploads\/2012\/03\/486632_250487011710165_230052660420267_518481_1592617880_n-300x211.jpg\" alt=\"\" width=\"300\" height=\"211\" srcset=\"https:\/\/www.proyectoallen.com.ar\/3\/wp-content\/uploads\/2012\/03\/486632_250487011710165_230052660420267_518481_1592617880_n-300x211.jpg 300w, https:\/\/www.proyectoallen.com.ar\/3\/wp-content\/uploads\/2012\/03\/486632_250487011710165_230052660420267_518481_1592617880_n-250x176.jpg 250w, https:\/\/www.proyectoallen.com.ar\/3\/wp-content\/uploads\/2012\/03\/486632_250487011710165_230052660420267_518481_1592617880_n.jpg 960w\" sizes=\"auto, (max-width: 300px) 100vw, 300px\" \/><\/a><\/p>\n<p style=\"text-align: justify;\"><strong>Alejandra Contreras<\/strong>: es Angelita Cisterna, enfermera que trabajaba con el Dr.Eildistein no?<br \/>\n<strong>Angela Sanchez:<\/strong> Angelita, el doctor Eildestein que lindo recuerdos.<br \/>\n<strong>Nancy Amoruso:<\/strong> Qu\u00e9 hermosa foto!!! Y Tito Langa&#8230;cu\u00e1ntas fotos nos sac\u00f3 cuando \u00e9ramos chiquitas&#8230; mi mam\u00e1 siempre me cuenta las an\u00e9cdota que yo lloraba como loca porque no quer\u00eda sacarme fotos y la paciencia de Tito&#8230; Qu\u00e9 hermoso pasado!.<br \/>\n<strong>Agregamos:<\/strong> Angelita Cisterna con Luis Langa en los brazos reci\u00e9n nacido, la foto? de pap\u00e1, Tito Langa.<\/p>\n<p style=\"text-align: justify;\"><a href=\"http:\/\/www.proyectoallen.com.ar\/3\/wp-content\/uploads\/2012\/03\/389219_250487071710159_230052660420267_518483_493912004_n.jpg\"><img loading=\"lazy\" decoding=\"async\" class=\"aligncenter size-medium wp-image-1331\" title=\"389219_250487071710159_230052660420267_518483_493912004_n\" src=\"http:\/\/www.proyectoallen.com.ar\/3\/wp-content\/uploads\/2012\/03\/389219_250487071710159_230052660420267_518483_493912004_n-300x215.jpg\" alt=\"\" width=\"300\" height=\"215\" srcset=\"https:\/\/www.proyectoallen.com.ar\/3\/wp-content\/uploads\/2012\/03\/389219_250487071710159_230052660420267_518483_493912004_n-300x215.jpg 300w, https:\/\/www.proyectoallen.com.ar\/3\/wp-content\/uploads\/2012\/03\/389219_250487071710159_230052660420267_518483_493912004_n-250x179.jpg 250w, https:\/\/www.proyectoallen.com.ar\/3\/wp-content\/uploads\/2012\/03\/389219_250487071710159_230052660420267_518483_493912004_n.jpg 960w\" sizes=\"auto, (max-width: 300px) 100vw, 300px\" \/><\/a><\/p>\n<p style=\"text-align: justify;\"><strong>Liliana Ines:<\/strong> Mariela Tarifa, Mariela Morales&#8230;Laura Carril&#8230;<br \/>\n<strong>Laly Morales:<\/strong> Las chicas de basquet del Club Uni\u00f3n Janet Correa-Mariela Tarifa-Mary Imaz-Vivi Hankalo-Ana Rosa Lamela-&#8230; Anokaro-Silvana Svampa-M\u00f3nica Hankalo-Mariela Morales-Iris Alc\u00e1zar-Laura Carril-Carla Svampa y Daniel (vasco) Hern\u00e1ndez( entrenador).<br \/>\n<strong>Stella Maris Imas:<\/strong> al fondo de la jugadora 9 estoy yo!!! se me ven los ojos y el flequillo \ud83d\ude42<br \/>\n<strong>Maria Fernanda Gonzalez<\/strong>: guau!! qu\u00e9 buena!!!<br \/>\n<strong>Rut Cenzual<\/strong>: gracias Mary por orientarme.No te encontraba&#8230; Re linda foto.<\/p>\n<p style=\"text-align: justify;\"><a href=\"http:\/\/www.proyectoallen.com.ar\/3\/wp-content\/uploads\/2012\/03\/399007_250487208376812_230052660420267_518488_562946292_n.jpg\"><img loading=\"lazy\" decoding=\"async\" class=\"aligncenter size-medium wp-image-1333\" title=\"399007_250487208376812_230052660420267_518488_562946292_n\" src=\"http:\/\/www.proyectoallen.com.ar\/3\/wp-content\/uploads\/2012\/03\/399007_250487208376812_230052660420267_518488_562946292_n-300x255.jpg\" alt=\"\" width=\"300\" height=\"255\" srcset=\"https:\/\/www.proyectoallen.com.ar\/3\/wp-content\/uploads\/2012\/03\/399007_250487208376812_230052660420267_518488_562946292_n-300x255.jpg 300w, https:\/\/www.proyectoallen.com.ar\/3\/wp-content\/uploads\/2012\/03\/399007_250487208376812_230052660420267_518488_562946292_n-250x212.jpg 250w, https:\/\/www.proyectoallen.com.ar\/3\/wp-content\/uploads\/2012\/03\/399007_250487208376812_230052660420267_518488_562946292_n.jpg 902w\" sizes=\"auto, (max-width: 300px) 100vw, 300px\" \/><\/a><\/p>\n<p style=\"text-align: justify;\"><strong>Daniel Zenker<\/strong>: Ah, bueno, bueno, esto se llama \u00abDeportes en el recurerddoooooo\u00bb, quieren la formaci\u00f3n de este equipo?: Paradas (muchas): PANE, SALUSOGLIA UMMMM???, RIVERA, ABAJO: ALCAZAR, GARCIA, ROLLE Y CANALE, Mascota (no el perrito) Silvina PANE. Historias para recordar. Allen de los 70 inolvidable!! me avisan que no puedo sacarla entre RIVERA y SALUSOGLIA. Al album de los recuerdos Ya!!!<br \/>\n<strong>Monica Yanet Colodner:<\/strong> ES MIRTA IMAS HERMANA DE MARY CANALE MAS CONOCIDA POR CHIQUITA IMAS<br \/>\n<strong>Daniel Zenker:<\/strong> ten\u00e9s raz\u00f3n M\u00f3nica, un beso para vos.<br \/>\n<strong>Cecilia Alonso<\/strong>: diosassssssssssssssssssssss !!<br \/>\n<strong>Maria Luz Rolle:<\/strong> tara tara tara tara, deportes en el recuerdo, ja ja este Daniel, en esas \u00e9pocas, se jugaba por el deporte,los mejores recuerdos, besos.<br \/>\n<strong>Monica Ramos Domina:<\/strong> Que lindo chicas!!! con ellas jugue en el querido Club Union. Cu\u00e1ntos recuerdos<br \/>\n<strong>Daniel Zenker:<\/strong> Epa Epa Epa\u00a1 empezamos a mostrar las \u00abchapas de campeonas\u00bb \u00a1que grande! esto es ayer, simplemente fu\u00e9 AYER NOMAS NO????? MAS FOTOOOOOSSSS?????<br \/>\n<strong>Sofia Celeste Lewicki:<\/strong> Que linda!! Falta la madrina en esta foto!!<br \/>\n<strong>Maria Del Carmen Rolle:<\/strong> Mi hija habla de Mar\u00eda Cristina Pepe la Nro.7&#8230;estaba con paperas..jajaa! Todos tranqui, ya esta bien&#8230; Como anecdota si quieren pueden agregarla! Besitos<br \/>\n<strong>Sofia Celeste Lewicki:<\/strong> Che y quien es la segunda de derecha a izquierda que esta abajo&#8230;?? mas que para un equipo de basquet, esta para miss universo!<br \/>\n<strong>Maria Del Carmen Rolle:<\/strong> Para hacerte callar solo puedo decirte algo: \u00abDE TAL PALO, TAL ASTILLA\u00bb Sofia Celeste Lewicki<br \/>\n<strong>Sofia Celeste Lewicki<\/strong>: jajaj Cual es el palo y cual es la astilla?? jaja (chiste, chiste) jaja.<br \/>\n<strong>Daniel Zenker<\/strong>: MOROCHA ARGENTINA un beso enorme!!<\/p>\n<p style=\"text-align: justify;\"><a href=\"http:\/\/www.proyectoallen.com.ar\/3\/wp-content\/uploads\/2012\/03\/405131_250488115043388_230052660420267_518517_1791023413_n.jpg\"><img loading=\"lazy\" decoding=\"async\" class=\"aligncenter size-medium wp-image-1336\" title=\"Basquet Infantil\" src=\"http:\/\/www.proyectoallen.com.ar\/3\/wp-content\/uploads\/2012\/03\/405131_250488115043388_230052660420267_518517_1791023413_n-300x193.jpg\" alt=\"\" width=\"300\" height=\"193\" srcset=\"https:\/\/www.proyectoallen.com.ar\/3\/wp-content\/uploads\/2012\/03\/405131_250488115043388_230052660420267_518517_1791023413_n-300x193.jpg 300w, https:\/\/www.proyectoallen.com.ar\/3\/wp-content\/uploads\/2012\/03\/405131_250488115043388_230052660420267_518517_1791023413_n-250x161.jpg 250w, https:\/\/www.proyectoallen.com.ar\/3\/wp-content\/uploads\/2012\/03\/405131_250488115043388_230052660420267_518517_1791023413_n.jpg 960w\" sizes=\"auto, (max-width: 300px) 100vw, 300px\" \/><\/a><\/p>\n<p style=\"text-align: justify;\"><strong>Laly Morales:<\/strong> Las chicas deportistas con \u00bb la profe Lol\u00f3 \u00ab..<br \/>\n<strong>Viviana Reynes:<\/strong> Me gustar\u00eda saber de que a\u00f1o es la foto.<br \/>\n21 de marzo a la(s) 8:21 \u00b7 Me gusta<br \/>\n<strong>Daniel Zenker:<\/strong> Amigas de la infacia y adolesencia, Saludos cordiales a todas. \u00a1que mu\u00f1ecas! no?<br \/>\n<strong>Mariela Morales:<\/strong> el apellido de Lolo me parece que era algo asi como Desantigne&#8230; entre Miriam Laponi y Susana Lanfre: Silvia Ballejo. Al lado de Norma Mora: creo q se llama Elda Rojas &#8230; algo me acuerdo aun!!!<br \/>\n<strong>Silvia Ballejo<\/strong>: yo me acuerdo del nombre de lolo \u00abLAURENCE MIRLE\u00bb o algo asi!! cuanta nostalgia..<br \/>\n<strong>Yoop Gr:<\/strong> oohhh Silvi!!! mira vos deportista esha!!!! besoss<br \/>\n<strong>Gimnasio Vital:<\/strong> Increible&#8230;! Es Juan&#8230;(por roxana) Clon de su mama&#8230;!<br \/>\n<strong>Hilda Adriana Rodr\u00edguez:<\/strong> y entre Griselda y Elda puede ser Marisa Colombano?. QU\u00c9 CHIQUITA EST\u00c1S Iris Alcazar.<\/p>\n<p style=\"text-align: justify;\"><strong>Ver\u00f3nica Pallaoro Bayona:<\/strong> LOLO!!! EXCELENTE PROFESIONAL!!!! NOS RECIBI\u00d3 EN PARIS EN EL A\u00d1O 1978!!!!!<br \/>\n<strong>Sergio Ariel Salusoglia:<\/strong> \u00abEl apellido de Lolo es: Laurence Merle D&#8217; Isle\u00bb<br \/>\n<strong>Agregamos:<\/strong> La foto es de los a\u00f1os 70. Tal vez 75, un a\u00f1o hacia abajo (74) o hacia arriba (76). Algunas ni\u00f1as son: Sandra Buscazzo, Miryam Laponi, Susana Lamfre; Lolo; Griselda Vidal; Norma Mora; abajo: Silvia Lencinas; Mariela Morales, Iris Alcazar; Laura Carril; Gladiz Roberts; Roxana Galimberti y G. Vega.<\/p>\n<p style=\"text-align: justify;\"><a href=\"http:\/\/www.proyectoallen.com.ar\/3\/wp-content\/uploads\/2012\/03\/527244_254594231299443_230052660420267_528440_1982572074_n.jpg\"><img loading=\"lazy\" decoding=\"async\" class=\"aligncenter size-medium wp-image-1339\" title=\"Cine San Mart\u00edn a\u00f1os 80\" src=\"http:\/\/www.proyectoallen.com.ar\/3\/wp-content\/uploads\/2012\/03\/527244_254594231299443_230052660420267_528440_1982572074_n-300x207.jpg\" alt=\"\" width=\"300\" height=\"207\" srcset=\"https:\/\/www.proyectoallen.com.ar\/3\/wp-content\/uploads\/2012\/03\/527244_254594231299443_230052660420267_528440_1982572074_n-300x207.jpg 300w, https:\/\/www.proyectoallen.com.ar\/3\/wp-content\/uploads\/2012\/03\/527244_254594231299443_230052660420267_528440_1982572074_n-250x172.jpg 250w, https:\/\/www.proyectoallen.com.ar\/3\/wp-content\/uploads\/2012\/03\/527244_254594231299443_230052660420267_528440_1982572074_n.jpg 960w\" sizes=\"auto, (max-width: 300px) 100vw, 300px\" \/><\/a><\/p>\n<p style=\"text-align: justify;\"><strong>Cho Rod:<\/strong> Escrachados.com<br \/>\n<strong>Patricia Espinel:<\/strong> Que joven t\u00eda!!! te reconoc\u00ed enseguida! estas igual!!.<br \/>\n<strong>Kan Lup<\/strong>: buahhh que recuerdos con el Cine San Martin&#8230; Ronda domingo a las 16, Don Orell y su diabolo de madera para calmar la espera en la cola de la entrada. 15 minutos de intervalo&#8230; 2 peliculas al precio de una&#8230; (muchas veces la primera era mejor que la segunda) Do\u00f1a Cafarel armando la aficheria \u00abcasera\u00bb para pegar en los blindex&#8230; el pullman (lugar para unos pocos) y nada de pochoclos. Caramelos galletitas y botellas rodando por los pasillos hasta la pantalla. Y Don Garcia con su buena onda para el cine.<br \/>\n<strong>Rodolfo Leonardo Duc\u00e1s:<\/strong> Ya laburaba el flaco Vera??<br \/>\n<strong>Claudia Alejandra Guillermo:<\/strong> ESTA MARTA GIL&#8230;<br \/>\n<strong>Ana Maria Albarracin Pascual:<\/strong> en que a\u00f1o fue? veo gente muy joven no es el San Martin?<br \/>\n<strong>Alejandra Burgos:<\/strong> ese es el cine SAN MARTIN<\/p>\n<p style=\"text-align: justify;\"><a href=\"http:\/\/www.proyectoallen.com.ar\/3\/wp-content\/uploads\/2012\/03\/423300_254594444632755_230052660420267_528445_828392960_n.jpg\"><img loading=\"lazy\" decoding=\"async\" class=\"aligncenter size-medium wp-image-1340\" title=\"Club Leo Flash-Foto M. Mart\u00edn\" src=\"http:\/\/www.proyectoallen.com.ar\/3\/wp-content\/uploads\/2012\/03\/423300_254594444632755_230052660420267_528445_828392960_n-300x258.jpg\" alt=\"\" width=\"300\" height=\"258\" srcset=\"https:\/\/www.proyectoallen.com.ar\/3\/wp-content\/uploads\/2012\/03\/423300_254594444632755_230052660420267_528445_828392960_n-300x258.jpg 300w, https:\/\/www.proyectoallen.com.ar\/3\/wp-content\/uploads\/2012\/03\/423300_254594444632755_230052660420267_528445_828392960_n-250x215.jpg 250w, https:\/\/www.proyectoallen.com.ar\/3\/wp-content\/uploads\/2012\/03\/423300_254594444632755_230052660420267_528445_828392960_n.jpg 740w\" sizes=\"auto, (max-width: 300px) 100vw, 300px\" \/><\/a><\/p>\n<p style=\"text-align: justify;\"><strong>Liliana Reynes:<\/strong> Hugo Fidler, Pablo Espinazo, Gustavo Carbonel, Liliana Montoya, Laura Pe\u00f1aloza, Orell&#8230; y no me acuerdo mas&#8230;<br \/>\n<strong>Julia Vazquez:<\/strong> Cecilia Parente, MELANIA DEL PINO, PAOLA SPADARI, Soledad BARAVALLE, MARIELA SCAGLIOTTI, M. VICTORIA MARTIN, MILTON RUIZ<br \/>\n<strong>Doris Saa:<\/strong> \u200eMaria Cecilia Parente.<br \/>\n<strong>Patricia Benedicti:<\/strong> silvia Montoya, Andrea Orell,Leonadro Fern\u00e1ndez.<br \/>\n<strong>Wala Aventuras:<\/strong> Queeee, fotonn, por favor, que lindos tiempos.<br \/>\n<strong>Patricia Benedicti<\/strong>: el que esta al lado de Milton no es Carlitos Martinolich juniors?.<br \/>\n<strong>Wala Aventuras:<\/strong> exacto Pato, Milton, Carlitos Martinolich, Lupin, Chueco, Flaquini, el veteranito Fidler, Melania, Andrea Orell, Panky, Mariela, Paola Spdari, Maia, Sole Baraballe, Laura Penaloza, Silvia, Cecilia Parente, un grupete de aquellos, linda foto. Y si no me equivoco, ese pibe lindo que esta allado de fidler, soy yo, pero no estoy seguro.<br \/>\n<strong>Rodolfo Leonardo Duc\u00e1s:<\/strong> El que esta atras de Fidler es Choch\u00f3 o est\u00e1 escondida Delmy (est\u00e1 igual)<br \/>\n<strong>Maria Cecilia Parente:<\/strong> si mal no recuerdo, club Leo Flash pintando la escuela n\u00ba 153&#8230;<br \/>\n<strong>Claudia Martin<\/strong>: Carlitos Martinoloch &#8211; Guille Bonfanti no es el de remera Celeste???? Tambien Fernando Espinazo<br \/>\n<strong>Maria Cecilia Parente<\/strong>: No, el de remera Celeste es Lupin, y creo que faltan nombrar Carla Bofanti y Sandra Parente.<\/p>\n<p style=\"text-align: justify;\"><a href=\"http:\/\/www.proyectoallen.com.ar\/3\/wp-content\/uploads\/2012\/03\/543027_254594714632728_230052660420267_528452_2086775170_n.jpg\"><img loading=\"lazy\" decoding=\"async\" class=\"aligncenter size-medium wp-image-1341\" title=\"Daniel Fatiga Von Sprecher\" src=\"http:\/\/www.proyectoallen.com.ar\/3\/wp-content\/uploads\/2012\/03\/543027_254594714632728_230052660420267_528452_2086775170_n-300x220.jpg\" alt=\"\" width=\"300\" height=\"220\" srcset=\"https:\/\/www.proyectoallen.com.ar\/3\/wp-content\/uploads\/2012\/03\/543027_254594714632728_230052660420267_528452_2086775170_n-300x220.jpg 300w, https:\/\/www.proyectoallen.com.ar\/3\/wp-content\/uploads\/2012\/03\/543027_254594714632728_230052660420267_528452_2086775170_n-250x183.jpg 250w, https:\/\/www.proyectoallen.com.ar\/3\/wp-content\/uploads\/2012\/03\/543027_254594714632728_230052660420267_528452_2086775170_n.jpg 960w\" sizes=\"auto, (max-width: 300px) 100vw, 300px\" \/><\/a><\/p>\n<p style=\"text-align: justify;\"><strong>Leonardo Fabian Morales<\/strong>: Fatiga viejo nomas ja<br \/>\n<strong>Adrian Garcia:<\/strong> Que foto&#8230;&#8230;&#8230;&#8230;.!!!!!!!!!!!!!!!!<br \/>\n<strong>Mario Rouse Cabezon Rouse:<\/strong> alguien me puede decir si es el del kiosco que estaba en la t. Orell ?<br \/>\n<strong>Wala Aventuras:<\/strong> que, fotonnnn jajaja.<br \/>\n<strong>Leonardo Fabian Morales:<\/strong> Si Mario el Kiosco de Orell y Sarmiento<br \/>\n<strong>Alicia von Sprecher:<\/strong> QU\u00c9 HERMOSA \u00c9POCA, las noches de verano que pasamos en ese kiosco, abuelos, tios, primos, todos juntos&#8230;<br \/>\n<strong>Laly Morales:<\/strong> \u200e!!!!Fatiga qu\u00e9 lindo est\u00e1s !! El kiosco de la esquina Tom\u00e1s Orell, c\u00faantos recuerdos uno especial para el querido Roberto Suarez,que tambi\u00e9n estuvo all\u00ed&#8230;.era la parada obligada para chicos y grandes.<br \/>\n<strong>Marcelo Ara\u00f1o<\/strong>: Mira a Fatiga cuando tenia el quiosco frente de lo que es ahora municipalidad que recuerdos.<br \/>\n<strong>Pablo Andres Zenker Skop:<\/strong> QUE BARBARO&#8230; HE PASADO TODAS LAS NOCHES DE MI ADOLESCENCIA EN ESE KIOSCO&#8230;.JAJAJA &#8230;QUEDABA EN LA ESQUINA DE CASA Y LO ACOMPA\u00d1ABA A FATIGA TODOS LOS DIAS HASTA EL SORTEO DE LA QUINIELA&#8230;JAJAJAAJAJ&#8230;HERMOSOS RECUERDOS&#8230;<br \/>\n<strong>Edu Martinez:<\/strong> y seguramente le lastrabas todo!!! y unos a\u00f1os antes el cordobes Suarez, que me regalaba los caramelos.<br \/>\n<strong>Marcelo Campetella:<\/strong> \u200ePablo Andres Zenker Skop&#8230; me comentan que el fiado que ten\u00edas en el kiosko&#8230; qued\u00f3 sin pagar&#8230; igual ya prescribi\u00f3&#8230;<br \/>\n<strong>Pablo Andres Zenker Skop:<\/strong> y &#8230;.!!!!! para eso tengo amigos BOGAS que me arreglan todos los quilombos que deje alla cuando me fui de noche&#8230;..jajajajaja<br \/>\n<strong>Flora Lamperti<\/strong> \u200e++++++++++++++++++++++++++++++<br \/>\n<strong>Agregamos<\/strong>: Fatiga es Daniel Von Sprecher y en esa \u00e9poca se llamaba Kiosco Central.<\/p>\n<p style=\"text-align: justify;\"><a href=\"http:\/\/www.proyectoallen.com.ar\/3\/wp-content\/uploads\/2012\/03\/546612_254594821299384_230052660420267_528456_1211860618_n.jpg\"><img loading=\"lazy\" decoding=\"async\" class=\"aligncenter size-medium wp-image-1343\" title=\"Carroza Estudiantes\" src=\"http:\/\/www.proyectoallen.com.ar\/3\/wp-content\/uploads\/2012\/03\/546612_254594821299384_230052660420267_528456_1211860618_n-300x200.jpg\" alt=\"\" width=\"300\" height=\"200\" srcset=\"https:\/\/www.proyectoallen.com.ar\/3\/wp-content\/uploads\/2012\/03\/546612_254594821299384_230052660420267_528456_1211860618_n-300x200.jpg 300w, https:\/\/www.proyectoallen.com.ar\/3\/wp-content\/uploads\/2012\/03\/546612_254594821299384_230052660420267_528456_1211860618_n-250x166.jpg 250w, https:\/\/www.proyectoallen.com.ar\/3\/wp-content\/uploads\/2012\/03\/546612_254594821299384_230052660420267_528456_1211860618_n.jpg 604w\" sizes=\"auto, (max-width: 300px) 100vw, 300px\" \/><\/a><\/p>\n<p style=\"text-align: justify;\"><strong>Doris Saa:<\/strong> \u200eDalina Trapassi etiquet\u00e1 a tu hermana!<br \/>\n<strong>Doris Saa:<\/strong> \u200eLaura Pe\u00f1aloza sacame de una duda&#8230; es Anabela Engraf la del fondo??<br \/>\n<strong>Laura Pe\u00f1aloza:<\/strong> ni idea, me parecia Jessica Lamperti<br \/>\n<strong>Dalina Trapassi<\/strong>: Hola Chicas!!! Que foto!!!! De d\u00f3nde la sacaste Doris???? Si, la reina es Anabela Engraf!!! Y la otra chica no me acuerdo en nombre.<br \/>\n<strong>Silvana Andrea Trapassi<\/strong>: La chica del medio es Melania Del Pino. Buen\u00edsima foto!! Que recuerdossss!!!.<br \/>\n<strong>Laura Pe\u00f1aloza:<\/strong> \u200eMelania Delpino ?????<br \/>\n<strong>Doris Saa:<\/strong> ah\u00ed la etiqueto, Los San Martin!!!!! Ana estas re linda primita!!!!.<br \/>\n<strong>Doris Saa:<\/strong> \u200eCami San Martin, fijate que sos igual de linda que tu mami!!!<\/p>\n<p style=\"text-align: justify;\"><strong>Agregamos:<\/strong> Carroza de los estudiantes secundarios en la Fiesta de la Manzana.<\/p>\n<p style=\"text-align: justify;\"><a href=\"http:\/\/www.proyectoallen.com.ar\/3\/wp-content\/uploads\/2012\/03\/555251_254595107966022_230052660420267_528468_1589089695_n.jpg\"><img loading=\"lazy\" decoding=\"async\" class=\"aligncenter size-medium wp-image-1344\" title=\"Calle Tomas Orel a\u00f1os 80\" src=\"http:\/\/www.proyectoallen.com.ar\/3\/wp-content\/uploads\/2012\/03\/555251_254595107966022_230052660420267_528468_1589089695_n-300x222.jpg\" alt=\"\" width=\"300\" height=\"222\" srcset=\"https:\/\/www.proyectoallen.com.ar\/3\/wp-content\/uploads\/2012\/03\/555251_254595107966022_230052660420267_528468_1589089695_n-300x222.jpg 300w, https:\/\/www.proyectoallen.com.ar\/3\/wp-content\/uploads\/2012\/03\/555251_254595107966022_230052660420267_528468_1589089695_n-250x185.jpg 250w, https:\/\/www.proyectoallen.com.ar\/3\/wp-content\/uploads\/2012\/03\/555251_254595107966022_230052660420267_528468_1589089695_n.jpg 960w\" sizes=\"auto, (max-width: 300px) 100vw, 300px\" \/><\/a><\/p>\n<p style=\"text-align: justify;\"><strong>Mario Rouse Cabezon Rouse:<\/strong> que recuerdo !!! la Tomas Orell, nostalgia de mi vida en Allen.. puchay.<br \/>\n<strong>Walter Zambrano<\/strong>: la verdad que epoca carajo.<br \/>\n<strong>Rodolfo Leonardo Duc\u00e1s:<\/strong> La calle Orell y la Mariani tenian sentido inverso al que tienen en la actualidad. Tengo una foto de la d\u00e9cada del 70 con la calle doble mano en la vereda del Hotel Mallorca. Ya la publicar\u00e9&#8230;<br \/>\n<strong>Pablo Andres Zenker Skop:<\/strong> que hermoso &#8230;atras se ve la foto de la tienda de mis viejos y la infaltable F-100 del viejo Sanchez frente a la libreria, el dia que la vendio hacian cola para comprarla&#8230; estaba IMPECABLE&#8230;.NUNCA TAXI&#8230;..JAJAJA.<br \/>\n<strong>Rodolfo Leonardo Duc\u00e1s:<\/strong> Estaba La Perla, la Clinica y enfrente estaba el baldio que pasabas al paseo de calle Libertad. Ahora est\u00e1 la farmacia o la helader\u00eda no recuerdo bien.<br \/>\n<strong>Jimena Van Opstal<\/strong>: el cine ahi!! me encantaba ese lugar.<br \/>\n<strong>Claudia Herrera:<\/strong> Habia arboles!!! que lastima! sobre la cuadra del cine no queda ni uno!!!.<\/p>\n<p style=\"text-align: justify;\">Otros: <a href=\"http:\/\/www.facebook.com\/photo.php?fbid=254595107966022&amp;set=a.254594027966130.59228.230052660420267&amp;type=1&amp;theater\"> Magaly Rubilar y Juan Bascur Tapia <\/a><\/p>\n<p style=\"text-align: justify;\"><a href=\"http:\/\/www.proyectoallen.com.ar\/3\/wp-content\/uploads\/2012\/03\/562904_254595291299337_230052660420267_528473_1998304609_n.jpg\"><img loading=\"lazy\" decoding=\"async\" class=\"aligncenter size-medium wp-image-1345\" title=\"Foto M Martin\" src=\"http:\/\/www.proyectoallen.com.ar\/3\/wp-content\/uploads\/2012\/03\/562904_254595291299337_230052660420267_528473_1998304609_n-209x300.jpg\" alt=\"\" width=\"209\" height=\"300\" srcset=\"https:\/\/www.proyectoallen.com.ar\/3\/wp-content\/uploads\/2012\/03\/562904_254595291299337_230052660420267_528473_1998304609_n-209x300.jpg 209w, https:\/\/www.proyectoallen.com.ar\/3\/wp-content\/uploads\/2012\/03\/562904_254595291299337_230052660420267_528473_1998304609_n.jpg 627w\" sizes=\"auto, (max-width: 209px) 100vw, 209px\" \/><\/a><\/p>\n<p><strong>Doris Saa:<\/strong> \u200eMaria Cecilia Parente sos como el vino&#8230;<br \/>\n<strong>Laura Pe\u00f1aloza:<\/strong> Dios!!! me muero!!!!!! se ven igual jjajaj<br \/>\n<strong>Doris Saa:<\/strong> si, pero Ceci esta m\u00e1s linda ahora!!! :).<br \/>\n<strong>Laura Pe\u00f1aloza<\/strong>: todas mejoramos!!! que flash con estas fotos jajaja.<br \/>\n<strong>Maria Cecilia Parente<\/strong>: que buena foto!!! quien la rescat\u00f3??? gracias.<br \/>\n<strong>Adriana Diomedi:<\/strong> la de los cuernos quien es &#8230;<br \/>\n<strong>Laura Pe\u00f1aloza:<\/strong> \u200eSole Baravalle.<br \/>\n<strong>Adriana Diomedi:<\/strong> donde fue, porque no me acuerdo.<br \/>\n<strong>Laura Pe\u00f1aloza<\/strong>: me acuerdo de la situacion pero no en donde jajaj.<br \/>\n<strong>Sole Baravalle:<\/strong> En Neuquennnn.<\/p>\n<p>&nbsp;<\/p>\n<p><a href=\"http:\/\/www.proyectoallen.com.ar\/3\/wp-content\/uploads\/2012\/03\/522483_274866462605553_230052660420267_572827_1640768709_n.jpg\"><img loading=\"lazy\" decoding=\"async\" class=\"aligncenter size-medium wp-image-1348\" title=\"Familia Miguel\" src=\"http:\/\/www.proyectoallen.com.ar\/3\/wp-content\/uploads\/2012\/03\/522483_274866462605553_230052660420267_572827_1640768709_n-300x215.jpg\" alt=\"\" width=\"300\" height=\"215\" srcset=\"https:\/\/www.proyectoallen.com.ar\/3\/wp-content\/uploads\/2012\/03\/522483_274866462605553_230052660420267_572827_1640768709_n-300x215.jpg 300w, https:\/\/www.proyectoallen.com.ar\/3\/wp-content\/uploads\/2012\/03\/522483_274866462605553_230052660420267_572827_1640768709_n-250x179.jpg 250w, https:\/\/www.proyectoallen.com.ar\/3\/wp-content\/uploads\/2012\/03\/522483_274866462605553_230052660420267_572827_1640768709_n.jpg 960w\" sizes=\"auto, (max-width: 300px) 100vw, 300px\" \/><\/a><\/p>\n<p style=\"text-align: justify;\"><strong>Viviana Fasano:<\/strong> Mi familia!.<br \/>\n<strong>Erica Noemi Gorbachov:<\/strong> mi querida familia tambien!!! cuantos a\u00f1os desde esa \u00e9poca!!! mis abuelos queridos!.<br \/>\n<strong>Mabel Haneck<\/strong>: No puedo creer esta foto!!! Se me caen las l\u00e1grimas. !!! Gracias por el recuerdo de mis familiares !!!.<br \/>\n<strong>Viviana Fasano:<\/strong> \u200e(Aunque falto yoooooo&#8230;jajaja)<br \/>\n<strong>Mabel Haneck:<\/strong> Quien es la primera de la derecha?<br \/>\nViviana Fasano: La Tia Nina&#8230;<br \/>\nMabel Haneck: esta foto debe ser del a\u00f1o 63 .<br \/>\n<strong>Gladys Miguel:<\/strong> Impresionante foto!!! vos ni habias nacido.! jajaja.. buenisima Vivi \ud83d\ude42<br \/>\n<strong>Mabel Haneck<\/strong>: Vos tampoco est\u00e1s!!!<br \/>\n<strong>Gladys Miguel:<\/strong> jajaj&#8230;pero no porque no hubiera nacido!!!<br \/>\n<strong>Mabel Haneck:<\/strong> creo que todos los \u00abmayores\u00bb que est\u00e1n en la foto eran m\u00e1s j\u00f3venes que nuestros ahora.- Tan viejos estamos ???? ja ja<br \/>\n<strong>Gladys Miguel:<\/strong> quien esta entre Cacho y Dora..?<br \/>\n<strong>Danny Fasano:<\/strong> Perdoooonnnnn, nadie habla del mas lindo, paradito adelante.<br \/>\n<strong>Gladys Miguel:<\/strong> Es verdad&#8230;!!! el mas lindo lejossss&#8230;!! jajaja<br \/>\n<strong>Sergio Laurenzano<\/strong>: muy buena foto !!!<br \/>\n<strong>Mabel Haneck:<\/strong> tenes raz\u00f3n Danny, ahi sos el mas lindo !!! lastima que no mantenes el mismo perfil !!!!! te gan\u00e9 de lejos !!!!!! ja ja ja<br \/>\n<strong>Gorbachov Alfredo Danny<\/strong>: &#8230; fijate que te estoy diciendo en la foto&#8230; quien es el mas lindo..? seguro que yo y vos encima estas sacando trompa je je .. que foto heee.. no sabia que exist\u00eda esta foto.. que familia y recuerdos hermosos&#8230; \u00a1\u00a1\u00a1\u00a1 toda una vida!!!!<br \/>\n<strong>Erica Noemi Gorbachov<\/strong>: que lindo que el face tambien sirva para traer estos recuerdos que emocionan&#8230;<br \/>\n<strong>Silvya Karina Fasano:<\/strong> Que bella foto! Nunca la hab\u00eda visto. Te aseguro que se me cayeron las l\u00e1grimas cuando la v\u00ed y a\u00fan ahora mientras escribo.Cuantas personas amadas que se nos adelantaron en la partida. Segu\u00ed sorprend\u00edendonos con fotos del ba\u00fal de los recuerdos. Reconfortan el alma. Gracias Vivi!<\/p>\n<p style=\"text-align: justify;\"><strong>Etiquetas:<\/strong> de Izq. a derecha: Viviana Fasano, Oscar Gorbachov, Juan Carlos Gorbachov, Dora Rial, Teresa Mennichelli, Luis Miguel, Gabino Miguel, Adela Miguel, Erica Noem\u00ed Gorbachov, Roberto Gorbachov, Alicia Guarino, Haydee Fasano y Gladys Miguel.<br \/>\nDe pie: Alona Gobachov, Eduardo Fasano y Chiche Fasano.<\/p>\n<p style=\"text-align: justify;\"><a href=\"http:\/\/www.proyectoallen.com.ar\/3\/wp-content\/uploads\/2012\/03\/560302_274866905938842_230052660420267_572841_610010248_n.jpg\"><img loading=\"lazy\" decoding=\"async\" class=\"aligncenter size-medium wp-image-1351\" title=\"Flia Del Brio\" src=\"http:\/\/www.proyectoallen.com.ar\/3\/wp-content\/uploads\/2012\/03\/560302_274866905938842_230052660420267_572841_610010248_n-300x210.jpg\" alt=\"\" width=\"300\" height=\"210\" srcset=\"https:\/\/www.proyectoallen.com.ar\/3\/wp-content\/uploads\/2012\/03\/560302_274866905938842_230052660420267_572841_610010248_n-300x210.jpg 300w, https:\/\/www.proyectoallen.com.ar\/3\/wp-content\/uploads\/2012\/03\/560302_274866905938842_230052660420267_572841_610010248_n-250x175.jpg 250w, https:\/\/www.proyectoallen.com.ar\/3\/wp-content\/uploads\/2012\/03\/560302_274866905938842_230052660420267_572841_610010248_n.jpg 960w\" sizes=\"auto, (max-width: 300px) 100vw, 300px\" \/><\/a><\/p>\n<p style=\"text-align: justify;\"><strong>Guillermo Areco<\/strong>: esta es la mejor foto de proyecto ALLEN,BUENISIMAAAAAAAAAA!!!.<br \/>\n<strong>Lara del Brio:<\/strong> los del Brio (algunos, no se pongan celosos los que todav\u00eda no hab\u00edan nacido Vale del Brio Leonardo del Brio Ramos).<br \/>\n<strong>Guillermo Areco:<\/strong> ESTO ES ALLEN PURO,los del Brio, marca registrada, en el Alto Valle.<br \/>\n<strong>Emilia del Brio:<\/strong> Que chiquitos todos&#8230;!!! Cu\u00e1ntos recuerdos del abuelo&#8230;.!!!.<br \/>\n<strong>Joanna Arriagada Lisi<\/strong>: me encanta tu carita!! re linda foto!!<br \/>\n<strong>Tana Cocci:<\/strong> naaaa hermosaaaa Laraaaa.<br \/>\n<strong>Federico del Brio:<\/strong> jajaja que buena foootooo!!!!! porque era (\u00abera\u00bb) tan orejon!!!.<br \/>\n<strong>Day Ayala:<\/strong> la cara de Diego del Brio&#8230; jaja.<br \/>\n<strong>Leandro Brevi:<\/strong> fot\u00f3n&#8230; el abuelo la estaba pasando bomba con todos sus nietitos jajaja. abrazo a la fl\u00eda Federico del Brio. Del Brio toda.<br \/>\n<strong>Gerardo Gabriel del Brio<\/strong>: Jaaaaaaaaaaaaaaaaa es verdad Federico del Brio jajajaja. Le\u00eda las Muy Interesante fotocopiadas porque le molestaba el brillo. Un groso.<br \/>\n<strong>Vera del Brio:<\/strong> jajajaaja, que lindaaaa!! algun que otro cumple en lo del tio Sergio \ud83d\ude42<br \/>\n<strong>Cele Kloster \u200eLola del Brio:<\/strong> tenes la misma cara!! ajajja! re tierna!.<br \/>\n<strong>Diego Del Brio<\/strong>: que hermosos recuerdosss la flia o los primos unidos en esos momentos con el abuelo Santos un grande.<br \/>\n<strong>Martin Nicolas del Brio:<\/strong> era joven!!! y flacooo!!! jaja<br \/>\n<strong>Sabrina del Brio:<\/strong> Martin Nicolas del Brio estas hermoso !!!! Potrooooooooooo! Te pareces a Mariano Martinez! Papurrrrriiiiiiiiiiiiii! Jaja.<br \/>\n<strong>Martin Nicolas del Brio<\/strong>: jaja, despues del colera!!! que te fumaste sabri!!!!!!<br \/>\n<strong>Gerardo Gabriel del Brio:<\/strong> Fede no te recordaba tan&#8230; con la cabeza tan chiquita.<br \/>\n<strong>Sabrina del Brio<\/strong>: lo decia en sentido figurado BOBY!!!! No te halago nunca mas PAVO!!! Martin estas hecho mie&#8230;jajaja<br \/>\n<strong>Agregamos:<\/strong> Al centro de la foto, sentado, Santos del Brio rodeado por sus primeros 11 nietos.<\/p>\n<p style=\"text-align: justify;\"><a href=\"http:\/\/www.proyectoallen.com.ar\/3\/wp-content\/uploads\/2012\/03\/385734_269365696488963_230052660420267_560820_742397117_n.jpg\"><img loading=\"lazy\" decoding=\"async\" class=\"aligncenter size-medium wp-image-1353\" title=\"Alumnos esc. 222\" src=\"http:\/\/www.proyectoallen.com.ar\/3\/wp-content\/uploads\/2012\/03\/385734_269365696488963_230052660420267_560820_742397117_n-300x198.jpg\" alt=\"\" width=\"300\" height=\"198\" srcset=\"https:\/\/www.proyectoallen.com.ar\/3\/wp-content\/uploads\/2012\/03\/385734_269365696488963_230052660420267_560820_742397117_n-300x198.jpg 300w, https:\/\/www.proyectoallen.com.ar\/3\/wp-content\/uploads\/2012\/03\/385734_269365696488963_230052660420267_560820_742397117_n-250x165.jpg 250w, https:\/\/www.proyectoallen.com.ar\/3\/wp-content\/uploads\/2012\/03\/385734_269365696488963_230052660420267_560820_742397117_n.jpg 960w\" sizes=\"auto, (max-width: 300px) 100vw, 300px\" \/><\/a><\/p>\n<p style=\"text-align: justify;\"><strong>Ang\u00e9lica Dangelo:<\/strong> \u00a1\u00a1\u00a1que recuerdos hermosos.. 5\u00ba grado!!!&#8230;cuantas caras y nombres todavia en mi memoria&#8230; Bello&#8230; bello.<br \/>\n<strong>Mar\u00eda Elena Moreno<\/strong>: que chiquitos eramos jejeje, Ang\u00e9lica nunca te asoci\u00e9 con m\u00ed dulce Ang\u00e9lica de esos a\u00f1os jejeje que lindos recuerdos!!!.<br \/>\n<strong>Ang\u00e9lica Dangelo:<\/strong> Yo si&#8230;muy buenas compa\u00f1eras eramos. Recuerdo el nombre y apellido de todos, incluso de los que faltaron \u00e9se dia.<br \/>\n<strong>Mar\u00eda Elena Moreno:<\/strong> estamos iguales sobre todo Chelo Candia, Daniel F. Hoischen, Susana Gurtubay, Monica Vergara jajaja de los dem\u00e1s me acuerdo de todos pero no los tengo de amigos en el face \ud83d\ude41<br \/>\n<strong>Chelo Candia:<\/strong> De vista los recuerdo a todos, pero no pude recordar el nombre de dos compa\u00f1eros&#8230; la que est\u00e1 detr\u00e1s de Susana Carril, y el que est\u00e1 detr\u00e1s de Carlos Barra. Me ayudan? En serio que me ves igual, Mar\u00eda Elena Moreno, o lo dec\u00eds en joda? vos si est\u00e1s igual.<br \/>\n<strong>Mar\u00eda Elena Moreno:<\/strong> yyyyy&#8230;la verdad ahora ten\u00e9s el pelo un poco m\u00e1s largo jajajaja besos.<\/p>\n<p style=\"text-align: justify;\"><strong>Agregamos:<\/strong> Alumnos 2\u00b0 grado de la Escuela 222.<\/p>\n<p style=\"text-align: justify;\"><a href=\"http:\/\/www.proyectoallen.com.ar\/3\/wp-content\/uploads\/2012\/03\/560417_269365726488960_230052660420267_560821_560122516_n.jpg\"><img loading=\"lazy\" decoding=\"async\" class=\"aligncenter size-medium wp-image-1355\" title=\"Alumnos esc. 222\" src=\"http:\/\/www.proyectoallen.com.ar\/3\/wp-content\/uploads\/2012\/03\/560417_269365726488960_230052660420267_560821_560122516_n-300x203.jpg\" alt=\"\" width=\"300\" height=\"203\" srcset=\"https:\/\/www.proyectoallen.com.ar\/3\/wp-content\/uploads\/2012\/03\/560417_269365726488960_230052660420267_560821_560122516_n-300x203.jpg 300w, https:\/\/www.proyectoallen.com.ar\/3\/wp-content\/uploads\/2012\/03\/560417_269365726488960_230052660420267_560821_560122516_n-250x169.jpg 250w, https:\/\/www.proyectoallen.com.ar\/3\/wp-content\/uploads\/2012\/03\/560417_269365726488960_230052660420267_560821_560122516_n.jpg 960w\" sizes=\"auto, (max-width: 300px) 100vw, 300px\" \/><\/a><\/p>\n<p style=\"text-align: justify;\"><strong>Julia Vazquez:<\/strong> Rosita Herrero una de las maestras, Fabricio Annocaro, Marcelo Ortiz, Gustavo Iriarte, Orea ?.<br \/>\n<strong>Gustavo Iriarte:<\/strong> que buena foto!!.<br \/>\n<strong>Leonardo Fabian Morales:<\/strong> Daniel Correa, Fernando Gambini, Kbza Ortiz, Gustavo Iriarte, Pablo Luciani, Rodrigo Garcia, Walter Smith, Esteban Alzuguren, Fabricio Anoocaro, Adrian Rizzi y arriba ultima a la derecha Gabriela Garcia, mas ac\u00e1 Betu Hoischen, Marina Perg, Silvina Capitani, etc.<\/p>\n<p style=\"text-align: justify;\"><a href=\"http:\/\/www.proyectoallen.com.ar\/3\/wp-content\/uploads\/2012\/03\/544985_269365829822283_230052660420267_560824_1703890466_n.jpg\"><img loading=\"lazy\" decoding=\"async\" class=\"aligncenter size-medium wp-image-1357\" title=\"Iglesia Santa Catalina\" src=\"http:\/\/www.proyectoallen.com.ar\/3\/wp-content\/uploads\/2012\/03\/544985_269365829822283_230052660420267_560824_1703890466_n-300x200.jpg\" alt=\"\" width=\"300\" height=\"200\" srcset=\"https:\/\/www.proyectoallen.com.ar\/3\/wp-content\/uploads\/2012\/03\/544985_269365829822283_230052660420267_560824_1703890466_n-300x200.jpg 300w, https:\/\/www.proyectoallen.com.ar\/3\/wp-content\/uploads\/2012\/03\/544985_269365829822283_230052660420267_560824_1703890466_n-250x167.jpg 250w, https:\/\/www.proyectoallen.com.ar\/3\/wp-content\/uploads\/2012\/03\/544985_269365829822283_230052660420267_560824_1703890466_n.jpg 960w\" sizes=\"auto, (max-width: 300px) 100vw, 300px\" \/><\/a><\/p>\n<p style=\"text-align: justify;\"><strong>Lidia Piergentili<\/strong>: nuestra capilla!!! que emoci\u00f3n.<br \/>\n<strong>Jorgelina Marin:<\/strong> en ese lugar yo era una ni\u00f1a feliz ,es hermoso ver esa capilla llena de ni\u00f1os.<br \/>\n<strong>Claudia Alejandra Guillermo:<\/strong> HUY YO FUI A ESE COLEGIO!!!!!!!!!!!!!QUE RECUERDOS!POR DIOS!!!!!!!!MIS MAESTRAS FUERON GRACIELA BARILA,ISABEL DAMICO,CHICHITA BILO,,&#8230;.QUE LINDOS RECUERDOS!XQ CRECIIII!!!!JAJAJAJA,&#8230;SIEMPRE LAS RECUERDO CON CARI\u00d1O!!!!!!!!.<br \/>\n<strong>Fabiana Guillermo:<\/strong> \u200eClaudia Alejandra Guillermo ESTA EN ESA FOTO!!!!!<br \/>\n<strong>Claudia Alejandra Guillermo:<\/strong> no estoy en esa foto!!!! fui a ese colegio!!!!!!!!!!!.<br \/>\n<strong>Fabiana Guillermo:<\/strong> \u200eClaudia Alejandra Guillermo SIIIIIIIIIII, estas ah\u00ed.<\/p>\n<p style=\"text-align: justify;\"><a href=\"http:\/\/www.proyectoallen.com.ar\/3\/wp-content\/uploads\/2012\/03\/555755_269366099822256_230052660420267_560831_382138826_n.jpg\"><img loading=\"lazy\" decoding=\"async\" class=\"aligncenter size-medium wp-image-1358\" title=\"Alumnos del Colegio Industrial desfilando un 25 de mayo.\" src=\"http:\/\/www.proyectoallen.com.ar\/3\/wp-content\/uploads\/2012\/03\/555755_269366099822256_230052660420267_560831_382138826_n-300x213.jpg\" alt=\"\" width=\"300\" height=\"213\" srcset=\"https:\/\/www.proyectoallen.com.ar\/3\/wp-content\/uploads\/2012\/03\/555755_269366099822256_230052660420267_560831_382138826_n-300x213.jpg 300w, https:\/\/www.proyectoallen.com.ar\/3\/wp-content\/uploads\/2012\/03\/555755_269366099822256_230052660420267_560831_382138826_n-250x177.jpg 250w, https:\/\/www.proyectoallen.com.ar\/3\/wp-content\/uploads\/2012\/03\/555755_269366099822256_230052660420267_560831_382138826_n.jpg 960w\" sizes=\"auto, (max-width: 300px) 100vw, 300px\" \/><\/a><\/p>\n<p style=\"text-align: justify;\"><strong>Rosa Ester Lamela:<\/strong> AHH&#8230; varios de mis alumnos del Industrial N\u00b0 6\u00b0. Recuerdo: Jos\u00e9 Saa (Pancho), Jorge Mellado, S\u00e1nchez, Gustavo Soriano, Jorge Luquez, Gustavo Gurtubay y Alejandro Brockerhoff de la primera fila hacia atr\u00e1s.<\/p>\n<p style=\"text-align: justify;\"><strong>Agregamos<\/strong>: Alumnos del Colegio Industrial desfilando un 25 de mayo.<\/p>\n<p style=\"text-align: justify;\"><a href=\"http:\/\/www.proyectoallen.com.ar\/3\/wp-content\/uploads\/2012\/03\/578024_279087018850164_230052660420267_582267_704902922_n.jpg\"><img loading=\"lazy\" decoding=\"async\" class=\"aligncenter size-medium wp-image-1360\" title=\"Trabajadores Fabrica Bagliani\" src=\"http:\/\/www.proyectoallen.com.ar\/3\/wp-content\/uploads\/2012\/03\/578024_279087018850164_230052660420267_582267_704902922_n-300x146.jpg\" alt=\"\" width=\"300\" height=\"146\" srcset=\"https:\/\/www.proyectoallen.com.ar\/3\/wp-content\/uploads\/2012\/03\/578024_279087018850164_230052660420267_582267_704902922_n-300x146.jpg 300w, https:\/\/www.proyectoallen.com.ar\/3\/wp-content\/uploads\/2012\/03\/578024_279087018850164_230052660420267_582267_704902922_n-250x122.jpg 250w, https:\/\/www.proyectoallen.com.ar\/3\/wp-content\/uploads\/2012\/03\/578024_279087018850164_230052660420267_582267_704902922_n.jpg 960w\" sizes=\"auto, (max-width: 300px) 100vw, 300px\" \/><\/a><\/p>\n<p style=\"text-align: justify;\"><strong>Romina Guajardo<\/strong>: donde es??&#8217;y en que a\u00f1o.?.<br \/>\n<strong>Julia Vazquez:<\/strong> en esta foto esta mi abuela Rosa Aviles y abajo donde estan los 3 hombres esta Sara Bascu\u00f1an de Diomedi<br \/>\n<strong>Agregamos<\/strong>: Trabajadores de la Fabrica Bagliani a\u00f1os 50.<\/p>\n<p style=\"text-align: justify;\"><a href=\"http:\/\/www.proyectoallen.com.ar\/3\/wp-content\/uploads\/2012\/03\/149440_279119798846886_230052660420267_582329_1296074975_n.jpg\"><img loading=\"lazy\" decoding=\"async\" class=\"aligncenter size-medium wp-image-1361\" title=\"149440_279119798846886_230052660420267_582329_1296074975_n\" src=\"http:\/\/www.proyectoallen.com.ar\/3\/wp-content\/uploads\/2012\/03\/149440_279119798846886_230052660420267_582329_1296074975_n-300x191.jpg\" alt=\"\" width=\"300\" height=\"191\" srcset=\"https:\/\/www.proyectoallen.com.ar\/3\/wp-content\/uploads\/2012\/03\/149440_279119798846886_230052660420267_582329_1296074975_n-300x191.jpg 300w, https:\/\/www.proyectoallen.com.ar\/3\/wp-content\/uploads\/2012\/03\/149440_279119798846886_230052660420267_582329_1296074975_n-250x159.jpg 250w, https:\/\/www.proyectoallen.com.ar\/3\/wp-content\/uploads\/2012\/03\/149440_279119798846886_230052660420267_582329_1296074975_n.jpg 960w\" sizes=\"auto, (max-width: 300px) 100vw, 300px\" \/><\/a><\/p>\n<p style=\"text-align: justify;\"><strong>Susana Castro:<\/strong> La t\u00eda Piba, Juan Carlos en la Confiter\u00eda La Perla?.<br \/>\nEntonces es La Perla, mi t\u00eda Piba (Mar\u00eda Luisa Amoruso de Alonso) y Juan Carlos (Perla Alicia Alonso)<br \/>\n<strong>Agregamos:<\/strong> Creemos que es la Cobnfiter\u00eda La Perla. El primero de ellos es Hector Garcia.<\/p>\n<p style=\"text-align: justify;\"><a href=\"http:\/\/www.proyectoallen.com.ar\/3\/wp-content\/uploads\/2012\/03\/581149_279121272180072_230052660420267_582343_298290991_n.jpg\"><img loading=\"lazy\" decoding=\"async\" class=\"aligncenter size-medium wp-image-1362\" title=\"Cocina Hospital a\u00f1os 70\" src=\"http:\/\/www.proyectoallen.com.ar\/3\/wp-content\/uploads\/2012\/03\/581149_279121272180072_230052660420267_582343_298290991_n-300x180.jpg\" alt=\"\" width=\"300\" height=\"180\" srcset=\"https:\/\/www.proyectoallen.com.ar\/3\/wp-content\/uploads\/2012\/03\/581149_279121272180072_230052660420267_582343_298290991_n-300x180.jpg 300w, https:\/\/www.proyectoallen.com.ar\/3\/wp-content\/uploads\/2012\/03\/581149_279121272180072_230052660420267_582343_298290991_n-250x150.jpg 250w, https:\/\/www.proyectoallen.com.ar\/3\/wp-content\/uploads\/2012\/03\/581149_279121272180072_230052660420267_582343_298290991_n.jpg 960w\" sizes=\"auto, (max-width: 300px) 100vw, 300px\" \/><\/a><\/p>\n<p style=\"text-align: justify;\"><strong>Mabel Alicia Prieto:<\/strong> nooooo!!! la cocina del hospital!!! Don Gutierrez,creo que esta tambien Crecencia y Celia Suarez.<br \/>\nAgregamos: Cocina del Hospital, a\u00f1o 1970.<\/p>\n<p style=\"text-align: justify;\"><a href=\"http:\/\/www.proyectoallen.com.ar\/3\/wp-content\/uploads\/2012\/03\/526269_279121305513402_230052660420267_582344_1300324088_n.jpg\"><img loading=\"lazy\" decoding=\"async\" class=\"aligncenter size-medium wp-image-1364\" title=\"526269_279121305513402_230052660420267_582344_1300324088_n\" src=\"http:\/\/www.proyectoallen.com.ar\/3\/wp-content\/uploads\/2012\/03\/526269_279121305513402_230052660420267_582344_1300324088_n-300x186.jpg\" alt=\"\" width=\"300\" height=\"186\" srcset=\"https:\/\/www.proyectoallen.com.ar\/3\/wp-content\/uploads\/2012\/03\/526269_279121305513402_230052660420267_582344_1300324088_n-300x186.jpg 300w, https:\/\/www.proyectoallen.com.ar\/3\/wp-content\/uploads\/2012\/03\/526269_279121305513402_230052660420267_582344_1300324088_n-250x155.jpg 250w, https:\/\/www.proyectoallen.com.ar\/3\/wp-content\/uploads\/2012\/03\/526269_279121305513402_230052660420267_582344_1300324088_n.jpg 960w\" sizes=\"auto, (max-width: 300px) 100vw, 300px\" \/><\/a><\/p>\n<p style=\"text-align: justify;\"><strong>Liliana Reynes:<\/strong> de izquierda a derecha&#8230; Saul Colodner&#8230; Boris Muzevich, Rodolfo Ducas, Tito Massa&#8230; arriba de derecha a izquierda Dr. Costa, Don Miguel Fernandez Vega, Gonzalez&#8230; Guin Diez&#8230;<\/p>\n<p style=\"text-align: justify;\"><strong>Agregamos:<\/strong> Concejo Deliberante, a\u00f1os 70.<\/p>\n<p style=\"text-align: justify;\"><a href=\"http:\/\/www.proyectoallen.com.ar\/3\/wp-content\/uploads\/2012\/03\/552939_279125098846356_230052660420267_582372_457959344_n.jpg\"><img loading=\"lazy\" decoding=\"async\" class=\"aligncenter size-medium wp-image-1366\" title=\"Maestras Esc 23\" src=\"http:\/\/www.proyectoallen.com.ar\/3\/wp-content\/uploads\/2012\/03\/552939_279125098846356_230052660420267_582372_457959344_n-300x192.jpg\" alt=\"\" width=\"300\" height=\"192\" srcset=\"https:\/\/www.proyectoallen.com.ar\/3\/wp-content\/uploads\/2012\/03\/552939_279125098846356_230052660420267_582372_457959344_n-300x192.jpg 300w, https:\/\/www.proyectoallen.com.ar\/3\/wp-content\/uploads\/2012\/03\/552939_279125098846356_230052660420267_582372_457959344_n-250x160.jpg 250w, https:\/\/www.proyectoallen.com.ar\/3\/wp-content\/uploads\/2012\/03\/552939_279125098846356_230052660420267_582372_457959344_n.jpg 960w\" sizes=\"auto, (max-width: 300px) 100vw, 300px\" \/><\/a><\/p>\n<p style=\"text-align: justify;\"><strong>Gladys Delmi Nomi:<\/strong> mis maestras.<br \/>\n<strong>Silvia Ballejo<\/strong>: y las mias!!!.<br \/>\n<strong>Susana Castro Laly Morales:<\/strong> Esther Fern\u00e1ndez y Martha Fernandez, tambi\u00e9n fueron mis maestras!!!.<br \/>\n<strong>Daniela Hawrylak:<\/strong> je je usaba las polleras cortitas, que monas!!!.<\/p>\n<p style=\"text-align: justify;\"><strong>Agregamos:<\/strong> En la foto, las maestras est\u00e1n en el patio que a\u00fan no hab\u00eda sido techado.<\/p>\n<p style=\"text-align: justify;\"><a href=\"http:\/\/www.proyectoallen.com.ar\/3\/wp-content\/uploads\/2012\/03\/575233_279125132179686_230052660420267_582373_2135567188_n.jpg\"><img loading=\"lazy\" decoding=\"async\" class=\"aligncenter size-medium wp-image-1367\" title=\"Rayos X Hospital a\u00f1os 70\" src=\"http:\/\/www.proyectoallen.com.ar\/3\/wp-content\/uploads\/2012\/03\/575233_279125132179686_230052660420267_582373_2135567188_n-300x229.jpg\" alt=\"\" width=\"300\" height=\"229\" srcset=\"https:\/\/www.proyectoallen.com.ar\/3\/wp-content\/uploads\/2012\/03\/575233_279125132179686_230052660420267_582373_2135567188_n-300x229.jpg 300w, https:\/\/www.proyectoallen.com.ar\/3\/wp-content\/uploads\/2012\/03\/575233_279125132179686_230052660420267_582373_2135567188_n-250x191.jpg 250w, https:\/\/www.proyectoallen.com.ar\/3\/wp-content\/uploads\/2012\/03\/575233_279125132179686_230052660420267_582373_2135567188_n.jpg 960w\" sizes=\"auto, (max-width: 300px) 100vw, 300px\" \/><\/a><\/p>\n<p style=\"text-align: justify;\"><strong>Mabel Alicia Prieto:<\/strong> Mercedes Gonzalez de Fioravantti, Magdalena Retamal y no recuerdo la otra chica<br \/>\n<strong>Agregamos:<\/strong> Rayos X del Hospital en los a\u00f1os 70.<\/p>\n<p style=\"text-align: justify;\"><a href=\"http:\/\/www.proyectoallen.com.ar\/3\/wp-content\/uploads\/2012\/03\/548413_3930518985792_1364251759_33665470_417643214_n.jpg\"><img loading=\"lazy\" decoding=\"async\" class=\"aligncenter size-medium wp-image-1376\" title=\"548413_3930518985792_1364251759_33665470_417643214_n\" src=\"http:\/\/www.proyectoallen.com.ar\/3\/wp-content\/uploads\/2012\/03\/548413_3930518985792_1364251759_33665470_417643214_n-300x225.jpg\" alt=\"\" width=\"300\" height=\"225\" srcset=\"https:\/\/www.proyectoallen.com.ar\/3\/wp-content\/uploads\/2012\/03\/548413_3930518985792_1364251759_33665470_417643214_n-300x225.jpg 300w, https:\/\/www.proyectoallen.com.ar\/3\/wp-content\/uploads\/2012\/03\/548413_3930518985792_1364251759_33665470_417643214_n-250x187.jpg 250w, https:\/\/www.proyectoallen.com.ar\/3\/wp-content\/uploads\/2012\/03\/548413_3930518985792_1364251759_33665470_417643214_n.jpg 720w\" sizes=\"auto, (max-width: 300px) 100vw, 300px\" \/><\/a><\/p>\n<p style=\"text-align: justify;\">Esta foto no est\u00e1 en nuestro facebook pero quer\u00edamos compartir este escrito que Dam\u00edan Santarelli poste\u00f3 p\u00fablicamente el d\u00eda que falleci\u00f3 su abuelo.<\/p>\n<p style=\"text-align: justify;\"><strong>Dami\u00e1n Santarelli<\/strong>: Abuelo<br \/>\nCompa\u00f1ero de aventuras, el que se encargaba de contarte cuentos maravillosos que no figuraban en libros, el mismisimo que podia pasar una noche contando anecdotas del pasado, comparando el mundo globalizado con sus epocas, el mismo que a veces te retaba por hacer algo malo y no se lo contaba a tus padres. El loco que nos hacia bailar a todos en las fiestas y organizaba los partidos de futbol en los encuentros familiares (al que nosotros le ten\u00edamos que decir par\u00e1 un poco viejo que no tenes 20 a\u00f1os!!) jaja&#8230;<br \/>\nTantas cosas se pueden decir de los abuelos, pero cada uno de ellos son lo mas preciado de nuestros recuerdos infantiles, son personas a las cuales nunca olvidaremos y que nos marcan por el resto de nuestras vidas. Hermosas experiencias quedaran en el pasado, an\u00e9cdotas que seran contadas a tus nietos, los abuelos se van en alma pero no de tu coraz\u00f3n y es importante no perderlos, recordarlos con el amor que ellos te brindaron desde el momento que se enteraron que iban a ser abuelos, tal vez los extra\u00f1emos pero ese es el curso natural de la vida y hay que aceptarlo.<br \/>\nTE AMO ABUELO&#8230;<\/p>\n<p style=\"text-align: justify;\"><a href=\"http:\/\/www.proyectoallen.com.ar\/3\/wp-content\/uploads\/2012\/03\/a.jpg\"><img loading=\"lazy\" decoding=\"async\" class=\"aligncenter size-medium wp-image-1405\" title=\"a\" src=\"http:\/\/www.proyectoallen.com.ar\/3\/wp-content\/uploads\/2012\/03\/a-300x179.jpg\" alt=\"\" width=\"300\" height=\"179\" srcset=\"https:\/\/www.proyectoallen.com.ar\/3\/wp-content\/uploads\/2012\/03\/a-300x179.jpg 300w, https:\/\/www.proyectoallen.com.ar\/3\/wp-content\/uploads\/2012\/03\/a-250x149.jpg 250w, https:\/\/www.proyectoallen.com.ar\/3\/wp-content\/uploads\/2012\/03\/a.jpg 960w\" sizes=\"auto, (max-width: 300px) 100vw, 300px\" \/><\/a><\/p>\n<p style=\"text-align: justify;\"><strong>Aldo Babaglio:<\/strong> que bien lo pasabamos!!!<br \/>\n<strong>Ketty Ramasco:<\/strong> Este es mi querido padre Marin que trabajo mucho con los jovenes de Allen alli nacio el Grupo Juvenil.<br \/>\n<strong>Mario Horacio Ibarra<\/strong>: Polo Bizzotto, Rody Doorish&#8230;!!Nestor Calvo, Aldo Babaglio !!<\/p>\n<p style=\"text-align: justify;\"><a href=\"http:\/\/www.proyectoallen.com.ar\/3\/wp-content\/uploads\/2012\/03\/b.jpg\"><img loading=\"lazy\" decoding=\"async\" class=\"aligncenter size-medium wp-image-1406\" title=\"b\" src=\"http:\/\/www.proyectoallen.com.ar\/3\/wp-content\/uploads\/2012\/03\/b-300x188.jpg\" alt=\"\" width=\"300\" height=\"188\" srcset=\"https:\/\/www.proyectoallen.com.ar\/3\/wp-content\/uploads\/2012\/03\/b-300x188.jpg 300w, https:\/\/www.proyectoallen.com.ar\/3\/wp-content\/uploads\/2012\/03\/b-250x157.jpg 250w, https:\/\/www.proyectoallen.com.ar\/3\/wp-content\/uploads\/2012\/03\/b.jpg 960w\" sizes=\"auto, (max-width: 300px) 100vw, 300px\" \/><\/a><\/p>\n<p style=\"text-align: justify;\"><strong>Ketty Ramasco:<\/strong> Aca esta siempre con los jovenes &#8230;entre sus jovenes se destaco el que ahora es Padre Tole Orel a quie recuerdo con cari\u00f1o.<br \/>\n<strong>Mario Horacio Ibarra<\/strong>: con Claudio Genga&#8230; Raul Arauz, Pucho Ibarra !!!Salas&#8230; Rody&#8230; ??<\/p>\n<p style=\"text-align: justify;\"><a href=\"http:\/\/www.proyectoallen.com.ar\/3\/wp-content\/uploads\/2012\/03\/c.jpg\"><img loading=\"lazy\" decoding=\"async\" class=\"aligncenter size-medium wp-image-1407\" title=\"c\" src=\"http:\/\/www.proyectoallen.com.ar\/3\/wp-content\/uploads\/2012\/03\/c-300x190.jpg\" alt=\"\" width=\"300\" height=\"190\" srcset=\"https:\/\/www.proyectoallen.com.ar\/3\/wp-content\/uploads\/2012\/03\/c-300x190.jpg 300w, https:\/\/www.proyectoallen.com.ar\/3\/wp-content\/uploads\/2012\/03\/c-250x158.jpg 250w, https:\/\/www.proyectoallen.com.ar\/3\/wp-content\/uploads\/2012\/03\/c.jpg 960w\" sizes=\"auto, (max-width: 300px) 100vw, 300px\" \/><\/a><\/p>\n<p style=\"text-align: justify;\"><strong>Mario Horacio Ibarra<\/strong>: Edgardo Martin,Luis Candia,Luis Otonello, Aldo Babaglio, Mario Ibarra.<br \/>\n<strong>Aldo Babaglio:<\/strong> Miguel Buscazzo, Luis Otonello y Daniel Salazar.<\/p>\n<p style=\"text-align: justify;\"><a href=\"http:\/\/www.proyectoallen.com.ar\/3\/wp-content\/uploads\/2012\/03\/d.jpg\"><img loading=\"lazy\" decoding=\"async\" class=\"aligncenter size-medium wp-image-1408\" title=\"d\" src=\"http:\/\/www.proyectoallen.com.ar\/3\/wp-content\/uploads\/2012\/03\/d-188x300.jpg\" alt=\"\" width=\"188\" height=\"300\" srcset=\"https:\/\/www.proyectoallen.com.ar\/3\/wp-content\/uploads\/2012\/03\/d-188x300.jpg 188w, https:\/\/www.proyectoallen.com.ar\/3\/wp-content\/uploads\/2012\/03\/d-250x398.jpg 250w, https:\/\/www.proyectoallen.com.ar\/3\/wp-content\/uploads\/2012\/03\/d.jpg 482w\" sizes=\"auto, (max-width: 188px) 100vw, 188px\" \/><\/a><\/p>\n<p style=\"text-align: justify;\"><strong>Silvia Anal\u00eda Jara:<\/strong> Mi padre Elido \u00abZurdo\u00bb Jara siempre contaba cuando eran chicos y jugaban al futbol usaban las columnas de la iglesia como arco y dos por tres le mandaban un pelotazo muy fuerte (en consecuencia era un gol) y le daba un terrible golpe a la puerta, entonces se terminaba el partido porque todos sal\u00edan corriendo ante el enojo del padre Elorrieta.<br \/>\n<strong>Flora Lamperti:<\/strong> l\u00e0stima !! ese edificio no solo tenia valor arquitectonico,sino que atesoraba ntros. casamientos,comuniones,bautismos&#8230;<\/p>\n<p style=\"text-align: justify;\"><a href=\"http:\/\/www.proyectoallen.com.ar\/3\/wp-content\/uploads\/2012\/03\/f.jpg\"><img loading=\"lazy\" decoding=\"async\" class=\"aligncenter size-medium wp-image-1409\" title=\"f\" src=\"http:\/\/www.proyectoallen.com.ar\/3\/wp-content\/uploads\/2012\/03\/f-300x185.jpg\" alt=\"\" width=\"300\" height=\"185\" srcset=\"https:\/\/www.proyectoallen.com.ar\/3\/wp-content\/uploads\/2012\/03\/f-300x185.jpg 300w, https:\/\/www.proyectoallen.com.ar\/3\/wp-content\/uploads\/2012\/03\/f-250x154.jpg 250w, https:\/\/www.proyectoallen.com.ar\/3\/wp-content\/uploads\/2012\/03\/f.jpg 960w\" sizes=\"auto, (max-width: 300px) 100vw, 300px\" \/><\/a><\/p>\n<p style=\"text-align: justify;\"><strong>Hilda Adriana Rodr\u00edguez:<\/strong> de izquierda a derecha paradas: Ester Fern\u00e1ndez de Gancedo, Marta Fern\u00e1ndez, ??, la Sra de Spadari Olga Velasco, Mumi Allende, Sra de Sarai creo, Perla Alonso, Teresita Ferreyra.<br \/>\n<strong>Fabiana Lamperti<\/strong>: Gloria Babaglio, Sra de Sigliuso, la Sra de Alonso. Tambien fueron mis maestras. Sii, un cari\u00f1o grande a todas y a c\/u de ellas .Que lindos recuerdos!!! que maestras!! cari\u00f1oooo&#8230;<\/p>\n<p style=\"text-align: justify;\"><strong>Agregamos:<\/strong> Seg\u00fan nos contaron la foto es de una cena por el D\u00eda del Maestro.<\/p>\n<p style=\"text-align: justify;\"><a href=\"http:\/\/www.proyectoallen.com.ar\/3\/wp-content\/uploads\/2012\/03\/g.jpg\"><img loading=\"lazy\" decoding=\"async\" class=\"aligncenter size-medium wp-image-1410\" title=\"g\" src=\"http:\/\/www.proyectoallen.com.ar\/3\/wp-content\/uploads\/2012\/03\/g-300x204.jpg\" alt=\"\" width=\"300\" height=\"204\" srcset=\"https:\/\/www.proyectoallen.com.ar\/3\/wp-content\/uploads\/2012\/03\/g-300x204.jpg 300w, https:\/\/www.proyectoallen.com.ar\/3\/wp-content\/uploads\/2012\/03\/g-250x170.jpg 250w, https:\/\/www.proyectoallen.com.ar\/3\/wp-content\/uploads\/2012\/03\/g.jpg 960w\" sizes=\"auto, (max-width: 300px) 100vw, 300px\" \/><\/a><\/p>\n<p style=\"text-align: justify;\"><strong>Edu Martinez:<\/strong> esta la tengo en casa la mascota de la cueva obviamente como a UNION ALEM PROGRESISTA le traia suerte! La Cueva campe\u00f3n con mi viejo de DT!!Los jugadores virulana , Roberts,\u00a0 Jose Skop, Toscana, Luisito Candia, Tapa , Edu Martinez, mascota jaja Eduardo Skop y el galleguito Martinez. DT Pulga.<br \/>\n<strong>Maria Cecilia Lanuque:<\/strong> jajajajajaj!!!! si!!!! es parecido a Laly!<br \/>\n<strong>Marcelo Campetella:<\/strong> Fot\u00f3n!<br \/>\n<strong>Vivi Escalzo:<\/strong> Me encanto esta foto tio!!!que flequillito, rolingaaa!!! jajajaj,subi mas si tenessss!!!!<br \/>\n<strong>Edu Martinez:<\/strong> sera por eso que siempre me gustaron los boliches !<br \/>\n<strong>Vivi Escalzo:<\/strong> Ahora echale la culpa a tu viejo!&#8230;ponele! jajajajjajaja<br \/>\n<strong>Edu Martinez<\/strong>: tambien es herencia y bolichear jugando a las bochas!! vo te pasa vivi!<br \/>\n<strong>Pablo Andres Zenker Skop:<\/strong> QUE FOTONNNNNNNNNNNN!!!!!!!!!!!!!!!!!!!!GENIAL.<br \/>\n<strong>Carlos Gabriel Rodr\u00edguez<\/strong>: \u00bf\u00bfQu\u00e9 equipo???? Un Maestro DT \u00abPulga Mart\u00ednez\u00bb. Torneo Nocturno con mucha convocatoria de padres.<br \/>\n<strong>Edu Martinez<\/strong>: \u200ePablo Andres Zenker Skop no tenes algunas de cuando salimos campeones con DIENTE DE ORO ??.<\/p>\n<p style=\"text-align: justify;\"><a href=\"http:\/\/www.proyectoallen.com.ar\/3\/wp-content\/uploads\/2012\/03\/h.jpg\"><img loading=\"lazy\" decoding=\"async\" class=\"aligncenter size-medium wp-image-1411\" title=\"h\" src=\"http:\/\/www.proyectoallen.com.ar\/3\/wp-content\/uploads\/2012\/03\/h-300x189.jpg\" alt=\"\" width=\"300\" height=\"189\" srcset=\"https:\/\/www.proyectoallen.com.ar\/3\/wp-content\/uploads\/2012\/03\/h-300x189.jpg 300w, https:\/\/www.proyectoallen.com.ar\/3\/wp-content\/uploads\/2012\/03\/h-250x157.jpg 250w, https:\/\/www.proyectoallen.com.ar\/3\/wp-content\/uploads\/2012\/03\/h.jpg 960w\" sizes=\"auto, (max-width: 300px) 100vw, 300px\" \/><\/a><\/p>\n<p style=\"text-align: justify;\"><strong>Graciela Bazaul:<\/strong> Qu\u00e9 buena foto!!! Hemosos!!!<br \/>\nSentados de izquierda a derecha: Susana Morales, Vilma del Pup, Nilda Garcia, Marta Martinez, Edith Giners, Viviana Isidori, Haid\u00e9e Scherner(creo que se escribe as\u00ed), Mar\u00eda Luz Rolle, Miri\u00e1n Alonso, Teresa Santamar\u00eda, Graciela Marzialletti, yo, Alicia Sierra y Mabel Pace. Parados de derecha a izquierda Osvaldo Diez, Ricardo Magran\u00e9, Daniel Svampa, Carlos Castro, Sergio del Brio, Hugo Sartore, Tom\u00e1s Orell, Rub\u00e9n Spieser, Osvaldo Garcia y adelante de todos Dante Boela.<br \/>\nPerd\u00f3n entre Haid\u00e9e Scherner y Miri\u00e1n Alonso est\u00e1 Ana de las Mercedes di Battista.<br \/>\n<strong>Mujeres Por Mujere<\/strong>s: Hermosa foto, que lindos est\u00e1n todosssss!!!!!!!!<br \/>\n<strong>Fabiana Lamperti:<\/strong> En el medio parado y se saco el gorro creo que es mi primo Daniel Svampa. ..<br \/>\n<strong>Gra Senn:<\/strong> \u00a1HERMOSO RECUERDOOOOO&#8230;..<\/p>\n<p style=\"text-align: justify;\"><a href=\"http:\/\/www.proyectoallen.com.ar\/3\/wp-content\/uploads\/2012\/03\/i.jpg\"><img loading=\"lazy\" decoding=\"async\" class=\"aligncenter size-medium wp-image-1412\" title=\"i\" src=\"http:\/\/www.proyectoallen.com.ar\/3\/wp-content\/uploads\/2012\/03\/i-300x186.jpg\" alt=\"\" width=\"300\" height=\"186\" srcset=\"https:\/\/www.proyectoallen.com.ar\/3\/wp-content\/uploads\/2012\/03\/i-300x186.jpg 300w, https:\/\/www.proyectoallen.com.ar\/3\/wp-content\/uploads\/2012\/03\/i-250x155.jpg 250w, https:\/\/www.proyectoallen.com.ar\/3\/wp-content\/uploads\/2012\/03\/i.jpg 960w\" sizes=\"auto, (max-width: 300px) 100vw, 300px\" \/><\/a><\/p>\n<p style=\"text-align: justify;\"><strong>Mabel Alicia Prieto<\/strong>: desde margen inferior izquierdo: Srta Juana Basaul, Dr. Paredes Lenzi, Ester Fernandez, Dr. Kantor, Luli Maggi, Tita Paolini, ?, Irene Ascencio, anteojos Dr. Kaplan,??, Sra Rima de Manzur, ??, Sr. Armando Resa y Florindo Bravo. No es el casamiento del Dr. Kantor sino la despedida de soltero y el lugar era el salon de Hotel Mayorca.<br \/>\n<strong>Elba Julia Erausque Calderon:<\/strong> \u200e!! Chichita que memoria&#8230;de los a\u00f1os 60&#8230;<\/p>\n<p style=\"text-align: justify;\"><a href=\"http:\/\/www.proyectoallen.com.ar\/3\/wp-content\/uploads\/2012\/03\/j.jpg\"><img loading=\"lazy\" decoding=\"async\" class=\"aligncenter size-medium wp-image-1413\" title=\"j\" src=\"http:\/\/www.proyectoallen.com.ar\/3\/wp-content\/uploads\/2012\/03\/j-300x206.jpg\" alt=\"\" width=\"300\" height=\"206\" srcset=\"https:\/\/www.proyectoallen.com.ar\/3\/wp-content\/uploads\/2012\/03\/j-300x206.jpg 300w, https:\/\/www.proyectoallen.com.ar\/3\/wp-content\/uploads\/2012\/03\/j-250x172.jpg 250w, https:\/\/www.proyectoallen.com.ar\/3\/wp-content\/uploads\/2012\/03\/j.jpg 960w\" sizes=\"auto, (max-width: 300px) 100vw, 300px\" \/><\/a><\/p>\n<p style=\"text-align: justify;\"><strong>Viviana Fasano<\/strong>: Buenisima!!!<br \/>\n<strong>Gorbachov Alfredo<\/strong>: epa que foto heeee<br \/>\n<strong>Julia Ines Olivera<\/strong>: Que linda Dorita!!! esa cara y esos rulos son inconfundibles.<br \/>\n<strong>Dora Rial:<\/strong> mi karma desde chiquita!!!!!<br \/>\n<strong>Julia Ines Olivera:<\/strong> Ojala me hubiese tocado ese Karma a mi !!! ja ja ja.<br \/>\n<strong>Millie Valle Jusino:<\/strong> Te reconoci!!!!!!!!! Un abrazote<br \/>\n<strong>Mabel Haneck:<\/strong> o sea &#8230;. ya van dos asados y a ninguno nos invitaron !!!!!!!!! ja ja. Hermosa foto !!!!!!!!!!!!!!!!.<br \/>\n<strong>Gladys Miguel:<\/strong> buenisima esta foto.. !!! jaja que chiquitos tan lindos !!!!<\/p>\n<p style=\"text-align: justify;\"><a href=\"http:\/\/www.proyectoallen.com.ar\/3\/wp-content\/uploads\/2012\/03\/548285_280476995377833_230052660420267_585692_500308900_n.jpg\"><img loading=\"lazy\" decoding=\"async\" class=\"aligncenter size-medium wp-image-1415\" title=\"548285_280476995377833_230052660420267_585692_500308900_n\" src=\"http:\/\/www.proyectoallen.com.ar\/3\/wp-content\/uploads\/2012\/03\/548285_280476995377833_230052660420267_585692_500308900_n-300x248.jpg\" alt=\"\" width=\"300\" height=\"248\" srcset=\"https:\/\/www.proyectoallen.com.ar\/3\/wp-content\/uploads\/2012\/03\/548285_280476995377833_230052660420267_585692_500308900_n-300x248.jpg 300w, https:\/\/www.proyectoallen.com.ar\/3\/wp-content\/uploads\/2012\/03\/548285_280476995377833_230052660420267_585692_500308900_n-250x206.jpg 250w, https:\/\/www.proyectoallen.com.ar\/3\/wp-content\/uploads\/2012\/03\/548285_280476995377833_230052660420267_585692_500308900_n.jpg 928w\" sizes=\"auto, (max-width: 300px) 100vw, 300px\" \/><\/a><\/p>\n<p style=\"text-align: justify;\"><strong>Hilda Adriana Rodr\u00edguez:<\/strong> Qu\u00e9 lindas!<br \/>\n<strong>Nelly Roberts:<\/strong> que buena foto<br \/>\n<strong>Stella Maris Imas<\/strong>: aca estoy tambien \ud83d\ude00 que lindos recuerdos!!!<br \/>\n<strong>Silvina Pane:<\/strong> Buena muy buena la foto!!!! Gracias por compartir tan lindos recuerdos!!!!<br \/>\n<strong>Ana Jaureguiberry:<\/strong> PENSAR QUE ERAN MUCHO MAS CHIQUITAS, CUANDO NOS REUNIAMOS EN LA CANCHA,,,MOMEMENTOS TAN FELICES BESOS A LAS 4&#8230;.<br \/>\n<strong>Chela Romero<\/strong>: que tiempos aquellos &#8230; divinas estan!<br \/>\n<strong>Irma Lopez<\/strong>: Que hermosa foto!!!!Ale y Silvina juntas en el basquet.Que lindos recuerdos!!!Siento una gran alegria!!!Mil gracias.<br \/>\n<strong>Marcela Cardenas:<\/strong> que chiquita estabas aca Silvi.<br \/>\n<strong>Alejandra Pane<\/strong>: Equipazo que lleg\u00f3 al Nacional en C\u00f3rdoba !!!!! TIEMBLA MANUUUU.<br \/>\n<strong>Gladys Alcaza<\/strong>r: que lindos recuerdos,me traen esa foto, gracias.<br \/>\n<strong>Maria Cristina Pepe:<\/strong> \u00a1\u00a1\u00a1QUE LINDAS EPOCAS!!!De las que tenemos los mejores recuerdos!!!!Si no me equivoco fue a fines de 1974 y era la despedida de Alejandra y Silvina que volv\u00edan a Necochea.Nos entrenaba Mabel Salusoglia, nuestra querida TITI!!!!!!!!!!!!!<\/p>\n","protected":false},"excerpt":{"rendered":"<p>Muchas de estas fotos carec\u00edan de datos. A travez del facebook logramos tener m\u00e1s informaci\u00f3n. Tu participaci\u00f3n es importante para recordar el momento inmortalizado en la im\u00e1gen y promover a contar alguna historia, an\u00e9cdota&#46;&#46;&#46;<\/p>\n","protected":false},"author":1,"featured_media":0,"comment_status":"open","ping_status":"open","sticky":false,"template":"","format":"standard","meta":{"ngg_post_thumbnail":0,"footnotes":""},"categories":[12],"tags":[],"class_list":["post-822","post","type-post","status-publish","format-standard","hentry","category-sabias"],"jetpack_featured_media_url":"","_links":{"self":[{"href":"https:\/\/www.proyectoallen.com.ar\/3\/index.php?rest_route=\/wp\/v2\/posts\/822","targetHints":{"allow":["GET"]}}],"collection":[{"href":"https:\/\/www.proyectoallen.com.ar\/3\/index.php?rest_route=\/wp\/v2\/posts"}],"about":[{"href":"https:\/\/www.proyectoallen.com.ar\/3\/index.php?rest_route=\/wp\/v2\/types\/post"}],"author":[{"embeddable":true,"href":"https:\/\/www.proyectoallen.com.ar\/3\/index.php?rest_route=\/wp\/v2\/users\/1"}],"replies":[{"embeddable":true,"href":"https:\/\/www.proyectoallen.com.ar\/3\/index.php?rest_route=%2Fwp%2Fv2%2Fcomments&post=822"}],"version-history":[{"count":38,"href":"https:\/\/www.proyectoallen.com.ar\/3\/index.php?rest_route=\/wp\/v2\/posts\/822\/revisions"}],"predecessor-version":[{"id":8390,"href":"https:\/\/www.proyectoallen.com.ar\/3\/index.php?rest_route=\/wp\/v2\/posts\/822\/revisions\/8390"}],"wp:attachment":[{"href":"https:\/\/www.proyectoallen.com.ar\/3\/index.php?rest_route=%2Fwp%2Fv2%2Fmedia&parent=822"}],"wp:term":[{"taxonomy":"category","embeddable":true,"href":"https:\/\/www.proyectoallen.com.ar\/3\/index.php?rest_route=%2Fwp%2Fv2%2Fcategories&post=822"},{"taxonomy":"post_tag","embeddable":true,"href":"https:\/\/www.proyectoallen.com.ar\/3\/index.php?rest_route=%2Fwp%2Fv2%2Ftags&post=822"}],"curies":[{"name":"wp","href":"https:\/\/api.w.org\/{rel}","templated":true}]}}