{"id":848,"date":"2012-03-13T00:25:02","date_gmt":"2012-03-13T00:25:02","guid":{"rendered":"http:\/\/proyectoallen.no-ip.org\/?p=848"},"modified":"2012-05-21T00:01:56","modified_gmt":"2012-05-21T00:01:56","slug":"mauricio-maucho-zenker","status":"publish","type":"post","link":"https:\/\/www.proyectoallen.com.ar\/3\/?p=848","title":{"rendered":"Mauricio \u201cMaucho\u201d Zenker"},"content":{"rendered":"<p style=\"text-align: justify;\"><em>Mauricio ten\u00eda 69 a\u00f1os cuando lo entrevistamos. Su nacimiento fue \u201caccidental\u201d, nos dice; sus padres ten\u00edan un negocio en las Lajas y justo estaban en Loncopu\u00e9 cuando Mauricio decidi\u00f3 venir a este mundo. Hombre activo y decidido, que so\u00f1aba con ser abogado pero opt\u00f3 por acompa\u00f1ar al amor de su vida, Luisa Skop, con quien andaba de novio. Volvieron a Allen se casaron y comenzaron una nueva vida juntos a cargo del negocio familiar, la hist\u00f3rica \u201cDiente de Oro\u201d.<!--more Seguir leyendo...--><\/em><\/p>\n<p style=\"text-align: justify;\">Ya desde la cuna, ubicada detr\u00e1s del mostrador, Mauricio acompa\u00f1aba a sus padres. Ellos ten\u00edan una tienda en Las Lajas y tambi\u00e9n hac\u00edan la temporada en las Termas de Copahue. \u201cMaucho\u201d, como muchos lo conocen, recuerda que sus padres vinieron a la regi\u00f3n antes de la Segunda Guerra Mundial, en los a\u00f1os 20, desde Rumania. Se llamaban Ramil Zenker y Maria Rodensky y se instalaron en la zona norte de Neuquen donde hist\u00f3ricamente se desarrollaba un activo comercio con Chile; la zona del Alto Valle, le dec\u00eda su padre a \u201cMaucho\u201d, no era todav\u00eda promisoria as\u00ed que decidieron instalarse en Las Lajas y, m\u00e1s tarde, en Gral. Roca.<\/p>\n<p style=\"text-align: justify;\">\u201c\u00c9ramos cuatro hermanos y mis padres buscaban un futuro mejor, otros horizontes, no ten\u00edan una gran cultura pero siempre buscaban lo mejor para la familia. En los a\u00f1os 50\u2019 nos fuimos a Buenos Aires, un deseo que ten\u00eda mi mam\u00e1 a quien le encantaba la capital\u2026 all\u00ed termin\u00e9 el secundario. Pero debimos volver a Roca pues el negocio que ten\u00edan en all\u00ed se qued\u00f3 sin encargado. As\u00ed fue que nos volvimos, vendieron todo y nuevamente volvimos a Buenos Aires. Luego de terminar el secundario comenc\u00e9 la universidad, estudiando abogac\u00eda y trabajando en un estudio jur\u00eddico. En tiempos del secundario conoc\u00ed a Luisita, que tambi\u00e9n se hab\u00eda ido a estudiar a Buenos Aires Farmacia y Bioquimica. Comenzamos el noviazgo pero un d\u00eda nos avisan que su pap\u00e1 estaba muy mal y que alguien ten\u00eda que encargarse del negocio\u201d, recuerda Mauricio.<\/p>\n<p style=\"text-align: justify;\"><strong>Seg\u00fan el Libro del Centenario: Allen 1910 \u2013 2010, <em>en 1925\u00a0 Mois\u00e9s y Le\u00f3n Schuvaks eran comerciantes que recorr\u00edan las chacras con su mercanc\u00eda, luego establecieron una tienda llamada Diente de Oro en una de las propiedades de los hermanos Oscar, Bernardino y Basilio Alonso. La tienda ten\u00eda varias sucursales:<\/em> Cipolletti, Neuqu\u00e9n, Gral. Roca, Huergo, Villa Regina y Capital\u00a0Federal, tambi\u00e9n, ten\u00eda una oficina de compras en la Capital, pero Allen era la Casa Central. <em>Seg\u00fan el Informe de la Direcci\u00f3n de Tierras, Inspecci\u00f3n General de 1924 \u2013 1929 (AHRN), Jos\u00e9 Scop (sic) en 1929 gestionaba su pedido del solar D de la manzana 12. Jos\u00e9 con el tiempo qued\u00f3 como encargado de la tienda, ubicada en la calle central (actual Tom\u00e1s Orell)<\/em><a title=\"\" href=\"#_ftn1\"><strong>[1]<\/strong><\/a><em>.\u00a0 <\/em><\/strong><\/p>\n<div id=\"attachment_1614\" style=\"width: 440px\" class=\"wp-caption aligncenter\"><a href=\"http:\/\/www.proyectoallen.com.ar\/3\/wp-content\/uploads\/2012\/03\/tienda-final-Medium.jpg\"><img loading=\"lazy\" decoding=\"async\" aria-describedby=\"caption-attachment-1614\" class=\" wp-image-1614  \" title=\"tienda final (Medium)\" src=\"http:\/\/www.proyectoallen.com.ar\/3\/wp-content\/uploads\/2012\/03\/tienda-final-Medium-1024x651.jpg\" alt=\"\" width=\"430\" height=\"274\" srcset=\"https:\/\/www.proyectoallen.com.ar\/3\/wp-content\/uploads\/2012\/03\/tienda-final-Medium-1024x651.jpg 1024w, https:\/\/www.proyectoallen.com.ar\/3\/wp-content\/uploads\/2012\/03\/tienda-final-Medium-300x190.jpg 300w, https:\/\/www.proyectoallen.com.ar\/3\/wp-content\/uploads\/2012\/03\/tienda-final-Medium-250x159.jpg 250w, https:\/\/www.proyectoallen.com.ar\/3\/wp-content\/uploads\/2012\/03\/tienda-final-Medium.jpg 1207w\" sizes=\"auto, (max-width: 430px) 100vw, 430px\" \/><\/a><p id=\"caption-attachment-1614\" class=\"wp-caption-text\">\u201cTe describo la foto de derecha a izquierda: Detr\u00e1s de la vieja registradora se encuentra la que fue esposa de Bellegia, era de apellido Mart\u00ednez, en ese momento era cajera. Detr\u00e1s del mostrador, sobre la escalera de madera Fidencio Iraira (fallecido), al fondo Ivanover Ar\u00e9valo, el m\u00e1s bajito y el alto es Pompilio Lamela. A la izquierda est\u00e1 Marta Manzur, mi mam\u00e1 Brana Dygola, mi hermano Isaac, don Jos\u00e9 Skop, mi pap\u00e1 y yo. En las viejas estanter\u00edas, arriba, al fondo, se observan valijas (en esa \u00e9poca eran de cart\u00f3n, con refuerzos de madera. Le siguen hacia la derecha cajas de zapatos y bajando hay pantalones. M\u00e1s abajo estaban las alpargatas de suela de yute, que yo a los 6 a\u00f1os tenia la responsabilidad de acomodar por orden num\u00e9rico. Sobre el extremo izquierdo hay dos grandes estanter\u00edas llenas de sombreros y gorras. Adelante en una vitrina de vidrio bajita se ven cintas y cosas de mercer\u00eda, tambi\u00e9n relojes. Fidencio est\u00e1 acomodando telas. Creo que esta foto es del a\u00f1o1952 o 53\u201d. Luisita Skop de Zenker.<\/p><\/div>\n<p style=\"text-align: justify;\"><em>\u201cMaucho\u201d nos cuenta que el nombre se debe a que el apellido de los hermanos Schuvaks era muy dif\u00edcil de pronunciar para los lugare\u00f1os y como ten\u00edan una dentadura con alg\u00fan diente de oro, le dec\u00edan los \u201cdientes de oro\u201d. As\u00ed, luego, se decidi\u00f3 este nombre como denominaci\u00f3n de fantas\u00eda para la tienda.\u00a0 Jos\u00e9 estaba casado con Brana<\/em><em> <\/em><em>Dygola eran polacos que llegaron a la regi\u00f3n en 1921 o 1922 y compraron la tienda.<\/em><\/p>\n<p style=\"text-align: justify;\"><em><strong>\u201cMi abuelo <\/strong><\/em><strong><em>Jos\u00e9 y mi abuela Brana hab\u00edan nacido en el mismo pueblo, Dobzyn,\u00a0 Polonia. Mi abuela s\u00ed era polaca pero mi abuelo era ucraniano pero era por esas cosas que, cuando estaban aburridos los rusos (al igual que los alemanes) lo primero que hac\u00edan era\u00a0invadir Polonia\u201d (Jos\u00e9 \u201cPunchi\u201d Zenker, 2010).<em><\/em><\/em><\/strong><\/p>\n<p style=\"text-align: justify;\"><em>\u00a0\u00a0\u00a0\u00a0\u00a0\u00a0 Jos\u00e9 un d\u00eda se enferm\u00f3, era muy joven, ten\u00eda 56 a\u00f1os y \u201cdespu\u00e9s de mucho pensar con Luisita, nos venimos<\/em> en el 59. Fue una decisi\u00f3n dif\u00edcil, nos gustaba lo estudi\u00e1bamos. No quer\u00edamos volver, nos gustaba lo que hac\u00edamos, yo ten\u00eda trabajo y me gustaba. Pero Luisa me dice que ella se volv\u00eda, que era muy triste tener que vender todo. Ella es el amor de mi vida as\u00ed que me fui con ella\u2026 ya ten\u00edamos un proyecto en com\u00fan, hasta pens\u00e1bamos tener 36 hijos!! (empezamos pero llegamos solo a 3 nom\u00e1s). La mam\u00e1 de Luisa viv\u00eda ac\u00e1 en Allen y hab\u00eda que acompa\u00f1arla. Nosotros nos instalamos detr\u00e1s del negocio, en la propiedad de los Alonso, que eran chacareros y ten\u00edan su chacra cerca del rio a la izquierda de la de Coco Ortega. El negocio no estaba donde est\u00e1 ahora sino donde hoy est\u00e1 Rastalien. Allen fue la \u00fanica sucursal que qued\u00f3, las otras cerraron, la de Neuqu\u00e9n estaba en donde est\u00e1 Sportman \u2013 Suixtil, la de Roca en Tucum\u00e1n y Belgrano\u2026 todas desaparecieron. Nuestra sucursal es decana en el sur argentino, con vida ininterrumpida. Fue muy duro volver, la enfermedad del pap\u00e1 de Luisita fue dif\u00edcil, no se lo pudo trasladar a Buenos aires para tratar su enfermedad porque estaba muy mal. Luego de su muerte hubo que comenzar a remontar, \u00e9ramos muy j\u00f3venes, nos casamos en Gral. Roca un 31 de octubre de 1959 y empezamos a con este nuevo proyecto que no hab\u00edamos pensado\u201d.<\/p>\n<p style=\"text-align: justify;\">Desde 1959 hasta 1975 mantuvieron el negocio en la propiedad de los hermanos Alonso con quienes ten\u00edan un contrato \u201cde palabra\u201d. Luego compraron a Rosita Severini de Pires<a title=\"\" href=\"#_ftn2\">[2]<\/a>, la due\u00f1a del Cine Lisboa, que al morir su marido Alberto Pires, qued\u00f3 con la propiedad de los Pires. \u201cEl Lisboa era de Alberto Pires y de sus hermanos, Cholo, Pepe y Chola, la mama de Tito Morales. Nosotros no nos quer\u00edamos ir de la cuadra y un d\u00eda veo a Rosita, le digo que quer\u00eda comprarle y me dice \u00a0que s\u00ed. Ella es una gran mujer\u2026 quer\u00eda volver a la chacra despu\u00e9s que muri\u00f3 su marido pues ten\u00eda sus ni\u00f1os muy peque\u00f1os, as\u00ed que nos vendi\u00f3. Eran los a\u00f1os 70 y comenzamos edificar en 73. Primero el local y despu\u00e9s nos mudamos tambi\u00e9n a vivir, fuimos terminando todo de a poco. Isaac Skop, mi cu\u00f1ado, hizo todo, era muy emprendedor, primero me hizo comprar ladrillos y luego empez\u00f3 por su cuenta, de a poco. Con Luisa hicieron muchos proyectos hasta que se pusieron de acuerdo. En 2 a\u00f1os ya est\u00e1bamos viviendo ac\u00e1, fue dif\u00edcil pero Allen nos ayud\u00f3 porque, gracias a nuestro clientes, logramos todo lo que tenemos\u201d.<\/p>\n<p style=\"text-align: justify;\">\u201cMaucho\u201d recuerda que siendo peque\u00f1o, entre figuritas y bolitas, comenz\u00f3 la actividad deportiva. \u201cMe gustaba correr, hac\u00eda atletismo, salto en largo, carrera y\u2026 tenis, mi pasi\u00f3n\u201d. Comenz\u00f3 a jugar cuando dej\u00f3 de fumar: \u201ctenia ese peque\u00f1o vicio, no fumaba mucho pero iba al club a jugar a las cartas, tom\u00e1bamos caf\u00e9 y fum\u00e1bamos alg\u00fan cigarrillo. El Club Uni\u00f3n estaba en la esquina (hoy Banco Naci\u00f3n) y un d\u00eda esperando una mesa de juego, me invitan a jugar pero me demoro esperando el caf\u00e9. Cuando llego con mi caf\u00e9 a medio terminar ya todos estaban ah\u00ed, fumando y jugando, as\u00ed que me volv\u00ed a mi casa y le dije a Luisa que quer\u00eda dejar de fumar. En esa \u00e9poca comenzamos a ir al Club Santafecino, del que \u00e9ramos socios, all\u00ed me invitaron a jugar al tenis y ya no lo dej\u00e9 m\u00e1s. Todav\u00eda juego unas 3 veces por semana, si sale alg\u00fan partido, ah\u00ed estoy listo!. Tengo a \u2018mi\u00a0 brazo derecho\u201d, mi esposa Luisita que me ayuda, se queda en el negocio cuando vos a jugar, ella es mi gran amor que se fue fortaleciendo con los a\u00f1os, con amor, cari\u00f1o, mejorando. Ella est\u00e1 en la comisi\u00f3n de ALCO, cada uno tiene sus tiempos, sus cosas por hacer, es reciproco, llevamos casi 50 a\u00f1os de casados, con 3 hijos y 11 nietos!!\u201d dice Maucho sonriente .<\/p>\n<p style=\"text-align: justify;\">La pol\u00edtica tambi\u00e9n le gustaba desde muy joven \u201cpero vi muchas cosas que hicieron que me volcara a otras cosas, vinieron nuestros hermoso bebes y comenc\u00e9 a participar en comisiones, en C\u00e1mara de Comercio, donde soy socio fundador y el 1\u00b0 Secretario de actas, tambi\u00e9n en la C\u00e1mara Junior, un grupo con quienes a\u00fan me veo, y despu\u00e9s, en el deporte, mi gran pasi\u00f3n. Casi 30 a\u00f1os en Comisiones Directivas, como Presidente, en\u00a0 Subcomisiones de tenis, de b\u00e1squet, pileta\u2026 Me gustaban m\u00e1s las Subcomisiones porque, como en la pol\u00edtica, en una Comisi\u00f3n Directiva te encontras con conductores con los que no acordaba, que generalmente imped\u00edan hacer cosas, en cambio trabajar en Subcomisiones era mejor. El problema en los clubes fu\u00e9 futbol profesional, no hab\u00eda forma de poner un ladrillo sobre otro con fondos genuinos, con las cuotas, entonces ve\u00eda que era in\u00fatil, Boca y River, dije siempre, van a terminar fundidos por el futbol profesional porque no se llega a buen t\u00e9rmino. Mas en los clubes como Uni\u00f3n, que el gasto no permite que sea \u00fatil socialmente, no se puede amalgamar a una masa societaria que busca en el club un lugar para divertirse pero se aboca todo el dinero al futbol. Yo con Jos\u00e9 Lu\u00eds L\u00f3pez de Arcaute, vend\u00edamos rifas por las chacras, en la esquina de los Bancos solo para salvar el rojo que dejaba el f\u00fatbol. \u00c9ramos muy resistidos, \u00a0como separatistas vascos, porque manten\u00edamos una coherencia, no se pod\u00eda trabajar as\u00ed mal gastando el dinero, yo respeto al jugador profesional pero\u00a0 no se pod\u00eda, hab\u00eda que decir basta, no contraer compromisos de antemano para no poderlos cumplir despu\u00e9s, era un desprop\u00f3sito. Despu\u00e9s ven\u00edan a cobrar los jugadores y no se les pod\u00edan cumplir, les dec\u00eda, bueno jueguen, ah\u00ed est\u00e1 la camiseta, los botines, les pagamos los viajes para ir a jugar\u2026 me he peleado mucho con jugadores pero no pod\u00edamos mas as\u00ed que, qu\u00e9 contin\u00fae el que quiera y el que no\u2026 Algo cambio, el Club aun tienen muchos problemas y quienes lo resuelven son las subcomisiones que hace su aporte, su gran trabajo poniendo su granito de arena, las subcomisiones son la vertiente de donde vive el club. Muchos dec\u00edan que iban a poner dinero para el futbol pero despu\u00e9s, nada\u201d.<\/p>\n<p style=\"text-align: justify;\">El Club del que habla es Uni\u00f3n Alem Progresista, all\u00ed hab\u00edan canchas de tenis pero un d\u00eda las cerraron. Fue \u201cun peque\u00f1o gran dolor, pero cumplieron su ciclo pero despu\u00e9s se hizo algo mejor, que es Sociedad Italiana. En Uni\u00f3n \u00edbamos a jugar en un piso cada vez peor y pon\u00edamos dinero para arreglarlo y nada, primero estaba el f\u00fatbol que se llevaba todo as\u00ed que los que jug\u00e1bamos al tenis all\u00ed nos fuimos a Sociedad Italiana, se hizo un gran trabajo. Yo conforme Comisiones all\u00ed tambi\u00e9n\u201d.<\/p>\n<p style=\"text-align: justify;\">Sus recuerdos lo llevan a aquel pueblo de calles de tierras que un d\u00eda, con en la construcci\u00f3n del asfalto, dio \u201cotro aspecto a Allen, fue durante la Intendencia de \u2018negro\u2019 Ramasco, que fue uno de los intendentes mas emprendedores que tuvimos. Trabajaba mi cu\u00f1ado Isaac, que tambi\u00e9n era muy inquieto. Me acuerdo que una vez nos contaron que un d\u00eda, en la ruta, frente a su chacra, se rompi\u00f3 un auto. Iba un hombre con su familia e Isaac los llev\u00f3 a su casa, les dio de comer, trajo a un mec\u00e1nico y como el auto estaba fundido le dio dinero al hombre para poder volverse. Fue unos meses antes de que falleciera. Resulta que, ese hombre le vino a devolver el dinero prestado pero \u00e9l le dijo que no, que ahora \u00e9l ten\u00eda que hacer lo mismo, \u2018usted solucion\u00f3 su problema, espero que haga lo mismo cuando alguien tenga un problema\u2019. Nos lo cont\u00f3 una persona a la que se lo cont\u00f3 este hombre cuando se enter\u00f3 que Isaac hab\u00eda muerto. Ten\u00eda 52 a\u00f1os, muy joven, fue muy triste para nosotros\u2026\u201d, recuerda \u201cMaucho\u201d muy emocionado.<\/p>\n<p style=\"text-align: justify;\">Nos despedimos entre otros recuerdos y an\u00e9cdotas que servir\u00e1n para reconstruir la historia de Allen, le decimos que cuando pueda ingrese a nuestra p\u00e1gina ya que, como nos dijo, est\u00e1 incursionando en esto de la \u201cinternet\u201d pues \u201ccomo dec\u00eda mi madre, para no morir tonto\u201d hay que seguir aprendiendo y agrega: \u201cCreo que te he contado nuestras vidas, ojala sirvan mis palabras, en buena hora, porque Allen se lo merece\u201d.<\/p>\n<p><a href=\"http:\/\/www.proyectoallen.com.ar\/3\/wp-content\/uploads\/2012\/03\/maucho.jpg\"><img loading=\"lazy\" decoding=\"async\" class=\"aligncenter  wp-image-1163\" title=\"maucho\" src=\"http:\/\/www.proyectoallen.com.ar\/3\/wp-content\/uploads\/2012\/03\/maucho-300x199.jpg\" alt=\"\" width=\"448\" height=\"297\" srcset=\"https:\/\/www.proyectoallen.com.ar\/3\/wp-content\/uploads\/2012\/03\/maucho-300x199.jpg 300w, https:\/\/www.proyectoallen.com.ar\/3\/wp-content\/uploads\/2012\/03\/maucho-250x166.jpg 250w, https:\/\/www.proyectoallen.com.ar\/3\/wp-content\/uploads\/2012\/03\/maucho.jpg 507w\" sizes=\"auto, (max-width: 448px) 100vw, 448px\" \/><\/a><\/p>\n<div><br clear=\"all\" \/><\/p>\n<hr align=\"left\" size=\"1\" width=\"33%\" \/>\n<div>\n<p><a title=\"\" href=\"#_ftnref1\">[1]<\/a> <strong>Mas data en <a href=\"http:\/\/www.proyectoallen.com.ar\/3\/?page_id=10\">Libro del Centenario<\/a><\/strong><\/p>\n<\/div>\n<div>\n<p><a title=\"\" href=\"#_ftnref2\">[2]<\/a> <strong>Ver <a href=\"http:\/\/www.proyectoallen.com.ar\/3\/?cat=9\">Secci\u00f3n Historias de Vida.<\/a><\/strong><\/p>\n<\/div>\n<\/div>\n","protected":false},"excerpt":{"rendered":"<p>Mauricio ten\u00eda 69 a\u00f1os cuando lo entrevistamos. Su nacimiento fue \u201caccidental\u201d, nos dice; sus padres ten\u00edan un negocio en las Lajas y justo estaban en Loncopu\u00e9 cuando Mauricio decidi\u00f3 venir a este mundo. Hombre&#46;&#46;&#46;<\/p>\n","protected":false},"author":1,"featured_media":0,"comment_status":"open","ping_status":"open","sticky":false,"template":"","format":"standard","meta":{"ngg_post_thumbnail":0,"footnotes":""},"categories":[9],"tags":[],"class_list":["post-848","post","type-post","status-publish","format-standard","hentry","category-historias_de_vida"],"jetpack_featured_media_url":"","_links":{"self":[{"href":"https:\/\/www.proyectoallen.com.ar\/3\/index.php?rest_route=\/wp\/v2\/posts\/848","targetHints":{"allow":["GET"]}}],"collection":[{"href":"https:\/\/www.proyectoallen.com.ar\/3\/index.php?rest_route=\/wp\/v2\/posts"}],"about":[{"href":"https:\/\/www.proyectoallen.com.ar\/3\/index.php?rest_route=\/wp\/v2\/types\/post"}],"author":[{"embeddable":true,"href":"https:\/\/www.proyectoallen.com.ar\/3\/index.php?rest_route=\/wp\/v2\/users\/1"}],"replies":[{"embeddable":true,"href":"https:\/\/www.proyectoallen.com.ar\/3\/index.php?rest_route=%2Fwp%2Fv2%2Fcomments&post=848"}],"version-history":[{"count":12,"href":"https:\/\/www.proyectoallen.com.ar\/3\/index.php?rest_route=\/wp\/v2\/posts\/848\/revisions"}],"predecessor-version":[{"id":1737,"href":"https:\/\/www.proyectoallen.com.ar\/3\/index.php?rest_route=\/wp\/v2\/posts\/848\/revisions\/1737"}],"wp:attachment":[{"href":"https:\/\/www.proyectoallen.com.ar\/3\/index.php?rest_route=%2Fwp%2Fv2%2Fmedia&parent=848"}],"wp:term":[{"taxonomy":"category","embeddable":true,"href":"https:\/\/www.proyectoallen.com.ar\/3\/index.php?rest_route=%2Fwp%2Fv2%2Fcategories&post=848"},{"taxonomy":"post_tag","embeddable":true,"href":"https:\/\/www.proyectoallen.com.ar\/3\/index.php?rest_route=%2Fwp%2Fv2%2Ftags&post=848"}],"curies":[{"name":"wp","href":"https:\/\/api.w.org\/{rel}","templated":true}]}}