{"id":8538,"date":"2016-11-25T05:23:23","date_gmt":"2016-11-25T05:23:23","guid":{"rendered":"http:\/\/www.proyectoallen.com.ar\/3\/?p=8538"},"modified":"2016-11-25T21:08:41","modified_gmt":"2016-11-25T21:08:41","slug":"15-cosas-que-no-sabias-de-la-vuelta-al-valle","status":"publish","type":"post","link":"https:\/\/www.proyectoallen.com.ar\/3\/?p=8538","title":{"rendered":"15 curiosidades que seguro no sab\u00edas de la Vuelta al Valle"},"content":{"rendered":"<p>La constancia y el trabajo minucioso de las personas facilita la preservaci\u00f3n de los hechos que nutren la historia. <strong>Libros como el editado por Ignacio Tort<\/strong> sobre la \u00abVuelta al Valle\u00bb son ejemplo de eso. Gracias a \u00e9l podemos volver en el tiempo, a los comienzos de una competencia que apasiona a allenses y visitantes, de generaci\u00f3n en generaci\u00f3n. <\/p>\n<p>Salir a <strong>ver el paso de los ciclistas al patio de la escuela<\/strong>, correr de la mano de nuestra madre que dej\u00f3 la comida en el horno con tal de no perderse la llegada o gritar a pulm\u00f3n desde las veredas de la plazoleta para alentar, son recuerdos que a los seguidores de las carreras nos ponen la piel de pollo. Y nos hacen querer volver a verla, cada mes de noviembre, aunque nos insolemos o lleguemos tarde al trabajo. <\/p>\n<p>An\u00e9cdotas aparte, <strong>rescatamos de la cr\u00f3nica comentada de Tort 15 curiosidades<\/strong> para conocer m\u00e1s a fondo las fibras del \u00abGran Premio\u00bb. Repas\u00e1las con nosotros: <\/p>\n<p><a href=\"http:\/\/www.proyectoallen.com.ar\/3\/wp-content\/uploads\/2016\/11\/gran-premio-ciclista546547.jpg\"><img loading=\"lazy\" decoding=\"async\" src=\"http:\/\/www.proyectoallen.com.ar\/3\/wp-content\/uploads\/2016\/11\/gran-premio-ciclista546547.jpg\" alt=\"gran-premio-ciclista546547\" width=\"904\" height=\"588\" class=\"alignnone size-full wp-image-8539\" srcset=\"https:\/\/www.proyectoallen.com.ar\/3\/wp-content\/uploads\/2016\/11\/gran-premio-ciclista546547.jpg 904w, https:\/\/www.proyectoallen.com.ar\/3\/wp-content\/uploads\/2016\/11\/gran-premio-ciclista546547-300x195.jpg 300w, https:\/\/www.proyectoallen.com.ar\/3\/wp-content\/uploads\/2016\/11\/gran-premio-ciclista546547-250x163.jpg 250w\" sizes=\"auto, (max-width: 904px) 100vw, 904px\" \/><\/a><\/p>\n<p>&#8211; Don Gregorio Ramos, empleado de la empresa Nacional de Irrigaci\u00f3n, fue<strong> el primer mec\u00e1nico del pueblo dedicado a las bicicletas<\/strong>. All\u00e1 por 1925 las reparaba en un peque\u00f1o galponcito que pose\u00eda en el fondo de su casa, ubicada en calle Libertad (hoy Yrigoyen) y Espa\u00f1a. A pedido de sus escasos clientes por ese entonces, solicitaba los repuestos a proveedores de Capital Federal.<br \/>\nEn ese galponcito inici\u00f3 su actividad Arrigo Cecchi cuando lleg\u00f3 de Italia, uno de los fundadores de la Vuelta.<\/p>\n<p>&#8211; El Gran Premio fue <strong>la primer carrera de grandes distancias<\/strong> que se organiz\u00f3 en la zona, en 1944. Hasta ese entonces las competencias se reduc\u00edan a recorridos de poco kilometraje en circuitos pueblerinos o carreras de ruta que nunca llegaban a m\u00e1s de 50 kil\u00f3metros.<\/p>\n<div id=\"attachment_8559\" style=\"width: 970px\" class=\"wp-caption alignnone\"><a href=\"http:\/\/www.proyectoallen.com.ar\/3\/wp-content\/uploads\/2016\/11\/ciclismo-vuelta-al-valle564564766344.jpg\"><img loading=\"lazy\" decoding=\"async\" aria-describedby=\"caption-attachment-8559\" src=\"http:\/\/www.proyectoallen.com.ar\/3\/wp-content\/uploads\/2016\/11\/ciclismo-vuelta-al-valle564564766344.jpg\" alt=\"El legendario &quot;Gamo Patag\u00f3nico&quot;, Pedro Segundo Oss\u00e9s, siete veces ganador del Gran Premio.\" width=\"960\" height=\"807\" class=\"size-full wp-image-8559\" srcset=\"https:\/\/www.proyectoallen.com.ar\/3\/wp-content\/uploads\/2016\/11\/ciclismo-vuelta-al-valle564564766344.jpg 960w, https:\/\/www.proyectoallen.com.ar\/3\/wp-content\/uploads\/2016\/11\/ciclismo-vuelta-al-valle564564766344-300x252.jpg 300w, https:\/\/www.proyectoallen.com.ar\/3\/wp-content\/uploads\/2016\/11\/ciclismo-vuelta-al-valle564564766344-250x210.jpg 250w\" sizes=\"auto, (max-width: 960px) 100vw, 960px\" \/><\/a><p id=\"caption-attachment-8559\" class=\"wp-caption-text\">El legendario \u00abGamo Patag\u00f3nico\u00bb, Pedro Segundo Oss\u00e9s, siete veces ganador del Gran Premio.<\/p><\/div>\n<p>&#8211; As\u00ed como actualmente noviembre es el mes por excelencia para la prueba, <strong>la primera vez que se la corri\u00f3 fue a mediados de octubre<\/strong>: el s\u00e1bado 14 (Allen \u2013 Villa Regina \u2013 Allen) y el domingo 15  de octubre de 1944 (vuelta hasta Centenario). Finalizada la prueba, actu\u00f3 la Banda de M\u00fasica Municipal.<\/p>\n<p>&#8211; En los comienzos las bicicletas que se usaban contaban con <strong>una sola corona y un solo pi\u00f1\u00f3n<\/strong>. No exist\u00edan ni el cambio de velocidades ni los tubulares. En vez de cascos aerodin\u00e1micos se usaban gorras de tela. Los nuevos metales reemplazaron con el tiempo al hierro y al acero.<\/p>\n<p>&#8211; La <strong>Asociaci\u00f3n Italiana<\/strong> fue la encargada de la fiscalizaci\u00f3n de la actividad por muchos a\u00f1os, por ser la \u00fanica en la zona afiliada a la Federaci\u00f3n Cicl\u00edstica Argentina. <\/p>\n<p>&#8211; <strong>22 fueron apenas los corredores<\/strong> que protagonizaron la primera edici\u00f3n. Hoy es habitual que superen los 160 inscriptos. <\/p>\n<p><a href=\"http:\/\/www.proyectoallen.com.ar\/3\/wp-content\/uploads\/2016\/11\/ciclismo-vuelta-al-valle564564768886.jpg\"><img loading=\"lazy\" decoding=\"async\" src=\"http:\/\/www.proyectoallen.com.ar\/3\/wp-content\/uploads\/2016\/11\/ciclismo-vuelta-al-valle564564768886.jpg\" alt=\"ciclismo-vuelta-al-valle564564768886\" width=\"550\" height=\"377\" class=\"alignnone size-full wp-image-8552\" srcset=\"https:\/\/www.proyectoallen.com.ar\/3\/wp-content\/uploads\/2016\/11\/ciclismo-vuelta-al-valle564564768886.jpg 550w, https:\/\/www.proyectoallen.com.ar\/3\/wp-content\/uploads\/2016\/11\/ciclismo-vuelta-al-valle564564768886-300x206.jpg 300w, https:\/\/www.proyectoallen.com.ar\/3\/wp-content\/uploads\/2016\/11\/ciclismo-vuelta-al-valle564564768886-250x171.jpg 250w\" sizes=\"auto, (max-width: 550px) 100vw, 550px\" \/><\/a><\/p>\n<p>&#8211; El <strong>recorrido de las primeras ediciones era de tierra<\/strong>, afirmada con ripio (pedregullo, canto rodado, basalto), algo que dejaba irreconocibles de suciedad a deportistas, auxilios y dirigentes. Fue as\u00ed hasta 1954, cuando se empezaron a habilitar tramos de asfalto. Se lleg\u00f3 hasta lugares como Plaza Huincul, Cutral C\u00f3, Bah\u00eda Blanca, San Mart\u00edn de los Andes, provincia de Buenos Aires y Capital Federal.<\/p>\n<p>&#8211; Como si fuera poco, la exigencia lleg\u00f3 a extenderse en 12 y<strong> hasta 17 etapas<\/strong>, como en el caso de las Bodas de Plata de la competencia.<\/p>\n<p><a href=\"http:\/\/www.proyectoallen.com.ar\/3\/wp-content\/uploads\/2016\/11\/ciclismo-vuelta-al-valle56456476611.jpg\"><img loading=\"lazy\" decoding=\"async\" src=\"http:\/\/www.proyectoallen.com.ar\/3\/wp-content\/uploads\/2016\/11\/ciclismo-vuelta-al-valle56456476611.jpg\" alt=\"ciclismo-vuelta-al-valle56456476611\" width=\"960\" height=\"595\" class=\"alignnone size-full wp-image-8553\" srcset=\"https:\/\/www.proyectoallen.com.ar\/3\/wp-content\/uploads\/2016\/11\/ciclismo-vuelta-al-valle56456476611.jpg 960w, https:\/\/www.proyectoallen.com.ar\/3\/wp-content\/uploads\/2016\/11\/ciclismo-vuelta-al-valle56456476611-300x186.jpg 300w, https:\/\/www.proyectoallen.com.ar\/3\/wp-content\/uploads\/2016\/11\/ciclismo-vuelta-al-valle56456476611-250x155.jpg 250w\" sizes=\"auto, (max-width: 960px) 100vw, 960px\" \/><\/a><\/p>\n<p>&#8211; Avanzada la tecnolog\u00eda y frente a las importantes distancias de cada etapa, la estrategia con la prensa era <strong>pasar los datos por tel\u00e9fono<\/strong>, como en el caso de la cordillera, donde \u00e9ste funcionada s\u00f3lo hasta una cierta hora.<\/p>\n<p>&#8211; Transcurridas los primeras ediciones y hasta 1966 los ciclistas <strong>evitaban usar el dorsal N\u00b0 13<\/strong> por miedo a la mala suerte.<\/p>\n<p>&#8211; Durante muchas ediciones <strong>una damajuana inmensa de vinos \u00abMillac\u00f3\u00bb <\/strong>fue un s\u00edmbolo de la carrera. Cargada en la camioneta del jefe de ruta Gino Santarelli, su presencia anunciaba el paso de la caravana.<\/p>\n<p><a href=\"http:\/\/www.proyectoallen.com.ar\/3\/wp-content\/uploads\/2016\/11\/ciclismo-vuelta-al-valle5645647665.jpg\"><img loading=\"lazy\" decoding=\"async\" src=\"http:\/\/www.proyectoallen.com.ar\/3\/wp-content\/uploads\/2016\/11\/ciclismo-vuelta-al-valle5645647665.jpg\" alt=\"ciclismo-vuelta-al-valle5645647665\" width=\"550\" height=\"354\" class=\"alignnone size-full wp-image-8554\" srcset=\"https:\/\/www.proyectoallen.com.ar\/3\/wp-content\/uploads\/2016\/11\/ciclismo-vuelta-al-valle5645647665.jpg 550w, https:\/\/www.proyectoallen.com.ar\/3\/wp-content\/uploads\/2016\/11\/ciclismo-vuelta-al-valle5645647665-300x193.jpg 300w, https:\/\/www.proyectoallen.com.ar\/3\/wp-content\/uploads\/2016\/11\/ciclismo-vuelta-al-valle5645647665-250x161.jpg 250w\" sizes=\"auto, (max-width: 550px) 100vw, 550px\" \/><\/a><\/p>\n<p>&#8211; El <strong>monto de los premios<\/strong> que hoy asciende a 250.000 pesos, en su momento llegaba en total a los 1.000 pesos, al valor de la moneda de aquellos a\u00f1os.<\/p>\n<p>&#8211; El primer a\u00f1o instituciones y clubes <strong>organizaron eventos a beneficio para juntar los fondos<\/strong> necesarios para la organizaci\u00f3n: bailes populares de la Sociedad Italiana y el Club Los Vi\u00f1edos, veladas cinematogr\u00e1ficas en el Cine Lisboa (esquina Caf\u00e9 Aurelio), un partido del Club Deportivo Bagliani y combinados de la Liga Confluencia y la Liga R\u00edo Negro en cancha del Club Uni\u00f3n, adem\u00e1s de un \u201cvermouth danzante\u201d organizado por la Asociaci\u00f3n Amigos de Allen.<\/p>\n<div id=\"attachment_8556\" style=\"width: 970px\" class=\"wp-caption alignnone\"><a href=\"http:\/\/www.proyectoallen.com.ar\/3\/wp-content\/uploads\/2016\/11\/vuelta-ciclismo-Tito-Herrera-Arrigo-Cecchi-ingusci4564768.jpg\"><img loading=\"lazy\" decoding=\"async\" aria-describedby=\"caption-attachment-8556\" src=\"http:\/\/www.proyectoallen.com.ar\/3\/wp-content\/uploads\/2016\/11\/vuelta-ciclismo-Tito-Herrera-Arrigo-Cecchi-ingusci4564768.jpg\" alt=\"Presentes en esta foto Tito Herrera, Arrigo Cecchi, Pascual Ingusci. \" width=\"960\" height=\"686\" class=\"size-full wp-image-8556\" srcset=\"https:\/\/www.proyectoallen.com.ar\/3\/wp-content\/uploads\/2016\/11\/vuelta-ciclismo-Tito-Herrera-Arrigo-Cecchi-ingusci4564768.jpg 960w, https:\/\/www.proyectoallen.com.ar\/3\/wp-content\/uploads\/2016\/11\/vuelta-ciclismo-Tito-Herrera-Arrigo-Cecchi-ingusci4564768-300x214.jpg 300w, https:\/\/www.proyectoallen.com.ar\/3\/wp-content\/uploads\/2016\/11\/vuelta-ciclismo-Tito-Herrera-Arrigo-Cecchi-ingusci4564768-250x179.jpg 250w\" sizes=\"auto, (max-width: 960px) 100vw, 960px\" \/><\/a><p id=\"caption-attachment-8556\" class=\"wp-caption-text\">Presentes en esta foto Tito Herrera, Arrigo Cecchi, Pascual Ingusci.<\/p><\/div>\n<p>&#8211; La <strong>primera comisi\u00f3n<\/strong>:<br \/>\nPresidente: Luis Grieco (Club Uni\u00f3n Alem Progresista);<br \/>\nVicepresidente: Ignacio Tort Oribe por la prensa,<br \/>\nSecretario: Pedro Beltr\u00e1n (Club Alto Valle);<br \/>\nTesorero: Luis Arag\u00f3n (Asociaci\u00f3n Amigos de Allen);<br \/>\nProtesorero: Gregorio Maza (Ciclismo Cecchi);<br \/>\nVocales: Antonio Silenzi y Luis Pepa (Sociedad Italiana), Jos\u00e9 Prospitti (Club Uni\u00f3n), Arrigo Cecchi (Ciclismo Cecchi), Alfredo Reynes (Club Alto Valle), Guillermo Zan y Miguel Genes (Club Los Vi\u00f1edos), Federico Franco y N. Mosnadiego (Club Deportivo Bagliani), Aristo Pagani (Asociaci\u00f3n Amigos de Allen), Juan Tarifa por la prensa.<\/p>\n<p>&#8211; \u00ab<strong>Los soldados del camino<\/strong>\u00ab: as\u00ed bautiz\u00f3 a los ciclistas Quinto Astolfi, reportero gr\u00e1fico del diario \u00abLa Nueva Provincia\u00bb, que vino a cubrir la carrera y termin\u00f3 colaborando con la Comisi\u00f3n Central Organizadora (CCO). <\/p>\n<p><a href=\"http:\/\/www.proyectoallen.com.ar\/3\/wp-content\/uploads\/2016\/11\/ciclismo-vuelta-al-valle564564766111.jpg\"><img loading=\"lazy\" decoding=\"async\" src=\"http:\/\/www.proyectoallen.com.ar\/3\/wp-content\/uploads\/2016\/11\/ciclismo-vuelta-al-valle564564766111.jpg\" alt=\"ciclismo-vuelta-al-valle564564766111\" width=\"882\" height=\"588\" class=\"alignnone size-full wp-image-8555\" srcset=\"https:\/\/www.proyectoallen.com.ar\/3\/wp-content\/uploads\/2016\/11\/ciclismo-vuelta-al-valle564564766111.jpg 882w, https:\/\/www.proyectoallen.com.ar\/3\/wp-content\/uploads\/2016\/11\/ciclismo-vuelta-al-valle564564766111-300x200.jpg 300w, https:\/\/www.proyectoallen.com.ar\/3\/wp-content\/uploads\/2016\/11\/ciclismo-vuelta-al-valle564564766111-250x167.jpg 250w\" sizes=\"auto, (max-width: 882px) 100vw, 882px\" \/><\/a><\/p>\n<p><a href=\"http:\/\/www.proyectoallen.com.ar\/3\/wp-content\/uploads\/2016\/11\/ciclismo-vuelta-al-valle56456476644.jpg\"><img loading=\"lazy\" decoding=\"async\" src=\"http:\/\/www.proyectoallen.com.ar\/3\/wp-content\/uploads\/2016\/11\/ciclismo-vuelta-al-valle56456476644.jpg\" alt=\"ciclismo-vuelta-al-valle56456476644\" width=\"598\" height=\"936\" class=\"alignnone size-full wp-image-8557\" srcset=\"https:\/\/www.proyectoallen.com.ar\/3\/wp-content\/uploads\/2016\/11\/ciclismo-vuelta-al-valle56456476644.jpg 598w, https:\/\/www.proyectoallen.com.ar\/3\/wp-content\/uploads\/2016\/11\/ciclismo-vuelta-al-valle56456476644-192x300.jpg 192w, https:\/\/www.proyectoallen.com.ar\/3\/wp-content\/uploads\/2016\/11\/ciclismo-vuelta-al-valle56456476644-250x391.jpg 250w\" sizes=\"auto, (max-width: 598px) 100vw, 598px\" \/><\/a><\/p>\n<p><a href=\"http:\/\/www.proyectoallen.com.ar\/3\/wp-content\/uploads\/2016\/11\/ciclismo-vuelta-al-valle56456476699.jpg\"><img loading=\"lazy\" decoding=\"async\" src=\"http:\/\/www.proyectoallen.com.ar\/3\/wp-content\/uploads\/2016\/11\/ciclismo-vuelta-al-valle56456476699.jpg\" alt=\"ciclismo-vuelta-al-valle56456476699\" width=\"960\" height=\"599\" class=\"alignnone size-full wp-image-8561\" srcset=\"https:\/\/www.proyectoallen.com.ar\/3\/wp-content\/uploads\/2016\/11\/ciclismo-vuelta-al-valle56456476699.jpg 960w, https:\/\/www.proyectoallen.com.ar\/3\/wp-content\/uploads\/2016\/11\/ciclismo-vuelta-al-valle56456476699-300x187.jpg 300w, https:\/\/www.proyectoallen.com.ar\/3\/wp-content\/uploads\/2016\/11\/ciclismo-vuelta-al-valle56456476699-250x156.jpg 250w\" sizes=\"auto, (max-width: 960px) 100vw, 960px\" \/><\/a><\/p>\n<p><a href=\"http:\/\/www.proyectoallen.com.ar\/3\/wp-content\/uploads\/2016\/11\/ciclismo-vuelta-al-valle5645647663333.jpg\"><img loading=\"lazy\" decoding=\"async\" src=\"http:\/\/www.proyectoallen.com.ar\/3\/wp-content\/uploads\/2016\/11\/ciclismo-vuelta-al-valle5645647663333.jpg\" alt=\"ciclismo-vuelta-al-valle5645647663333\" width=\"960\" height=\"634\" class=\"alignnone size-full wp-image-8562\" srcset=\"https:\/\/www.proyectoallen.com.ar\/3\/wp-content\/uploads\/2016\/11\/ciclismo-vuelta-al-valle5645647663333.jpg 960w, https:\/\/www.proyectoallen.com.ar\/3\/wp-content\/uploads\/2016\/11\/ciclismo-vuelta-al-valle5645647663333-300x198.jpg 300w, https:\/\/www.proyectoallen.com.ar\/3\/wp-content\/uploads\/2016\/11\/ciclismo-vuelta-al-valle5645647663333-250x165.jpg 250w\" sizes=\"auto, (max-width: 960px) 100vw, 960px\" \/><\/a><\/p>\n<div id=\"attachment_8563\" style=\"width: 870px\" class=\"wp-caption alignnone\"><a href=\"http:\/\/www.proyectoallen.com.ar\/3\/wp-content\/uploads\/2016\/11\/ciclismo-vuelta-al-valle5645647663.jpg\"><img loading=\"lazy\" decoding=\"async\" aria-describedby=\"caption-attachment-8563\" src=\"http:\/\/www.proyectoallen.com.ar\/3\/wp-content\/uploads\/2016\/11\/ciclismo-vuelta-al-valle5645647663.jpg\" alt=\"Llegada a General Roca. \" width=\"860\" height=\"502\" class=\"size-full wp-image-8563\" srcset=\"https:\/\/www.proyectoallen.com.ar\/3\/wp-content\/uploads\/2016\/11\/ciclismo-vuelta-al-valle5645647663.jpg 860w, https:\/\/www.proyectoallen.com.ar\/3\/wp-content\/uploads\/2016\/11\/ciclismo-vuelta-al-valle5645647663-300x175.jpg 300w, https:\/\/www.proyectoallen.com.ar\/3\/wp-content\/uploads\/2016\/11\/ciclismo-vuelta-al-valle5645647663-250x146.jpg 250w\" sizes=\"auto, (max-width: 860px) 100vw, 860px\" \/><\/a><p id=\"caption-attachment-8563\" class=\"wp-caption-text\">Llegada a General Roca.<\/p><\/div>\n","protected":false},"excerpt":{"rendered":"<p>La constancia y el trabajo minucioso de las personas facilita la preservaci\u00f3n de los hechos que nutren la historia. Libros como el editado por Ignacio Tort sobre la \u00abVuelta al Valle\u00bb son ejemplo de&#46;&#46;&#46;<\/p>\n","protected":false},"author":219,"featured_media":8539,"comment_status":"open","ping_status":"closed","sticky":false,"template":"","format":"standard","meta":{"ngg_post_thumbnail":0,"footnotes":""},"categories":[22,12,13],"tags":[36,38,37],"class_list":["post-8538","post","type-post","status-publish","format-standard","has-post-thumbnail","hentry","category-novedades","category-sabias","category-unpocodehistoria","tag-ciclismo","tag-gran-premio","tag-vuelta-al-valle"],"jetpack_featured_media_url":"https:\/\/www.proyectoallen.com.ar\/3\/wp-content\/uploads\/2016\/11\/gran-premio-ciclista546547.jpg","_links":{"self":[{"href":"https:\/\/www.proyectoallen.com.ar\/3\/index.php?rest_route=\/wp\/v2\/posts\/8538","targetHints":{"allow":["GET"]}}],"collection":[{"href":"https:\/\/www.proyectoallen.com.ar\/3\/index.php?rest_route=\/wp\/v2\/posts"}],"about":[{"href":"https:\/\/www.proyectoallen.com.ar\/3\/index.php?rest_route=\/wp\/v2\/types\/post"}],"author":[{"embeddable":true,"href":"https:\/\/www.proyectoallen.com.ar\/3\/index.php?rest_route=\/wp\/v2\/users\/219"}],"replies":[{"embeddable":true,"href":"https:\/\/www.proyectoallen.com.ar\/3\/index.php?rest_route=%2Fwp%2Fv2%2Fcomments&post=8538"}],"version-history":[{"count":25,"href":"https:\/\/www.proyectoallen.com.ar\/3\/index.php?rest_route=\/wp\/v2\/posts\/8538\/revisions"}],"predecessor-version":[{"id":8574,"href":"https:\/\/www.proyectoallen.com.ar\/3\/index.php?rest_route=\/wp\/v2\/posts\/8538\/revisions\/8574"}],"wp:featuredmedia":[{"embeddable":true,"href":"https:\/\/www.proyectoallen.com.ar\/3\/index.php?rest_route=\/wp\/v2\/media\/8539"}],"wp:attachment":[{"href":"https:\/\/www.proyectoallen.com.ar\/3\/index.php?rest_route=%2Fwp%2Fv2%2Fmedia&parent=8538"}],"wp:term":[{"taxonomy":"category","embeddable":true,"href":"https:\/\/www.proyectoallen.com.ar\/3\/index.php?rest_route=%2Fwp%2Fv2%2Fcategories&post=8538"},{"taxonomy":"post_tag","embeddable":true,"href":"https:\/\/www.proyectoallen.com.ar\/3\/index.php?rest_route=%2Fwp%2Fv2%2Ftags&post=8538"}],"curies":[{"name":"wp","href":"https:\/\/api.w.org\/{rel}","templated":true}]}}