{"id":8595,"date":"2016-12-20T00:14:26","date_gmt":"2016-12-20T00:14:26","guid":{"rendered":"http:\/\/www.proyectoallen.com.ar\/3\/?p=8595"},"modified":"2016-12-20T00:15:55","modified_gmt":"2016-12-20T00:15:55","slug":"hornos-ladrilleros-de-allen","status":"publish","type":"post","link":"https:\/\/www.proyectoallen.com.ar\/3\/?p=8595","title":{"rendered":"Hornos ladrilleros de Allen"},"content":{"rendered":"<div id=\"js_44k\" class=\"_5pbx userContent\" data-ft=\"{&quot;tn&quot;:&quot;K&quot;}\">\n<div id=\"id_585875a339f2e1d20610611\" class=\"text_exposed_root text_exposed\">\n<p style=\"text-align: justify;\"><em>En los \u00faltimos 20 a\u00f1os, cientos de familias llegadas de Bolivia se fueron instalando en esta ciudad de R\u00edo Negro para elaborar ladrillos. Hombres, mujeres y ni\u00f1os viven y trabajan en campamentos. Esta actividad productiva \u2014que mueve m\u00e1s de 40 millones de pesos al a\u00f1o\u2014 se desarrolla en medio de la informalidad laboral, la precariedad habitacional y el trabajo infantil. El empuje de una comunidad que vino a la Argentina en b\u00fasqueda de mejores oportun<\/em><span class=\"text_exposed_show\"><em>idades est\u00e1 sujeto a una red de empleo no registrado que vulnera sus derechos. Esta investigaci\u00f3n presenta la vida en estas poblaciones, los patrones culturales que chocan con el pleno ejercicio de los derechos sociales y laborales, y el rol del Estado en ese contexto.<\/em><br \/>\n<em>Informe publicado el 19 de diciembre de 2016.<\/em><br \/>\n<em>Por Diego Von Sprecher<\/em><\/span><\/p>\n<p style=\"text-align: center;\">\n<\/div>\n<\/div>\n<!--more-->\n<p style=\"text-align: center;\"><a href=\"http:\/\/www.proyectoallen.com.ar\/3\/wp-content\/uploads\/2016\/12\/IMG_8509-Medium.jpg\"><img loading=\"lazy\" decoding=\"async\" class=\"aligncenter size-large wp-image-8597\" src=\"http:\/\/www.proyectoallen.com.ar\/3\/wp-content\/uploads\/2016\/12\/IMG_8509-Medium-1024x683.jpg\" alt=\"img_8509-medium\" width=\"720\" height=\"480\" srcset=\"https:\/\/www.proyectoallen.com.ar\/3\/wp-content\/uploads\/2016\/12\/IMG_8509-Medium-1024x683.jpg 1024w, https:\/\/www.proyectoallen.com.ar\/3\/wp-content\/uploads\/2016\/12\/IMG_8509-Medium-300x200.jpg 300w, https:\/\/www.proyectoallen.com.ar\/3\/wp-content\/uploads\/2016\/12\/IMG_8509-Medium-250x167.jpg 250w, https:\/\/www.proyectoallen.com.ar\/3\/wp-content\/uploads\/2016\/12\/IMG_8509-Medium.jpg 1152w\" sizes=\"auto, (max-width: 720px) 100vw, 720px\" \/><\/a><\/p>\n<div class=\"_3x-2\">\n<div data-ft=\"{&quot;tn&quot;:&quot;H&quot;}\">\n<div class=\"mtm\">\n<div id=\"u_2z_4\" class=\"_6m2 _1zpr clearfix _dcs _4_w4 _59ap\" data-ft=\"{&quot;tn&quot;:&quot;H&quot;}\">\n<div class=\"clearfix _2r3x\">\n<div class=\"lfloat _ohe\">\n<div class=\"_6ks\">\n<div class=\"_6l- __c_\">\n<div class=\"uiScaledImageContainer _6m5 fbStoryAttachmentImage\" style=\"text-align: center;\"><\/div>\n<div class=\"uiScaledImageContainer _6m5 fbStoryAttachmentImage\" style=\"text-align: justify;\">\n<h3 style=\"text-align: center;\"><a href=\"http:\/\/www.investigacionesfopea.com\/hornos-ladrilleros\/#0\">Ver el INFORME aqu\u00ed<\/a><\/h3>\n<h3 style=\"text-align: center;\"><span class=\"text_exposed_show\"><br \/>\nForo de Periodismo Argentino (FOPEA). Esta investigaci\u00f3n es parte del proyecto La Otra Trama.<br \/>\nCreditos:<\/span><\/h3>\n<h4 style=\"text-align: center;\">Diego Von Sprecher Autor<\/h4>\n<h4 style=\"text-align: center;\"><span class=\"text_exposed_show\">Gonzalo Mart\u00edn Videos &#8211; edici\u00f3n<br \/>\nJuan Jos\u00e9 Thomes, Mario Villasuso, Javier Almeyra (Proyecto Allen), Archivo Diario R\u00edo Negro Fotograf\u00edas<br \/>\nIgnacio Bello Infograf\u00eda<br \/>\nLisandro Aristimu\u00f1o M\u00fasica (cortes\u00eda)<br \/>\nVer\u00f3nica Toller, Amalia Eizayaga, Hugo Alonso Tutor\u00eda period\u00edstica<br \/>\nFacundo Segura Dise\u00f1o y desarrollo multimedia<br \/>\nAndrea Schulte Coordinaci\u00f3n editorial<br \/>\nVanina Berghella Coordinaci\u00f3n general<\/span><\/h4>\n<\/div>\n<\/div>\n<\/div>\n<\/div>\n<\/div>\n<\/div>\n<\/div>\n<\/div>\n<\/div>\n","protected":false},"excerpt":{"rendered":"<p>En los \u00faltimos 20 a\u00f1os, cientos de familias llegadas de Bolivia se fueron instalando en esta ciudad de R\u00edo Negro para elaborar ladrillos. Hombres, mujeres y ni\u00f1os viven y trabajan en campamentos. Esta actividad&#46;&#46;&#46;<\/p>\n","protected":false},"author":2,"featured_media":8597,"comment_status":"open","ping_status":"closed","sticky":false,"template":"","format":"standard","meta":{"ngg_post_thumbnail":0,"footnotes":""},"categories":[22,12],"tags":[],"class_list":["post-8595","post","type-post","status-publish","format-standard","has-post-thumbnail","hentry","category-novedades","category-sabias"],"jetpack_featured_media_url":"https:\/\/www.proyectoallen.com.ar\/3\/wp-content\/uploads\/2016\/12\/IMG_8509-Medium.jpg","_links":{"self":[{"href":"https:\/\/www.proyectoallen.com.ar\/3\/index.php?rest_route=\/wp\/v2\/posts\/8595","targetHints":{"allow":["GET"]}}],"collection":[{"href":"https:\/\/www.proyectoallen.com.ar\/3\/index.php?rest_route=\/wp\/v2\/posts"}],"about":[{"href":"https:\/\/www.proyectoallen.com.ar\/3\/index.php?rest_route=\/wp\/v2\/types\/post"}],"author":[{"embeddable":true,"href":"https:\/\/www.proyectoallen.com.ar\/3\/index.php?rest_route=\/wp\/v2\/users\/2"}],"replies":[{"embeddable":true,"href":"https:\/\/www.proyectoallen.com.ar\/3\/index.php?rest_route=%2Fwp%2Fv2%2Fcomments&post=8595"}],"version-history":[{"count":3,"href":"https:\/\/www.proyectoallen.com.ar\/3\/index.php?rest_route=\/wp\/v2\/posts\/8595\/revisions"}],"predecessor-version":[{"id":8599,"href":"https:\/\/www.proyectoallen.com.ar\/3\/index.php?rest_route=\/wp\/v2\/posts\/8595\/revisions\/8599"}],"wp:featuredmedia":[{"embeddable":true,"href":"https:\/\/www.proyectoallen.com.ar\/3\/index.php?rest_route=\/wp\/v2\/media\/8597"}],"wp:attachment":[{"href":"https:\/\/www.proyectoallen.com.ar\/3\/index.php?rest_route=%2Fwp%2Fv2%2Fmedia&parent=8595"}],"wp:term":[{"taxonomy":"category","embeddable":true,"href":"https:\/\/www.proyectoallen.com.ar\/3\/index.php?rest_route=%2Fwp%2Fv2%2Fcategories&post=8595"},{"taxonomy":"post_tag","embeddable":true,"href":"https:\/\/www.proyectoallen.com.ar\/3\/index.php?rest_route=%2Fwp%2Fv2%2Ftags&post=8595"}],"curies":[{"name":"wp","href":"https:\/\/api.w.org\/{rel}","templated":true}]}}