{"id":8707,"date":"2017-05-01T00:19:06","date_gmt":"2017-05-01T00:19:06","guid":{"rendered":"http:\/\/www.proyectoallen.com.ar\/3\/?p=8707"},"modified":"2017-05-01T00:19:06","modified_gmt":"2017-05-01T00:19:06","slug":"neuquen-tierra-hostil","status":"publish","type":"post","link":"https:\/\/www.proyectoallen.com.ar\/3\/?p=8707","title":{"rendered":"Neuqu\u00e9n, tierra hostil"},"content":{"rendered":"<p style=\"text-align: justify;\"><strong>Hacia fines de la d\u00e9cada de 1910 y principios de la siguiente el movimiento obrero experiment\u00f3 un per\u00edodo de alza en la organizaci\u00f3n y de intensas luchas. El triunfo de la revoluci\u00f3n en Rusia abonaba las esperanzas del proletariado. Con ese impulso la FORA anarquista despleg\u00f3 su organizaci\u00f3n en el Alto Valle y en 1923 intent\u00f3 hacer pi\u00e9 en \u201ctierra de sicarios\u201d.\u00a0<\/strong><strong>Por Hern\u00e1n Scandizzo. En 8300 Web\u00a0<a href=\"http:\/\/www.8300.com.ar\/2017\/04\/29\/neuquen-tierra-hostil\/\" rel=\"bookmark\"><time class=\"entry-date published\" datetime=\"2017-04-29T11:06:35+00:00\">29\/04\/2017<\/time><\/a><\/strong><\/p>\n<!--more-->\n<p style=\"text-align: justify;\">\u201c[Neuqu\u00e9n] es un pueblo que lo componen en su mayor\u00eda sicarios de todas clases y sus familias, por lo que naturalmente puede decirse que, hasta el presente, no se ha podido constituir un sindicato orientado por las ideas de libertad y justicia\u201d, aseguraba Felipe Delgado desde las p\u00e1ginas del diario anarquista <em>La Protesta<\/em><sup>1<\/sup>. Con pluma filosa, el autor, panadero espa\u00f1ol y activo militante de la sociedad de resistencia Oficios Varios de Cipolletti, volcaba sus impresiones del ambiente en la capital territoriana. Corr\u00eda el mes de mayo de 1923 y la Federaci\u00f3n Obrera Regional Argentina (FORA)<sup>2<\/sup> levantaba por primera vez su tribuna de propaganda en ese territorio hostil. El objetivo: \u201cllevarles un poco de luz a ese pueblo, pues los trabajadores viven miserablemente y confiados en que los gobiernos, que los tienen sujetos a la explotaci\u00f3n burguesa y a su tiran\u00eda, les tengan l\u00e1stima y les entreguen voluntariamente un mendrugo m\u00e1s de pan\u201d.<\/p>\n<figure id=\"attachment_106671\" class=\"wp-caption aligncenter\"><a href=\"https:\/\/i2.wp.com\/www.8300.com.ar\/wp-content\/uploads\/2017\/04\/Proyecto-Allen-Trabajadores-rurales-de-Villa-Regina-decada-del-20.jpg\"><img loading=\"lazy\" decoding=\"async\" class=\"wp-image-106671 size-large\" src=\"https:\/\/i2.wp.com\/www.8300.com.ar\/wp-content\/uploads\/2017\/04\/Proyecto-Allen-Trabajadores-rurales-de-Villa-Regina-decada-del-20.jpg?resize=650%2C425\" sizes=\"auto, (max-width: 650px) 100vw, 650px\" srcset=\"https:\/\/i2.wp.com\/www.8300.com.ar\/wp-content\/uploads\/2017\/04\/Proyecto-Allen-Trabajadores-rurales-de-Villa-Regina-decada-del-20.jpg?resize=650%2C425 650w, https:\/\/i2.wp.com\/www.8300.com.ar\/wp-content\/uploads\/2017\/04\/Proyecto-Allen-Trabajadores-rurales-de-Villa-Regina-decada-del-20.jpg?resize=300%2C196 300w, https:\/\/i2.wp.com\/www.8300.com.ar\/wp-content\/uploads\/2017\/04\/Proyecto-Allen-Trabajadores-rurales-de-Villa-Regina-decada-del-20.jpg?resize=730%2C477 730w, https:\/\/i2.wp.com\/www.8300.com.ar\/wp-content\/uploads\/2017\/04\/Proyecto-Allen-Trabajadores-rurales-de-Villa-Regina-decada-del-20.jpg?resize=435%2C284 435w, https:\/\/i2.wp.com\/www.8300.com.ar\/wp-content\/uploads\/2017\/04\/Proyecto-Allen-Trabajadores-rurales-de-Villa-Regina-decada-del-20.jpg?w=1175 1175w\" alt=\"\" width=\"650\" height=\"425\" data-attachment-id=\"106671\" data-permalink=\"http:\/\/www.8300.com.ar\/2017\/04\/29\/neuquen-tierra-hostil\/proyecto-allen-trabajadores-rurales-de-villa-regina-decada-del-20\/\" data-orig-file=\"https:\/\/i2.wp.com\/www.8300.com.ar\/wp-content\/uploads\/2017\/04\/Proyecto-Allen-Trabajadores-rurales-de-Villa-Regina-decada-del-20.jpg?fit=1175%2C768\" data-orig-size=\"1175,768\" data-comments-opened=\"1\" data-image-meta=\"{&quot;aperture&quot;:&quot;0&quot;,&quot;credit&quot;:&quot;&quot;,&quot;camera&quot;:&quot;&quot;,&quot;caption&quot;:&quot;&quot;,&quot;created_timestamp&quot;:&quot;0&quot;,&quot;copyright&quot;:&quot;&quot;,&quot;focal_length&quot;:&quot;0&quot;,&quot;iso&quot;:&quot;0&quot;,&quot;shutter_speed&quot;:&quot;0&quot;,&quot;title&quot;:&quot;&quot;,&quot;orientation&quot;:&quot;1&quot;}\" data-image-title=\"Proyecto Allen Trabajadores rurales de Villa Regina decada del 20\" data-image-description=\"\" data-medium-file=\"https:\/\/i2.wp.com\/www.8300.com.ar\/wp-content\/uploads\/2017\/04\/Proyecto-Allen-Trabajadores-rurales-de-Villa-Regina-decada-del-20.jpg?fit=300%2C196\" data-large-file=\"https:\/\/i2.wp.com\/www.8300.com.ar\/wp-content\/uploads\/2017\/04\/Proyecto-Allen-Trabajadores-rurales-de-Villa-Regina-decada-del-20.jpg?fit=650%2C425\" \/><\/a><figcaption class=\"wp-caption-text\">Trabajadores rurales Villa Regina, d\u00e9cada de 1920. (Proyecto Allen)<\/figcaption><\/figure>\n<p>Al menos cinco a\u00f1os antes, en 1918, con apoyo de agrupaciones de Bah\u00eda Blanca, la militancia anarquista hab\u00eda comenzado las primeras tareas de propaganda y organizaci\u00f3n entre los trabajadores de la regi\u00f3n. En 1920 ese proceso cataliz\u00f3 en la fundaci\u00f3n de las primeras sociedades de resistencia en Allen, Gral. Roca y Cipolletti. En mayo de 1923 el objetivo era extender la zona de influencia, hacer pi\u00e9 al otro lado del r\u00edo, con ese fin llegaron dos delegados enviados por el Consejo Federal de la FORA, para intervenir en actos en Cipolletti, Cincos Saltos y Neuqu\u00e9n.<\/p>\n<h4><strong>Ciudad machete<\/strong><\/h4>\n<p><a href=\"https:\/\/i1.wp.com\/www.8300.com.ar\/wp-content\/uploads\/2017\/04\/FORA1.jpg\"><img loading=\"lazy\" decoding=\"async\" class=\"size-medium wp-image-106670 alignright\" src=\"https:\/\/i1.wp.com\/www.8300.com.ar\/wp-content\/uploads\/2017\/04\/FORA1.jpg?resize=202%2C300\" sizes=\"auto, (max-width: 202px) 100vw, 202px\" srcset=\"https:\/\/i1.wp.com\/www.8300.com.ar\/wp-content\/uploads\/2017\/04\/FORA1.jpg?resize=202%2C300 202w, https:\/\/i1.wp.com\/www.8300.com.ar\/wp-content\/uploads\/2017\/04\/FORA1.jpg?resize=292%2C434 292w, https:\/\/i1.wp.com\/www.8300.com.ar\/wp-content\/uploads\/2017\/04\/FORA1.jpg?resize=730%2C1087 730w, https:\/\/i1.wp.com\/www.8300.com.ar\/wp-content\/uploads\/2017\/04\/FORA1.jpg?resize=435%2C648 435w, https:\/\/i1.wp.com\/www.8300.com.ar\/wp-content\/uploads\/2017\/04\/FORA1.jpg?w=1138 1138w\" alt=\"\" width=\"202\" height=\"300\" data-attachment-id=\"106670\" data-permalink=\"http:\/\/www.8300.com.ar\/2017\/04\/29\/neuquen-tierra-hostil\/fora1\/\" data-orig-file=\"https:\/\/i1.wp.com\/www.8300.com.ar\/wp-content\/uploads\/2017\/04\/FORA1.jpg?fit=1138%2C1694\" data-orig-size=\"1138,1694\" data-comments-opened=\"1\" data-image-meta=\"{&quot;aperture&quot;:&quot;2.9&quot;,&quot;credit&quot;:&quot;&quot;,&quot;camera&quot;:&quot;E4600&quot;,&quot;caption&quot;:&quot;&quot;,&quot;created_timestamp&quot;:&quot;-62169984000&quot;,&quot;copyright&quot;:&quot;&quot;,&quot;focal_length&quot;:&quot;5.7&quot;,&quot;iso&quot;:&quot;50&quot;,&quot;shutter_speed&quot;:&quot;0.033333333333333&quot;,&quot;title&quot;:&quot;&quot;,&quot;orientation&quot;:&quot;0&quot;}\" data-image-title=\"FORA1\" data-image-description=\"\" data-medium-file=\"https:\/\/i1.wp.com\/www.8300.com.ar\/wp-content\/uploads\/2017\/04\/FORA1.jpg?fit=202%2C300\" data-large-file=\"https:\/\/i1.wp.com\/www.8300.com.ar\/wp-content\/uploads\/2017\/04\/FORA1.jpg?fit=292%2C434\" \/><\/a>Por aquellos a\u00f1os en Neuqu\u00e9n, la capital del territorio, funcionaban sindicatos de alcance nacional, como el de los trabajadores ferroviarios y el de empleados de correos y tel\u00e9grafos. En 1919 hab\u00eda sido fundado un Centro Obrero, el cual poco meses despu\u00e9s se transform\u00f3 en Centro Socialista y adhiri\u00f3 al partido creado por Juan B. Justo. El cambio, entre otros motivos, estuvo vinculado a la necesidad de ponerse al alero de una organizaci\u00f3n con capacidad de ampararlos \u201cdel machete y m\u00e1useres policiales\u201d, que estaban al servicio del \u201ccaciquismo que imperaba\u201d<sup>3<\/sup>. Eran tiempos en los que la aparici\u00f3n de panfletos de reivindicaci\u00f3n obrera en la v\u00eda p\u00fablica constitu\u00eda un motivo suficiente como para detener a cualquier<em> persona de apariencia sospechosa<\/em> por presunta infracci\u00f3n a la Ley Defensa Social, que penaba la propaganda anarquista, como le sucedi\u00f3 a Robustiano Basterrechea, que fue detenido en octubre de 1921.<sup>4<\/sup><\/p>\n<p>Seg\u00fan la Comisi\u00f3n de Propaganda de Oficios Varios de Allen y Cipolletti, en la localidad imperaba \u201cel machete y la c\u00e1rcel. La mayor\u00eda de los pobladores son milicos y dem\u00e1s elementos prendidos a la teta del presupuesto. Y los que no lo est\u00e1n, aspiran a prenderse. Trabajadores hay una \u00ednfima minor\u00eda\u201d. A esa \u00ednfima minor\u00eda intentar\u00edan interpelar.<\/p>\n<h4><strong>De lo que yo quiero<\/strong><\/h4>\n<p>Un delegado de la Comisi\u00f3n de Propaganda se entrevist\u00f3 en Neuqu\u00e9n con el gobernador Francisco Denis; el objetivo era conseguir el permiso para realizar el acto. Denis respondi\u00f3 que \u201cno estaba dispuesto a permitir que ning\u00fan \u2018extranjero\u2019 hable al pueblo\u201d, \u201cque vayan a protestar a su patria\u201d. Seg\u00fan lo publicado en <em>La Protesta<\/em>, el mandatario sostuvo: \u201cEste es el pa\u00eds del progreso y aqu\u00ed no se habla m\u00e1s que de nuestras industrias. Ustedes son anarquistas y aqu\u00ed no van a entrar porque yo los barrer\u00e9. Para eso tengo armas y hombres. En este pueblo no hay ning\u00fan anarquista y si hay est\u00e1 bien callado\u201d.<\/p>\n<figure id=\"attachment_106669\" class=\"wp-caption aligncenter\"><a href=\"https:\/\/i0.wp.com\/www.8300.com.ar\/wp-content\/uploads\/2017\/04\/conmemoracion-del-1-de-mayo-en-santa-cruz-1921.jpg\"><img loading=\"lazy\" decoding=\"async\" class=\"wp-image-106669 size-full\" src=\"https:\/\/i0.wp.com\/www.8300.com.ar\/wp-content\/uploads\/2017\/04\/conmemoracion-del-1-de-mayo-en-santa-cruz-1921.jpg?resize=640%2C365\" sizes=\"auto, (max-width: 640px) 100vw, 640px\" srcset=\"https:\/\/i0.wp.com\/www.8300.com.ar\/wp-content\/uploads\/2017\/04\/conmemoracion-del-1-de-mayo-en-santa-cruz-1921.jpg?w=640 640w, https:\/\/i0.wp.com\/www.8300.com.ar\/wp-content\/uploads\/2017\/04\/conmemoracion-del-1-de-mayo-en-santa-cruz-1921.jpg?resize=300%2C171 300w, https:\/\/i0.wp.com\/www.8300.com.ar\/wp-content\/uploads\/2017\/04\/conmemoracion-del-1-de-mayo-en-santa-cruz-1921.jpg?resize=435%2C248 435w\" alt=\"\" width=\"640\" height=\"365\" data-attachment-id=\"106669\" data-permalink=\"http:\/\/www.8300.com.ar\/2017\/04\/29\/neuquen-tierra-hostil\/conmemoracion-del-1-de-mayo-en-santa-cruz-1921\/\" data-orig-file=\"https:\/\/i0.wp.com\/www.8300.com.ar\/wp-content\/uploads\/2017\/04\/conmemoracion-del-1-de-mayo-en-santa-cruz-1921.jpg?fit=640%2C365\" data-orig-size=\"640,365\" data-comments-opened=\"1\" data-image-meta=\"{&quot;aperture&quot;:&quot;0&quot;,&quot;credit&quot;:&quot;&quot;,&quot;camera&quot;:&quot;&quot;,&quot;caption&quot;:&quot;&quot;,&quot;created_timestamp&quot;:&quot;0&quot;,&quot;copyright&quot;:&quot;&quot;,&quot;focal_length&quot;:&quot;0&quot;,&quot;iso&quot;:&quot;0&quot;,&quot;shutter_speed&quot;:&quot;0&quot;,&quot;title&quot;:&quot;&quot;,&quot;orientation&quot;:&quot;0&quot;}\" data-image-title=\"conmemoracion del 1 de mayo en santa cruz 1921\" data-image-description=\"\" data-medium-file=\"https:\/\/i0.wp.com\/www.8300.com.ar\/wp-content\/uploads\/2017\/04\/conmemoracion-del-1-de-mayo-en-santa-cruz-1921.jpg?fit=300%2C171\" data-large-file=\"https:\/\/i0.wp.com\/www.8300.com.ar\/wp-content\/uploads\/2017\/04\/conmemoracion-del-1-de-mayo-en-santa-cruz-1921.jpg?fit=640%2C365\" \/><\/a><figcaption class=\"wp-caption-text\">Conmemoraci\u00f3n del 1ro de Mayo en Santa Cruz, 1921.<\/figcaption><\/figure>\n<p style=\"text-align: justify;\">La respuesta no daba lugar a dudas, sin embargo algo cambi\u00f3 y el 13 de mayo tuvo lugar el acto. En la cr\u00f3nica publicada en <em>La Protesta<\/em>, Delgado, destacaba: \u201cLos oradores [aconsejaron] a la concurrencia que se capacitasen moral y materialmente para que, cuando llegue el momento de liquidar la sociedad del crimen en que nos toca vivir, no tengamos que matarnos entre hermanos por culpa de los ignorantes que ven en las ideas de emancipaci\u00f3n que agitan a la humanidad, un peligro, y sin conocerlas, las combaten poni\u00e9ndose al servicio incondicional del capitalismo y en contra de sus mismos intereses\u201d.<\/p>\n<p style=\"text-align: justify;\">Para diciembre de ese a\u00f1o las sociedades de resistencia del valle organizaron la visita de otro delegado que realizar\u00eda actos de propaganda en Allen, Cinco Saltos, Cipolletti, Gral. Roca, Kil\u00f3metro 1120 (Ing. Huergo) y Neuqu\u00e9n. Sin embargo, la tribuna libertaria no volvi\u00f3 a levantarse en el territorio. El 27 de noviembre, tres jornaleros anarquistas fueron detenidos tras el asalto a una galera de correo perpetrado en China Muerta, <a href=\"http:\/\/www.8300.com.ar\/2016\/07\/25\/staub-el-policia-que-no-dejo-un-solo-enemigo\/\">dos de ellos militaban activamente en Oficios Varios de Allen<\/a>. Las autoridades territorianas, con el subcomisario Adalberto Staub como brazo ejecutor, se encargaron de mantener cerrada la brecha que a lo largo de 1923 el forismo hab\u00eda intentado abrir en Neuqu\u00e9n.<\/p>\n<h4 style=\"text-align: justify;\"><strong>Notas:<\/strong><\/h4>\n<p style=\"text-align: justify;\">1) Peri\u00f3dico anarquista de Buenos Aires fundado en 1897 bajo el nombre de <em>La Protesta Humana<\/em>, que en 1904 simplific\u00f3 por <em>La Protesta<\/em>. A partir de 1919 se convirti\u00f3 en diario, con una tirada de 15 mil ejemplares, periodicidad que mantuvo hasta el golpe de estado del 6 de septiembre de 1930. Durante muchos a\u00f1os funcion\u00f3 como \u00f3rgano oficioso de la FORA.<\/p>\n<p style=\"text-align: justify;\">2) La Federaci\u00f3n Obrera Regional Argentina (FORA) fue fundada el 25 de mayo de 1901 con el nombre de Federaci\u00f3n Obrera Argentina y cambi\u00f3 la denominaci\u00f3n a partir de su cuarto congreso, en 1904. A partir de su quinto congreso recomend\u00f3 a todos sus adherentes, la propaganda e ilustraci\u00f3n acerca de los principios econ\u00f3micos y filos\u00f3ficos del comunismo an\u00e1rquico. En 1915, en su IX Congreso se elimin\u00f3 esa recomendaci\u00f3n por iniciativa de la tendencia sindicalista revolucionaria, que fue acompa\u00f1ada tambi\u00e9n por algunas sociedades obreras orientadas por anarquistas. Esto desemboc\u00f3 en la creaci\u00f3n de dos federaciones: la FORA del V Congreso (anarquista) y la FORA del IX Congreso (sindicalista) -que se autodisolvi\u00f3 en 1922 para formar la Uni\u00f3n Sindical Argentina.<\/p>\n<p style=\"text-align: justify;\">3) <em>La Vanguardia<\/em>, 2 de febrero de 1924, citado por Cecchi (2016: 26). La nota est\u00e1 firmada por Luciano Rodr\u00edguez fue director del semanario neuquino <em>Alberdi<\/em>.<\/p>\n<p>4) Parte diario del 3 de octubre de 1921. Parte Diario N\u00ba 579, 3 de octubre de 1921. Parte Diario UC 4 1921. Fuerzas de Seguridad. Sistema Provincial de Archivos del Neuqu\u00e9n. La ley 7029 de Defensa Social qued\u00f3 sin efecto en 1922, cuando entr\u00f3 en vigencia un nuevo C\u00f3digo Penal.<\/p>\n<h4><strong>Fuentes consultadas<\/strong><\/h4>\n<p>Diario<em> La Protesta<\/em> (28.03.1923, 06.05.1923, 17.05.1923, 19.05.1923, 10.11.1923 y 12.12.1923)<\/p>\n<p>Cecchi, Alfredo Luis (2016).<em> Tras la huella socialista en la Patagonia. Al sur del R\u00edo Colorado<\/em>. 1ra Edici\u00f3n. Firmat. Alfredo Luis Cecchi.<\/p>\n<p>&nbsp;<\/p>\n<h4 class=\"single-title\"><a href=\"http:\/\/www.8300.com.ar\/2016\/07\/25\/staub-el-policia-que-no-dejo-un-solo-enemigo\/\">Staub, el polic\u00eda que no dej\u00f3 un solo enemigo<\/a><\/h4>\n","protected":false},"excerpt":{"rendered":"<p>Hacia fines de la d\u00e9cada de 1910 y principios de la siguiente el movimiento obrero experiment\u00f3 un per\u00edodo de alza en la organizaci\u00f3n y de intensas luchas. El triunfo de la revoluci\u00f3n en Rusia&#46;&#46;&#46;<\/p>\n","protected":false},"author":2,"featured_media":8708,"comment_status":"open","ping_status":"closed","sticky":false,"template":"","format":"standard","meta":{"ngg_post_thumbnail":0,"footnotes":""},"categories":[11,22],"tags":[],"class_list":["post-8707","post","type-post","status-publish","format-standard","has-post-thumbnail","hentry","category-algoparadecir","category-novedades"],"jetpack_featured_media_url":"https:\/\/www.proyectoallen.com.ar\/3\/wp-content\/uploads\/2017\/05\/conmemoracion-del-1-de-mayo-en-santa-cruz-1921.jpg","_links":{"self":[{"href":"https:\/\/www.proyectoallen.com.ar\/3\/index.php?rest_route=\/wp\/v2\/posts\/8707","targetHints":{"allow":["GET"]}}],"collection":[{"href":"https:\/\/www.proyectoallen.com.ar\/3\/index.php?rest_route=\/wp\/v2\/posts"}],"about":[{"href":"https:\/\/www.proyectoallen.com.ar\/3\/index.php?rest_route=\/wp\/v2\/types\/post"}],"author":[{"embeddable":true,"href":"https:\/\/www.proyectoallen.com.ar\/3\/index.php?rest_route=\/wp\/v2\/users\/2"}],"replies":[{"embeddable":true,"href":"https:\/\/www.proyectoallen.com.ar\/3\/index.php?rest_route=%2Fwp%2Fv2%2Fcomments&post=8707"}],"version-history":[{"count":1,"href":"https:\/\/www.proyectoallen.com.ar\/3\/index.php?rest_route=\/wp\/v2\/posts\/8707\/revisions"}],"predecessor-version":[{"id":8709,"href":"https:\/\/www.proyectoallen.com.ar\/3\/index.php?rest_route=\/wp\/v2\/posts\/8707\/revisions\/8709"}],"wp:featuredmedia":[{"embeddable":true,"href":"https:\/\/www.proyectoallen.com.ar\/3\/index.php?rest_route=\/wp\/v2\/media\/8708"}],"wp:attachment":[{"href":"https:\/\/www.proyectoallen.com.ar\/3\/index.php?rest_route=%2Fwp%2Fv2%2Fmedia&parent=8707"}],"wp:term":[{"taxonomy":"category","embeddable":true,"href":"https:\/\/www.proyectoallen.com.ar\/3\/index.php?rest_route=%2Fwp%2Fv2%2Fcategories&post=8707"},{"taxonomy":"post_tag","embeddable":true,"href":"https:\/\/www.proyectoallen.com.ar\/3\/index.php?rest_route=%2Fwp%2Fv2%2Ftags&post=8707"}],"curies":[{"name":"wp","href":"https:\/\/api.w.org\/{rel}","templated":true}]}}