{"id":8715,"date":"2017-05-25T22:20:25","date_gmt":"2017-05-25T22:20:25","guid":{"rendered":"http:\/\/www.proyectoallen.com.ar\/3\/?p=8715"},"modified":"2017-05-25T22:20:25","modified_gmt":"2017-05-25T22:20:25","slug":"25-de-mayo-en-choele-la-llave-del-ingreso-de-las-tropas-de-roca-a-la-patagonia","status":"publish","type":"post","link":"https:\/\/www.proyectoallen.com.ar\/3\/?p=8715","title":{"rendered":"25 de Mayo en Choele: \u201cla llave\u201d del ingreso de las tropas de Roca a la Patagonia"},"content":{"rendered":"<p style=\"text-align: justify;\">La historia y los intereses hicieron coincidir en el Valle Medio de R\u00edo Negro dos fechas que generan sentimientos encontrados, con apenas unas d\u00e9cadas de diferencia. Por un lado la celebraci\u00f3n po<b>r la Revoluci\u00f3n de Mayo de 1810<\/b>, y por otro, <b>la entrada de las tropas <\/b>del general Julio Argentino Roca a la Patagonia, a la altura de lo que hoy es Choele Choel.<\/p>\n<p style=\"text-align: justify;\">El 25 de mayo, pero en 1879, empezaba a m\u00e1s de 900 kil\u00f3metros de Buenos Aires el cierre de un proceso que a\u00fan hoy moviliza a defensores y detractores, frente a las medidas que el Gobierno nacional tom\u00f3 para<b> imponer el \u201cavance de la civilizaci\u00f3n\u201d sobre los ind\u00edgenas<\/b>. Por <a href=\"http:\/\/www.rionegro.com.ar\/portada\/especiales1\/25-de-mayo-en-choele-la-llave-del-ingreso-de-las-tropas-de-roca-a-la-patagonia-AJ2856460\">MELINA CAMPOS para Diario R\u00edo Negro<\/a><!--more--><\/p>\n<div class=\"paragraph\">\n<div id=\"attachment_8716\" style=\"width: 670px\" class=\"wp-caption aligncenter\"><a href=\"http:\/\/www.proyectoallen.com.ar\/3\/wp-content\/uploads\/2017\/05\/image_content_8433072_20170524185159.jpg\"><img loading=\"lazy\" decoding=\"async\" aria-describedby=\"caption-attachment-8716\" class=\"wp-image-8716 size-full\" src=\"http:\/\/www.proyectoallen.com.ar\/3\/wp-content\/uploads\/2017\/05\/image_content_8433072_20170524185159.jpg\" alt=\"image_content_8433072_20170524185159\" width=\"660\" height=\"370\" srcset=\"https:\/\/www.proyectoallen.com.ar\/3\/wp-content\/uploads\/2017\/05\/image_content_8433072_20170524185159.jpg 660w, https:\/\/www.proyectoallen.com.ar\/3\/wp-content\/uploads\/2017\/05\/image_content_8433072_20170524185159-300x168.jpg 300w, https:\/\/www.proyectoallen.com.ar\/3\/wp-content\/uploads\/2017\/05\/image_content_8433072_20170524185159-250x140.jpg 250w\" sizes=\"auto, (max-width: 660px) 100vw, 660px\" \/><\/a><p id=\"caption-attachment-8716\" class=\"wp-caption-text\">Monumento a los Expedicionarios en Choele Choel &#8211; Foto: Archivo Diario \u201cR\u00edo Negro\u201d.<\/p><\/div>\n<div class=\"paragraph\">\n<p style=\"text-align: justify;\"><b>Un monumento de piedra en la barda junto a la Ruta 22<\/b>, entre Darwin y Choele Choel, recuerda esa llegada, marcando lo que por aquellos a\u00f1os era visto como una haza\u00f1a y que hoy cosecha repudio.<\/p>\n<p style=\"text-align: justify;\">Imponente, se lo puede encontrar hoy all\u00ed, setenta a\u00f1os despu\u00e9s, aunque <b>no es el \u00fanico recuerdo del paso de los expedicionarios<\/b>: un monolito que permaneci\u00f3 abandonado hasta el 2014, detr\u00e1s del predio de la Sociedad Rural choelense, marca el punto de encuentro con los marinos que sub\u00edan en barco por el r\u00edo.<a href=\"http:\/\/www.proyectoallen.com.ar\/3\/wp-content\/uploads\/2017\/05\/image_content_8433533_20170524202427.jpg\"><img loading=\"lazy\" decoding=\"async\" class=\"aligncenter size-full wp-image-8717\" src=\"http:\/\/www.proyectoallen.com.ar\/3\/wp-content\/uploads\/2017\/05\/image_content_8433533_20170524202427.jpg\" alt=\"image_content_8433533_20170524202427\" width=\"650\" height=\"365\" srcset=\"https:\/\/www.proyectoallen.com.ar\/3\/wp-content\/uploads\/2017\/05\/image_content_8433533_20170524202427.jpg 650w, https:\/\/www.proyectoallen.com.ar\/3\/wp-content\/uploads\/2017\/05\/image_content_8433533_20170524202427-300x168.jpg 300w, https:\/\/www.proyectoallen.com.ar\/3\/wp-content\/uploads\/2017\/05\/image_content_8433533_20170524202427-250x140.jpg 250w\" sizes=\"auto, (max-width: 650px) 100vw, 650px\" \/><\/a><\/p>\n<\/div>\n<p style=\"text-align: justify;\">\n<\/div>\n<p style=\"text-align: justify;\">\n<div class=\"paragraph\">\n<p>Ya <b>en el atardecer del 24 de mayo de 1879<\/b>, Roca y sus subordinados que integraban una de las cuatro columnas, divisaron el escenario que pensaban intervenir. Hab\u00edan partido desde Azul (provincia de Buenos Aires), el 18 de abril de ese a\u00f1o, y un mes despu\u00e9s se encontraban con caras aliadas en la costa: <b>el contralmirante Mart\u00edn Guerrico y sus hombres <\/b>a bordo del vapor \u201cEl Triunfo\u201d.<\/p>\n<\/div>\n<div class=\"paragraph\">\n<p><i>\u201c<\/i><i><b>\u00a1El r\u00edo Negro!\u201d, relata el teniente coronel Manuel Olascoaga<\/b><\/i><i>, secretario y redactor del diario de expedici\u00f3n.\u201dFue la expresi\u00f3n instintiva de todos los que llegamos a ese punto, antes de preguntar por el nombre de tan hermoso como impensado espect\u00e1culo. Tiramos la rienda sin pensar y nos quedamos contemplando un rato aquella visi\u00f3n tan nueva\u201d, describe, agregando las barrancas, las filas de sauces y el azul del cielo.<\/i><\/p>\n<\/div>\n<div class=\"paragraph\">\n<p>Hicieron noche all\u00ed, para celebrar al d\u00eda siguiente el 69\u00b0 aniversario de la Fiesta Patria. Lo que relata el cuaderno de viaje sobre esa ma\u00f1ana deja en evidencia las ideas que los justificaban en la ofensiva:<\/p>\n<\/div>\n<div class=\"paragraph\">\n<p><i>\u201c<\/i><i><b>Choele Choel. 25 de mayo de 1879. <\/b><\/i><i>La diana a las 6 am. procedi\u00f3 al solemne saludo militar rendido al sol naciente de este d\u00eda que marca la mas gloriosa efem\u00e9rides de los argentinos. Las salvas y las melod\u00edas agitando hoy el espacio en la orilla del r\u00edo Negro han sido mas que una conmemoraci\u00f3n, la continuidad o repercusi\u00f3n de los himnos del gran d\u00eda de 1810. Este d\u00eda en Choele Choel es digno d\u00eda siguiente de aquel, porque inaugurar el dominio de la civilizaci\u00f3n aqu\u00ed donde la barbarie ha reinado tres siglos es lo que verdaderamente puede llamarse \u2018constinuaci\u00f3n de la tarea principiada el 25 de mayo de 1810\u2019\u201d.<\/i><\/p>\n<\/div>\n<p>&nbsp;<\/p>\n<div class=\"paragraph\">\n<div class=\"paragraph\">\n<div id=\"attachment_8718\" style=\"width: 660px\" class=\"wp-caption aligncenter\"><a href=\"http:\/\/www.proyectoallen.com.ar\/3\/wp-content\/uploads\/2017\/05\/image_content_8433169_20170524211809.jpg\"><img loading=\"lazy\" decoding=\"async\" aria-describedby=\"caption-attachment-8718\" class=\"size-full wp-image-8718\" src=\"http:\/\/www.proyectoallen.com.ar\/3\/wp-content\/uploads\/2017\/05\/image_content_8433169_20170524211809.jpg\" alt=\"La pintura de Blanes que retrata a Roca y sus hombres - Foto: proyectoallen.com.ar\" width=\"650\" height=\"365\" srcset=\"https:\/\/www.proyectoallen.com.ar\/3\/wp-content\/uploads\/2017\/05\/image_content_8433169_20170524211809.jpg 650w, https:\/\/www.proyectoallen.com.ar\/3\/wp-content\/uploads\/2017\/05\/image_content_8433169_20170524211809-300x168.jpg 300w, https:\/\/www.proyectoallen.com.ar\/3\/wp-content\/uploads\/2017\/05\/image_content_8433169_20170524211809-250x140.jpg 250w\" sizes=\"auto, (max-width: 650px) 100vw, 650px\" \/><\/a><p id=\"caption-attachment-8718\" class=\"wp-caption-text\">La pintura de Blanes que retrata a Roca y sus hombres &#8211; Foto: proyectoallen.com.ar<\/p><\/div>\n<\/div>\n<div class=\"paragraph\" style=\"text-align: justify;\">\n<p>La coincidencia de fechas fue planeada por Roca, explica a \u201cR\u00edo Negro\u201d Liliana Zacar\u00edas, presidente de la Asociacion de Amigos del Museo Regional de Choele Choel. La \u201ccarga simb\u00f3lica\u201d era para \u00e9l un aporte valioso en su carrera por conseguir la presidencia de la Naci\u00f3n. Ocup\u00f3 ese cargo un a\u00f1o despu\u00e9s, respaldado por el Partido Autonomista Nacional.<\/p>\n<p>Luego del primer asombro ante el paisaje del Valle, permanecieron all\u00ed por una semana, para<b> luego marcharse rumbo a la confluencia del Limay y el Neuqu\u00e9n<\/b>, el 1\u00b0 de junio de 1879.<\/p>\n<p>Con poco m\u00e1s de 30 a\u00f1os y <b>el apodo de \u201cEl Zorro\u201d por su astucia<\/b>, Roca se dispon\u00eda a completar as\u00ed lo iniciado por Juan Manuel de Rosas, que ya hab\u00eda atacado a las comunidades ind\u00edgenas sobre la zona pampeana y el norte de la Patagonia, en el marco de la mal llamada \u201cConquista\u201d.<\/p>\n<\/div>\n<div class=\"multimediaMacroWrapper\" style=\"text-align: justify;\">\n<div class=\"contentMedia art-img\">\n<figure class=\"cutlineShow\">\n<div>\n<div id=\"attachment_8719\" style=\"width: 660px\" class=\"wp-caption aligncenter\"><a href=\"http:\/\/www.proyectoallen.com.ar\/3\/wp-content\/uploads\/2017\/05\/image_content_8433947_20170524202540.jpg\"><img loading=\"lazy\" decoding=\"async\" aria-describedby=\"caption-attachment-8719\" class=\"size-full wp-image-8719\" src=\"http:\/\/www.proyectoallen.com.ar\/3\/wp-content\/uploads\/2017\/05\/image_content_8433947_20170524202540.jpg\" alt=\"Confluencia del Limay y el Neuqu\u00e9n. Fotos de Antonio Pozzo durante el paso de las tropas - Fuente: proyectoallen.com.ar\" width=\"650\" height=\"365\" srcset=\"https:\/\/www.proyectoallen.com.ar\/3\/wp-content\/uploads\/2017\/05\/image_content_8433947_20170524202540.jpg 650w, https:\/\/www.proyectoallen.com.ar\/3\/wp-content\/uploads\/2017\/05\/image_content_8433947_20170524202540-300x168.jpg 300w, https:\/\/www.proyectoallen.com.ar\/3\/wp-content\/uploads\/2017\/05\/image_content_8433947_20170524202540-250x140.jpg 250w\" sizes=\"auto, (max-width: 650px) 100vw, 650px\" \/><\/a><p id=\"caption-attachment-8719\" class=\"wp-caption-text\">Confluencia del Limay y el Neuqu\u00e9n. Fotos de Antonio Pozzo durante el paso de las tropas &#8211; Fuente: proyectoallen.com.ar<\/p><\/div>\n<\/div>\n<\/figure>\n<div class=\"cutline\">Como saldo de esas primeras actuaciones roquistas, se supo que<b> murieron en combate 1.270 indios, otros 980 se entregaron prisioneros, conjuntamente con 10.500 indios \u201cno combatientes\u201d <\/b>(ancianos, mujeres y ni\u00f1os). Tambi\u00e9n se rescataron 300 cautivos y<b> se agradeci\u00f3 con un tedeum<\/b> el \u00e9xito que buscaban: \u201cEn ninguna parte se siente uno tan cerca de Dios como en el desierto\u201d, manifest\u00f3 Roca.<\/div>\n<\/div>\n<\/div>\n<div class=\"paragraph\">\n<p>\u201cLos ind\u00edgenas m\u00e1s reacios fueron confinados junto a sus jefes en la isla Mart\u00edn Garc\u00eda. El resto de los hombres fue ubicado en estancias bonaerenses y del Norte, y tambi\u00e9n en el Ej\u00e9rcito. <b>Las mujeres j\u00f3venes fueron colocadas para el servicio dom\u00e9stico<\/b> en familias porte\u00f1as y de la provincia de Buenos Aires\u201d, describe H\u00e9ctor Landolfi en la columna publicada por \u201cR\u00edo Negro\u201d en octubre de 2014.<\/p>\n<\/div>\n<div class=\"multimediaIconMacroWrapper\"><a href=\"http:\/\/www.proyectoallen.com.ar\/3\/wp-content\/uploads\/2017\/05\/image_content_8433444_20170524202427.jpg\"><img loading=\"lazy\" decoding=\"async\" class=\"aligncenter size-full wp-image-8720\" src=\"http:\/\/www.proyectoallen.com.ar\/3\/wp-content\/uploads\/2017\/05\/image_content_8433444_20170524202427.jpg\" alt=\"image_content_8433444_20170524202427\" width=\"600\" height=\"422\" srcset=\"https:\/\/www.proyectoallen.com.ar\/3\/wp-content\/uploads\/2017\/05\/image_content_8433444_20170524202427.jpg 600w, https:\/\/www.proyectoallen.com.ar\/3\/wp-content\/uploads\/2017\/05\/image_content_8433444_20170524202427-300x211.jpg 300w, https:\/\/www.proyectoallen.com.ar\/3\/wp-content\/uploads\/2017\/05\/image_content_8433444_20170524202427-250x176.jpg 250w\" sizes=\"auto, (max-width: 600px) 100vw, 600px\" \/><\/a><\/div>\n<div class=\"multimediaIconMacroWrapper\" style=\"text-align: center;\">Choele-Choel: \u00abadoctrinamiento\u00bb de indios por el cardenal Espinosa. Guerra al indio (\u00abCampa\u00f1a al desierto\u00bb).<\/div>\n<div class=\"multimediaIconMacroWrapper\" style=\"text-align: center;\">Foto: Antonio Pozzo. De<a href=\"http:\/\/chelo-historia.webnode.com.ar\/album\/fotogaleria\/a5-choele-choel-adoctrinamiento-de-indios-por-el-cardenal-espinosa-campana-al-desierto-foto-antonio-pozzo-jpg\/\"> Chelo-historia<\/a><\/div>\n<div class=\"paragraph\">\n<p>Avanzada la misi\u00f3n en la \u201cl\u00ednea del r\u00edo Negro\u201d, como la llamaban, <b>la preocupaci\u00f3n no fue la violencia de los da\u00f1os, sino la formaci\u00f3n de nuevos poblados<\/b>. En julio de 1879 se dio la primera fundaci\u00f3n de Choele Choel a cargo del general Conrado Villegas, mano derecha de Roca. A\u00fan as\u00ed, se necesit\u00f3 reubicar el ejido en otras dos oportunidades, escapando de las crecidas.<\/p>\n<p>Si bien el nombre no perdur\u00f3, lo llamaron \u201cNicol\u00e1s Avellaneda\u201d, en honor al presidente que orden\u00f3 la toma de posesi\u00f3n y nuevo reparto de esas miles de hect\u00e1reas de meseta y estepa (m\u00e1s de 20.000 leguas), que no estaban desiertas, sino <b>donde la vida ya se desarrollaba, al sur del r\u00edo Colorado.<\/b><\/p>\n<\/div>\n<div class=\"chronology_headline ant-text\">Capital del territorio<\/div>\n<div class=\"paragraph\">\n<p><b>En 1899 una inundaci\u00f3n en Viedma <\/b>(llamada en aquellos a\u00f1os como Mercedes de Patagones) hizo que Choele la reemplazara como sede de la gobernaci\u00f3n y capital provisoria de R\u00edo Negro. Un decreto del 4 de septiembre de ese a\u00f1o avalaba la designaci\u00f3n, por ser esta poblaci\u00f3n \u201cla \u00fanica que no ha sido arrasada por las crecientes\u201d.<\/p>\n<\/div>\n<div class=\"chronology_headline ant-text\">El monolito olvidado<\/div>\n<div class=\"paragraph\">\n<p><b>Inaugurado el 2 de febrero de 1947<\/b> en la zona conocida como Pampa de los Molinos, el monumento a los Expedicionarios da hacia la Ruta 22, desde un mirador en la barda norte.<\/p>\n<p>Aunque<b> parece ser el centro de la escena hist\u00f3rica, no es el \u00fanico<\/b>. Un monolito mucho m\u00e1s modesto, levantado en 1978 a poco m\u00e1s de un kil\u00f3metro de aquella columna, es el que marca el punto de encuentro de las tropas de expedicionarios. Sin embargo, estuvo abandonado hasta hace pocos a\u00f1os, en 2014, detr\u00e1s del predio de la Sociedad Rural, seg\u00fan explican desde la Asociaci\u00f3n Amigos del Museo local.<\/p>\n<\/div>\n<div class=\"multimediaMacroWrapper\">\n<div class=\"contentMedia art-img\">\n<figure class=\"cutlineShow\">\n<div>\n<div id=\"attachment_8721\" style=\"width: 660px\" class=\"wp-caption aligncenter\"><a href=\"http:\/\/www.proyectoallen.com.ar\/3\/wp-content\/uploads\/2017\/05\/image_content_8433553_20170524200454.jpg\"><img loading=\"lazy\" decoding=\"async\" aria-describedby=\"caption-attachment-8721\" class=\"size-full wp-image-8721\" src=\"http:\/\/www.proyectoallen.com.ar\/3\/wp-content\/uploads\/2017\/05\/image_content_8433553_20170524200454.jpg\" alt=\"Monolito en homenaje al contralmirante Guerrico - Foto: Gentileza Asociaci\u00f3n Amigos del Museo Regional de Choele Choel.\" width=\"650\" height=\"365\" srcset=\"https:\/\/www.proyectoallen.com.ar\/3\/wp-content\/uploads\/2017\/05\/image_content_8433553_20170524200454.jpg 650w, https:\/\/www.proyectoallen.com.ar\/3\/wp-content\/uploads\/2017\/05\/image_content_8433553_20170524200454-300x168.jpg 300w, https:\/\/www.proyectoallen.com.ar\/3\/wp-content\/uploads\/2017\/05\/image_content_8433553_20170524200454-250x140.jpg 250w\" sizes=\"auto, (max-width: 650px) 100vw, 650px\" \/><\/a><p id=\"caption-attachment-8721\" class=\"wp-caption-text\">Monolito en homenaje al contralmirante Guerrico &#8211; Foto: Gentileza Asociaci\u00f3n Amigos del Museo Regional de Choele Choel.<\/p><\/div>\n<\/div>\n<\/figure>\n<div class=\"cutline\">De hormig\u00f3n armado y revestida con ladrillo a la vista, la estructura mayor por su parte <b>funcion\u00f3 como faro, cobijando una escalera interior<\/b> de 138 pelda\u00f1os y exhibiendo varias figuras simb\u00f3licas: el escudo nacional, una cari\u00e1tide representando a la Patria, los inmigrantes y aquellos indios que fueron sometidos a las decisiones de Buenos Aires.<\/div>\n<\/div>\n<\/div>\n<div class=\"paragraph\">\n<p>Su ubicaci\u00f3n recuerda el acampe militar, pero tambi\u00e9n es estrat\u00e9gica, por <b>la vista panor\u00e1mica que posee<\/b>. Se eligi\u00f3 como resultado de un plan pensado a nivel nacional y avalado por el Congreso.<\/p>\n<p><a href=\"http:\/\/www.proyectoallen.com.ar\/3\/wp-content\/uploads\/2017\/05\/image_content_8433531_20170524192255.jpg\"><img loading=\"lazy\" decoding=\"async\" class=\"aligncenter size-full wp-image-8722\" src=\"http:\/\/www.proyectoallen.com.ar\/3\/wp-content\/uploads\/2017\/05\/image_content_8433531_20170524192255.jpg\" alt=\"image_content_8433531_20170524192255\" width=\"650\" height=\"365\" srcset=\"https:\/\/www.proyectoallen.com.ar\/3\/wp-content\/uploads\/2017\/05\/image_content_8433531_20170524192255.jpg 650w, https:\/\/www.proyectoallen.com.ar\/3\/wp-content\/uploads\/2017\/05\/image_content_8433531_20170524192255-300x168.jpg 300w, https:\/\/www.proyectoallen.com.ar\/3\/wp-content\/uploads\/2017\/05\/image_content_8433531_20170524192255-250x140.jpg 250w\" sizes=\"auto, (max-width: 650px) 100vw, 650px\" \/><\/a><\/p>\n<\/div>\n<\/div>\n<p>&nbsp;<\/p>\n<p style=\"text-align: center;\">Foto: Archivo Diario \u201cR\u00edo Negro\u201d<\/p>\n<p>&nbsp;<\/p>\n<div class=\"paragraph\">\n<div class=\"paragraph\">\n<p><a href=\"http:\/\/www.proyectoallen.com.ar\/3\/wp-content\/uploads\/2017\/05\/image_content_8433532_20170524192256.jpg\"><img loading=\"lazy\" decoding=\"async\" class=\"aligncenter size-full wp-image-8723\" src=\"http:\/\/www.proyectoallen.com.ar\/3\/wp-content\/uploads\/2017\/05\/image_content_8433532_20170524192256.jpg\" alt=\"image_content_8433532_20170524192256\" width=\"650\" height=\"365\" srcset=\"https:\/\/www.proyectoallen.com.ar\/3\/wp-content\/uploads\/2017\/05\/image_content_8433532_20170524192256.jpg 650w, https:\/\/www.proyectoallen.com.ar\/3\/wp-content\/uploads\/2017\/05\/image_content_8433532_20170524192256-300x168.jpg 300w, https:\/\/www.proyectoallen.com.ar\/3\/wp-content\/uploads\/2017\/05\/image_content_8433532_20170524192256-250x140.jpg 250w\" sizes=\"auto, (max-width: 650px) 100vw, 650px\" \/><\/a><\/p>\n<\/div>\n<\/div>\n<p>&nbsp;<\/p>\n<p style=\"text-align: center;\">Foto: Gentileza Asociaci\u00f3n Amigos del Museo Regional de Choele Choel<\/p>\n<p>&nbsp;<\/p>\n<div class=\"paragraph\">\n<div class=\"paragraph\">\n<p><a href=\"http:\/\/www.proyectoallen.com.ar\/3\/wp-content\/uploads\/2017\/05\/image_content_8433534_20170524192255.jpg\"><img loading=\"lazy\" decoding=\"async\" class=\"aligncenter size-full wp-image-8724\" src=\"http:\/\/www.proyectoallen.com.ar\/3\/wp-content\/uploads\/2017\/05\/image_content_8433534_20170524192255.jpg\" alt=\"image_content_8433534_20170524192255\" width=\"650\" height=\"365\" srcset=\"https:\/\/www.proyectoallen.com.ar\/3\/wp-content\/uploads\/2017\/05\/image_content_8433534_20170524192255.jpg 650w, https:\/\/www.proyectoallen.com.ar\/3\/wp-content\/uploads\/2017\/05\/image_content_8433534_20170524192255-300x168.jpg 300w, https:\/\/www.proyectoallen.com.ar\/3\/wp-content\/uploads\/2017\/05\/image_content_8433534_20170524192255-250x140.jpg 250w\" sizes=\"auto, (max-width: 650px) 100vw, 650px\" \/><\/a><\/p>\n<\/div>\n<\/div>\n<p>&nbsp;<\/p>\n<p style=\"text-align: center;\">La inauguraci\u00f3n del monumento a los Expedicionarios, ubicado a la vera de la Ruta 22, fue el 2 de febrero de 1947 &#8211;<\/p>\n<p style=\"text-align: center;\">Foto: Gentileza Asociaci\u00f3n Amigos del Museo Regional de Choele Choel.<\/p>\n<p style=\"text-align: center;\">\n<div class=\"paragraph\">\n<div class=\"paragraph\">\n<p><a href=\"http:\/\/www.proyectoallen.com.ar\/3\/wp-content\/uploads\/2017\/05\/image_content_8433535_20170524192256.jpg\"><img loading=\"lazy\" decoding=\"async\" class=\"aligncenter size-full wp-image-8725\" src=\"http:\/\/www.proyectoallen.com.ar\/3\/wp-content\/uploads\/2017\/05\/image_content_8433535_20170524192256.jpg\" alt=\"image_content_8433535_20170524192256\" width=\"650\" height=\"365\" srcset=\"https:\/\/www.proyectoallen.com.ar\/3\/wp-content\/uploads\/2017\/05\/image_content_8433535_20170524192256.jpg 650w, https:\/\/www.proyectoallen.com.ar\/3\/wp-content\/uploads\/2017\/05\/image_content_8433535_20170524192256-300x168.jpg 300w, https:\/\/www.proyectoallen.com.ar\/3\/wp-content\/uploads\/2017\/05\/image_content_8433535_20170524192256-250x140.jpg 250w\" sizes=\"auto, (max-width: 650px) 100vw, 650px\" \/><\/a><\/p>\n<\/div>\n<\/div>\n<p>&nbsp;<\/p>\n<p style=\"text-align: center;\">Fotos: Gentileza Asociaci\u00f3n Amigos del Museo Regional de Choele Choel<\/p>\n<p style=\"text-align: justify;\"><b>A cargo de la obra estuvo el reconocido escultor, Alfredo Bigatti<\/b>, que tambi\u00e9n supo trabajar en el Monumento a la Bandera en Rosario. Su participaci\u00f3n result\u00f3 de la convocatoria que abrieron los ingenieros Eduardo y Enrique Lan\u00fas con Federico Woodgate, tras ganar el concurso de proyectos.<\/p>\n<p style=\"text-align: justify;\">Llamativamente, sin embargo, <b>el rostro del expresidente fue lo \u00fanico que qued\u00f3 afuera del homenaje<\/b>. S\u00f3lo su nombre perdura en la dedicatoria: \u201cEl pueblo argentino al general Julio A. Roca, al Ej\u00e9rcito y Marina Expedicionarios, incorporaron a la Patagonia a la actividad de la Naci\u00f3n. 30 de Noviembre 1878 &#8211; 24 de mayo 1879\u201d.<\/p>\n<div id=\"attachment_8726\" style=\"width: 660px\" class=\"wp-caption aligncenter\"><a href=\"http:\/\/www.proyectoallen.com.ar\/3\/wp-content\/uploads\/2017\/05\/image_content_8433556_20170524193111.jpg\"><img loading=\"lazy\" decoding=\"async\" aria-describedby=\"caption-attachment-8726\" class=\"size-full wp-image-8726\" src=\"http:\/\/www.proyectoallen.com.ar\/3\/wp-content\/uploads\/2017\/05\/image_content_8433556_20170524193111.jpg\" alt=\"Bigatti junto al detalle de la cari\u00e1tide representando a la Patria - Fotos: Gentileza Asociaci\u00f3n Amigos del Museo Regional de Choele Choel.\" width=\"650\" height=\"365\" srcset=\"https:\/\/www.proyectoallen.com.ar\/3\/wp-content\/uploads\/2017\/05\/image_content_8433556_20170524193111.jpg 650w, https:\/\/www.proyectoallen.com.ar\/3\/wp-content\/uploads\/2017\/05\/image_content_8433556_20170524193111-300x168.jpg 300w, https:\/\/www.proyectoallen.com.ar\/3\/wp-content\/uploads\/2017\/05\/image_content_8433556_20170524193111-250x140.jpg 250w\" sizes=\"auto, (max-width: 650px) 100vw, 650px\" \/><\/a><p id=\"caption-attachment-8726\" class=\"wp-caption-text\">Bigatti junto al detalle de la cari\u00e1tide representando a la Patria &#8211; Fotos: Gentileza Asociaci\u00f3n Amigos del Museo Regional de Choele Choel.<\/p><\/div>\n<p><a href=\"http:\/\/www.proyectoallen.com.ar\/3\/wp-content\/uploads\/2017\/05\/image_content_8433554_20170524193111.jpg\"><img loading=\"lazy\" decoding=\"async\" class=\"aligncenter size-full wp-image-8727\" src=\"http:\/\/www.proyectoallen.com.ar\/3\/wp-content\/uploads\/2017\/05\/image_content_8433554_20170524193111.jpg\" alt=\"image_content_8433554_20170524193111\" width=\"462\" height=\"365\" srcset=\"https:\/\/www.proyectoallen.com.ar\/3\/wp-content\/uploads\/2017\/05\/image_content_8433554_20170524193111.jpg 462w, https:\/\/www.proyectoallen.com.ar\/3\/wp-content\/uploads\/2017\/05\/image_content_8433554_20170524193111-300x237.jpg 300w, https:\/\/www.proyectoallen.com.ar\/3\/wp-content\/uploads\/2017\/05\/image_content_8433554_20170524193111-250x198.jpg 250w\" sizes=\"auto, (max-width: 462px) 100vw, 462px\" \/><\/a><\/p>\n<div id=\"attachment_8728\" style=\"width: 497px\" class=\"wp-caption aligncenter\"><a href=\"http:\/\/www.proyectoallen.com.ar\/3\/wp-content\/uploads\/2017\/05\/image_content_8433555_20170524193111.jpg\"><img loading=\"lazy\" decoding=\"async\" aria-describedby=\"caption-attachment-8728\" class=\"size-full wp-image-8728\" src=\"http:\/\/www.proyectoallen.com.ar\/3\/wp-content\/uploads\/2017\/05\/image_content_8433555_20170524193111.jpg\" alt=\"Foto: Gentileza Asociaci\u00f3n Amigos del Museo Regional de Choele Choel\" width=\"487\" height=\"365\" srcset=\"https:\/\/www.proyectoallen.com.ar\/3\/wp-content\/uploads\/2017\/05\/image_content_8433555_20170524193111.jpg 487w, https:\/\/www.proyectoallen.com.ar\/3\/wp-content\/uploads\/2017\/05\/image_content_8433555_20170524193111-300x225.jpg 300w, https:\/\/www.proyectoallen.com.ar\/3\/wp-content\/uploads\/2017\/05\/image_content_8433555_20170524193111-250x187.jpg 250w\" sizes=\"auto, (max-width: 487px) 100vw, 487px\" \/><\/a><p id=\"caption-attachment-8728\" class=\"wp-caption-text\">Foto: Gentileza Asociaci\u00f3n Amigos del Museo Regional de Choele Choel<\/p><\/div>\n<div class=\"chronology_headline ant-Image_Text\" style=\"text-align: justify;\">Los actos por el centenario del paso de las tropas<\/div>\n<div class=\"paragraph\">\n<p style=\"text-align: justify;\">El <b>21 de noviembre de 1978<\/b>, en plena dictadura y un a\u00f1o antes de que se cumplieran 100 a\u00f1os de la llegada de Roca,<b> se inaugur\u00f3 un monumento al contralmirante Guerrico<\/b>, aquel marino con el que se encontrar\u00eda en la ribera.<\/p>\n<p style=\"text-align: justify;\">Para cumplir con la conmemoraci\u00f3n central, cercana al centenario choelense, <b>desde el propio Gobierno Nacional se enviaron instrucciones<\/b> sobre c\u00f3mo deb\u00edan desarrollarse cada momento. Se cre\u00f3, de hecho, una comisi\u00f3n especialmente destinada a la organizaci\u00f3n, encabezada por el coronel Jorge B. Ar\u00e1oz.<\/p>\n<p style=\"text-align: justify;\">En <b>enero de 1979 <\/b>hubo un nuevo desfile, acompa\u00f1ado por las tropas del Ej\u00e9rcito que se encontraban en la zona, movilizados en el marco del conflicto lim\u00edtrofe en la regi\u00f3n austral.<\/p>\n<div id=\"attachment_8729\" style=\"width: 660px\" class=\"wp-caption aligncenter\"><a href=\"http:\/\/www.proyectoallen.com.ar\/3\/wp-content\/uploads\/2017\/05\/image_content_8433950_20170524201346.jpg\"><img loading=\"lazy\" decoding=\"async\" aria-describedby=\"caption-attachment-8729\" class=\"size-full wp-image-8729\" src=\"http:\/\/www.proyectoallen.com.ar\/3\/wp-content\/uploads\/2017\/05\/image_content_8433950_20170524201346.jpg\" alt=\"Enero de 1979 - Desfile por el centenario del ingreso de las tropas a la Patagonia. Participaron tanques y soldados movilizados por el conflicto con Chile. Foto: Archivo Diario \u201cR\u00edo Negro\u201d.\" width=\"650\" height=\"365\" srcset=\"https:\/\/www.proyectoallen.com.ar\/3\/wp-content\/uploads\/2017\/05\/image_content_8433950_20170524201346.jpg 650w, https:\/\/www.proyectoallen.com.ar\/3\/wp-content\/uploads\/2017\/05\/image_content_8433950_20170524201346-300x168.jpg 300w, https:\/\/www.proyectoallen.com.ar\/3\/wp-content\/uploads\/2017\/05\/image_content_8433950_20170524201346-250x140.jpg 250w\" sizes=\"auto, (max-width: 650px) 100vw, 650px\" \/><\/a><p id=\"caption-attachment-8729\" class=\"wp-caption-text\">Enero de 1979 &#8211; Desfile por el centenario del ingreso de las tropas a la Patagonia. Participaron tanques y soldados movilizados por el conflicto con Chile. Foto: Archivo Diario \u201cR\u00edo Negro\u201d.<\/p><\/div>\n<\/div>\n<p><a href=\"http:\/\/www.proyectoallen.com.ar\/3\/wp-content\/uploads\/2017\/05\/image_content_8433949_20170524201346.jpg\"><img loading=\"lazy\" decoding=\"async\" class=\"aligncenter size-full wp-image-8731\" src=\"http:\/\/www.proyectoallen.com.ar\/3\/wp-content\/uploads\/2017\/05\/image_content_8433949_20170524201346.jpg\" alt=\"image_content_8433949_20170524201346\" width=\"650\" height=\"365\" srcset=\"https:\/\/www.proyectoallen.com.ar\/3\/wp-content\/uploads\/2017\/05\/image_content_8433949_20170524201346.jpg 650w, https:\/\/www.proyectoallen.com.ar\/3\/wp-content\/uploads\/2017\/05\/image_content_8433949_20170524201346-300x168.jpg 300w, https:\/\/www.proyectoallen.com.ar\/3\/wp-content\/uploads\/2017\/05\/image_content_8433949_20170524201346-250x140.jpg 250w\" sizes=\"auto, (max-width: 650px) 100vw, 650px\" \/><\/a><\/p>\n<div class=\"paragraph\">\n<p>&nbsp;<\/p>\n<\/div>\n<div id=\"attachment_8730\" style=\"width: 660px\" class=\"wp-caption aligncenter\"><a href=\"http:\/\/www.proyectoallen.com.ar\/3\/wp-content\/uploads\/2017\/05\/image_content_8433165_20170524191615.jpg\"><img loading=\"lazy\" decoding=\"async\" aria-describedby=\"caption-attachment-8730\" class=\"size-full wp-image-8730\" src=\"http:\/\/www.proyectoallen.com.ar\/3\/wp-content\/uploads\/2017\/05\/image_content_8433165_20170524191615.jpg\" alt=\"25 de mayo de 1979 - Centenario del ingreso de las tropas a la Patagonia - Foto: Archivo Diario \u201cR\u00edo Negro.\" width=\"650\" height=\"365\" srcset=\"https:\/\/www.proyectoallen.com.ar\/3\/wp-content\/uploads\/2017\/05\/image_content_8433165_20170524191615.jpg 650w, https:\/\/www.proyectoallen.com.ar\/3\/wp-content\/uploads\/2017\/05\/image_content_8433165_20170524191615-300x168.jpg 300w, https:\/\/www.proyectoallen.com.ar\/3\/wp-content\/uploads\/2017\/05\/image_content_8433165_20170524191615-250x140.jpg 250w\" sizes=\"auto, (max-width: 650px) 100vw, 650px\" \/><\/a><p id=\"caption-attachment-8730\" class=\"wp-caption-text\">25 de mayo de 1979 &#8211; Centenario del ingreso de las tropas a la Patagonia &#8211; Foto: Archivo Diario \u201cR\u00edo Negro.<\/p><\/div>\n<div class=\"paragraph\">\n<p>&nbsp;<\/p>\n<p><a href=\"http:\/\/www.rionegro.com.ar\/portada\/especiales1\/25-de-mayo-en-choele-la-llave-del-ingreso-de-las-tropas-de-roca-a-la-patagonia-AJ2856460\">25 de Mayo en Choele: \u201cla llave\u201d del ingreso de las tropas de Roca a la Patagonia<\/a><\/p>\n<\/div>\n<p style=\"text-align: justify;\">\n","protected":false},"excerpt":{"rendered":"<p>La historia y los intereses hicieron coincidir en el Valle Medio de R\u00edo Negro dos fechas que generan sentimientos encontrados, con apenas unas d\u00e9cadas de diferencia. Por un lado la celebraci\u00f3n por la Revoluci\u00f3n&#46;&#46;&#46;<\/p>\n","protected":false},"author":2,"featured_media":8716,"comment_status":"open","ping_status":"closed","sticky":false,"template":"","format":"standard","meta":{"ngg_post_thumbnail":0,"footnotes":""},"categories":[11,22],"tags":[],"class_list":["post-8715","post","type-post","status-publish","format-standard","has-post-thumbnail","hentry","category-algoparadecir","category-novedades"],"jetpack_featured_media_url":"https:\/\/www.proyectoallen.com.ar\/3\/wp-content\/uploads\/2017\/05\/image_content_8433072_20170524185159.jpg","_links":{"self":[{"href":"https:\/\/www.proyectoallen.com.ar\/3\/index.php?rest_route=\/wp\/v2\/posts\/8715","targetHints":{"allow":["GET"]}}],"collection":[{"href":"https:\/\/www.proyectoallen.com.ar\/3\/index.php?rest_route=\/wp\/v2\/posts"}],"about":[{"href":"https:\/\/www.proyectoallen.com.ar\/3\/index.php?rest_route=\/wp\/v2\/types\/post"}],"author":[{"embeddable":true,"href":"https:\/\/www.proyectoallen.com.ar\/3\/index.php?rest_route=\/wp\/v2\/users\/2"}],"replies":[{"embeddable":true,"href":"https:\/\/www.proyectoallen.com.ar\/3\/index.php?rest_route=%2Fwp%2Fv2%2Fcomments&post=8715"}],"version-history":[{"count":1,"href":"https:\/\/www.proyectoallen.com.ar\/3\/index.php?rest_route=\/wp\/v2\/posts\/8715\/revisions"}],"predecessor-version":[{"id":8732,"href":"https:\/\/www.proyectoallen.com.ar\/3\/index.php?rest_route=\/wp\/v2\/posts\/8715\/revisions\/8732"}],"wp:featuredmedia":[{"embeddable":true,"href":"https:\/\/www.proyectoallen.com.ar\/3\/index.php?rest_route=\/wp\/v2\/media\/8716"}],"wp:attachment":[{"href":"https:\/\/www.proyectoallen.com.ar\/3\/index.php?rest_route=%2Fwp%2Fv2%2Fmedia&parent=8715"}],"wp:term":[{"taxonomy":"category","embeddable":true,"href":"https:\/\/www.proyectoallen.com.ar\/3\/index.php?rest_route=%2Fwp%2Fv2%2Fcategories&post=8715"},{"taxonomy":"post_tag","embeddable":true,"href":"https:\/\/www.proyectoallen.com.ar\/3\/index.php?rest_route=%2Fwp%2Fv2%2Ftags&post=8715"}],"curies":[{"name":"wp","href":"https:\/\/api.w.org\/{rel}","templated":true}]}}