{"id":8789,"date":"2017-09-01T19:32:02","date_gmt":"2017-09-01T19:32:02","guid":{"rendered":"http:\/\/www.proyectoallen.com.ar\/3\/?p=8789"},"modified":"2017-09-01T19:32:02","modified_gmt":"2017-09-01T19:32:02","slug":"en-1959-bayer-denuncio-el-despojo-de-las-tierras-mapuche-de-cushamen","status":"publish","type":"post","link":"https:\/\/www.proyectoallen.com.ar\/3\/?p=8789","title":{"rendered":"En 1959, Bayer denunci\u00f3 el \u201cdespojo\u201d de las tierras mapuche de Cushamen"},"content":{"rendered":"<div class=\"caja_nota_titulo\">\n<p>En La ChIsPa, el escritor se ocup\u00f3 del robo a la familia Nahuelquir. Fue el primer paso para que las tierras terminaran en manos de Benetton. La vigencia de una historia que hoy tiene a Santiago Maldonado como nueva v\u00edctima. Web:\u00a0<a href=\"http:\/\/enestosdias.com.ar\/1181-en-1959-bayer-denuncio-el-despojo-de-las-tierras-mapuche-de-cushamen\">En estos d\u00edas<\/a>\u00a001\/09\/2017 \u00a0por Santiago Rey<\/p>\n<\/div>\n<!--more-->\n<div class=\"caja_nota_data\">\n<div class=\"caja_data\">\n<div class=\"data_fecha\"><i class=\"fa fa-calendar\"><\/i><\/p>\n<div><\/div>\n<\/div>\n<div class=\"data_region\"><\/div>\n<\/div>\n<\/div>\n<div class=\"caja_nota_texto\">\n<div class=\"foto-100\">\n<div class=\"foto-full\"><img decoding=\"async\" src=\"http:\/\/www.enestosdias.com.ar\/media\/cache\/resolve\/notaFull\/2017\/09\/01\/bayer.jpg\" alt=\"\" \/><\/p>\n<p class=\"epigrafe\">Portada del peri\u00f3dico La Chispa, de 1959<\/p>\n<\/div>\n<\/div>\n<p><strong>Fuente<\/strong>:\u00a0<a href=\"https:\/\/web.facebook.com\/lachispa.bayer\/\">La Chispa &#8211; Osvaldo Bayer<\/a><\/p>\n<p>\u00abEs urgente que los legisladores aclaren los despojos de Cushamen\u00bb. As\u00ed titul\u00f3 La ChIsPa en 24 de enero de 1959 una nota escrita por Osvaldo Bayer -fundador y director del medio- sobre el robo de tierras a Rafael Nahuelquir, en el noroeste de la Provincia de Chubut.<\/p>\n<p>Como integrante de la comunidad \u00d1ancuchi Nahuelquir, Rafael era uno de los habitantes del predio de 625 hect\u00e1reas que le correspondieron en la distribuci\u00f3n realizada en 1899, entre los ocupantes originarios de la zona. Puntualmente, ocupaba el denominado lote 140 de la Colonia Cushamen.<\/p>\n<p>La Ley 1501 organiz\u00f3 la entrega de esas tierras, distribuidas en 200 lotes de 625 hect\u00e1reas cada una.<\/p>\n<p>El detalle del despojo de esos territorios, lo expuso Bayer en la publicaci\u00f3n La ChIsPa, editada en Esquel, en 1959. El peri\u00f3dico s\u00f3lo dur\u00f3 cuatro meses -ocho n\u00fameros-, pero fue tiempo suficiente para que el periodista, escritor e historiador deje sentada su mirada sobre el proceso de corrimiento y matanza de los pobladores originarios de esas tierras.<\/p>\n<div class=\"foto-100\"><img decoding=\"async\" src=\"http:\/\/www.enestosdias.com.ar\/media\/cache\/resolve\/nota100\/2017\/09\/01\/o-bayer.jpg\" alt=\"\" \/><\/p>\n<p class=\"epigrafe\">Osvaldo Bayer (foto gentileza)<\/p>\n<\/div>\n<p>El periodista Bruno N\u00e1poli edit\u00f3 hace pocos meses un libro con los facs\u00edmiles del peri\u00f3dico La ChIsPa. Los textos referidos a la situaci\u00f3n en Cushamen se convierte en un material motivo de consulta clave para entender la vigencia del reclamo mapuche en ese territorio.<\/p>\n<p>N\u00e1poli repasa que \u201cen 1958, Osvaldo Bayer se radica en la ciudad de Esquel, contratado por el diario local como redactor. Por diferencias insalvables en el tratamiento pol\u00edtico de las notas, es despedido del diario, sin paga y con una acusaci\u00f3n desopilante: tentativa de homicidio contra el empresario\/due\u00f1o del medio. Lejos de correrse de escena, decide quedarse y fundar el peri\u00f3dico &#8216;La ChIsPa&#8217;\u201d.<\/p>\n<p>En ese peri\u00f3dico \u201cdenuncia a los latifundistas y terratenientes del lugar, describe con detalle el robo de las tierras de Cushamen por parte de comerciantes y pol\u00edticos, celebra la revoluci\u00f3n cubana, y desgrana toda su pluma contra las pol\u00edticas econ\u00f3micas heredadas del golpe de 1955 y continuadas por lo que el peri\u00f3dico llama &#8216;la gran estafa argentina&#8217; (el gobierno de Arturo Frondizi)\u201d.<\/p>\n<div class=\"foto-100\"><img decoding=\"async\" src=\"http:\/\/www.enestosdias.com.ar\/media\/cache\/resolve\/nota100\/2017\/09\/01\/bayer-2.jpg\" alt=\"\" \/><\/p>\n<p class=\"epigrafe\">Portada de La Chispa (foto Facebook La Chispa &#8211; Osvaldo Bayer)<\/p>\n<\/div>\n<p>La ChIsPa -que como \u201cbajada\u201d agregaba en su portada \u201cContra el Latifundio-Contra el Hambre-Contra la Injusticia\u201d- investig\u00f3 \u201cel tema de las tierras de Cushamen\u201d. Textualmente, el primer art\u00edculo de la serie, se\u00f1alaba: \u201cHace cerca de cuarenta a\u00f1os que el Estado entreg\u00f3 al jefe aborigen Rafael Nahuelquir un predio de 625 hect\u00e1reas en el lote 140 de la Colonia Cushamen (\u2026) as\u00ed comienza el detallado drama de la tierra en Cushamen (\u2026) que publicaremos en nuestras p\u00e1ginas a partir del pr\u00f3ximo n\u00famero\u201d.<\/p>\n<p>En el n\u00famero siguiente del peri\u00f3dico, bajo el t\u00edtulo \u201cLos dramas negros de Cushamen\u201d, el medio detalla que \u201cun ciudadano \u00e1rabe de nombre Juan Sfeir (\u2026) solicit\u00f3 al jefe aborigen Rafael Nahuelquir le alquilara la casa en que \u00e9ste viv\u00eda, en el lote 140 de la colonia. El se\u00f1or Sfeir nunca pag\u00f3 un centavo a Rafael Nahuelquir, y adem\u00e1s se neg\u00f3 a entregar la casa, que luego vendi\u00f3 con mejoras de su propiedad a otro ciudadano \u00e1rabe: Heikel El Khazen. Este caballero estableci\u00f3 un comercio y desde \u00e9l comenz\u00f3 el despojo de las familias abor\u00edgenes de la colonia\u201d.<\/p>\n<p>El medio creado por Bayer detalla un engorroso proceso, en el que se vieron perjudicados la viuda e hijos de Nahuelquir; y, en cambio, como el comerciante Julio Telleriarte y el tasador Luis Zuschlag operaron para quedarse con las tierras. La estrategia incluy\u00f3 un remate, realizado \u201csin notificar a los herederos\u201d, y del cual fue comprador el propio Telleriarte, aquel comerciante que deb\u00eda interceder ante el tasador.<\/p>\n<div class=\"foto-full\"><img decoding=\"async\" src=\"http:\/\/www.enestosdias.com.ar\/media\/cache\/resolve\/notaFull\/2017\/09\/01\/bayer-1.jpg\" alt=\"\" \/><\/p>\n<p class=\"epigrafe\">Art\u00edculo de La Chispa, de 1959 (foto Facebook La Chispa &#8211; Osvaldo Bayer)<\/p>\n<\/div>\n<p>Bayer lo relat\u00f3 as\u00ed: \u201cEn resumen: muerto el jefe de la familia se nombr\u00f3 un tasador de los bienes. Ese tasador exigi\u00f3 la suma de 160 pesos por el pago. Los hijos de Nahuelquir pagaron esa suma a Luis Telleriarte, quien les dio un recibo. A\u00f1os despu\u00e9s el tasador reclam\u00f3 el pago de los 160 pesos ante el juez\u201d.<\/p>\n<p>\u201cEl juez -agreg\u00f3 el periodista, en 1959- orden\u00f3 entonces el remate de los bienes de Nahuelquir resultando comprador nada menos que Luis Telleriarte, quien hizo un gran negocio\u201d.<\/p>\n<p>\u201cDel dinero obtenido en el remate los herederos no han recibido hasta la fecha un solo centavo. Les queda la casa habitaci\u00f3n que valientemente se negaron a desalojar\u201d, detallaba La ChIsPa.<\/p>\n<p>Telleriarte se convirti\u00f3 en Diputado Provincial por la Uni\u00f3n C\u00edvica Radical del Pueblo, en Chubut, y pidi\u00f3 una \u201cinvestigaci\u00f3n\u201d por las publicaciones de La ChIsPa. Bayer lo provoc\u00f3 desde las p\u00e1ginas de su medio: \u00ab\u00c9l comenz\u00f3 el principio del camino como un vulgar ciudadano, luego acumul\u00f3 dinero y experiencia y con eso pens\u00f3 que nadie se iba a cruzar en su camino, pero el hombre propone y Dios dispone: se reunieron varios hombres responsables y valientes y crearon el peri\u00f3dico La Chispa, \u00bfpara qu\u00e9? Para decir la verdad aunque \u00e9sta sea dicha a se\u00f1ores que hoy son legisladores\u00bb.<\/p>\n<p>Y continu\u00f3: \u201c\u00bfPorqu\u00e9 pide el citado legislador una investigaci\u00f3n parlamentaria?,\u00bfporqu\u00e9 no pide que la Justicia intervenga como corresponder\u00eda?, \u00bftendr\u00e1 cola de paja y miedo a que se le queme? (\u2026) Por \u00faltimo contestaremos al se\u00f1or Telleriarte sobre algo por \u00e9l dicho: &#8216;Sin prestigio no podr\u00eda sentarme un minuto m\u00e1s en esta banca&#8217; \u00bfQu\u00e9 espera para levantarse Se\u00f1or Telleriarte, o cree por ventura tener prestigio?\u201d.<\/p>\n<div class=\"foto-100\"><img decoding=\"async\" src=\"http:\/\/www.enestosdias.com.ar\/media\/cache\/resolve\/nota100\/2017\/09\/01\/bayer-3.jpg\" alt=\"\" \/><\/p>\n<p class=\"epigrafe\">Portada del libro La ChIsPa (foto Facebook La Chispa &#8211; Osvaldo Bayer)<\/p>\n<\/div>\n<p>Uno de los art\u00edculos sobre el tema se public\u00f3 en la tapa del peri\u00f3dico, junto a un recuadro que daba cuenta de otra noticia relacionada con la situaci\u00f3n de la tierra y la explotaci\u00f3n de los trabajadores rurales. \u201cLeleque no pagar\u201d es el t\u00edtulo bajo el cual se detallan los resultados de una asamblea de socios de la Sociedad Rural de Esquel. \u201cLos latifundistas ingleses dicen no tener plata para pagar el pan de los trabajadores criollos, que con el sudor de sus frentes mantienen a todos esos &#8216;misters&#8217; y &#8216;ladies&#8217; de Londres, que se hallan prendidos como garrapatas de nuestra sangre\u201d, conclu\u00eda el art\u00edculo.<\/p>\n<p>Se trata de la misma Sociedad Rural que 58 a\u00f1os despu\u00e9s firm\u00f3 un comunicado reclamando protecci\u00f3n para sus latifundios, \u201camenazados\u201d por el reclamo territorial de los pueblos originarios. Ni una l\u00ednea dedic\u00f3 la Sociedad Rural en ese comunicado a la desaparici\u00f3n forzada de Santiago Maldonado.<\/p>\n<p>La zona arrebatada por Telleriarte es parte de la estancia que pas\u00f3 por manos de la Compa\u00f1\u00eda de Tierras del Sud Argentino S. A., y ahora posee Luciano Benetton; los territorios son los mismos que recuperaron los integrantes del lof en Resistencia Cushamen; las v\u00edctimas de aquellos sucesos y de la represi\u00f3n de hoy siguen siendo las mismas.<\/p>\n<div class=\"foto-full\"><img decoding=\"async\" src=\"http:\/\/www.enestosdias.com.ar\/media\/cache\/resolve\/notaFull\/2017\/09\/01\/20768113-10207491677448859-7968069636097508431-n.jpg\" alt=\"\" \/><\/p>\n<p class=\"epigrafe\">(foto Alejandra Bartoliche &#8211; Patagonia Fotopress)<\/p>\n<\/div>\n<\/div>\n","protected":false},"excerpt":{"rendered":"<p>En La ChIsPa, el escritor se ocup\u00f3 del robo a la familia Nahuelquir. Fue el primer paso para que las tierras terminaran en manos de Benetton. La vigencia de una historia que hoy tiene&#46;&#46;&#46;<\/p>\n","protected":false},"author":2,"featured_media":8790,"comment_status":"open","ping_status":"closed","sticky":false,"template":"","format":"standard","meta":{"ngg_post_thumbnail":0,"footnotes":""},"categories":[11,22,13],"tags":[],"class_list":["post-8789","post","type-post","status-publish","format-standard","has-post-thumbnail","hentry","category-algoparadecir","category-novedades","category-unpocodehistoria"],"jetpack_featured_media_url":"https:\/\/www.proyectoallen.com.ar\/3\/wp-content\/uploads\/2017\/09\/bayer-2.jpg","_links":{"self":[{"href":"https:\/\/www.proyectoallen.com.ar\/3\/index.php?rest_route=\/wp\/v2\/posts\/8789","targetHints":{"allow":["GET"]}}],"collection":[{"href":"https:\/\/www.proyectoallen.com.ar\/3\/index.php?rest_route=\/wp\/v2\/posts"}],"about":[{"href":"https:\/\/www.proyectoallen.com.ar\/3\/index.php?rest_route=\/wp\/v2\/types\/post"}],"author":[{"embeddable":true,"href":"https:\/\/www.proyectoallen.com.ar\/3\/index.php?rest_route=\/wp\/v2\/users\/2"}],"replies":[{"embeddable":true,"href":"https:\/\/www.proyectoallen.com.ar\/3\/index.php?rest_route=%2Fwp%2Fv2%2Fcomments&post=8789"}],"version-history":[{"count":1,"href":"https:\/\/www.proyectoallen.com.ar\/3\/index.php?rest_route=\/wp\/v2\/posts\/8789\/revisions"}],"predecessor-version":[{"id":8791,"href":"https:\/\/www.proyectoallen.com.ar\/3\/index.php?rest_route=\/wp\/v2\/posts\/8789\/revisions\/8791"}],"wp:featuredmedia":[{"embeddable":true,"href":"https:\/\/www.proyectoallen.com.ar\/3\/index.php?rest_route=\/wp\/v2\/media\/8790"}],"wp:attachment":[{"href":"https:\/\/www.proyectoallen.com.ar\/3\/index.php?rest_route=%2Fwp%2Fv2%2Fmedia&parent=8789"}],"wp:term":[{"taxonomy":"category","embeddable":true,"href":"https:\/\/www.proyectoallen.com.ar\/3\/index.php?rest_route=%2Fwp%2Fv2%2Fcategories&post=8789"},{"taxonomy":"post_tag","embeddable":true,"href":"https:\/\/www.proyectoallen.com.ar\/3\/index.php?rest_route=%2Fwp%2Fv2%2Ftags&post=8789"}],"curies":[{"name":"wp","href":"https:\/\/api.w.org\/{rel}","templated":true}]}}