{"id":8795,"date":"2017-09-13T00:23:58","date_gmt":"2017-09-13T00:23:58","guid":{"rendered":"http:\/\/www.proyectoallen.com.ar\/3\/?p=8795"},"modified":"2017-09-13T00:23:58","modified_gmt":"2017-09-13T00:23:58","slug":"a-cuatro-anos-de-ypf-chevron-la-violencia-sigue-aparicion-con-vida-de-santiago-maldonado","status":"publish","type":"post","link":"https:\/\/www.proyectoallen.com.ar\/3\/?p=8795","title":{"rendered":"A cuatro a\u00f1os de YPF-Chevron la violencia sigue: aparici\u00f3n con vida de Santiago Maldonado"},"content":{"rendered":"<!-- meta charset=\"UTF-8\" -->\n<div style=\"text-align: center;\"><span style=\"color: #a46016;\">\u00abSi nos tocan la tierra nos tocan la sangre,<\/span><\/div>\n<div style=\"text-align: center;\"><span style=\"color: #a46016;\">si nos tocan la sangre nos tocan la tierra\u00bb<\/span><\/div>\n<div style=\"text-align: center;\"><span style=\"color: #a46016;\">\u00a0<\/span><\/div>\n<div style=\"text-align: center;\"><span style=\"color: #a46016;\">Consigna de las mujeres del pueblo Xinka<\/span><\/div>\n<div style=\"text-align: center;\"><\/div>\n<div style=\"text-align: center;\">Declaraci\u00f3n del Taller Territorio y Maldesarrollo: Energ\u00eda, extractivismo y alternativas desde los pueblos en Argentina y Chile.<\/div>\n<div style=\"text-align: center;\">Taller-Debate p\u00fablico-Intervenciones pol\u00edticas Neuqu\u00e9n \u2013 R\u00edo Negro. Argentina 31 de agosto al 2 de septiembre, 2017<\/div>\n<p class=\"uiStreamMessage userContentWrapper\">A cuatro a\u00f1os de YPF-Chevron la violencia sigue: aparici\u00f3n con vida de Santiago Maldonado. Documento original ver aqu\u00ed: <a href=\"http:\/\/www.opsur.org.ar\/blog\/2017\/09\/07\/a-cuatro-anos-de-ypf-chevron-la-violencia-sigue-aparicion-con-vida-de-santiago-maldonado\/\">Observatorio Petrolero Sur<\/a><br \/>\n<!--more--><\/p>\n<p>&nbsp;<\/p>\n<div id=\"page\" class=\"hfeed site\">\n<div id=\"main\" class=\"site-main\">\n<div id=\"primary\" class=\"content-area\">\n<div id=\"content\" class=\"site-content\">\n<article id=\"post-77405\" class=\"post-77405 post type-post status-publish format-standard has-post-thumbnail hentry category-posicionamientos category-producciones tag-cambio-climatico-2 tag-impactos tag-pueblos-originarios-y-campesinos\">\n<div class=\"entry-content\">\n<p><img loading=\"lazy\" decoding=\"async\" class=\"aligncenter size-large wp-image-77407\" src=\"http:\/\/www.opsur.org.ar\/blog\/wp-content\/uploads\/2017\/09\/Campo-Maripe-1024x683.jpg\" sizes=\"auto, (max-width: 604px) 100vw, 604px\" alt=\"\" width=\"604\" height=\"403\" \/><\/p>\n<p style=\"text-align: justify;\">En el aniversario del acuerdo que permiti\u00f3 el avance del fracking en Neuqu\u00e9n y R\u00edo Negro, nos manifestamos en contra de la pol\u00edtica econ\u00f3mica de los gobiernos de Chile y Argentina, que contamina y destruye nuestros territorios y no permite el desarrollo de alternativas soberanas de los pueblos. Al mismo tiempo exigimos la aparici\u00f3n con vida de Santiago Maldonado, desaparecido por solidarizarse con la lucha mapuche.<\/p>\n<p style=\"text-align: justify;\">Reunidos en el Lof (comunidad) Campo Maripe a cuatro a\u00f1os de la aprobaci\u00f3n del acuerdo que la despoj\u00f3 de su territorio hist\u00f3rico, las organizaciones, referentes, intelectuales, docentes y periodistas abajo firmantes denunciamos la invasi\u00f3n del fracking en el territorio ancestral mapuche. La firma del acuerdo entre YPF y Chevron en el a\u00f1o 2013 signific\u00f3 el desconocimiento de los derechos de la comunidad, adem\u00e1s de la negaci\u00f3n del derecho a un ambiente sano para toda la poblaci\u00f3n de la Norpatagonia. El posterior avance de la t\u00e9cnica del fracking en Neuqu\u00e9n, R\u00edo Negro y ahora Mendoza, amenaza zonas de producci\u00f3n frut\u00edcola, y \u00e1reas protegidas como Auca Mahuida, adem\u00e1s de perpetuar una matriz energ\u00e9tica altamente contaminante, basada en los hidrocarburos; en el uso y abuso del agua, \u00a0de la fauna, flora y en el avasallamiento de los derechos humanos y colectivos de los habitantes del lugar.<\/p>\n<p style=\"text-align: justify;\">Vinculada al fracking viene la violencia estatal para imponerlo. Esta encuentra sus ra\u00edces en la represi\u00f3n en la Legislatura neuquina para imponer el acuerdo, a la vez que fueron quemadas tres ruka de la comunidad. Este marco no solo se ha recrudecido sino tambi\u00e9n nacionalizado con el gobierno de Macri, de la mano de la Gendarmer\u00eda que intent\u00f3 desalojar ilegalmente a las comunidades Campo Maripe y Futra Trayen en\u00a0 junio.<\/p>\n<p style=\"text-align: justify;\">La misma Gendarmer\u00eda que es responsable de la desaparici\u00f3n de Santiago Maldonado, militante social que se hab\u00eda acercado a solidarizar con Pu Lof en Resistencia de Cushamen (Chubut) debido a la detenci\u00f3n de su Lonko Facundo Jones Huala. Santiago est\u00e1 desaparecido desde el 1 de agosto por responsabilidad del Estado nacional, siendo el presidente Mauricio Macri, la Ministra de Seguridad Patricia Bullrich y el jefe de Gabinete del Ministerio de Seguridad Pablo Nocetti, responsables directos por la represi\u00f3n y por las sistem\u00e1ticas irregularidades en la investigaci\u00f3n. Por m\u00e1s que se quiera ocultar y desviar la atenci\u00f3n del caso, no olvidaremos su situaci\u00f3n ni dejaremos de exigir su aparici\u00f3n con vida, adem\u00e1s del castigo a los responsables.<\/p>\n<p style=\"text-align: justify;\">Esta criminalizaci\u00f3n es una condici\u00f3n necesaria para que el bloque empresarial-gubernamental del poder imponga de manera violenta el modelo capitalista que en su fase actual requiere del extractivismo como sost\u00e9n del modelo pol\u00edtico. Las organizaciones que nos reunimos en el encuentro \u201cTerritorio y Maldesarrollo\u201d bien conocemos los efectos de este modelo que sin consulta previa se materializa en nuestros respectivos territorios en distintas actividades como la forestal, hidroel\u00e9ctrica,minera, nuclear, agroindustrial, entre otras.<\/p>\n<p style=\"text-align: justify;\">La violencia estatal no es una consecuencia sino una necesidad que tienen los gobiernos para imponer su agenda econ\u00f3mica, de alto impacto para nosotros\/as, las personas que habitamos estos territorios, as\u00ed como de alta rentabilidad para los concentrados grupos del poder que se ven beneficiados por este modelo extractivo. La criminalizaci\u00f3n y represi\u00f3n de los sectores que nos oponemos a estas pol\u00edticas se extiende tanto por parte del Estado chileno como argentino. Por eso hoy exigimos la libertad de Facundo Jones Huala, y el dirigente wich\u00ed Agust\u00edn Santill\u00e1n, en Argentina; de la Machi Francisca Linconao y los procesados por el caso Luchsinger en Chile, as\u00ed como de todas las y los presos pol\u00edticos.<\/p>\n<p style=\"text-align: justify;\">Desde el territorio mapuche exigimos a los gobiernos nacionales y provinciales el cese de la criminalizaci\u00f3n: que nos dejen de matar y desaparecer. Comunicamos a la sociedad chilena, mapuche y argentina que seguiremos en la construcci\u00f3n de nuevos horizontes de vida para transformar esta sociedad capitalista, racista y patriarcal por una m\u00e1s justa. En eso est\u00e1n puestas nuestras energ\u00edas.<\/p>\n<p><strong>Puelmapu\/Argentina<\/strong><\/p>\n<p>Biblioteca Popular Osvaldo Bayer<\/p>\n<p>Maristella Svampa, investigadora principal del Conicet<\/p>\n<p>Colectiva Feminista La Revuelta<\/p>\n<p>Frente Popular Dar\u00edo Santillan \u2013 Regional Alto Valle<\/p>\n<p>Gabriela Wyczykier, investigadora y docente de la Universidad Nacional de General Sarmiento y del CONICET<\/p>\n<p>Departamento Socioambiental Chico Mendes de UnTER<\/p>\n<p>Iconoclasistas<\/p>\n<p>Kalewche FM<\/p>\n<p>Fundaci\u00f3n Ecosur. Ecolog\u00eda, cultura y educaci\u00f3n desde los Pueblos del Sur<\/p>\n<p>Tierra para Vivir-Marabunta<\/p>\n<p>Grupo de Estudios en Geopol\u00edtica y Bienes Naturales (UBA)<\/p>\n<p>MST Nueva Izquierda<\/p>\n<p>Asamblea por el Agua Allen<\/p>\n<p>Confederaci\u00f3n Mapuche de Neuqu\u00e9n<\/p>\n<p>Red Ecosocialista<\/p>\n<p>Observatorio Petrolero Sur<\/p>\n<p>Colectivo por la Igualdad<\/p>\n<p>Asamblea Comarcal contra el Saqueo<\/p>\n<p><span style=\"text-decoration: underline;\"><strong>Proyecto Allen<\/strong><\/span><\/p>\n<p>Movimiento Antinuclear del Chubut (MACH)<\/p>\n<p><strong>Ngulumapu\/Chile<\/strong><\/p>\n<p>Coordinadora Penco Lirquen<\/p>\n<p>Fundaci\u00f3n SOL<\/p>\n<p>Centro de Estudios Sociales de Chilo\u00e9<\/p>\n<p>Asociaci\u00f3n Nacional de Mujeres Rurales e Ind\u00edgenas, ANAMURI<\/p>\n<p>Observatorio Latinoamericano de Conflictos Ambientales, OLCA<\/p>\n<p>Parlamento Mapuche de Koz Koz<\/p>\n<p>Mapuexpress<\/p>\n<p>Red de Defensa de los Territorios<\/p>\n<p>Red Ambiental del Norte- RAN<\/p>\n<p>Agrupaci\u00f3n de peque\u00f1os regantes y no regantes r\u00edo Mostazal<\/p>\n<p><strong>Am\u00e9rica Latina<\/strong><\/p>\n<p>Censat Agua Viva (Colombia)<\/p>\n<p>Edgar Mojica Vanegas, Departamento DDHH y Paz CUT (Colombia)<\/p>\n<p>AUTE \u2013 Agrupaci\u00f3n de Funcionarios de la U.T.E PIT-CNT (Uruguay)<\/p>\n<p><a href=\"http:\/\/www.proyectoallen.com.ar\/3\/wp-content\/uploads\/2017\/09\/IMG-20170903-WA0000.jpg\"><img loading=\"lazy\" decoding=\"async\" class=\"aligncenter size-large wp-image-8797\" src=\"http:\/\/www.proyectoallen.com.ar\/3\/wp-content\/uploads\/2017\/09\/IMG-20170903-WA0000-1024x576.jpg\" alt=\"IMG-20170903-WA0000\" width=\"720\" height=\"405\" srcset=\"https:\/\/www.proyectoallen.com.ar\/3\/wp-content\/uploads\/2017\/09\/IMG-20170903-WA0000-1024x576.jpg 1024w, https:\/\/www.proyectoallen.com.ar\/3\/wp-content\/uploads\/2017\/09\/IMG-20170903-WA0000-300x169.jpg 300w, https:\/\/www.proyectoallen.com.ar\/3\/wp-content\/uploads\/2017\/09\/IMG-20170903-WA0000-250x141.jpg 250w, https:\/\/www.proyectoallen.com.ar\/3\/wp-content\/uploads\/2017\/09\/IMG-20170903-WA0000.jpg 1280w\" sizes=\"auto, (max-width: 720px) 100vw, 720px\" \/><\/a><\/p>\n<\/div>\n<\/article>\n<\/div>\n<\/div>\n<\/div>\n<\/div>\n","protected":false},"excerpt":{"rendered":"<p>\u00abSi nos tocan la tierra nos tocan la sangre, si nos tocan la sangre nos tocan la tierra\u00bb \u00a0 Consigna de las mujeres del pueblo Xinka Declaraci\u00f3n del Taller Territorio y Maldesarrollo: Energ\u00eda, extractivismo&#46;&#46;&#46;<\/p>\n","protected":false},"author":2,"featured_media":8797,"comment_status":"open","ping_status":"closed","sticky":false,"template":"","format":"standard","meta":{"ngg_post_thumbnail":0,"footnotes":""},"categories":[24,22],"tags":[],"class_list":["post-8795","post","type-post","status-publish","format-standard","has-post-thumbnail","hentry","category-no-al-fracking-en-allen","category-novedades"],"jetpack_featured_media_url":"https:\/\/www.proyectoallen.com.ar\/3\/wp-content\/uploads\/2017\/09\/IMG-20170903-WA0000.jpg","_links":{"self":[{"href":"https:\/\/www.proyectoallen.com.ar\/3\/index.php?rest_route=\/wp\/v2\/posts\/8795","targetHints":{"allow":["GET"]}}],"collection":[{"href":"https:\/\/www.proyectoallen.com.ar\/3\/index.php?rest_route=\/wp\/v2\/posts"}],"about":[{"href":"https:\/\/www.proyectoallen.com.ar\/3\/index.php?rest_route=\/wp\/v2\/types\/post"}],"author":[{"embeddable":true,"href":"https:\/\/www.proyectoallen.com.ar\/3\/index.php?rest_route=\/wp\/v2\/users\/2"}],"replies":[{"embeddable":true,"href":"https:\/\/www.proyectoallen.com.ar\/3\/index.php?rest_route=%2Fwp%2Fv2%2Fcomments&post=8795"}],"version-history":[{"count":2,"href":"https:\/\/www.proyectoallen.com.ar\/3\/index.php?rest_route=\/wp\/v2\/posts\/8795\/revisions"}],"predecessor-version":[{"id":8798,"href":"https:\/\/www.proyectoallen.com.ar\/3\/index.php?rest_route=\/wp\/v2\/posts\/8795\/revisions\/8798"}],"wp:featuredmedia":[{"embeddable":true,"href":"https:\/\/www.proyectoallen.com.ar\/3\/index.php?rest_route=\/wp\/v2\/media\/8797"}],"wp:attachment":[{"href":"https:\/\/www.proyectoallen.com.ar\/3\/index.php?rest_route=%2Fwp%2Fv2%2Fmedia&parent=8795"}],"wp:term":[{"taxonomy":"category","embeddable":true,"href":"https:\/\/www.proyectoallen.com.ar\/3\/index.php?rest_route=%2Fwp%2Fv2%2Fcategories&post=8795"},{"taxonomy":"post_tag","embeddable":true,"href":"https:\/\/www.proyectoallen.com.ar\/3\/index.php?rest_route=%2Fwp%2Fv2%2Ftags&post=8795"}],"curies":[{"name":"wp","href":"https:\/\/api.w.org\/{rel}","templated":true}]}}